{"id":107049,"date":"2022-02-19T08:58:07","date_gmt":"2022-02-19T07:58:07","guid":{"rendered":"https:\/\/batijournal.com\/?p=107049"},"modified":"2022-02-19T08:58:47","modified_gmt":"2022-02-19T07:58:47","slug":"20-ans-des-journees-europeennes-des-metiers-dart","status":"publish","type":"post","link":"https:\/\/batijournal.com\/index.php\/20-ans-des-journees-europeennes-des-metiers-dart\/107049\/","title":{"rendered":"20 ans des Journ\u00e9es\u2009Europ\u00e9ennes\u2009des\u2009M\u00e9tiers\u2009d\u2019Art"},"content":{"rendered":"<p>Plus de 6\u2009000\u2009\u00e9v\u00e9nements sont pr\u00e9vus pour les 20 ans des Journ\u00e9es\u2009Europ\u00e9ennes\u2009des\u2009M\u00e9tiers\u2009d\u2019Art\u2009(JEMA). Ateliers, \u00e9tablissements de formation, Entreprises du Patrimoine Vivant (EPV), mus\u00e9es et monuments ouvriront leurs portes pour la du\u200928\u2009mars\u2009au\u20093\u2009avril\u20092022, autour de la th\u00e9matique \u00ab\u2009Nos\u2009mains\u2009\u00e0\u2009l\u2019unisson\u2009\u00bb. L\u2019\u00e9v\u00e9nement, coordonn\u00e9 par l\u2019Institut National des M\u00e9tiers d\u2019Art (INMA), mettra \u00e0 l\u2019honneur la diversit\u00e9 des m\u00e9tiers d&rsquo;art : c\u00e9ramistes, couturiers, designers, restaurateurs-conservateurs, ou encore luthiers et plumassiers. En cette Ann\u00e9e\u2009 internationale\u2009 du\u2009 verre\u2009 proclam\u00e9e\u2009 par\u2009 l\u2019ONU, l\u2019\u00e9v\u00e9nement prendra une ampleur toute particuli\u00e8re et c\u00e9l\u00e8brera, plus que jamais, les artisans verriers, vitraillistes, souffleurs de verre ou encore graveurs.<\/p>\n<p><a href=\"https:\/\/www.journeesdesmetiersdart.fr\">https:\/\/www.journeesdesmetiersdart.fr<\/a><\/p>\n<p>&nbsp;<\/p>\n","protected":false},"excerpt":{"rendered":"<p>Plus de 6\u2009000\u2009\u00e9v\u00e9nements sont pr\u00e9vus pour les 20 ans des Journ\u00e9es\u2009Europ\u00e9ennes\u2009des\u2009M\u00e9tiers\u2009d\u2019Art\u2009(JEMA). Ateliers, \u00e9tablissements de formation, Entreprises du Patrimoine Vivant (EPV), mus\u00e9es et monuments ouvriront leurs portes pour la du\u200928\u2009mars\u2009au\u20093\u2009avril\u20092022, autour de la th\u00e9matique \u00ab\u2009Nos\u2009mains\u2009\u00e0\u2009l\u2019unisson\u2009\u00bb. L\u2019\u00e9v\u00e9nement, coordonn\u00e9 par l\u2019Institut National des M\u00e9tiers d\u2019Art (INMA), mettra \u00e0 l\u2019honneur la diversit\u00e9 des m\u00e9tiers d&rsquo;art : c\u00e9ramistes, couturiers, designers, [&hellip;]<\/p>\n","protected":false},"author":17,"featured_media":107051,"comment_status":"closed","ping_status":"closed","sticky":false,"template":"","format":"standard","meta":{"_et_pb_use_builder":"","_et_pb_old_content":"","_et_gb_content_width":"","footnotes":""},"categories":[10530,6362,10789,10785],"tags":[7233],"class_list":["post-107049","post","type-post","status-publish","format-standard","has-post-thumbnail","hentry","category-actualites","category-services-equipements","category-publications-atrium","category-atrium","tag-journees-europeennes-des-metiers-dart"],"yoast_head":"<!-- This site is optimized with the Yoast SEO plugin v27.4 - https:\/\/yoast.com\/product\/yoast-seo-wordpress\/ -->\n<title>20 ans des Journ\u00e9es\u2009Europ\u00e9ennes\u2009des\u2009M\u00e9tiers\u2009d\u2019Art<\/title>\n<meta name=\"robots\" content=\"index, follow, max-snippet:-1, max-image-preview:large, max-video-preview:-1\" \/>\n<link rel=\"canonical\" href=\"https:\/\/batijournal.com\/index.php\/20-ans-des-journees-europeennes-des-metiers-dart\/107049\/\" \/>\n<meta property=\"og:locale\" content=\"fr_FR\" \/>\n<meta property=\"og:type\" content=\"article\" \/>\n<meta property=\"og:title\" content=\"20 ans des Journ\u00e9es\u2009Europ\u00e9ennes\u2009des\u2009M\u00e9tiers\u2009d\u2019Art\" \/>\n<meta property=\"og:description\" content=\"Plus de 6\u2009000\u2009\u00e9v\u00e9nements sont pr\u00e9vus pour les 20 ans des Journ\u00e9es\u2009Europ\u00e9ennes\u2009des\u2009M\u00e9tiers\u2009d\u2019Art\u2009(JEMA). Ateliers, \u00e9tablissements de formation, Entreprises du Patrimoine Vivant (EPV), mus\u00e9es et monuments ouvriront leurs portes pour la du\u200928\u2009mars\u2009au\u20093\u2009avril\u20092022, autour de la th\u00e9matique \u00ab\u2009Nos\u2009mains\u2009\u00e0\u2009l\u2019unisson\u2009\u00bb. L\u2019\u00e9v\u00e9nement, coordonn\u00e9 par l\u2019Institut National des M\u00e9tiers d\u2019Art (INMA), mettra \u00e0 l\u2019honneur la diversit\u00e9 des m\u00e9tiers d&rsquo;art : c\u00e9ramistes, couturiers, designers, [&hellip;]\" \/>\n<meta property=\"og:url\" content=\"https:\/\/batijournal.com\/index.php\/20-ans-des-journees-europeennes-des-metiers-dart\/107049\/\" \/>\n<meta property=\"og:site_name\" content=\"Batijournal\" \/>\n<meta property=\"article:published_time\" content=\"2022-02-19T07:58:07+00:00\" \/>\n<meta property=\"article:modified_time\" content=\"2022-02-19T07:58:47+00:00\" \/>\n<meta property=\"og:image\" content=\"https:\/\/batijournal.com\/wp-content\/uploads\/2022\/02\/journees-europeennes-des-metiers-d-art-2022.png\" \/>\n\t<meta property=\"og:image:width\" content=\"949\" \/>\n\t<meta property=\"og:image:height\" content=\"510\" \/>\n\t<meta property=\"og:image:type\" content=\"image\/png\" \/>\n<meta name=\"author\" content=\"St\u00e9phane Miget\" \/>\n<meta name=\"twitter:card\" content=\"summary_large_image\" \/>\n<meta name=\"twitter:creator\" content=\"@bati_journal\" \/>\n<meta name=\"twitter:site\" content=\"@bati_journal\" \/>\n<meta name=\"twitter:label1\" content=\"\u00c9crit par\" \/>\n\t<meta name=\"twitter:data1\" content=\"St\u00e9phane Miget\" \/>\n\t<meta name=\"twitter:label2\" content=\"Dur\u00e9e de lecture estim\u00e9e\" \/>\n\t<meta name=\"twitter:data2\" content=\"1 minute\" \/>\n<script type=\"application\/ld+json\" class=\"yoast-schema-graph\">{\"@context\":\"https:\\\/\\\/schema.org\",\"@graph\":[{\"@type\":\"Article\",\"@id\":\"https:\\\/\\\/batijournal.com\\\/index.php\\\/20-ans-des-journees-europeennes-des-metiers-dart\\\/107049\\\/#article\",\"isPartOf\":{\"@id\":\"https:\\\/\\\/batijournal.com\\\/index.php\\\/20-ans-des-journees-europeennes-des-metiers-dart\\\/107049\\\/\"},\"author\":{\"name\":\"St\u00e9phane Miget\",\"@id\":\"https:\\\/\\\/batijournal.com\\\/#\\\/schema\\\/person\\\/1dc96ec6957aa1ccb25ebe78bb19f100\"},\"headline\":\"20 ans des Journ\u00e9es\u2009Europ\u00e9ennes\u2009des\u2009M\u00e9tiers\u2009d\u2019Art\",\"datePublished\":\"2022-02-19T07:58:07+00:00\",\"dateModified\":\"2022-02-19T07:58:47+00:00\",\"mainEntityOfPage\":{\"@id\":\"https:\\\/\\\/batijournal.com\\\/index.php\\\/20-ans-des-journees-europeennes-des-metiers-dart\\\/107049\\\/\"},\"wordCount\":140,\"image\":{\"@id\":\"https:\\\/\\\/batijournal.com\\\/index.php\\\/20-ans-des-journees-europeennes-des-metiers-dart\\\/107049\\\/#primaryimage\"},\"thumbnailUrl\":\"https:\\\/\\\/batijournal.com\\\/wp-content\\\/uploads\\\/2022\\\/02\\\/journees-europeennes-des-metiers-d-art-2022.png\",\"keywords\":[\"journees europeennes des metiers dart\"],\"articleSection\":[\"Actualit\u00e9s\",\"Divers\",\"zz_Actualit\u00e9s - Atrium\",\"zz_Atrium Patrimoine\"],\"inLanguage\":\"fr-FR\"},{\"@type\":\"WebPage\",\"@id\":\"https:\\\/\\\/batijournal.com\\\/index.php\\\/20-ans-des-journees-europeennes-des-metiers-dart\\\/107049\\\/\",\"url\":\"https:\\\/\\\/batijournal.com\\\/index.php\\\/20-ans-des-journees-europeennes-des-metiers-dart\\\/107049\\\/\",\"name\":\"20 ans des Journ\u00e9es\u2009Europ\u00e9ennes\u2009des\u2009M\u00e9tiers\u2009d\u2019Art\",\"isPartOf\":{\"@id\":\"https:\\\/\\\/batijournal.com\\\/#website\"},\"primaryImageOfPage\":{\"@id\":\"https:\\\/\\\/batijournal.com\\\/index.php\\\/20-ans-des-journees-europeennes-des-metiers-dart\\\/107049\\\/#primaryimage\"},\"image\":{\"@id\":\"https:\\\/\\\/batijournal.com\\\/index.php\\\/20-ans-des-journees-europeennes-des-metiers-dart\\\/107049\\\/#primaryimage\"},\"thumbnailUrl\":\"https:\\\/\\\/batijournal.com\\\/wp-content\\\/uploads\\\/2022\\\/02\\\/journees-europeennes-des-metiers-d-art-2022.png\",\"datePublished\":\"2022-02-19T07:58:07+00:00\",\"dateModified\":\"2022-02-19T07:58:47+00:00\",\"author\":{\"@id\":\"https:\\\/\\\/batijournal.com\\\/#\\\/schema\\\/person\\\/1dc96ec6957aa1ccb25ebe78bb19f100\"},\"breadcrumb\":{\"@id\":\"https:\\\/\\\/batijournal.com\\\/index.php\\\/20-ans-des-journees-europeennes-des-metiers-dart\\\/107049\\\/#breadcrumb\"},\"inLanguage\":\"fr-FR\",\"potentialAction\":[{\"@type\":\"ReadAction\",\"target\":[\"https:\\\/\\\/batijournal.com\\\/index.php\\\/20-ans-des-journees-europeennes-des-metiers-dart\\\/107049\\\/\"]}]},{\"@type\":\"ImageObject\",\"inLanguage\":\"fr-FR\",\"@id\":\"https:\\\/\\\/batijournal.com\\\/index.php\\\/20-ans-des-journees-europeennes-des-metiers-dart\\\/107049\\\/#primaryimage\",\"url\":\"https:\\\/\\\/batijournal.com\\\/wp-content\\\/uploads\\\/2022\\\/02\\\/journees-europeennes-des-metiers-d-art-2022.png\",\"contentUrl\":\"https:\\\/\\\/batijournal.com\\\/wp-content\\\/uploads\\\/2022\\\/02\\\/journees-europeennes-des-metiers-d-art-2022.png\",\"width\":949,\"height\":510},{\"@type\":\"BreadcrumbList\",\"@id\":\"https:\\\/\\\/batijournal.com\\\/index.php\\\/20-ans-des-journees-europeennes-des-metiers-dart\\\/107049\\\/#breadcrumb\",\"itemListElement\":[{\"@type\":\"ListItem\",\"position\":1,\"name\":\"Accueil\",\"item\":\"https:\\\/\\\/batijournal.com\\\/\"},{\"@type\":\"ListItem\",\"position\":2,\"name\":\"Actualit\u00e9s\",\"item\":\"https:\\\/\\\/batijournal.com\\\/index.php\\\/category\\\/actualites\\\/\"},{\"@type\":\"ListItem\",\"position\":3,\"name\":\"20 ans des Journ\u00e9es\u2009Europ\u00e9ennes\u2009des\u2009M\u00e9tiers\u2009d\u2019Art\"}]},{\"@type\":\"WebSite\",\"@id\":\"https:\\\/\\\/batijournal.com\\\/#website\",\"url\":\"https:\\\/\\\/batijournal.com\\\/\",\"name\":\"Batijournal\",\"description\":\"L&#039;actualit\u00e9 du b\u00e2timent\",\"potentialAction\":[{\"@type\":\"SearchAction\",\"target\":{\"@type\":\"EntryPoint\",\"urlTemplate\":\"https:\\\/\\\/batijournal.com\\\/?s={search_term_string}\"},\"query-input\":{\"@type\":\"PropertyValueSpecification\",\"valueRequired\":true,\"valueName\":\"search_term_string\"}}],\"inLanguage\":\"fr-FR\"},{\"@type\":\"Person\",\"@id\":\"https:\\\/\\\/batijournal.com\\\/#\\\/schema\\\/person\\\/1dc96ec6957aa1ccb25ebe78bb19f100\",\"name\":\"St\u00e9phane Miget\",\"image\":{\"@type\":\"ImageObject\",\"inLanguage\":\"fr-FR\",\"@id\":\"https:\\\/\\\/secure.gravatar.com\\\/avatar\\\/89915563d925342126b8ef0281b93d9d7fc337043e8df017f780908eb9644451?s=96&d=mm&r=g\",\"url\":\"https:\\\/\\\/secure.gravatar.com\\\/avatar\\\/89915563d925342126b8ef0281b93d9d7fc337043e8df017f780908eb9644451?s=96&d=mm&r=g\",\"contentUrl\":\"https:\\\/\\\/secure.gravatar.com\\\/avatar\\\/89915563d925342126b8ef0281b93d9d7fc337043e8df017f780908eb9644451?s=96&d=mm&r=g\",\"caption\":\"St\u00e9phane Miget\"},\"url\":\"https:\\\/\\\/batijournal.com\\\/index.php\\\/author\\\/stephane\\\/\"}]}<\/script>\n<!-- \/ Yoast SEO plugin. -->","yoast_head_json":{"title":"20 ans des Journ\u00e9es\u2009Europ\u00e9ennes\u2009des\u2009M\u00e9tiers\u2009d\u2019Art","robots":{"index":"index","follow":"follow","max-snippet":"max-snippet:-1","max-image-preview":"max-image-preview:large","max-video-preview":"max-video-preview:-1"},"canonical":"https:\/\/batijournal.com\/index.php\/20-ans-des-journees-europeennes-des-metiers-dart\/107049\/","og_locale":"fr_FR","og_type":"article","og_title":"20 ans des Journ\u00e9es\u2009Europ\u00e9ennes\u2009des\u2009M\u00e9tiers\u2009d\u2019Art","og_description":"Plus de 6\u2009000\u2009\u00e9v\u00e9nements sont pr\u00e9vus pour les 20 ans des Journ\u00e9es\u2009Europ\u00e9ennes\u2009des\u2009M\u00e9tiers\u2009d\u2019Art\u2009(JEMA). Ateliers, \u00e9tablissements de formation, Entreprises du Patrimoine Vivant (EPV), mus\u00e9es et monuments ouvriront leurs portes pour la du\u200928\u2009mars\u2009au\u20093\u2009avril\u20092022, autour de la th\u00e9matique \u00ab\u2009Nos\u2009mains\u2009\u00e0\u2009l\u2019unisson\u2009\u00bb. L\u2019\u00e9v\u00e9nement, coordonn\u00e9 par l\u2019Institut National des M\u00e9tiers d\u2019Art (INMA), mettra \u00e0 l\u2019honneur la diversit\u00e9 des m\u00e9tiers d&rsquo;art : c\u00e9ramistes, couturiers, designers, [&hellip;]","og_url":"https:\/\/batijournal.com\/index.php\/20-ans-des-journees-europeennes-des-metiers-dart\/107049\/","og_site_name":"Batijournal","article_published_time":"2022-02-19T07:58:07+00:00","article_modified_time":"2022-02-19T07:58:47+00:00","og_image":[{"width":949,"height":510,"url":"https:\/\/batijournal.com\/wp-content\/uploads\/2022\/02\/journees-europeennes-des-metiers-d-art-2022.png","type":"image\/png"}],"author":"St\u00e9phane Miget","twitter_card":"summary_large_image","twitter_creator":"@bati_journal","twitter_site":"@bati_journal","twitter_misc":{"\u00c9crit par":"St\u00e9phane Miget","Dur\u00e9e de lecture estim\u00e9e":"1 minute"},"schema":{"@context":"https:\/\/schema.org","@graph":[{"@type":"Article","@id":"https:\/\/batijournal.com\/index.php\/20-ans-des-journees-europeennes-des-metiers-dart\/107049\/#article","isPartOf":{"@id":"https:\/\/batijournal.com\/index.php\/20-ans-des-journees-europeennes-des-metiers-dart\/107049\/"},"author":{"name":"St\u00e9phane Miget","@id":"https:\/\/batijournal.com\/#\/schema\/person\/1dc96ec6957aa1ccb25ebe78bb19f100"},"headline":"20 ans des Journ\u00e9es\u2009Europ\u00e9ennes\u2009des\u2009M\u00e9tiers\u2009d\u2019Art","datePublished":"2022-02-19T07:58:07+00:00","dateModified":"2022-02-19T07:58:47+00:00","mainEntityOfPage":{"@id":"https:\/\/batijournal.com\/index.php\/20-ans-des-journees-europeennes-des-metiers-dart\/107049\/"},"wordCount":140,"image":{"@id":"https:\/\/batijournal.com\/index.php\/20-ans-des-journees-europeennes-des-metiers-dart\/107049\/#primaryimage"},"thumbnailUrl":"https:\/\/batijournal.com\/wp-content\/uploads\/2022\/02\/journees-europeennes-des-metiers-d-art-2022.png","keywords":["journees europeennes des metiers dart"],"articleSection":["Actualit\u00e9s","Divers","zz_Actualit\u00e9s - Atrium","zz_Atrium Patrimoine"],"inLanguage":"fr-FR"},{"@type":"WebPage","@id":"https:\/\/batijournal.com\/index.php\/20-ans-des-journees-europeennes-des-metiers-dart\/107049\/","url":"https:\/\/batijournal.com\/index.php\/20-ans-des-journees-europeennes-des-metiers-dart\/107049\/","name":"20 ans des Journ\u00e9es\u2009Europ\u00e9ennes\u2009des\u2009M\u00e9tiers\u2009d\u2019Art","isPartOf":{"@id":"https:\/\/batijournal.com\/#website"},"primaryImageOfPage":{"@id":"https:\/\/batijournal.com\/index.php\/20-ans-des-journees-europeennes-des-metiers-dart\/107049\/#primaryimage"},"image":{"@id":"https:\/\/batijournal.com\/index.php\/20-ans-des-journees-europeennes-des-metiers-dart\/107049\/#primaryimage"},"thumbnailUrl":"https:\/\/batijournal.com\/wp-content\/uploads\/2022\/02\/journees-europeennes-des-metiers-d-art-2022.png","datePublished":"2022-02-19T07:58:07+00:00","dateModified":"2022-02-19T07:58:47+00:00","author":{"@id":"https:\/\/batijournal.com\/#\/schema\/person\/1dc96ec6957aa1ccb25ebe78bb19f100"},"breadcrumb":{"@id":"https:\/\/batijournal.com\/index.php\/20-ans-des-journees-europeennes-des-metiers-dart\/107049\/#breadcrumb"},"inLanguage":"fr-FR","potentialAction":[{"@type":"ReadAction","target":["https:\/\/batijournal.com\/index.php\/20-ans-des-journees-europeennes-des-metiers-dart\/107049\/"]}]},{"@type":"ImageObject","inLanguage":"fr-FR","@id":"https:\/\/batijournal.com\/index.php\/20-ans-des-journees-europeennes-des-metiers-dart\/107049\/#primaryimage","url":"https:\/\/batijournal.com\/wp-content\/uploads\/2022\/02\/journees-europeennes-des-metiers-d-art-2022.png","contentUrl":"https:\/\/batijournal.com\/wp-content\/uploads\/2022\/02\/journees-europeennes-des-metiers-d-art-2022.png","width":949,"height":510},{"@type":"BreadcrumbList","@id":"https:\/\/batijournal.com\/index.php\/20-ans-des-journees-europeennes-des-metiers-dart\/107049\/#breadcrumb","itemListElement":[{"@type":"ListItem","position":1,"name":"Accueil","item":"https:\/\/batijournal.com\/"},{"@type":"ListItem","position":2,"name":"Actualit\u00e9s","item":"https:\/\/batijournal.com\/index.php\/category\/actualites\/"},{"@type":"ListItem","position":3,"name":"20 ans des Journ\u00e9es\u2009Europ\u00e9ennes\u2009des\u2009M\u00e9tiers\u2009d\u2019Art"}]},{"@type":"WebSite","@id":"https:\/\/batijournal.com\/#website","url":"https:\/\/batijournal.com\/","name":"Batijournal","description":"L&#039;actualit\u00e9 du b\u00e2timent","potentialAction":[{"@type":"SearchAction","target":{"@type":"EntryPoint","urlTemplate":"https:\/\/batijournal.com\/?s={search_term_string}"},"query-input":{"@type":"PropertyValueSpecification","valueRequired":true,"valueName":"search_term_string"}}],"inLanguage":"fr-FR"},{"@type":"Person","@id":"https:\/\/batijournal.com\/#\/schema\/person\/1dc96ec6957aa1ccb25ebe78bb19f100","name":"St\u00e9phane Miget","image":{"@type":"ImageObject","inLanguage":"fr-FR","@id":"https:\/\/secure.gravatar.com\/avatar\/89915563d925342126b8ef0281b93d9d7fc337043e8df017f780908eb9644451?s=96&d=mm&r=g","url":"https:\/\/secure.gravatar.com\/avatar\/89915563d925342126b8ef0281b93d9d7fc337043e8df017f780908eb9644451?s=96&d=mm&r=g","contentUrl":"https:\/\/secure.gravatar.com\/avatar\/89915563d925342126b8ef0281b93d9d7fc337043e8df017f780908eb9644451?s=96&d=mm&r=g","caption":"St\u00e9phane Miget"},"url":"https:\/\/batijournal.com\/index.php\/author\/stephane\/"}]}},"_links":{"self":[{"href":"https:\/\/batijournal.com\/index.php\/wp-json\/wp\/v2\/posts\/107049","targetHints":{"allow":["GET"]}}],"collection":[{"href":"https:\/\/batijournal.com\/index.php\/wp-json\/wp\/v2\/posts"}],"about":[{"href":"https:\/\/batijournal.com\/index.php\/wp-json\/wp\/v2\/types\/post"}],"author":[{"embeddable":true,"href":"https:\/\/batijournal.com\/index.php\/wp-json\/wp\/v2\/users\/17"}],"replies":[{"embeddable":true,"href":"https:\/\/batijournal.com\/index.php\/wp-json\/wp\/v2\/comments?post=107049"}],"version-history":[{"count":0,"href":"https:\/\/batijournal.com\/index.php\/wp-json\/wp\/v2\/posts\/107049\/revisions"}],"wp:featuredmedia":[{"embeddable":true,"href":"https:\/\/batijournal.com\/index.php\/wp-json\/wp\/v2\/media\/107051"}],"wp:attachment":[{"href":"https:\/\/batijournal.com\/index.php\/wp-json\/wp\/v2\/media?parent=107049"}],"wp:term":[{"taxonomy":"category","embeddable":true,"href":"https:\/\/batijournal.com\/index.php\/wp-json\/wp\/v2\/categories?post=107049"},{"taxonomy":"post_tag","embeddable":true,"href":"https:\/\/batijournal.com\/index.php\/wp-json\/wp\/v2\/tags?post=107049"}],"curies":[{"name":"wp","href":"https:\/\/api.w.org\/{rel}","templated":true}]}}