{"id":107053,"date":"2022-02-21T09:48:07","date_gmt":"2022-02-21T08:48:07","guid":{"rendered":"https:\/\/batijournal.com\/?p=107053"},"modified":"2022-02-21T09:48:07","modified_gmt":"2022-02-21T08:48:07","slug":"presidentielles-le-livre-blanc-de-la-capeb","status":"publish","type":"post","link":"https:\/\/batijournal.com\/index.php\/presidentielles-le-livre-blanc-de-la-capeb\/107053\/","title":{"rendered":"Pr\u00e9sidentielles : le livre blanc de la Capeb"},"content":{"rendered":"<p>La Capeb vient de publier un livre blanc en vue de la pr\u00e9sidentielle et des l\u00e9gislatives qui vont suivre. 29 pages de propositions et de rappels concernant le r\u00f4le des entreprises artisanales du b\u00e2timent. Parmi les v\u0153ux de la conf\u00e9d\u00e9ration, un souhait que les r\u00e8gles, en mati\u00e8re fiscale, soient fix\u00e9es une fois pour toute, notamment, de MaPrimeRenov\u2019, des CEE, de l\u2019ECO PTZ et du PTZ accession qui ne doivent pas constamment \u00e9voluer au gr\u00e9 des Lois de Finances. La Capeb appelle \u00e9galement \u00e0 davantage de lisibilit\u00e9 et de simplification du quotidien des entreprises artisanales du b\u00e2timent, tant du point de vue des dispositifs administratifs les concernant que pour les dispositifs d\u2019aides aux m\u00e9nages pour les travaux de r\u00e9novation et d\u2019accessibilit\u00e9, pour la qualification RGE et des dispositifs CEE. D\u00e9couvrez les autres propositions de la Capeb en t\u00e9l\u00e9chargeant son livre blanc&#8230;<\/p>\n<p><a href=\"https:\/\/www.capeb.fr\/www\/capeb\/media\/document\/livre-blanc-capeb-2022.pdf\">https:\/\/www.capeb.fr\/www\/capeb\/media\/document\/livre-blanc-capeb-2022.pdf<\/a><\/p>\n","protected":false},"excerpt":{"rendered":"<p>La Capeb vient de publier un livre blanc en vue de la pr\u00e9sidentielle et des l\u00e9gislatives qui vont suivre. 29 pages de propositions et de rappels concernant le r\u00f4le des entreprises artisanales du b\u00e2timent. Parmi les v\u0153ux de la conf\u00e9d\u00e9ration, un souhait que les r\u00e8gles, en mati\u00e8re fiscale, soient fix\u00e9es une fois pour toute, notamment, [&hellip;]<\/p>\n","protected":false},"author":17,"featured_media":107054,"comment_status":"closed","ping_status":"closed","sticky":false,"template":"","format":"standard","meta":{"_et_pb_use_builder":"","_et_pb_old_content":"","_et_gb_content_width":"","footnotes":""},"categories":[10736,10530,6345],"tags":[647,11798],"class_list":["post-107053","post","type-post","status-publish","format-standard","has-post-thumbnail","hentry","category-a-la-une","category-actualites","category-economie-marches","tag-capeb","tag-presidentielles"],"yoast_head":"<!-- This site is optimized with the Yoast SEO plugin v27.4 - https:\/\/yoast.com\/product\/yoast-seo-wordpress\/ -->\n<title>Pr\u00e9sidentielles : le livre blanc de la Capeb<\/title>\n<meta name=\"robots\" content=\"index, follow, max-snippet:-1, max-image-preview:large, max-video-preview:-1\" \/>\n<link rel=\"canonical\" href=\"https:\/\/batijournal.com\/index.php\/presidentielles-le-livre-blanc-de-la-capeb\/107053\/\" \/>\n<meta property=\"og:locale\" content=\"fr_FR\" \/>\n<meta property=\"og:type\" content=\"article\" \/>\n<meta property=\"og:title\" content=\"Pr\u00e9sidentielles : le livre blanc de la Capeb\" \/>\n<meta property=\"og:description\" content=\"La Capeb vient de publier un livre blanc en vue de la pr\u00e9sidentielle et des l\u00e9gislatives qui vont suivre. 29 pages de propositions et de rappels concernant le r\u00f4le des entreprises artisanales du b\u00e2timent. Parmi les v\u0153ux de la conf\u00e9d\u00e9ration, un souhait que les r\u00e8gles, en mati\u00e8re fiscale, soient fix\u00e9es une fois pour toute, notamment, [&hellip;]\" \/>\n<meta property=\"og:url\" content=\"https:\/\/batijournal.com\/index.php\/presidentielles-le-livre-blanc-de-la-capeb\/107053\/\" \/>\n<meta property=\"og:site_name\" content=\"Batijournal\" \/>\n<meta property=\"article:published_time\" content=\"2022-02-21T08:48:07+00:00\" \/>\n<meta property=\"og:image\" content=\"https:\/\/batijournal.com\/wp-content\/uploads\/2022\/02\/artisans-capeb.png\" \/>\n\t<meta property=\"og:image:width\" content=\"491\" \/>\n\t<meta property=\"og:image:height\" content=\"330\" \/>\n\t<meta property=\"og:image:type\" content=\"image\/png\" \/>\n<meta name=\"author\" content=\"St\u00e9phane Miget\" \/>\n<meta name=\"twitter:card\" content=\"summary_large_image\" \/>\n<meta name=\"twitter:creator\" content=\"@bati_journal\" \/>\n<meta name=\"twitter:site\" content=\"@bati_journal\" \/>\n<meta name=\"twitter:label1\" content=\"\u00c9crit par\" \/>\n\t<meta name=\"twitter:data1\" content=\"St\u00e9phane Miget\" \/>\n\t<meta name=\"twitter:label2\" content=\"Dur\u00e9e de lecture estim\u00e9e\" \/>\n\t<meta name=\"twitter:data2\" content=\"1 minute\" \/>\n<script type=\"application\/ld+json\" class=\"yoast-schema-graph\">{\"@context\":\"https:\\\/\\\/schema.org\",\"@graph\":[{\"@type\":\"Article\",\"@id\":\"https:\\\/\\\/batijournal.com\\\/index.php\\\/presidentielles-le-livre-blanc-de-la-capeb\\\/107053\\\/#article\",\"isPartOf\":{\"@id\":\"https:\\\/\\\/batijournal.com\\\/index.php\\\/presidentielles-le-livre-blanc-de-la-capeb\\\/107053\\\/\"},\"author\":{\"name\":\"St\u00e9phane Miget\",\"@id\":\"https:\\\/\\\/batijournal.com\\\/#\\\/schema\\\/person\\\/1dc96ec6957aa1ccb25ebe78bb19f100\"},\"headline\":\"Pr\u00e9sidentielles : le livre blanc de la Capeb\",\"datePublished\":\"2022-02-21T08:48:07+00:00\",\"mainEntityOfPage\":{\"@id\":\"https:\\\/\\\/batijournal.com\\\/index.php\\\/presidentielles-le-livre-blanc-de-la-capeb\\\/107053\\\/\"},\"wordCount\":175,\"image\":{\"@id\":\"https:\\\/\\\/batijournal.com\\\/index.php\\\/presidentielles-le-livre-blanc-de-la-capeb\\\/107053\\\/#primaryimage\"},\"thumbnailUrl\":\"https:\\\/\\\/batijournal.com\\\/wp-content\\\/uploads\\\/2022\\\/02\\\/artisans-capeb.png\",\"keywords\":[\"CAPEB\",\"pr\u00e9sidentielles\"],\"articleSection\":[\"A la Une\",\"Actualit\u00e9s\",\"\u00c9conomie &amp; March\u00e9s\"],\"inLanguage\":\"fr-FR\"},{\"@type\":\"WebPage\",\"@id\":\"https:\\\/\\\/batijournal.com\\\/index.php\\\/presidentielles-le-livre-blanc-de-la-capeb\\\/107053\\\/\",\"url\":\"https:\\\/\\\/batijournal.com\\\/index.php\\\/presidentielles-le-livre-blanc-de-la-capeb\\\/107053\\\/\",\"name\":\"Pr\u00e9sidentielles : le livre blanc de la Capeb\",\"isPartOf\":{\"@id\":\"https:\\\/\\\/batijournal.com\\\/#website\"},\"primaryImageOfPage\":{\"@id\":\"https:\\\/\\\/batijournal.com\\\/index.php\\\/presidentielles-le-livre-blanc-de-la-capeb\\\/107053\\\/#primaryimage\"},\"image\":{\"@id\":\"https:\\\/\\\/batijournal.com\\\/index.php\\\/presidentielles-le-livre-blanc-de-la-capeb\\\/107053\\\/#primaryimage\"},\"thumbnailUrl\":\"https:\\\/\\\/batijournal.com\\\/wp-content\\\/uploads\\\/2022\\\/02\\\/artisans-capeb.png\",\"datePublished\":\"2022-02-21T08:48:07+00:00\",\"author\":{\"@id\":\"https:\\\/\\\/batijournal.com\\\/#\\\/schema\\\/person\\\/1dc96ec6957aa1ccb25ebe78bb19f100\"},\"breadcrumb\":{\"@id\":\"https:\\\/\\\/batijournal.com\\\/index.php\\\/presidentielles-le-livre-blanc-de-la-capeb\\\/107053\\\/#breadcrumb\"},\"inLanguage\":\"fr-FR\",\"potentialAction\":[{\"@type\":\"ReadAction\",\"target\":[\"https:\\\/\\\/batijournal.com\\\/index.php\\\/presidentielles-le-livre-blanc-de-la-capeb\\\/107053\\\/\"]}]},{\"@type\":\"ImageObject\",\"inLanguage\":\"fr-FR\",\"@id\":\"https:\\\/\\\/batijournal.com\\\/index.php\\\/presidentielles-le-livre-blanc-de-la-capeb\\\/107053\\\/#primaryimage\",\"url\":\"https:\\\/\\\/batijournal.com\\\/wp-content\\\/uploads\\\/2022\\\/02\\\/artisans-capeb.png\",\"contentUrl\":\"https:\\\/\\\/batijournal.com\\\/wp-content\\\/uploads\\\/2022\\\/02\\\/artisans-capeb.png\",\"width\":491,\"height\":330},{\"@type\":\"BreadcrumbList\",\"@id\":\"https:\\\/\\\/batijournal.com\\\/index.php\\\/presidentielles-le-livre-blanc-de-la-capeb\\\/107053\\\/#breadcrumb\",\"itemListElement\":[{\"@type\":\"ListItem\",\"position\":1,\"name\":\"Accueil\",\"item\":\"https:\\\/\\\/batijournal.com\\\/\"},{\"@type\":\"ListItem\",\"position\":2,\"name\":\"Actualit\u00e9s\",\"item\":\"https:\\\/\\\/batijournal.com\\\/index.php\\\/category\\\/actualites\\\/\"},{\"@type\":\"ListItem\",\"position\":3,\"name\":\"Pr\u00e9sidentielles : le livre blanc de la Capeb\"}]},{\"@type\":\"WebSite\",\"@id\":\"https:\\\/\\\/batijournal.com\\\/#website\",\"url\":\"https:\\\/\\\/batijournal.com\\\/\",\"name\":\"Batijournal\",\"description\":\"L&#039;actualit\u00e9 du b\u00e2timent\",\"potentialAction\":[{\"@type\":\"SearchAction\",\"target\":{\"@type\":\"EntryPoint\",\"urlTemplate\":\"https:\\\/\\\/batijournal.com\\\/?s={search_term_string}\"},\"query-input\":{\"@type\":\"PropertyValueSpecification\",\"valueRequired\":true,\"valueName\":\"search_term_string\"}}],\"inLanguage\":\"fr-FR\"},{\"@type\":\"Person\",\"@id\":\"https:\\\/\\\/batijournal.com\\\/#\\\/schema\\\/person\\\/1dc96ec6957aa1ccb25ebe78bb19f100\",\"name\":\"St\u00e9phane Miget\",\"image\":{\"@type\":\"ImageObject\",\"inLanguage\":\"fr-FR\",\"@id\":\"https:\\\/\\\/secure.gravatar.com\\\/avatar\\\/89915563d925342126b8ef0281b93d9d7fc337043e8df017f780908eb9644451?s=96&d=mm&r=g\",\"url\":\"https:\\\/\\\/secure.gravatar.com\\\/avatar\\\/89915563d925342126b8ef0281b93d9d7fc337043e8df017f780908eb9644451?s=96&d=mm&r=g\",\"contentUrl\":\"https:\\\/\\\/secure.gravatar.com\\\/avatar\\\/89915563d925342126b8ef0281b93d9d7fc337043e8df017f780908eb9644451?s=96&d=mm&r=g\",\"caption\":\"St\u00e9phane Miget\"},\"url\":\"https:\\\/\\\/batijournal.com\\\/index.php\\\/author\\\/stephane\\\/\"}]}<\/script>\n<!-- \/ Yoast SEO plugin. -->","yoast_head_json":{"title":"Pr\u00e9sidentielles : le livre blanc de la Capeb","robots":{"index":"index","follow":"follow","max-snippet":"max-snippet:-1","max-image-preview":"max-image-preview:large","max-video-preview":"max-video-preview:-1"},"canonical":"https:\/\/batijournal.com\/index.php\/presidentielles-le-livre-blanc-de-la-capeb\/107053\/","og_locale":"fr_FR","og_type":"article","og_title":"Pr\u00e9sidentielles : le livre blanc de la Capeb","og_description":"La Capeb vient de publier un livre blanc en vue de la pr\u00e9sidentielle et des l\u00e9gislatives qui vont suivre. 29 pages de propositions et de rappels concernant le r\u00f4le des entreprises artisanales du b\u00e2timent. Parmi les v\u0153ux de la conf\u00e9d\u00e9ration, un souhait que les r\u00e8gles, en mati\u00e8re fiscale, soient fix\u00e9es une fois pour toute, notamment, [&hellip;]","og_url":"https:\/\/batijournal.com\/index.php\/presidentielles-le-livre-blanc-de-la-capeb\/107053\/","og_site_name":"Batijournal","article_published_time":"2022-02-21T08:48:07+00:00","og_image":[{"width":491,"height":330,"url":"https:\/\/batijournal.com\/wp-content\/uploads\/2022\/02\/artisans-capeb.png","type":"image\/png"}],"author":"St\u00e9phane Miget","twitter_card":"summary_large_image","twitter_creator":"@bati_journal","twitter_site":"@bati_journal","twitter_misc":{"\u00c9crit par":"St\u00e9phane Miget","Dur\u00e9e de lecture estim\u00e9e":"1 minute"},"schema":{"@context":"https:\/\/schema.org","@graph":[{"@type":"Article","@id":"https:\/\/batijournal.com\/index.php\/presidentielles-le-livre-blanc-de-la-capeb\/107053\/#article","isPartOf":{"@id":"https:\/\/batijournal.com\/index.php\/presidentielles-le-livre-blanc-de-la-capeb\/107053\/"},"author":{"name":"St\u00e9phane Miget","@id":"https:\/\/batijournal.com\/#\/schema\/person\/1dc96ec6957aa1ccb25ebe78bb19f100"},"headline":"Pr\u00e9sidentielles : le livre blanc de la Capeb","datePublished":"2022-02-21T08:48:07+00:00","mainEntityOfPage":{"@id":"https:\/\/batijournal.com\/index.php\/presidentielles-le-livre-blanc-de-la-capeb\/107053\/"},"wordCount":175,"image":{"@id":"https:\/\/batijournal.com\/index.php\/presidentielles-le-livre-blanc-de-la-capeb\/107053\/#primaryimage"},"thumbnailUrl":"https:\/\/batijournal.com\/wp-content\/uploads\/2022\/02\/artisans-capeb.png","keywords":["CAPEB","pr\u00e9sidentielles"],"articleSection":["A la Une","Actualit\u00e9s","\u00c9conomie &amp; March\u00e9s"],"inLanguage":"fr-FR"},{"@type":"WebPage","@id":"https:\/\/batijournal.com\/index.php\/presidentielles-le-livre-blanc-de-la-capeb\/107053\/","url":"https:\/\/batijournal.com\/index.php\/presidentielles-le-livre-blanc-de-la-capeb\/107053\/","name":"Pr\u00e9sidentielles : le livre blanc de la Capeb","isPartOf":{"@id":"https:\/\/batijournal.com\/#website"},"primaryImageOfPage":{"@id":"https:\/\/batijournal.com\/index.php\/presidentielles-le-livre-blanc-de-la-capeb\/107053\/#primaryimage"},"image":{"@id":"https:\/\/batijournal.com\/index.php\/presidentielles-le-livre-blanc-de-la-capeb\/107053\/#primaryimage"},"thumbnailUrl":"https:\/\/batijournal.com\/wp-content\/uploads\/2022\/02\/artisans-capeb.png","datePublished":"2022-02-21T08:48:07+00:00","author":{"@id":"https:\/\/batijournal.com\/#\/schema\/person\/1dc96ec6957aa1ccb25ebe78bb19f100"},"breadcrumb":{"@id":"https:\/\/batijournal.com\/index.php\/presidentielles-le-livre-blanc-de-la-capeb\/107053\/#breadcrumb"},"inLanguage":"fr-FR","potentialAction":[{"@type":"ReadAction","target":["https:\/\/batijournal.com\/index.php\/presidentielles-le-livre-blanc-de-la-capeb\/107053\/"]}]},{"@type":"ImageObject","inLanguage":"fr-FR","@id":"https:\/\/batijournal.com\/index.php\/presidentielles-le-livre-blanc-de-la-capeb\/107053\/#primaryimage","url":"https:\/\/batijournal.com\/wp-content\/uploads\/2022\/02\/artisans-capeb.png","contentUrl":"https:\/\/batijournal.com\/wp-content\/uploads\/2022\/02\/artisans-capeb.png","width":491,"height":330},{"@type":"BreadcrumbList","@id":"https:\/\/batijournal.com\/index.php\/presidentielles-le-livre-blanc-de-la-capeb\/107053\/#breadcrumb","itemListElement":[{"@type":"ListItem","position":1,"name":"Accueil","item":"https:\/\/batijournal.com\/"},{"@type":"ListItem","position":2,"name":"Actualit\u00e9s","item":"https:\/\/batijournal.com\/index.php\/category\/actualites\/"},{"@type":"ListItem","position":3,"name":"Pr\u00e9sidentielles : le livre blanc de la Capeb"}]},{"@type":"WebSite","@id":"https:\/\/batijournal.com\/#website","url":"https:\/\/batijournal.com\/","name":"Batijournal","description":"L&#039;actualit\u00e9 du b\u00e2timent","potentialAction":[{"@type":"SearchAction","target":{"@type":"EntryPoint","urlTemplate":"https:\/\/batijournal.com\/?s={search_term_string}"},"query-input":{"@type":"PropertyValueSpecification","valueRequired":true,"valueName":"search_term_string"}}],"inLanguage":"fr-FR"},{"@type":"Person","@id":"https:\/\/batijournal.com\/#\/schema\/person\/1dc96ec6957aa1ccb25ebe78bb19f100","name":"St\u00e9phane Miget","image":{"@type":"ImageObject","inLanguage":"fr-FR","@id":"https:\/\/secure.gravatar.com\/avatar\/89915563d925342126b8ef0281b93d9d7fc337043e8df017f780908eb9644451?s=96&d=mm&r=g","url":"https:\/\/secure.gravatar.com\/avatar\/89915563d925342126b8ef0281b93d9d7fc337043e8df017f780908eb9644451?s=96&d=mm&r=g","contentUrl":"https:\/\/secure.gravatar.com\/avatar\/89915563d925342126b8ef0281b93d9d7fc337043e8df017f780908eb9644451?s=96&d=mm&r=g","caption":"St\u00e9phane Miget"},"url":"https:\/\/batijournal.com\/index.php\/author\/stephane\/"}]}},"_links":{"self":[{"href":"https:\/\/batijournal.com\/index.php\/wp-json\/wp\/v2\/posts\/107053","targetHints":{"allow":["GET"]}}],"collection":[{"href":"https:\/\/batijournal.com\/index.php\/wp-json\/wp\/v2\/posts"}],"about":[{"href":"https:\/\/batijournal.com\/index.php\/wp-json\/wp\/v2\/types\/post"}],"author":[{"embeddable":true,"href":"https:\/\/batijournal.com\/index.php\/wp-json\/wp\/v2\/users\/17"}],"replies":[{"embeddable":true,"href":"https:\/\/batijournal.com\/index.php\/wp-json\/wp\/v2\/comments?post=107053"}],"version-history":[{"count":0,"href":"https:\/\/batijournal.com\/index.php\/wp-json\/wp\/v2\/posts\/107053\/revisions"}],"wp:featuredmedia":[{"embeddable":true,"href":"https:\/\/batijournal.com\/index.php\/wp-json\/wp\/v2\/media\/107054"}],"wp:attachment":[{"href":"https:\/\/batijournal.com\/index.php\/wp-json\/wp\/v2\/media?parent=107053"}],"wp:term":[{"taxonomy":"category","embeddable":true,"href":"https:\/\/batijournal.com\/index.php\/wp-json\/wp\/v2\/categories?post=107053"},{"taxonomy":"post_tag","embeddable":true,"href":"https:\/\/batijournal.com\/index.php\/wp-json\/wp\/v2\/tags?post=107053"}],"curies":[{"name":"wp","href":"https:\/\/api.w.org\/{rel}","templated":true}]}}