{"id":107063,"date":"2022-02-23T14:03:51","date_gmt":"2022-02-23T13:03:51","guid":{"rendered":"https:\/\/batijournal.com\/?p=107063"},"modified":"2022-02-23T14:03:51","modified_gmt":"2022-02-23T13:03:51","slug":"restauration-de-la-cathedrale-de-valence","status":"publish","type":"post","link":"https:\/\/batijournal.com\/index.php\/restauration-de-la-cathedrale-de-valence\/107063\/","title":{"rendered":"Restauration de la cath\u00e9drale de Valence"},"content":{"rendered":"<p>B\u00e2tie au XIIe si\u00e8cle et en partie reconstruite au XVIIe si\u00e8cle, la cath\u00e9drale de Valence a conserv\u00e9 ses formes romanes. Cet aspect pr\u00e9serv\u00e9 a subi plusieurs campagnes de restaurations, assez lourdes, au cours des XIXe et XXe si\u00e8cles pour compenser une faiblesse de l\u2019\u00e9difice \u00e9troitement li\u00e9e \u00e0 son mat\u00e9riau de construction : la pierre de Ch\u00e2teauneuf\u2010sur\u2010Is\u00e8re (la molasse), employ\u00e9e \u00e0 l\u2019origine sur l\u2019ensemble de la construction. Cette pierre \u00e9tant particuli\u00e8rement sujette \u00e0 l\u2019alt\u00e9ration, les interventions des deux si\u00e8cles pr\u00e9c\u00e9dents ont pr\u00e9f\u00e9r\u00e9 remplacer les blocs \u00ab malades \u00bb par du calcaire, plus claire que la molasse. Les fa\u00e7ades sont alors pass\u00e9es d\u2019un aspect monochrome \u00e0 un aspect composite, sans r\u00e9gler le probl\u00e8me de la conservation de la pierre d\u2019origine.<\/p>\n<p>L\u2019\u00e9difice ne souffre pas de probl\u00e8mes de stabilit\u00e9. La d\u00e9gradation des parements et moulurations est parfois tellement forte que les pertes de mati\u00e8re sont tr\u00e8s importantes. Les contreforts en molasse et la galerie d\u2019arcatures aveugles couronnant le haut de la nef sont les parties les plus lourdement \u00e9rod\u00e9es. La coexistence des pierres en molasse et des greffes en calcaire ou en gr\u00e8s n\u2019est pas un facteur aggravant des pathologies. C\u2019est principalement la diff\u00e9rence de nu qui, cr\u00e9ant des zones de r\u00e9tention d\u2019eau, accentue le processus. En 1997, Allain Tillier avait propos\u00e9 la cr\u00e9ation de solins de mortier pour assurer l\u2019interface entre la molasse abim\u00e9e et les greffes. Cette solution conservatoire s\u2019est montr\u00e9e efficace et durable. La premi\u00e8re phase du chantier d\u00e9butera par la restauration des fa\u00e7ades sud et nord. Le parti de restauration sera double, d&rsquo;abord conserver un maximum de mati\u00e8re d\u2019origine par la consolidation des parements de molasse en place par application d&rsquo;un produit durcissseur remin\u00e9ralisant. Des solins seront r\u00e9alis\u00e9s pour g\u00e9rer l\u2019\u00e9coulement des eaux entre les blocs sains et les blocs fortement desquam\u00e9s. Certains parements en molasse, trop alt\u00e9r\u00e9s seront remplac\u00e9 par du gr\u00e8s des Vosges, cette pierre est parfaitement compatible puisque ses propri\u00e9t\u00e9s sont proches de celles de la molasse. Ensuite, redonner de la coh\u00e9rence historique aux \u00e9l\u00e9vations en harmonisant les greffes de calcaire aux parements anciens en molasse. \u00ab Ce traitement permettra \u00e0 la fois d\u2019int\u00e9grer les surfaces trop lisses du calcaire aux surfaces irr\u00e9guli\u00e8res de la molasse mais aussi de garantir une meilleure accroche de l\u2019eau\u2010forte d\u2019harmonisation \u00bb.<\/p>\n<p>En compl\u00e9ment, les verri\u00e8res, les menuiseries et les syst\u00e8mes de gestion des eaux pluviales seront restaur\u00e9s. Les vitraux feront l\u2019objet d\u2019une restauration l\u00e9g\u00e8re ils seront d\u00e9pos\u00e9s et nettoy\u00e9s en atelier. Leur repose sera associ\u00e9e avec la pose de raquettes de protection en laiton. Les couvertures en tuiles canal seront ressuivies, notamment c\u00f4t\u00e9 nord. La couverture en plomb de la tourelle c\u00f4t\u00e9 place des Clercs sera restaur\u00e9e en totalit\u00e9.<\/p>\n<p>Montant de l\u2019op\u00e9ration<br \/>\nLe montant total des travaux s\u2019\u00e9l\u00e8ve \u00e0 2 281 489 \u20ac HT est financ\u00e9 \u00e0 100% par l\u2019Etat dans le cadre du plan cath\u00e9drales<br \/>\nDur\u00e9e du chantier de restauration des fa\u00e7ades : 16 mois<br \/>\nMa\u00eetrise d\u2019ouvrage : Direction r\u00e9gionale des affaires culturelles Auvergne-Rh\u00f4ne-Alpes &#8211; Conservation r\u00e9gionale des monuments historiques<br \/>\nMa\u00eetrise d\u2019\u0153uvre : Michel Trubert, architecte en chef des monuments historiques<br \/>\nLes entreprises<br \/>\nMa\u00e7onnerie- Pierre de Taille : Vivian et Cie<br \/>\nMenuiserie-Bois : sarl Sud France<br \/>\nVitraux : Thomas Vitraux<\/p>\n<p>Source : Drac Auvergne-Rh\u00f4ne-Alpes<br \/>\nPhoto : Drac Auvergne-Rh\u00f4ne-Alpes &#8211; Claude Niski<\/p>\n","protected":false},"excerpt":{"rendered":"<p>B\u00e2tie au XIIe si\u00e8cle et en partie reconstruite au XVIIe si\u00e8cle, la cath\u00e9drale de Valence a conserv\u00e9 ses formes romanes. Cet aspect pr\u00e9serv\u00e9 a subi plusieurs campagnes de restaurations, assez lourdes, au cours des XIXe et XXe si\u00e8cles pour compenser une faiblesse de l\u2019\u00e9difice \u00e9troitement li\u00e9e \u00e0 son mat\u00e9riau de construction : la pierre de [&hellip;]<\/p>\n","protected":false},"author":17,"featured_media":107064,"comment_status":"closed","ping_status":"closed","sticky":false,"template":"","format":"standard","meta":{"_et_pb_use_builder":"","_et_pb_old_content":"","_et_gb_content_width":"","footnotes":""},"categories":[10530,6340,10789,10785],"tags":[6758],"class_list":["post-107063","post","type-post","status-publish","format-standard","has-post-thumbnail","hentry","category-actualites","category-architecture-conception","category-publications-atrium","category-atrium","tag-cathedrale"],"yoast_head":"<!-- This site is optimized with the Yoast SEO plugin v27.4 - https:\/\/yoast.com\/product\/yoast-seo-wordpress\/ -->\n<title>Restauration de la cath\u00e9drale de Valence<\/title>\n<meta name=\"robots\" content=\"index, follow, max-snippet:-1, max-image-preview:large, max-video-preview:-1\" \/>\n<link rel=\"canonical\" href=\"https:\/\/batijournal.com\/index.php\/restauration-de-la-cathedrale-de-valence\/107063\/\" \/>\n<meta property=\"og:locale\" content=\"fr_FR\" \/>\n<meta property=\"og:type\" content=\"article\" \/>\n<meta property=\"og:title\" content=\"Restauration de la cath\u00e9drale de Valence\" \/>\n<meta property=\"og:description\" content=\"B\u00e2tie au XIIe si\u00e8cle et en partie reconstruite au XVIIe si\u00e8cle, la cath\u00e9drale de Valence a conserv\u00e9 ses formes romanes. Cet aspect pr\u00e9serv\u00e9 a subi plusieurs campagnes de restaurations, assez lourdes, au cours des XIXe et XXe si\u00e8cles pour compenser une faiblesse de l\u2019\u00e9difice \u00e9troitement li\u00e9e \u00e0 son mat\u00e9riau de construction : la pierre de [&hellip;]\" \/>\n<meta property=\"og:url\" content=\"https:\/\/batijournal.com\/index.php\/restauration-de-la-cathedrale-de-valence\/107063\/\" \/>\n<meta property=\"og:site_name\" content=\"Batijournal\" \/>\n<meta property=\"article:published_time\" content=\"2022-02-23T13:03:51+00:00\" \/>\n<meta property=\"og:image\" content=\"https:\/\/batijournal.com\/wp-content\/uploads\/2022\/02\/26-VALENCE-CATHEDRALE-FAC-SUD-C-NISKI-P1120117.jpg\" \/>\n\t<meta property=\"og:image:width\" content=\"825\" \/>\n\t<meta property=\"og:image:height\" content=\"464\" \/>\n\t<meta property=\"og:image:type\" content=\"image\/jpeg\" \/>\n<meta name=\"author\" content=\"St\u00e9phane Miget\" \/>\n<meta name=\"twitter:card\" content=\"summary_large_image\" \/>\n<meta name=\"twitter:creator\" content=\"@bati_journal\" \/>\n<meta name=\"twitter:site\" content=\"@bati_journal\" \/>\n<meta name=\"twitter:label1\" content=\"\u00c9crit par\" \/>\n\t<meta name=\"twitter:data1\" content=\"St\u00e9phane Miget\" \/>\n\t<meta name=\"twitter:label2\" content=\"Dur\u00e9e de lecture estim\u00e9e\" \/>\n\t<meta name=\"twitter:data2\" content=\"3 minutes\" \/>\n<script type=\"application\/ld+json\" class=\"yoast-schema-graph\">{\"@context\":\"https:\\\/\\\/schema.org\",\"@graph\":[{\"@type\":\"Article\",\"@id\":\"https:\\\/\\\/batijournal.com\\\/index.php\\\/restauration-de-la-cathedrale-de-valence\\\/107063\\\/#article\",\"isPartOf\":{\"@id\":\"https:\\\/\\\/batijournal.com\\\/index.php\\\/restauration-de-la-cathedrale-de-valence\\\/107063\\\/\"},\"author\":{\"name\":\"St\u00e9phane Miget\",\"@id\":\"https:\\\/\\\/batijournal.com\\\/#\\\/schema\\\/person\\\/1dc96ec6957aa1ccb25ebe78bb19f100\"},\"headline\":\"Restauration de la cath\u00e9drale de Valence\",\"datePublished\":\"2022-02-23T13:03:51+00:00\",\"mainEntityOfPage\":{\"@id\":\"https:\\\/\\\/batijournal.com\\\/index.php\\\/restauration-de-la-cathedrale-de-valence\\\/107063\\\/\"},\"wordCount\":621,\"image\":{\"@id\":\"https:\\\/\\\/batijournal.com\\\/index.php\\\/restauration-de-la-cathedrale-de-valence\\\/107063\\\/#primaryimage\"},\"thumbnailUrl\":\"https:\\\/\\\/batijournal.com\\\/wp-content\\\/uploads\\\/2022\\\/02\\\/26-VALENCE-CATHEDRALE-FAC-SUD-C-NISKI-P1120117.jpg\",\"keywords\":[\"cathedrale\"],\"articleSection\":[\"Actualit\u00e9s\",\"Architecture &amp; Conception\",\"zz_Actualit\u00e9s - Atrium\",\"zz_Atrium Patrimoine\"],\"inLanguage\":\"fr-FR\"},{\"@type\":\"WebPage\",\"@id\":\"https:\\\/\\\/batijournal.com\\\/index.php\\\/restauration-de-la-cathedrale-de-valence\\\/107063\\\/\",\"url\":\"https:\\\/\\\/batijournal.com\\\/index.php\\\/restauration-de-la-cathedrale-de-valence\\\/107063\\\/\",\"name\":\"Restauration de la cath\u00e9drale de Valence\",\"isPartOf\":{\"@id\":\"https:\\\/\\\/batijournal.com\\\/#website\"},\"primaryImageOfPage\":{\"@id\":\"https:\\\/\\\/batijournal.com\\\/index.php\\\/restauration-de-la-cathedrale-de-valence\\\/107063\\\/#primaryimage\"},\"image\":{\"@id\":\"https:\\\/\\\/batijournal.com\\\/index.php\\\/restauration-de-la-cathedrale-de-valence\\\/107063\\\/#primaryimage\"},\"thumbnailUrl\":\"https:\\\/\\\/batijournal.com\\\/wp-content\\\/uploads\\\/2022\\\/02\\\/26-VALENCE-CATHEDRALE-FAC-SUD-C-NISKI-P1120117.jpg\",\"datePublished\":\"2022-02-23T13:03:51+00:00\",\"author\":{\"@id\":\"https:\\\/\\\/batijournal.com\\\/#\\\/schema\\\/person\\\/1dc96ec6957aa1ccb25ebe78bb19f100\"},\"breadcrumb\":{\"@id\":\"https:\\\/\\\/batijournal.com\\\/index.php\\\/restauration-de-la-cathedrale-de-valence\\\/107063\\\/#breadcrumb\"},\"inLanguage\":\"fr-FR\",\"potentialAction\":[{\"@type\":\"ReadAction\",\"target\":[\"https:\\\/\\\/batijournal.com\\\/index.php\\\/restauration-de-la-cathedrale-de-valence\\\/107063\\\/\"]}]},{\"@type\":\"ImageObject\",\"inLanguage\":\"fr-FR\",\"@id\":\"https:\\\/\\\/batijournal.com\\\/index.php\\\/restauration-de-la-cathedrale-de-valence\\\/107063\\\/#primaryimage\",\"url\":\"https:\\\/\\\/batijournal.com\\\/wp-content\\\/uploads\\\/2022\\\/02\\\/26-VALENCE-CATHEDRALE-FAC-SUD-C-NISKI-P1120117.jpg\",\"contentUrl\":\"https:\\\/\\\/batijournal.com\\\/wp-content\\\/uploads\\\/2022\\\/02\\\/26-VALENCE-CATHEDRALE-FAC-SUD-C-NISKI-P1120117.jpg\",\"width\":825,\"height\":464},{\"@type\":\"BreadcrumbList\",\"@id\":\"https:\\\/\\\/batijournal.com\\\/index.php\\\/restauration-de-la-cathedrale-de-valence\\\/107063\\\/#breadcrumb\",\"itemListElement\":[{\"@type\":\"ListItem\",\"position\":1,\"name\":\"Accueil\",\"item\":\"https:\\\/\\\/batijournal.com\\\/\"},{\"@type\":\"ListItem\",\"position\":2,\"name\":\"Actualit\u00e9s\",\"item\":\"https:\\\/\\\/batijournal.com\\\/index.php\\\/category\\\/actualites\\\/\"},{\"@type\":\"ListItem\",\"position\":3,\"name\":\"Restauration de la cath\u00e9drale de Valence\"}]},{\"@type\":\"WebSite\",\"@id\":\"https:\\\/\\\/batijournal.com\\\/#website\",\"url\":\"https:\\\/\\\/batijournal.com\\\/\",\"name\":\"Batijournal\",\"description\":\"L&#039;actualit\u00e9 du b\u00e2timent\",\"potentialAction\":[{\"@type\":\"SearchAction\",\"target\":{\"@type\":\"EntryPoint\",\"urlTemplate\":\"https:\\\/\\\/batijournal.com\\\/?s={search_term_string}\"},\"query-input\":{\"@type\":\"PropertyValueSpecification\",\"valueRequired\":true,\"valueName\":\"search_term_string\"}}],\"inLanguage\":\"fr-FR\"},{\"@type\":\"Person\",\"@id\":\"https:\\\/\\\/batijournal.com\\\/#\\\/schema\\\/person\\\/1dc96ec6957aa1ccb25ebe78bb19f100\",\"name\":\"St\u00e9phane Miget\",\"image\":{\"@type\":\"ImageObject\",\"inLanguage\":\"fr-FR\",\"@id\":\"https:\\\/\\\/secure.gravatar.com\\\/avatar\\\/89915563d925342126b8ef0281b93d9d7fc337043e8df017f780908eb9644451?s=96&d=mm&r=g\",\"url\":\"https:\\\/\\\/secure.gravatar.com\\\/avatar\\\/89915563d925342126b8ef0281b93d9d7fc337043e8df017f780908eb9644451?s=96&d=mm&r=g\",\"contentUrl\":\"https:\\\/\\\/secure.gravatar.com\\\/avatar\\\/89915563d925342126b8ef0281b93d9d7fc337043e8df017f780908eb9644451?s=96&d=mm&r=g\",\"caption\":\"St\u00e9phane Miget\"},\"url\":\"https:\\\/\\\/batijournal.com\\\/index.php\\\/author\\\/stephane\\\/\"}]}<\/script>\n<!-- \/ Yoast SEO plugin. -->","yoast_head_json":{"title":"Restauration de la cath\u00e9drale de Valence","robots":{"index":"index","follow":"follow","max-snippet":"max-snippet:-1","max-image-preview":"max-image-preview:large","max-video-preview":"max-video-preview:-1"},"canonical":"https:\/\/batijournal.com\/index.php\/restauration-de-la-cathedrale-de-valence\/107063\/","og_locale":"fr_FR","og_type":"article","og_title":"Restauration de la cath\u00e9drale de Valence","og_description":"B\u00e2tie au XIIe si\u00e8cle et en partie reconstruite au XVIIe si\u00e8cle, la cath\u00e9drale de Valence a conserv\u00e9 ses formes romanes. Cet aspect pr\u00e9serv\u00e9 a subi plusieurs campagnes de restaurations, assez lourdes, au cours des XIXe et XXe si\u00e8cles pour compenser une faiblesse de l\u2019\u00e9difice \u00e9troitement li\u00e9e \u00e0 son mat\u00e9riau de construction : la pierre de [&hellip;]","og_url":"https:\/\/batijournal.com\/index.php\/restauration-de-la-cathedrale-de-valence\/107063\/","og_site_name":"Batijournal","article_published_time":"2022-02-23T13:03:51+00:00","og_image":[{"width":825,"height":464,"url":"https:\/\/batijournal.com\/wp-content\/uploads\/2022\/02\/26-VALENCE-CATHEDRALE-FAC-SUD-C-NISKI-P1120117.jpg","type":"image\/jpeg"}],"author":"St\u00e9phane Miget","twitter_card":"summary_large_image","twitter_creator":"@bati_journal","twitter_site":"@bati_journal","twitter_misc":{"\u00c9crit par":"St\u00e9phane Miget","Dur\u00e9e de lecture estim\u00e9e":"3 minutes"},"schema":{"@context":"https:\/\/schema.org","@graph":[{"@type":"Article","@id":"https:\/\/batijournal.com\/index.php\/restauration-de-la-cathedrale-de-valence\/107063\/#article","isPartOf":{"@id":"https:\/\/batijournal.com\/index.php\/restauration-de-la-cathedrale-de-valence\/107063\/"},"author":{"name":"St\u00e9phane Miget","@id":"https:\/\/batijournal.com\/#\/schema\/person\/1dc96ec6957aa1ccb25ebe78bb19f100"},"headline":"Restauration de la cath\u00e9drale de Valence","datePublished":"2022-02-23T13:03:51+00:00","mainEntityOfPage":{"@id":"https:\/\/batijournal.com\/index.php\/restauration-de-la-cathedrale-de-valence\/107063\/"},"wordCount":621,"image":{"@id":"https:\/\/batijournal.com\/index.php\/restauration-de-la-cathedrale-de-valence\/107063\/#primaryimage"},"thumbnailUrl":"https:\/\/batijournal.com\/wp-content\/uploads\/2022\/02\/26-VALENCE-CATHEDRALE-FAC-SUD-C-NISKI-P1120117.jpg","keywords":["cathedrale"],"articleSection":["Actualit\u00e9s","Architecture &amp; Conception","zz_Actualit\u00e9s - Atrium","zz_Atrium Patrimoine"],"inLanguage":"fr-FR"},{"@type":"WebPage","@id":"https:\/\/batijournal.com\/index.php\/restauration-de-la-cathedrale-de-valence\/107063\/","url":"https:\/\/batijournal.com\/index.php\/restauration-de-la-cathedrale-de-valence\/107063\/","name":"Restauration de la cath\u00e9drale de Valence","isPartOf":{"@id":"https:\/\/batijournal.com\/#website"},"primaryImageOfPage":{"@id":"https:\/\/batijournal.com\/index.php\/restauration-de-la-cathedrale-de-valence\/107063\/#primaryimage"},"image":{"@id":"https:\/\/batijournal.com\/index.php\/restauration-de-la-cathedrale-de-valence\/107063\/#primaryimage"},"thumbnailUrl":"https:\/\/batijournal.com\/wp-content\/uploads\/2022\/02\/26-VALENCE-CATHEDRALE-FAC-SUD-C-NISKI-P1120117.jpg","datePublished":"2022-02-23T13:03:51+00:00","author":{"@id":"https:\/\/batijournal.com\/#\/schema\/person\/1dc96ec6957aa1ccb25ebe78bb19f100"},"breadcrumb":{"@id":"https:\/\/batijournal.com\/index.php\/restauration-de-la-cathedrale-de-valence\/107063\/#breadcrumb"},"inLanguage":"fr-FR","potentialAction":[{"@type":"ReadAction","target":["https:\/\/batijournal.com\/index.php\/restauration-de-la-cathedrale-de-valence\/107063\/"]}]},{"@type":"ImageObject","inLanguage":"fr-FR","@id":"https:\/\/batijournal.com\/index.php\/restauration-de-la-cathedrale-de-valence\/107063\/#primaryimage","url":"https:\/\/batijournal.com\/wp-content\/uploads\/2022\/02\/26-VALENCE-CATHEDRALE-FAC-SUD-C-NISKI-P1120117.jpg","contentUrl":"https:\/\/batijournal.com\/wp-content\/uploads\/2022\/02\/26-VALENCE-CATHEDRALE-FAC-SUD-C-NISKI-P1120117.jpg","width":825,"height":464},{"@type":"BreadcrumbList","@id":"https:\/\/batijournal.com\/index.php\/restauration-de-la-cathedrale-de-valence\/107063\/#breadcrumb","itemListElement":[{"@type":"ListItem","position":1,"name":"Accueil","item":"https:\/\/batijournal.com\/"},{"@type":"ListItem","position":2,"name":"Actualit\u00e9s","item":"https:\/\/batijournal.com\/index.php\/category\/actualites\/"},{"@type":"ListItem","position":3,"name":"Restauration de la cath\u00e9drale de Valence"}]},{"@type":"WebSite","@id":"https:\/\/batijournal.com\/#website","url":"https:\/\/batijournal.com\/","name":"Batijournal","description":"L&#039;actualit\u00e9 du b\u00e2timent","potentialAction":[{"@type":"SearchAction","target":{"@type":"EntryPoint","urlTemplate":"https:\/\/batijournal.com\/?s={search_term_string}"},"query-input":{"@type":"PropertyValueSpecification","valueRequired":true,"valueName":"search_term_string"}}],"inLanguage":"fr-FR"},{"@type":"Person","@id":"https:\/\/batijournal.com\/#\/schema\/person\/1dc96ec6957aa1ccb25ebe78bb19f100","name":"St\u00e9phane Miget","image":{"@type":"ImageObject","inLanguage":"fr-FR","@id":"https:\/\/secure.gravatar.com\/avatar\/89915563d925342126b8ef0281b93d9d7fc337043e8df017f780908eb9644451?s=96&d=mm&r=g","url":"https:\/\/secure.gravatar.com\/avatar\/89915563d925342126b8ef0281b93d9d7fc337043e8df017f780908eb9644451?s=96&d=mm&r=g","contentUrl":"https:\/\/secure.gravatar.com\/avatar\/89915563d925342126b8ef0281b93d9d7fc337043e8df017f780908eb9644451?s=96&d=mm&r=g","caption":"St\u00e9phane Miget"},"url":"https:\/\/batijournal.com\/index.php\/author\/stephane\/"}]}},"_links":{"self":[{"href":"https:\/\/batijournal.com\/index.php\/wp-json\/wp\/v2\/posts\/107063","targetHints":{"allow":["GET"]}}],"collection":[{"href":"https:\/\/batijournal.com\/index.php\/wp-json\/wp\/v2\/posts"}],"about":[{"href":"https:\/\/batijournal.com\/index.php\/wp-json\/wp\/v2\/types\/post"}],"author":[{"embeddable":true,"href":"https:\/\/batijournal.com\/index.php\/wp-json\/wp\/v2\/users\/17"}],"replies":[{"embeddable":true,"href":"https:\/\/batijournal.com\/index.php\/wp-json\/wp\/v2\/comments?post=107063"}],"version-history":[{"count":0,"href":"https:\/\/batijournal.com\/index.php\/wp-json\/wp\/v2\/posts\/107063\/revisions"}],"wp:featuredmedia":[{"embeddable":true,"href":"https:\/\/batijournal.com\/index.php\/wp-json\/wp\/v2\/media\/107064"}],"wp:attachment":[{"href":"https:\/\/batijournal.com\/index.php\/wp-json\/wp\/v2\/media?parent=107063"}],"wp:term":[{"taxonomy":"category","embeddable":true,"href":"https:\/\/batijournal.com\/index.php\/wp-json\/wp\/v2\/categories?post=107063"},{"taxonomy":"post_tag","embeddable":true,"href":"https:\/\/batijournal.com\/index.php\/wp-json\/wp\/v2\/tags?post=107063"}],"curies":[{"name":"wp","href":"https:\/\/api.w.org\/{rel}","templated":true}]}}