{"id":107067,"date":"2022-02-23T14:17:15","date_gmt":"2022-02-23T13:17:15","guid":{"rendered":"https:\/\/batijournal.com\/?p=107067"},"modified":"2022-02-23T14:17:15","modified_gmt":"2022-02-23T13:17:15","slug":"les-elles-du-patrimoine","status":"publish","type":"post","link":"https:\/\/batijournal.com\/index.php\/les-elles-du-patrimoine\/107067\/","title":{"rendered":"Les Elles du patrimoine"},"content":{"rendered":"<p>Mercredi 9 mars 2022 aura lieu le lancement des podcasts intitul\u00e9s \u00ab Les Elles du patrimoine \u00bb r\u00e9alis\u00e9s dans le cadre du label \u00e9galit\u00e9\/diversit\u00e9 de la Direction r\u00e9gionale des affaires culturelles Hauts-de-France et de la mise en place d\u2019un plan d\u2019action \u00e9galit\u00e9 professionnelle entre les hommes et les femmes. Ils traitent du Matrimoine en DRAC et de la question de sa transmission. D\u2019une dur\u00e9e de 10 \u00e0 15 minutes, ils ont trois objectifs principaux : d\u00e9velopper la visibilit\u00e9 des femmes dans les m\u00e9tiers du patrimoine ;\u00a0mettre en valeur des femmes qui \u0153uvrent dans le domaine du Patrimoine au sein de la Drac et porter la voix de mod\u00e8les inspirants et ainsi, mieux faire conna\u00eetre ces m\u00e9tiers du patrimoine plus largement aux publics et aux jeunes filles notamment. Le lancement des podcasts, suivi d\u2019une rencontre-d\u00e9bat autour de ces th\u00e9matiques auront lieu mercredi 9 mars prochain de 10h \u00e0 11h, en pr\u00e9sence de Mme Hindati Simpara, directrice r\u00e9gionale aux droits des femmes et \u00e0 l\u2019\u00e9galit\u00e9 et de M Hilaire Multon, directeur r\u00e9gional des affaires culturelles Hauts-de-France.<\/p>\n","protected":false},"excerpt":{"rendered":"<p>Mercredi 9 mars 2022 aura lieu le lancement des podcasts intitul\u00e9s \u00ab Les Elles du patrimoine \u00bb r\u00e9alis\u00e9s dans le cadre du label \u00e9galit\u00e9\/diversit\u00e9 de la Direction r\u00e9gionale des affaires culturelles Hauts-de-France et de la mise en place d\u2019un plan d\u2019action \u00e9galit\u00e9 professionnelle entre les hommes et les femmes. Ils traitent du Matrimoine en DRAC [&hellip;]<\/p>\n","protected":false},"author":17,"featured_media":107068,"comment_status":"closed","ping_status":"closed","sticky":false,"template":"","format":"standard","meta":{"_et_pb_use_builder":"","_et_pb_old_content":"","_et_gb_content_width":"","footnotes":""},"categories":[10530,6362,10789,10785],"tags":[6492],"class_list":["post-107067","post","type-post","status-publish","format-standard","has-post-thumbnail","hentry","category-actualites","category-services-equipements","category-publications-atrium","category-atrium","tag-femmes-du-batiment"],"yoast_head":"<!-- This site is optimized with the Yoast SEO plugin v27.4 - https:\/\/yoast.com\/product\/yoast-seo-wordpress\/ -->\n<title>Les Elles du patrimoine<\/title>\n<meta name=\"robots\" content=\"index, follow, max-snippet:-1, max-image-preview:large, max-video-preview:-1\" \/>\n<link rel=\"canonical\" href=\"https:\/\/batijournal.com\/index.php\/les-elles-du-patrimoine\/107067\/\" \/>\n<meta property=\"og:locale\" content=\"fr_FR\" \/>\n<meta property=\"og:type\" content=\"article\" \/>\n<meta property=\"og:title\" content=\"Les Elles du patrimoine\" \/>\n<meta property=\"og:description\" content=\"Mercredi 9 mars 2022 aura lieu le lancement des podcasts intitul\u00e9s \u00ab Les Elles du patrimoine \u00bb r\u00e9alis\u00e9s dans le cadre du label \u00e9galit\u00e9\/diversit\u00e9 de la Direction r\u00e9gionale des affaires culturelles Hauts-de-France et de la mise en place d\u2019un plan d\u2019action \u00e9galit\u00e9 professionnelle entre les hommes et les femmes. Ils traitent du Matrimoine en DRAC [&hellip;]\" \/>\n<meta property=\"og:url\" content=\"https:\/\/batijournal.com\/index.php\/les-elles-du-patrimoine\/107067\/\" \/>\n<meta property=\"og:site_name\" content=\"Batijournal\" \/>\n<meta property=\"article:published_time\" content=\"2022-02-23T13:17:15+00:00\" \/>\n<meta property=\"og:image\" content=\"https:\/\/batijournal.com\/wp-content\/uploads\/2022\/02\/Photo-couverture-Matrimoine-DRAC-Les-Elles-du-Patrimoine-v9.png\" \/>\n\t<meta property=\"og:image:width\" content=\"1400\" \/>\n\t<meta property=\"og:image:height\" content=\"1400\" \/>\n\t<meta property=\"og:image:type\" content=\"image\/png\" \/>\n<meta name=\"author\" content=\"St\u00e9phane Miget\" \/>\n<meta name=\"twitter:card\" content=\"summary_large_image\" \/>\n<meta name=\"twitter:creator\" content=\"@bati_journal\" \/>\n<meta name=\"twitter:site\" content=\"@bati_journal\" \/>\n<meta name=\"twitter:label1\" content=\"\u00c9crit par\" \/>\n\t<meta name=\"twitter:data1\" content=\"St\u00e9phane Miget\" \/>\n\t<meta name=\"twitter:label2\" content=\"Dur\u00e9e de lecture estim\u00e9e\" \/>\n\t<meta name=\"twitter:data2\" content=\"1 minute\" \/>\n<script type=\"application\/ld+json\" class=\"yoast-schema-graph\">{\"@context\":\"https:\\\/\\\/schema.org\",\"@graph\":[{\"@type\":\"Article\",\"@id\":\"https:\\\/\\\/batijournal.com\\\/index.php\\\/les-elles-du-patrimoine\\\/107067\\\/#article\",\"isPartOf\":{\"@id\":\"https:\\\/\\\/batijournal.com\\\/index.php\\\/les-elles-du-patrimoine\\\/107067\\\/\"},\"author\":{\"name\":\"St\u00e9phane Miget\",\"@id\":\"https:\\\/\\\/batijournal.com\\\/#\\\/schema\\\/person\\\/1dc96ec6957aa1ccb25ebe78bb19f100\"},\"headline\":\"Les Elles du patrimoine\",\"datePublished\":\"2022-02-23T13:17:15+00:00\",\"mainEntityOfPage\":{\"@id\":\"https:\\\/\\\/batijournal.com\\\/index.php\\\/les-elles-du-patrimoine\\\/107067\\\/\"},\"wordCount\":188,\"image\":{\"@id\":\"https:\\\/\\\/batijournal.com\\\/index.php\\\/les-elles-du-patrimoine\\\/107067\\\/#primaryimage\"},\"thumbnailUrl\":\"https:\\\/\\\/batijournal.com\\\/wp-content\\\/uploads\\\/2022\\\/02\\\/Photo-couverture-Matrimoine-DRAC-Les-Elles-du-Patrimoine-v9.png\",\"keywords\":[\"femmes du batiment\"],\"articleSection\":[\"Actualit\u00e9s\",\"Divers\",\"zz_Actualit\u00e9s - Atrium\",\"zz_Atrium Patrimoine\"],\"inLanguage\":\"fr-FR\"},{\"@type\":\"WebPage\",\"@id\":\"https:\\\/\\\/batijournal.com\\\/index.php\\\/les-elles-du-patrimoine\\\/107067\\\/\",\"url\":\"https:\\\/\\\/batijournal.com\\\/index.php\\\/les-elles-du-patrimoine\\\/107067\\\/\",\"name\":\"Les Elles du patrimoine\",\"isPartOf\":{\"@id\":\"https:\\\/\\\/batijournal.com\\\/#website\"},\"primaryImageOfPage\":{\"@id\":\"https:\\\/\\\/batijournal.com\\\/index.php\\\/les-elles-du-patrimoine\\\/107067\\\/#primaryimage\"},\"image\":{\"@id\":\"https:\\\/\\\/batijournal.com\\\/index.php\\\/les-elles-du-patrimoine\\\/107067\\\/#primaryimage\"},\"thumbnailUrl\":\"https:\\\/\\\/batijournal.com\\\/wp-content\\\/uploads\\\/2022\\\/02\\\/Photo-couverture-Matrimoine-DRAC-Les-Elles-du-Patrimoine-v9.png\",\"datePublished\":\"2022-02-23T13:17:15+00:00\",\"author\":{\"@id\":\"https:\\\/\\\/batijournal.com\\\/#\\\/schema\\\/person\\\/1dc96ec6957aa1ccb25ebe78bb19f100\"},\"breadcrumb\":{\"@id\":\"https:\\\/\\\/batijournal.com\\\/index.php\\\/les-elles-du-patrimoine\\\/107067\\\/#breadcrumb\"},\"inLanguage\":\"fr-FR\",\"potentialAction\":[{\"@type\":\"ReadAction\",\"target\":[\"https:\\\/\\\/batijournal.com\\\/index.php\\\/les-elles-du-patrimoine\\\/107067\\\/\"]}]},{\"@type\":\"ImageObject\",\"inLanguage\":\"fr-FR\",\"@id\":\"https:\\\/\\\/batijournal.com\\\/index.php\\\/les-elles-du-patrimoine\\\/107067\\\/#primaryimage\",\"url\":\"https:\\\/\\\/batijournal.com\\\/wp-content\\\/uploads\\\/2022\\\/02\\\/Photo-couverture-Matrimoine-DRAC-Les-Elles-du-Patrimoine-v9.png\",\"contentUrl\":\"https:\\\/\\\/batijournal.com\\\/wp-content\\\/uploads\\\/2022\\\/02\\\/Photo-couverture-Matrimoine-DRAC-Les-Elles-du-Patrimoine-v9.png\",\"width\":1400,\"height\":1400},{\"@type\":\"BreadcrumbList\",\"@id\":\"https:\\\/\\\/batijournal.com\\\/index.php\\\/les-elles-du-patrimoine\\\/107067\\\/#breadcrumb\",\"itemListElement\":[{\"@type\":\"ListItem\",\"position\":1,\"name\":\"Accueil\",\"item\":\"https:\\\/\\\/batijournal.com\\\/\"},{\"@type\":\"ListItem\",\"position\":2,\"name\":\"Actualit\u00e9s\",\"item\":\"https:\\\/\\\/batijournal.com\\\/index.php\\\/category\\\/actualites\\\/\"},{\"@type\":\"ListItem\",\"position\":3,\"name\":\"Les Elles du patrimoine\"}]},{\"@type\":\"WebSite\",\"@id\":\"https:\\\/\\\/batijournal.com\\\/#website\",\"url\":\"https:\\\/\\\/batijournal.com\\\/\",\"name\":\"Batijournal\",\"description\":\"L&#039;actualit\u00e9 du b\u00e2timent\",\"potentialAction\":[{\"@type\":\"SearchAction\",\"target\":{\"@type\":\"EntryPoint\",\"urlTemplate\":\"https:\\\/\\\/batijournal.com\\\/?s={search_term_string}\"},\"query-input\":{\"@type\":\"PropertyValueSpecification\",\"valueRequired\":true,\"valueName\":\"search_term_string\"}}],\"inLanguage\":\"fr-FR\"},{\"@type\":\"Person\",\"@id\":\"https:\\\/\\\/batijournal.com\\\/#\\\/schema\\\/person\\\/1dc96ec6957aa1ccb25ebe78bb19f100\",\"name\":\"St\u00e9phane Miget\",\"image\":{\"@type\":\"ImageObject\",\"inLanguage\":\"fr-FR\",\"@id\":\"https:\\\/\\\/secure.gravatar.com\\\/avatar\\\/89915563d925342126b8ef0281b93d9d7fc337043e8df017f780908eb9644451?s=96&d=mm&r=g\",\"url\":\"https:\\\/\\\/secure.gravatar.com\\\/avatar\\\/89915563d925342126b8ef0281b93d9d7fc337043e8df017f780908eb9644451?s=96&d=mm&r=g\",\"contentUrl\":\"https:\\\/\\\/secure.gravatar.com\\\/avatar\\\/89915563d925342126b8ef0281b93d9d7fc337043e8df017f780908eb9644451?s=96&d=mm&r=g\",\"caption\":\"St\u00e9phane Miget\"},\"url\":\"https:\\\/\\\/batijournal.com\\\/index.php\\\/author\\\/stephane\\\/\"}]}<\/script>\n<!-- \/ Yoast SEO plugin. -->","yoast_head_json":{"title":"Les Elles du patrimoine","robots":{"index":"index","follow":"follow","max-snippet":"max-snippet:-1","max-image-preview":"max-image-preview:large","max-video-preview":"max-video-preview:-1"},"canonical":"https:\/\/batijournal.com\/index.php\/les-elles-du-patrimoine\/107067\/","og_locale":"fr_FR","og_type":"article","og_title":"Les Elles du patrimoine","og_description":"Mercredi 9 mars 2022 aura lieu le lancement des podcasts intitul\u00e9s \u00ab Les Elles du patrimoine \u00bb r\u00e9alis\u00e9s dans le cadre du label \u00e9galit\u00e9\/diversit\u00e9 de la Direction r\u00e9gionale des affaires culturelles Hauts-de-France et de la mise en place d\u2019un plan d\u2019action \u00e9galit\u00e9 professionnelle entre les hommes et les femmes. Ils traitent du Matrimoine en DRAC [&hellip;]","og_url":"https:\/\/batijournal.com\/index.php\/les-elles-du-patrimoine\/107067\/","og_site_name":"Batijournal","article_published_time":"2022-02-23T13:17:15+00:00","og_image":[{"width":1400,"height":1400,"url":"https:\/\/batijournal.com\/wp-content\/uploads\/2022\/02\/Photo-couverture-Matrimoine-DRAC-Les-Elles-du-Patrimoine-v9.png","type":"image\/png"}],"author":"St\u00e9phane Miget","twitter_card":"summary_large_image","twitter_creator":"@bati_journal","twitter_site":"@bati_journal","twitter_misc":{"\u00c9crit par":"St\u00e9phane Miget","Dur\u00e9e de lecture estim\u00e9e":"1 minute"},"schema":{"@context":"https:\/\/schema.org","@graph":[{"@type":"Article","@id":"https:\/\/batijournal.com\/index.php\/les-elles-du-patrimoine\/107067\/#article","isPartOf":{"@id":"https:\/\/batijournal.com\/index.php\/les-elles-du-patrimoine\/107067\/"},"author":{"name":"St\u00e9phane Miget","@id":"https:\/\/batijournal.com\/#\/schema\/person\/1dc96ec6957aa1ccb25ebe78bb19f100"},"headline":"Les Elles du patrimoine","datePublished":"2022-02-23T13:17:15+00:00","mainEntityOfPage":{"@id":"https:\/\/batijournal.com\/index.php\/les-elles-du-patrimoine\/107067\/"},"wordCount":188,"image":{"@id":"https:\/\/batijournal.com\/index.php\/les-elles-du-patrimoine\/107067\/#primaryimage"},"thumbnailUrl":"https:\/\/batijournal.com\/wp-content\/uploads\/2022\/02\/Photo-couverture-Matrimoine-DRAC-Les-Elles-du-Patrimoine-v9.png","keywords":["femmes du batiment"],"articleSection":["Actualit\u00e9s","Divers","zz_Actualit\u00e9s - Atrium","zz_Atrium Patrimoine"],"inLanguage":"fr-FR"},{"@type":"WebPage","@id":"https:\/\/batijournal.com\/index.php\/les-elles-du-patrimoine\/107067\/","url":"https:\/\/batijournal.com\/index.php\/les-elles-du-patrimoine\/107067\/","name":"Les Elles du patrimoine","isPartOf":{"@id":"https:\/\/batijournal.com\/#website"},"primaryImageOfPage":{"@id":"https:\/\/batijournal.com\/index.php\/les-elles-du-patrimoine\/107067\/#primaryimage"},"image":{"@id":"https:\/\/batijournal.com\/index.php\/les-elles-du-patrimoine\/107067\/#primaryimage"},"thumbnailUrl":"https:\/\/batijournal.com\/wp-content\/uploads\/2022\/02\/Photo-couverture-Matrimoine-DRAC-Les-Elles-du-Patrimoine-v9.png","datePublished":"2022-02-23T13:17:15+00:00","author":{"@id":"https:\/\/batijournal.com\/#\/schema\/person\/1dc96ec6957aa1ccb25ebe78bb19f100"},"breadcrumb":{"@id":"https:\/\/batijournal.com\/index.php\/les-elles-du-patrimoine\/107067\/#breadcrumb"},"inLanguage":"fr-FR","potentialAction":[{"@type":"ReadAction","target":["https:\/\/batijournal.com\/index.php\/les-elles-du-patrimoine\/107067\/"]}]},{"@type":"ImageObject","inLanguage":"fr-FR","@id":"https:\/\/batijournal.com\/index.php\/les-elles-du-patrimoine\/107067\/#primaryimage","url":"https:\/\/batijournal.com\/wp-content\/uploads\/2022\/02\/Photo-couverture-Matrimoine-DRAC-Les-Elles-du-Patrimoine-v9.png","contentUrl":"https:\/\/batijournal.com\/wp-content\/uploads\/2022\/02\/Photo-couverture-Matrimoine-DRAC-Les-Elles-du-Patrimoine-v9.png","width":1400,"height":1400},{"@type":"BreadcrumbList","@id":"https:\/\/batijournal.com\/index.php\/les-elles-du-patrimoine\/107067\/#breadcrumb","itemListElement":[{"@type":"ListItem","position":1,"name":"Accueil","item":"https:\/\/batijournal.com\/"},{"@type":"ListItem","position":2,"name":"Actualit\u00e9s","item":"https:\/\/batijournal.com\/index.php\/category\/actualites\/"},{"@type":"ListItem","position":3,"name":"Les Elles du patrimoine"}]},{"@type":"WebSite","@id":"https:\/\/batijournal.com\/#website","url":"https:\/\/batijournal.com\/","name":"Batijournal","description":"L&#039;actualit\u00e9 du b\u00e2timent","potentialAction":[{"@type":"SearchAction","target":{"@type":"EntryPoint","urlTemplate":"https:\/\/batijournal.com\/?s={search_term_string}"},"query-input":{"@type":"PropertyValueSpecification","valueRequired":true,"valueName":"search_term_string"}}],"inLanguage":"fr-FR"},{"@type":"Person","@id":"https:\/\/batijournal.com\/#\/schema\/person\/1dc96ec6957aa1ccb25ebe78bb19f100","name":"St\u00e9phane Miget","image":{"@type":"ImageObject","inLanguage":"fr-FR","@id":"https:\/\/secure.gravatar.com\/avatar\/89915563d925342126b8ef0281b93d9d7fc337043e8df017f780908eb9644451?s=96&d=mm&r=g","url":"https:\/\/secure.gravatar.com\/avatar\/89915563d925342126b8ef0281b93d9d7fc337043e8df017f780908eb9644451?s=96&d=mm&r=g","contentUrl":"https:\/\/secure.gravatar.com\/avatar\/89915563d925342126b8ef0281b93d9d7fc337043e8df017f780908eb9644451?s=96&d=mm&r=g","caption":"St\u00e9phane Miget"},"url":"https:\/\/batijournal.com\/index.php\/author\/stephane\/"}]}},"_links":{"self":[{"href":"https:\/\/batijournal.com\/index.php\/wp-json\/wp\/v2\/posts\/107067","targetHints":{"allow":["GET"]}}],"collection":[{"href":"https:\/\/batijournal.com\/index.php\/wp-json\/wp\/v2\/posts"}],"about":[{"href":"https:\/\/batijournal.com\/index.php\/wp-json\/wp\/v2\/types\/post"}],"author":[{"embeddable":true,"href":"https:\/\/batijournal.com\/index.php\/wp-json\/wp\/v2\/users\/17"}],"replies":[{"embeddable":true,"href":"https:\/\/batijournal.com\/index.php\/wp-json\/wp\/v2\/comments?post=107067"}],"version-history":[{"count":0,"href":"https:\/\/batijournal.com\/index.php\/wp-json\/wp\/v2\/posts\/107067\/revisions"}],"wp:featuredmedia":[{"embeddable":true,"href":"https:\/\/batijournal.com\/index.php\/wp-json\/wp\/v2\/media\/107068"}],"wp:attachment":[{"href":"https:\/\/batijournal.com\/index.php\/wp-json\/wp\/v2\/media?parent=107067"}],"wp:term":[{"taxonomy":"category","embeddable":true,"href":"https:\/\/batijournal.com\/index.php\/wp-json\/wp\/v2\/categories?post=107067"},{"taxonomy":"post_tag","embeddable":true,"href":"https:\/\/batijournal.com\/index.php\/wp-json\/wp\/v2\/tags?post=107067"}],"curies":[{"name":"wp","href":"https:\/\/api.w.org\/{rel}","templated":true}]}}