{"id":107070,"date":"2022-03-09T10:04:23","date_gmt":"2022-03-09T09:04:23","guid":{"rendered":"https:\/\/batijournal.com\/?p=107070"},"modified":"2022-03-09T10:04:23","modified_gmt":"2022-03-09T09:04:23","slug":"10-ans-de-mansart","status":"publish","type":"post","link":"https:\/\/batijournal.com\/index.php\/10-ans-de-mansart\/107070\/","title":{"rendered":"10 ans de Mans&rsquo;Art"},"content":{"rendered":"<p style=\"text-align: justify;\">Les 14 et 15 mai 2022, l\u2019association Mans\u2019Art et son pr\u00e9sident, St\u00e9phane Bellessort, vous accueilleront pour une dixi\u00e8me \u00e9dition\u00a0apr\u00e8s deux ans d\u2019absence. Ces rencontres des m\u00e9tiers du patrimoine du Mans auront pour th\u00e8me\u00a0la \u00ab R\u00e9v\u00e9lation \u00bb. Les restaurateurs du b\u00e2ti investiront les alentours de la cath\u00e9drale et sa haute nef, le Salon du livre ancien se tiendra \u00e0 Saint Pierre la cour. Plaisir esth\u00e9tique, parcours initiatique pour quelques-uns, la visite \u00e0 Mans\u2019Art r\u00e9v\u00e9lera la noblesse de l\u2019artisanat d\u2019art et suscitera peut-\u00eatre des vocations. Cette ann\u00e9e pr\u00e8s d\u2019une trentaine de nouveaux exposants sont annonc\u00e9s. Cette dixi\u00e8me \u00e9dition sera \u00e9galement le cadre d\u2019une d\u00e9couverte gustative : une cr\u00e9ation conjointe des lyc\u00e9es Sainte Catherine et Funay, un \u00ab g\u00e2teau de voyage \u00bb.<\/p>\n<p><a href=\"https:\/\/www.lesjourneesmansart.com\">https:\/\/www.lesjourneesmansart.com<\/a><\/p>\n","protected":false},"excerpt":{"rendered":"<p>Les 14 et 15 mai 2022, l\u2019association Mans\u2019Art et son pr\u00e9sident, St\u00e9phane Bellessort, vous accueilleront pour une dixi\u00e8me \u00e9dition\u00a0apr\u00e8s deux ans d\u2019absence. Ces rencontres des m\u00e9tiers du patrimoine du Mans auront pour th\u00e8me\u00a0la \u00ab R\u00e9v\u00e9lation \u00bb. Les restaurateurs du b\u00e2ti investiront les alentours de la cath\u00e9drale et sa haute nef, le Salon du livre ancien [&hellip;]<\/p>\n","protected":false},"author":17,"featured_media":107101,"comment_status":"closed","ping_status":"closed","sticky":false,"template":"","format":"standard","meta":{"_et_pb_use_builder":"","_et_pb_old_content":"","_et_gb_content_width":"","footnotes":""},"categories":[10530,6362,10789,10785],"tags":[12217],"class_list":["post-107070","post","type-post","status-publish","format-standard","has-post-thumbnail","hentry","category-actualites","category-services-equipements","category-publications-atrium","category-atrium","tag-mansart"],"yoast_head":"<!-- This site is optimized with the Yoast SEO plugin v27.4 - https:\/\/yoast.com\/product\/yoast-seo-wordpress\/ -->\n<title>10 ans de Mans&#039;Art<\/title>\n<meta name=\"robots\" content=\"index, follow, max-snippet:-1, max-image-preview:large, max-video-preview:-1\" \/>\n<link rel=\"canonical\" href=\"https:\/\/batijournal.com\/index.php\/10-ans-de-mansart\/107070\/\" \/>\n<meta property=\"og:locale\" content=\"fr_FR\" \/>\n<meta property=\"og:type\" content=\"article\" \/>\n<meta property=\"og:title\" content=\"10 ans de Mans&#039;Art\" \/>\n<meta property=\"og:description\" content=\"Les 14 et 15 mai 2022, l\u2019association Mans\u2019Art et son pr\u00e9sident, St\u00e9phane Bellessort, vous accueilleront pour une dixi\u00e8me \u00e9dition\u00a0apr\u00e8s deux ans d\u2019absence. Ces rencontres des m\u00e9tiers du patrimoine du Mans auront pour th\u00e8me\u00a0la \u00ab R\u00e9v\u00e9lation \u00bb. Les restaurateurs du b\u00e2ti investiront les alentours de la cath\u00e9drale et sa haute nef, le Salon du livre ancien [&hellip;]\" \/>\n<meta property=\"og:url\" content=\"https:\/\/batijournal.com\/index.php\/10-ans-de-mansart\/107070\/\" \/>\n<meta property=\"og:site_name\" content=\"Batijournal\" \/>\n<meta property=\"article:published_time\" content=\"2022-03-09T09:04:23+00:00\" \/>\n<meta property=\"og:image\" content=\"https:\/\/batijournal.com\/wp-content\/uploads\/2022\/03\/couverture_mans_art_2022.jpg\" \/>\n\t<meta property=\"og:image:width\" content=\"322\" \/>\n\t<meta property=\"og:image:height\" content=\"457\" \/>\n\t<meta property=\"og:image:type\" content=\"image\/jpeg\" \/>\n<meta name=\"author\" content=\"St\u00e9phane Miget\" \/>\n<meta name=\"twitter:card\" content=\"summary_large_image\" \/>\n<meta name=\"twitter:creator\" content=\"@bati_journal\" \/>\n<meta name=\"twitter:site\" content=\"@bati_journal\" \/>\n<meta name=\"twitter:label1\" content=\"\u00c9crit par\" \/>\n\t<meta name=\"twitter:data1\" content=\"St\u00e9phane Miget\" \/>\n\t<meta name=\"twitter:label2\" content=\"Dur\u00e9e de lecture estim\u00e9e\" \/>\n\t<meta name=\"twitter:data2\" content=\"1 minute\" \/>\n<script type=\"application\/ld+json\" class=\"yoast-schema-graph\">{\"@context\":\"https:\\\/\\\/schema.org\",\"@graph\":[{\"@type\":\"Article\",\"@id\":\"https:\\\/\\\/batijournal.com\\\/index.php\\\/10-ans-de-mansart\\\/107070\\\/#article\",\"isPartOf\":{\"@id\":\"https:\\\/\\\/batijournal.com\\\/index.php\\\/10-ans-de-mansart\\\/107070\\\/\"},\"author\":{\"name\":\"St\u00e9phane Miget\",\"@id\":\"https:\\\/\\\/batijournal.com\\\/#\\\/schema\\\/person\\\/1dc96ec6957aa1ccb25ebe78bb19f100\"},\"headline\":\"10 ans de Mans&rsquo;Art\",\"datePublished\":\"2022-03-09T09:04:23+00:00\",\"mainEntityOfPage\":{\"@id\":\"https:\\\/\\\/batijournal.com\\\/index.php\\\/10-ans-de-mansart\\\/107070\\\/\"},\"wordCount\":149,\"image\":{\"@id\":\"https:\\\/\\\/batijournal.com\\\/index.php\\\/10-ans-de-mansart\\\/107070\\\/#primaryimage\"},\"thumbnailUrl\":\"https:\\\/\\\/batijournal.com\\\/wp-content\\\/uploads\\\/2022\\\/03\\\/couverture_mans_art_2022.jpg\",\"keywords\":[\"Mans'Art\"],\"articleSection\":[\"Actualit\u00e9s\",\"Divers\",\"zz_Actualit\u00e9s - Atrium\",\"zz_Atrium Patrimoine\"],\"inLanguage\":\"fr-FR\"},{\"@type\":\"WebPage\",\"@id\":\"https:\\\/\\\/batijournal.com\\\/index.php\\\/10-ans-de-mansart\\\/107070\\\/\",\"url\":\"https:\\\/\\\/batijournal.com\\\/index.php\\\/10-ans-de-mansart\\\/107070\\\/\",\"name\":\"10 ans de Mans'Art\",\"isPartOf\":{\"@id\":\"https:\\\/\\\/batijournal.com\\\/#website\"},\"primaryImageOfPage\":{\"@id\":\"https:\\\/\\\/batijournal.com\\\/index.php\\\/10-ans-de-mansart\\\/107070\\\/#primaryimage\"},\"image\":{\"@id\":\"https:\\\/\\\/batijournal.com\\\/index.php\\\/10-ans-de-mansart\\\/107070\\\/#primaryimage\"},\"thumbnailUrl\":\"https:\\\/\\\/batijournal.com\\\/wp-content\\\/uploads\\\/2022\\\/03\\\/couverture_mans_art_2022.jpg\",\"datePublished\":\"2022-03-09T09:04:23+00:00\",\"author\":{\"@id\":\"https:\\\/\\\/batijournal.com\\\/#\\\/schema\\\/person\\\/1dc96ec6957aa1ccb25ebe78bb19f100\"},\"breadcrumb\":{\"@id\":\"https:\\\/\\\/batijournal.com\\\/index.php\\\/10-ans-de-mansart\\\/107070\\\/#breadcrumb\"},\"inLanguage\":\"fr-FR\",\"potentialAction\":[{\"@type\":\"ReadAction\",\"target\":[\"https:\\\/\\\/batijournal.com\\\/index.php\\\/10-ans-de-mansart\\\/107070\\\/\"]}]},{\"@type\":\"ImageObject\",\"inLanguage\":\"fr-FR\",\"@id\":\"https:\\\/\\\/batijournal.com\\\/index.php\\\/10-ans-de-mansart\\\/107070\\\/#primaryimage\",\"url\":\"https:\\\/\\\/batijournal.com\\\/wp-content\\\/uploads\\\/2022\\\/03\\\/couverture_mans_art_2022.jpg\",\"contentUrl\":\"https:\\\/\\\/batijournal.com\\\/wp-content\\\/uploads\\\/2022\\\/03\\\/couverture_mans_art_2022.jpg\",\"width\":322,\"height\":457},{\"@type\":\"BreadcrumbList\",\"@id\":\"https:\\\/\\\/batijournal.com\\\/index.php\\\/10-ans-de-mansart\\\/107070\\\/#breadcrumb\",\"itemListElement\":[{\"@type\":\"ListItem\",\"position\":1,\"name\":\"Accueil\",\"item\":\"https:\\\/\\\/batijournal.com\\\/\"},{\"@type\":\"ListItem\",\"position\":2,\"name\":\"Actualit\u00e9s\",\"item\":\"https:\\\/\\\/batijournal.com\\\/index.php\\\/category\\\/actualites\\\/\"},{\"@type\":\"ListItem\",\"position\":3,\"name\":\"10 ans de Mans&rsquo;Art\"}]},{\"@type\":\"WebSite\",\"@id\":\"https:\\\/\\\/batijournal.com\\\/#website\",\"url\":\"https:\\\/\\\/batijournal.com\\\/\",\"name\":\"Batijournal\",\"description\":\"L&#039;actualit\u00e9 du b\u00e2timent\",\"potentialAction\":[{\"@type\":\"SearchAction\",\"target\":{\"@type\":\"EntryPoint\",\"urlTemplate\":\"https:\\\/\\\/batijournal.com\\\/?s={search_term_string}\"},\"query-input\":{\"@type\":\"PropertyValueSpecification\",\"valueRequired\":true,\"valueName\":\"search_term_string\"}}],\"inLanguage\":\"fr-FR\"},{\"@type\":\"Person\",\"@id\":\"https:\\\/\\\/batijournal.com\\\/#\\\/schema\\\/person\\\/1dc96ec6957aa1ccb25ebe78bb19f100\",\"name\":\"St\u00e9phane Miget\",\"image\":{\"@type\":\"ImageObject\",\"inLanguage\":\"fr-FR\",\"@id\":\"https:\\\/\\\/secure.gravatar.com\\\/avatar\\\/89915563d925342126b8ef0281b93d9d7fc337043e8df017f780908eb9644451?s=96&d=mm&r=g\",\"url\":\"https:\\\/\\\/secure.gravatar.com\\\/avatar\\\/89915563d925342126b8ef0281b93d9d7fc337043e8df017f780908eb9644451?s=96&d=mm&r=g\",\"contentUrl\":\"https:\\\/\\\/secure.gravatar.com\\\/avatar\\\/89915563d925342126b8ef0281b93d9d7fc337043e8df017f780908eb9644451?s=96&d=mm&r=g\",\"caption\":\"St\u00e9phane Miget\"},\"url\":\"https:\\\/\\\/batijournal.com\\\/index.php\\\/author\\\/stephane\\\/\"}]}<\/script>\n<!-- \/ Yoast SEO plugin. -->","yoast_head_json":{"title":"10 ans de Mans'Art","robots":{"index":"index","follow":"follow","max-snippet":"max-snippet:-1","max-image-preview":"max-image-preview:large","max-video-preview":"max-video-preview:-1"},"canonical":"https:\/\/batijournal.com\/index.php\/10-ans-de-mansart\/107070\/","og_locale":"fr_FR","og_type":"article","og_title":"10 ans de Mans'Art","og_description":"Les 14 et 15 mai 2022, l\u2019association Mans\u2019Art et son pr\u00e9sident, St\u00e9phane Bellessort, vous accueilleront pour une dixi\u00e8me \u00e9dition\u00a0apr\u00e8s deux ans d\u2019absence. Ces rencontres des m\u00e9tiers du patrimoine du Mans auront pour th\u00e8me\u00a0la \u00ab R\u00e9v\u00e9lation \u00bb. Les restaurateurs du b\u00e2ti investiront les alentours de la cath\u00e9drale et sa haute nef, le Salon du livre ancien [&hellip;]","og_url":"https:\/\/batijournal.com\/index.php\/10-ans-de-mansart\/107070\/","og_site_name":"Batijournal","article_published_time":"2022-03-09T09:04:23+00:00","og_image":[{"width":322,"height":457,"url":"https:\/\/batijournal.com\/wp-content\/uploads\/2022\/03\/couverture_mans_art_2022.jpg","type":"image\/jpeg"}],"author":"St\u00e9phane Miget","twitter_card":"summary_large_image","twitter_creator":"@bati_journal","twitter_site":"@bati_journal","twitter_misc":{"\u00c9crit par":"St\u00e9phane Miget","Dur\u00e9e de lecture estim\u00e9e":"1 minute"},"schema":{"@context":"https:\/\/schema.org","@graph":[{"@type":"Article","@id":"https:\/\/batijournal.com\/index.php\/10-ans-de-mansart\/107070\/#article","isPartOf":{"@id":"https:\/\/batijournal.com\/index.php\/10-ans-de-mansart\/107070\/"},"author":{"name":"St\u00e9phane Miget","@id":"https:\/\/batijournal.com\/#\/schema\/person\/1dc96ec6957aa1ccb25ebe78bb19f100"},"headline":"10 ans de Mans&rsquo;Art","datePublished":"2022-03-09T09:04:23+00:00","mainEntityOfPage":{"@id":"https:\/\/batijournal.com\/index.php\/10-ans-de-mansart\/107070\/"},"wordCount":149,"image":{"@id":"https:\/\/batijournal.com\/index.php\/10-ans-de-mansart\/107070\/#primaryimage"},"thumbnailUrl":"https:\/\/batijournal.com\/wp-content\/uploads\/2022\/03\/couverture_mans_art_2022.jpg","keywords":["Mans'Art"],"articleSection":["Actualit\u00e9s","Divers","zz_Actualit\u00e9s - Atrium","zz_Atrium Patrimoine"],"inLanguage":"fr-FR"},{"@type":"WebPage","@id":"https:\/\/batijournal.com\/index.php\/10-ans-de-mansart\/107070\/","url":"https:\/\/batijournal.com\/index.php\/10-ans-de-mansart\/107070\/","name":"10 ans de Mans'Art","isPartOf":{"@id":"https:\/\/batijournal.com\/#website"},"primaryImageOfPage":{"@id":"https:\/\/batijournal.com\/index.php\/10-ans-de-mansart\/107070\/#primaryimage"},"image":{"@id":"https:\/\/batijournal.com\/index.php\/10-ans-de-mansart\/107070\/#primaryimage"},"thumbnailUrl":"https:\/\/batijournal.com\/wp-content\/uploads\/2022\/03\/couverture_mans_art_2022.jpg","datePublished":"2022-03-09T09:04:23+00:00","author":{"@id":"https:\/\/batijournal.com\/#\/schema\/person\/1dc96ec6957aa1ccb25ebe78bb19f100"},"breadcrumb":{"@id":"https:\/\/batijournal.com\/index.php\/10-ans-de-mansart\/107070\/#breadcrumb"},"inLanguage":"fr-FR","potentialAction":[{"@type":"ReadAction","target":["https:\/\/batijournal.com\/index.php\/10-ans-de-mansart\/107070\/"]}]},{"@type":"ImageObject","inLanguage":"fr-FR","@id":"https:\/\/batijournal.com\/index.php\/10-ans-de-mansart\/107070\/#primaryimage","url":"https:\/\/batijournal.com\/wp-content\/uploads\/2022\/03\/couverture_mans_art_2022.jpg","contentUrl":"https:\/\/batijournal.com\/wp-content\/uploads\/2022\/03\/couverture_mans_art_2022.jpg","width":322,"height":457},{"@type":"BreadcrumbList","@id":"https:\/\/batijournal.com\/index.php\/10-ans-de-mansart\/107070\/#breadcrumb","itemListElement":[{"@type":"ListItem","position":1,"name":"Accueil","item":"https:\/\/batijournal.com\/"},{"@type":"ListItem","position":2,"name":"Actualit\u00e9s","item":"https:\/\/batijournal.com\/index.php\/category\/actualites\/"},{"@type":"ListItem","position":3,"name":"10 ans de Mans&rsquo;Art"}]},{"@type":"WebSite","@id":"https:\/\/batijournal.com\/#website","url":"https:\/\/batijournal.com\/","name":"Batijournal","description":"L&#039;actualit\u00e9 du b\u00e2timent","potentialAction":[{"@type":"SearchAction","target":{"@type":"EntryPoint","urlTemplate":"https:\/\/batijournal.com\/?s={search_term_string}"},"query-input":{"@type":"PropertyValueSpecification","valueRequired":true,"valueName":"search_term_string"}}],"inLanguage":"fr-FR"},{"@type":"Person","@id":"https:\/\/batijournal.com\/#\/schema\/person\/1dc96ec6957aa1ccb25ebe78bb19f100","name":"St\u00e9phane Miget","image":{"@type":"ImageObject","inLanguage":"fr-FR","@id":"https:\/\/secure.gravatar.com\/avatar\/89915563d925342126b8ef0281b93d9d7fc337043e8df017f780908eb9644451?s=96&d=mm&r=g","url":"https:\/\/secure.gravatar.com\/avatar\/89915563d925342126b8ef0281b93d9d7fc337043e8df017f780908eb9644451?s=96&d=mm&r=g","contentUrl":"https:\/\/secure.gravatar.com\/avatar\/89915563d925342126b8ef0281b93d9d7fc337043e8df017f780908eb9644451?s=96&d=mm&r=g","caption":"St\u00e9phane Miget"},"url":"https:\/\/batijournal.com\/index.php\/author\/stephane\/"}]}},"_links":{"self":[{"href":"https:\/\/batijournal.com\/index.php\/wp-json\/wp\/v2\/posts\/107070","targetHints":{"allow":["GET"]}}],"collection":[{"href":"https:\/\/batijournal.com\/index.php\/wp-json\/wp\/v2\/posts"}],"about":[{"href":"https:\/\/batijournal.com\/index.php\/wp-json\/wp\/v2\/types\/post"}],"author":[{"embeddable":true,"href":"https:\/\/batijournal.com\/index.php\/wp-json\/wp\/v2\/users\/17"}],"replies":[{"embeddable":true,"href":"https:\/\/batijournal.com\/index.php\/wp-json\/wp\/v2\/comments?post=107070"}],"version-history":[{"count":0,"href":"https:\/\/batijournal.com\/index.php\/wp-json\/wp\/v2\/posts\/107070\/revisions"}],"wp:featuredmedia":[{"embeddable":true,"href":"https:\/\/batijournal.com\/index.php\/wp-json\/wp\/v2\/media\/107101"}],"wp:attachment":[{"href":"https:\/\/batijournal.com\/index.php\/wp-json\/wp\/v2\/media?parent=107070"}],"wp:term":[{"taxonomy":"category","embeddable":true,"href":"https:\/\/batijournal.com\/index.php\/wp-json\/wp\/v2\/categories?post=107070"},{"taxonomy":"post_tag","embeddable":true,"href":"https:\/\/batijournal.com\/index.php\/wp-json\/wp\/v2\/tags?post=107070"}],"curies":[{"name":"wp","href":"https:\/\/api.w.org\/{rel}","templated":true}]}}