{"id":107084,"date":"2022-03-02T08:52:09","date_gmt":"2022-03-02T07:52:09","guid":{"rendered":"https:\/\/batijournal.com\/?p=107084"},"modified":"2022-03-02T08:52:09","modified_gmt":"2022-03-02T07:52:09","slug":"le-marche-de-la-maison-neuve-devisse","status":"publish","type":"post","link":"https:\/\/batijournal.com\/index.php\/le-marche-de-la-maison-neuve-devisse\/107084\/","title":{"rendered":"Le march\u00e9 de la maison neuve d\u00e9visse"},"content":{"rendered":"<p>Le march\u00e9 de la maison neuve en secteur diffus, qui soutient l\u2019activit\u00e9 en logement neuf, d\u00e9visse fortement depuis trois mois du fait des surco\u00fbts issus tant de la hausse des prix des mat\u00e9riaux et de l\u2019\u00e9nergie que de la mise en \u0153uvre de la RE2020, du durcissement des conditions d\u2019octroi des cr\u00e9dits, ainsi que de la mise en \u0153uvre du \u00ab Z\u00e9ro Artificialisation Nette \u00bb (ZAN). Pour Gr\u00e9gory Monod, Pr\u00e9sident du P\u00f4le Habitat FFB, <em>\u00ab il est urgent de prendre conscience de la crise du logement dans laquelle nous nous enfon\u00e7ons et de ce que cela signifie pour nos concitoyens, notamment les jeunes et les plus modestes. Les digues c\u00e8dent les unes apr\u00e8s les autres : apr\u00e8s l\u2019individuel group\u00e9, apr\u00e8s le collectif en zones tendues, c\u2019est au tour de la maison individuelle, si ch\u00e8re aux Fran\u00e7ais, d\u2019entrer dans la tourmente en raison des contraintes qui frappent le secteur du neuf. Construire pour loger est un vecteur de progr\u00e8s soci\u00e9tal et \u00e9cologique, un outil incontournable de lutte contre les in\u00e9galit\u00e9s sociales, g\u00e9n\u00e9rationnelles et territoriales. La situation exige des mesures fortes, puissantes et rapides. Elles doivent \u00e0 la fois encourager les projets et accompagner le pouvoir d\u2019achat des m\u00e9nages. \u00bb<\/em> Le P\u00f4le Habitat FFB appelle \u00e0 r\u00e9tablir le pr\u00eat \u00e0 taux z\u00e9ro \u00e0 40% sans discrimination territoriale, \u00e0 instaurer un cr\u00e9dit d\u2019imp\u00f4t de 15% sur les annuit\u00e9s d\u2019emprunt, et \u00e0 reconsid\u00e9rer, dans la perspective de la r\u00e9forme port\u00e9e par la FFB de cr\u00e9er un statut universel du bailleur priv\u00e9, le durcissement des conditions du dispositif Pinel pour 2023 et 2024. Pour relancer vraiment la construction neuve, il invite \u00e9galement \u00e0 mettre en \u0153uvre concr\u00e8tement plusieurs propositions phares port\u00e9es par la FFB dans la Commission Rebsamen, \u00e0 d\u00e9finir un cadre soutenable de la lutte contre l\u2019artificialisation des sols et \u00e0 \u00e9tablir un v\u00e9ritable \u00ab permis de densifier \u00bb.<\/p>\n<p>L\u2019analyse des chiffres mensuels et trimestriels montre que la solide performance de l\u2019exercice 2021 s\u2019appuie sur un premier semestre exceptionnel (+38,6% au premier trimestre et +63,2% au deuxi\u00e8me, en glissement annuel). Cette forte reprise des ventes ne s\u2019est pas poursuivie au second semestre : +1,2% au troisi\u00e8me trimestre, -3,1% au quatri\u00e8me et m\u00eame -13,9% en d\u00e9cembre 2021.<\/p>\n<p>&nbsp;<\/p>\n","protected":false},"excerpt":{"rendered":"<p>Le march\u00e9 de la maison neuve en secteur diffus, qui soutient l\u2019activit\u00e9 en logement neuf, d\u00e9visse fortement depuis trois mois du fait des surco\u00fbts issus tant de la hausse des prix des mat\u00e9riaux et de l\u2019\u00e9nergie que de la mise en \u0153uvre de la RE2020, du durcissement des conditions d\u2019octroi des cr\u00e9dits, ainsi que de [&hellip;]<\/p>\n","protected":false},"author":17,"featured_media":107085,"comment_status":"closed","ping_status":"closed","sticky":false,"template":"","format":"standard","meta":{"_et_pb_use_builder":"","_et_pb_old_content":"","_et_gb_content_width":"","footnotes":""},"categories":[10736,10530,6345],"tags":[1338],"class_list":["post-107084","post","type-post","status-publish","format-standard","has-post-thumbnail","hentry","category-a-la-une","category-actualites","category-economie-marches","tag-statistiques"],"yoast_head":"<!-- This site is optimized with the Yoast SEO plugin v27.4 - https:\/\/yoast.com\/product\/yoast-seo-wordpress\/ -->\n<title>Le march\u00e9 de la maison neuve d\u00e9visse<\/title>\n<meta name=\"robots\" content=\"index, follow, max-snippet:-1, max-image-preview:large, max-video-preview:-1\" \/>\n<link rel=\"canonical\" href=\"https:\/\/batijournal.com\/index.php\/le-marche-de-la-maison-neuve-devisse\/107084\/\" \/>\n<meta property=\"og:locale\" content=\"fr_FR\" \/>\n<meta property=\"og:type\" content=\"article\" \/>\n<meta property=\"og:title\" content=\"Le march\u00e9 de la maison neuve d\u00e9visse\" \/>\n<meta property=\"og:description\" content=\"Le march\u00e9 de la maison neuve en secteur diffus, qui soutient l\u2019activit\u00e9 en logement neuf, d\u00e9visse fortement depuis trois mois du fait des surco\u00fbts issus tant de la hausse des prix des mat\u00e9riaux et de l\u2019\u00e9nergie que de la mise en \u0153uvre de la RE2020, du durcissement des conditions d\u2019octroi des cr\u00e9dits, ainsi que de [&hellip;]\" \/>\n<meta property=\"og:url\" content=\"https:\/\/batijournal.com\/index.php\/le-marche-de-la-maison-neuve-devisse\/107084\/\" \/>\n<meta property=\"og:site_name\" content=\"Batijournal\" \/>\n<meta property=\"article:published_time\" content=\"2022-03-02T07:52:09+00:00\" \/>\n<meta property=\"og:image\" content=\"https:\/\/batijournal.com\/wp-content\/uploads\/2022\/03\/marche-construction.png\" \/>\n\t<meta property=\"og:image:width\" content=\"1047\" \/>\n\t<meta property=\"og:image:height\" content=\"504\" \/>\n\t<meta property=\"og:image:type\" content=\"image\/png\" \/>\n<meta name=\"author\" content=\"St\u00e9phane Miget\" \/>\n<meta name=\"twitter:card\" content=\"summary_large_image\" \/>\n<meta name=\"twitter:creator\" content=\"@bati_journal\" \/>\n<meta name=\"twitter:site\" content=\"@bati_journal\" \/>\n<meta name=\"twitter:label1\" content=\"\u00c9crit par\" \/>\n\t<meta name=\"twitter:data1\" content=\"St\u00e9phane Miget\" \/>\n\t<meta name=\"twitter:label2\" content=\"Dur\u00e9e de lecture estim\u00e9e\" \/>\n\t<meta name=\"twitter:data2\" content=\"2 minutes\" \/>\n<script type=\"application\/ld+json\" class=\"yoast-schema-graph\">{\"@context\":\"https:\\\/\\\/schema.org\",\"@graph\":[{\"@type\":\"Article\",\"@id\":\"https:\\\/\\\/batijournal.com\\\/index.php\\\/le-marche-de-la-maison-neuve-devisse\\\/107084\\\/#article\",\"isPartOf\":{\"@id\":\"https:\\\/\\\/batijournal.com\\\/index.php\\\/le-marche-de-la-maison-neuve-devisse\\\/107084\\\/\"},\"author\":{\"name\":\"St\u00e9phane Miget\",\"@id\":\"https:\\\/\\\/batijournal.com\\\/#\\\/schema\\\/person\\\/1dc96ec6957aa1ccb25ebe78bb19f100\"},\"headline\":\"Le march\u00e9 de la maison neuve d\u00e9visse\",\"datePublished\":\"2022-03-02T07:52:09+00:00\",\"mainEntityOfPage\":{\"@id\":\"https:\\\/\\\/batijournal.com\\\/index.php\\\/le-marche-de-la-maison-neuve-devisse\\\/107084\\\/\"},\"wordCount\":401,\"image\":{\"@id\":\"https:\\\/\\\/batijournal.com\\\/index.php\\\/le-marche-de-la-maison-neuve-devisse\\\/107084\\\/#primaryimage\"},\"thumbnailUrl\":\"https:\\\/\\\/batijournal.com\\\/wp-content\\\/uploads\\\/2022\\\/03\\\/marche-construction.png\",\"keywords\":[\"statistiques\"],\"articleSection\":[\"A la Une\",\"Actualit\u00e9s\",\"\u00c9conomie &amp; March\u00e9s\"],\"inLanguage\":\"fr-FR\"},{\"@type\":\"WebPage\",\"@id\":\"https:\\\/\\\/batijournal.com\\\/index.php\\\/le-marche-de-la-maison-neuve-devisse\\\/107084\\\/\",\"url\":\"https:\\\/\\\/batijournal.com\\\/index.php\\\/le-marche-de-la-maison-neuve-devisse\\\/107084\\\/\",\"name\":\"Le march\u00e9 de la maison neuve d\u00e9visse\",\"isPartOf\":{\"@id\":\"https:\\\/\\\/batijournal.com\\\/#website\"},\"primaryImageOfPage\":{\"@id\":\"https:\\\/\\\/batijournal.com\\\/index.php\\\/le-marche-de-la-maison-neuve-devisse\\\/107084\\\/#primaryimage\"},\"image\":{\"@id\":\"https:\\\/\\\/batijournal.com\\\/index.php\\\/le-marche-de-la-maison-neuve-devisse\\\/107084\\\/#primaryimage\"},\"thumbnailUrl\":\"https:\\\/\\\/batijournal.com\\\/wp-content\\\/uploads\\\/2022\\\/03\\\/marche-construction.png\",\"datePublished\":\"2022-03-02T07:52:09+00:00\",\"author\":{\"@id\":\"https:\\\/\\\/batijournal.com\\\/#\\\/schema\\\/person\\\/1dc96ec6957aa1ccb25ebe78bb19f100\"},\"breadcrumb\":{\"@id\":\"https:\\\/\\\/batijournal.com\\\/index.php\\\/le-marche-de-la-maison-neuve-devisse\\\/107084\\\/#breadcrumb\"},\"inLanguage\":\"fr-FR\",\"potentialAction\":[{\"@type\":\"ReadAction\",\"target\":[\"https:\\\/\\\/batijournal.com\\\/index.php\\\/le-marche-de-la-maison-neuve-devisse\\\/107084\\\/\"]}]},{\"@type\":\"ImageObject\",\"inLanguage\":\"fr-FR\",\"@id\":\"https:\\\/\\\/batijournal.com\\\/index.php\\\/le-marche-de-la-maison-neuve-devisse\\\/107084\\\/#primaryimage\",\"url\":\"https:\\\/\\\/batijournal.com\\\/wp-content\\\/uploads\\\/2022\\\/03\\\/marche-construction.png\",\"contentUrl\":\"https:\\\/\\\/batijournal.com\\\/wp-content\\\/uploads\\\/2022\\\/03\\\/marche-construction.png\",\"width\":1047,\"height\":504},{\"@type\":\"BreadcrumbList\",\"@id\":\"https:\\\/\\\/batijournal.com\\\/index.php\\\/le-marche-de-la-maison-neuve-devisse\\\/107084\\\/#breadcrumb\",\"itemListElement\":[{\"@type\":\"ListItem\",\"position\":1,\"name\":\"Accueil\",\"item\":\"https:\\\/\\\/batijournal.com\\\/\"},{\"@type\":\"ListItem\",\"position\":2,\"name\":\"Actualit\u00e9s\",\"item\":\"https:\\\/\\\/batijournal.com\\\/index.php\\\/category\\\/actualites\\\/\"},{\"@type\":\"ListItem\",\"position\":3,\"name\":\"Le march\u00e9 de la maison neuve d\u00e9visse\"}]},{\"@type\":\"WebSite\",\"@id\":\"https:\\\/\\\/batijournal.com\\\/#website\",\"url\":\"https:\\\/\\\/batijournal.com\\\/\",\"name\":\"Batijournal\",\"description\":\"L&#039;actualit\u00e9 du b\u00e2timent\",\"potentialAction\":[{\"@type\":\"SearchAction\",\"target\":{\"@type\":\"EntryPoint\",\"urlTemplate\":\"https:\\\/\\\/batijournal.com\\\/?s={search_term_string}\"},\"query-input\":{\"@type\":\"PropertyValueSpecification\",\"valueRequired\":true,\"valueName\":\"search_term_string\"}}],\"inLanguage\":\"fr-FR\"},{\"@type\":\"Person\",\"@id\":\"https:\\\/\\\/batijournal.com\\\/#\\\/schema\\\/person\\\/1dc96ec6957aa1ccb25ebe78bb19f100\",\"name\":\"St\u00e9phane Miget\",\"image\":{\"@type\":\"ImageObject\",\"inLanguage\":\"fr-FR\",\"@id\":\"https:\\\/\\\/secure.gravatar.com\\\/avatar\\\/89915563d925342126b8ef0281b93d9d7fc337043e8df017f780908eb9644451?s=96&d=mm&r=g\",\"url\":\"https:\\\/\\\/secure.gravatar.com\\\/avatar\\\/89915563d925342126b8ef0281b93d9d7fc337043e8df017f780908eb9644451?s=96&d=mm&r=g\",\"contentUrl\":\"https:\\\/\\\/secure.gravatar.com\\\/avatar\\\/89915563d925342126b8ef0281b93d9d7fc337043e8df017f780908eb9644451?s=96&d=mm&r=g\",\"caption\":\"St\u00e9phane Miget\"},\"url\":\"https:\\\/\\\/batijournal.com\\\/index.php\\\/author\\\/stephane\\\/\"}]}<\/script>\n<!-- \/ Yoast SEO plugin. -->","yoast_head_json":{"title":"Le march\u00e9 de la maison neuve d\u00e9visse","robots":{"index":"index","follow":"follow","max-snippet":"max-snippet:-1","max-image-preview":"max-image-preview:large","max-video-preview":"max-video-preview:-1"},"canonical":"https:\/\/batijournal.com\/index.php\/le-marche-de-la-maison-neuve-devisse\/107084\/","og_locale":"fr_FR","og_type":"article","og_title":"Le march\u00e9 de la maison neuve d\u00e9visse","og_description":"Le march\u00e9 de la maison neuve en secteur diffus, qui soutient l\u2019activit\u00e9 en logement neuf, d\u00e9visse fortement depuis trois mois du fait des surco\u00fbts issus tant de la hausse des prix des mat\u00e9riaux et de l\u2019\u00e9nergie que de la mise en \u0153uvre de la RE2020, du durcissement des conditions d\u2019octroi des cr\u00e9dits, ainsi que de [&hellip;]","og_url":"https:\/\/batijournal.com\/index.php\/le-marche-de-la-maison-neuve-devisse\/107084\/","og_site_name":"Batijournal","article_published_time":"2022-03-02T07:52:09+00:00","og_image":[{"width":1047,"height":504,"url":"https:\/\/batijournal.com\/wp-content\/uploads\/2022\/03\/marche-construction.png","type":"image\/png"}],"author":"St\u00e9phane Miget","twitter_card":"summary_large_image","twitter_creator":"@bati_journal","twitter_site":"@bati_journal","twitter_misc":{"\u00c9crit par":"St\u00e9phane Miget","Dur\u00e9e de lecture estim\u00e9e":"2 minutes"},"schema":{"@context":"https:\/\/schema.org","@graph":[{"@type":"Article","@id":"https:\/\/batijournal.com\/index.php\/le-marche-de-la-maison-neuve-devisse\/107084\/#article","isPartOf":{"@id":"https:\/\/batijournal.com\/index.php\/le-marche-de-la-maison-neuve-devisse\/107084\/"},"author":{"name":"St\u00e9phane Miget","@id":"https:\/\/batijournal.com\/#\/schema\/person\/1dc96ec6957aa1ccb25ebe78bb19f100"},"headline":"Le march\u00e9 de la maison neuve d\u00e9visse","datePublished":"2022-03-02T07:52:09+00:00","mainEntityOfPage":{"@id":"https:\/\/batijournal.com\/index.php\/le-marche-de-la-maison-neuve-devisse\/107084\/"},"wordCount":401,"image":{"@id":"https:\/\/batijournal.com\/index.php\/le-marche-de-la-maison-neuve-devisse\/107084\/#primaryimage"},"thumbnailUrl":"https:\/\/batijournal.com\/wp-content\/uploads\/2022\/03\/marche-construction.png","keywords":["statistiques"],"articleSection":["A la Une","Actualit\u00e9s","\u00c9conomie &amp; March\u00e9s"],"inLanguage":"fr-FR"},{"@type":"WebPage","@id":"https:\/\/batijournal.com\/index.php\/le-marche-de-la-maison-neuve-devisse\/107084\/","url":"https:\/\/batijournal.com\/index.php\/le-marche-de-la-maison-neuve-devisse\/107084\/","name":"Le march\u00e9 de la maison neuve d\u00e9visse","isPartOf":{"@id":"https:\/\/batijournal.com\/#website"},"primaryImageOfPage":{"@id":"https:\/\/batijournal.com\/index.php\/le-marche-de-la-maison-neuve-devisse\/107084\/#primaryimage"},"image":{"@id":"https:\/\/batijournal.com\/index.php\/le-marche-de-la-maison-neuve-devisse\/107084\/#primaryimage"},"thumbnailUrl":"https:\/\/batijournal.com\/wp-content\/uploads\/2022\/03\/marche-construction.png","datePublished":"2022-03-02T07:52:09+00:00","author":{"@id":"https:\/\/batijournal.com\/#\/schema\/person\/1dc96ec6957aa1ccb25ebe78bb19f100"},"breadcrumb":{"@id":"https:\/\/batijournal.com\/index.php\/le-marche-de-la-maison-neuve-devisse\/107084\/#breadcrumb"},"inLanguage":"fr-FR","potentialAction":[{"@type":"ReadAction","target":["https:\/\/batijournal.com\/index.php\/le-marche-de-la-maison-neuve-devisse\/107084\/"]}]},{"@type":"ImageObject","inLanguage":"fr-FR","@id":"https:\/\/batijournal.com\/index.php\/le-marche-de-la-maison-neuve-devisse\/107084\/#primaryimage","url":"https:\/\/batijournal.com\/wp-content\/uploads\/2022\/03\/marche-construction.png","contentUrl":"https:\/\/batijournal.com\/wp-content\/uploads\/2022\/03\/marche-construction.png","width":1047,"height":504},{"@type":"BreadcrumbList","@id":"https:\/\/batijournal.com\/index.php\/le-marche-de-la-maison-neuve-devisse\/107084\/#breadcrumb","itemListElement":[{"@type":"ListItem","position":1,"name":"Accueil","item":"https:\/\/batijournal.com\/"},{"@type":"ListItem","position":2,"name":"Actualit\u00e9s","item":"https:\/\/batijournal.com\/index.php\/category\/actualites\/"},{"@type":"ListItem","position":3,"name":"Le march\u00e9 de la maison neuve d\u00e9visse"}]},{"@type":"WebSite","@id":"https:\/\/batijournal.com\/#website","url":"https:\/\/batijournal.com\/","name":"Batijournal","description":"L&#039;actualit\u00e9 du b\u00e2timent","potentialAction":[{"@type":"SearchAction","target":{"@type":"EntryPoint","urlTemplate":"https:\/\/batijournal.com\/?s={search_term_string}"},"query-input":{"@type":"PropertyValueSpecification","valueRequired":true,"valueName":"search_term_string"}}],"inLanguage":"fr-FR"},{"@type":"Person","@id":"https:\/\/batijournal.com\/#\/schema\/person\/1dc96ec6957aa1ccb25ebe78bb19f100","name":"St\u00e9phane Miget","image":{"@type":"ImageObject","inLanguage":"fr-FR","@id":"https:\/\/secure.gravatar.com\/avatar\/89915563d925342126b8ef0281b93d9d7fc337043e8df017f780908eb9644451?s=96&d=mm&r=g","url":"https:\/\/secure.gravatar.com\/avatar\/89915563d925342126b8ef0281b93d9d7fc337043e8df017f780908eb9644451?s=96&d=mm&r=g","contentUrl":"https:\/\/secure.gravatar.com\/avatar\/89915563d925342126b8ef0281b93d9d7fc337043e8df017f780908eb9644451?s=96&d=mm&r=g","caption":"St\u00e9phane Miget"},"url":"https:\/\/batijournal.com\/index.php\/author\/stephane\/"}]}},"_links":{"self":[{"href":"https:\/\/batijournal.com\/index.php\/wp-json\/wp\/v2\/posts\/107084","targetHints":{"allow":["GET"]}}],"collection":[{"href":"https:\/\/batijournal.com\/index.php\/wp-json\/wp\/v2\/posts"}],"about":[{"href":"https:\/\/batijournal.com\/index.php\/wp-json\/wp\/v2\/types\/post"}],"author":[{"embeddable":true,"href":"https:\/\/batijournal.com\/index.php\/wp-json\/wp\/v2\/users\/17"}],"replies":[{"embeddable":true,"href":"https:\/\/batijournal.com\/index.php\/wp-json\/wp\/v2\/comments?post=107084"}],"version-history":[{"count":0,"href":"https:\/\/batijournal.com\/index.php\/wp-json\/wp\/v2\/posts\/107084\/revisions"}],"wp:featuredmedia":[{"embeddable":true,"href":"https:\/\/batijournal.com\/index.php\/wp-json\/wp\/v2\/media\/107085"}],"wp:attachment":[{"href":"https:\/\/batijournal.com\/index.php\/wp-json\/wp\/v2\/media?parent=107084"}],"wp:term":[{"taxonomy":"category","embeddable":true,"href":"https:\/\/batijournal.com\/index.php\/wp-json\/wp\/v2\/categories?post=107084"},{"taxonomy":"post_tag","embeddable":true,"href":"https:\/\/batijournal.com\/index.php\/wp-json\/wp\/v2\/tags?post=107084"}],"curies":[{"name":"wp","href":"https:\/\/api.w.org\/{rel}","templated":true}]}}