{"id":107104,"date":"2022-03-09T10:30:34","date_gmt":"2022-03-09T09:30:34","guid":{"rendered":"https:\/\/batijournal.com\/?p=107104"},"modified":"2022-03-09T10:30:34","modified_gmt":"2022-03-09T09:30:34","slug":"le-forum-bois-construction-veut-repondre-aux-defis-de-la-neutralite-carbone","status":"publish","type":"post","link":"https:\/\/batijournal.com\/index.php\/le-forum-bois-construction-veut-repondre-aux-defis-de-la-neutralite-carbone\/107104\/","title":{"rendered":"Le Forum bois construction veut r\u00e9pondre aux d\u00e9fis de la neutralit\u00e9 carbone"},"content":{"rendered":"<p>Depuis plus de 10 ans, le Forum International Bois Construction est le rendez-vous\u00a0des professionnels de la construction bois, biosourc\u00e9e et g\u00e9osourc\u00e9e. Pour sa 11e \u00e9dition, co-organis\u00e9e avec FIBOIS Grand-Est, il se d\u00e9roulera pour les sessions inaugurales, le 6 avril 2022 au Campus Bois \u00e0 \u00c9pinal, puis pour le congr\u00e8s et les expositions, du 7 au 8 avril 2022 au Centre Prouv\u00e9 \u00e0 Nancy, il rassemblera plus de 150 exposants et pr\u00e8s de 3 000 congressistes. Cette ann\u00e9e, le d\u00e9bat sera ax\u00e9 sur la neutralit\u00e9 carbone, l\u2019\u00e9tude des r\u00e9alisations embl\u00e9matiques les plus actuelles sera \u00e9galement \u00e0 l&rsquo;ordre du jour avec des conf\u00e9renciers qui comptent parmi les meilleurs professionnels du moment.<\/p>\n","protected":false},"excerpt":{"rendered":"<p>Depuis plus de 10 ans, le Forum International Bois Construction est le rendez-vous\u00a0des professionnels de la construction bois, biosourc\u00e9e et g\u00e9osourc\u00e9e. Pour sa 11e \u00e9dition, co-organis\u00e9e avec FIBOIS Grand-Est, il se d\u00e9roulera pour les sessions inaugurales, le 6 avril 2022 au Campus Bois \u00e0 \u00c9pinal, puis pour le congr\u00e8s et les expositions, du 7 au [&hellip;]<\/p>\n","protected":false},"author":17,"featured_media":107105,"comment_status":"closed","ping_status":"closed","sticky":false,"template":"","format":"standard","meta":{"_et_pb_use_builder":"","_et_pb_old_content":"","_et_gb_content_width":"","footnotes":""},"categories":[10530,6351,10781,10769,10778,10764],"tags":[9312],"class_list":["post-107104","post","type-post","status-publish","format-standard","has-post-thumbnail","hentry","category-actualites","category-energie-environnement","category-publications-planete","category-publications","category-planete","category-woodsurfer","tag-forum-bois-construction"],"yoast_head":"<!-- This site is optimized with the Yoast SEO plugin v27.4 - https:\/\/yoast.com\/product\/yoast-seo-wordpress\/ -->\n<title>Le Forum bois construction veut r\u00e9pondre aux d\u00e9fis de la neutralit\u00e9 carbone<\/title>\n<meta name=\"robots\" content=\"index, follow, max-snippet:-1, max-image-preview:large, max-video-preview:-1\" \/>\n<link rel=\"canonical\" href=\"https:\/\/batijournal.com\/index.php\/le-forum-bois-construction-veut-repondre-aux-defis-de-la-neutralite-carbone\/107104\/\" \/>\n<meta property=\"og:locale\" content=\"fr_FR\" \/>\n<meta property=\"og:type\" content=\"article\" \/>\n<meta property=\"og:title\" content=\"Le Forum bois construction veut r\u00e9pondre aux d\u00e9fis de la neutralit\u00e9 carbone\" \/>\n<meta property=\"og:description\" content=\"Depuis plus de 10 ans, le Forum International Bois Construction est le rendez-vous\u00a0des professionnels de la construction bois, biosourc\u00e9e et g\u00e9osourc\u00e9e. Pour sa 11e \u00e9dition, co-organis\u00e9e avec FIBOIS Grand-Est, il se d\u00e9roulera pour les sessions inaugurales, le 6 avril 2022 au Campus Bois \u00e0 \u00c9pinal, puis pour le congr\u00e8s et les expositions, du 7 au [&hellip;]\" \/>\n<meta property=\"og:url\" content=\"https:\/\/batijournal.com\/index.php\/le-forum-bois-construction-veut-repondre-aux-defis-de-la-neutralite-carbone\/107104\/\" \/>\n<meta property=\"og:site_name\" content=\"Batijournal\" \/>\n<meta property=\"article:published_time\" content=\"2022-03-09T09:30:34+00:00\" \/>\n<meta property=\"og:image\" content=\"https:\/\/batijournal.com\/wp-content\/uploads\/2022\/03\/forum-bois-construction-2022.png\" \/>\n\t<meta property=\"og:image:width\" content=\"848\" \/>\n\t<meta property=\"og:image:height\" content=\"433\" \/>\n\t<meta property=\"og:image:type\" content=\"image\/png\" \/>\n<meta name=\"author\" content=\"St\u00e9phane Miget\" \/>\n<meta name=\"twitter:card\" content=\"summary_large_image\" \/>\n<meta name=\"twitter:creator\" content=\"@bati_journal\" \/>\n<meta name=\"twitter:site\" content=\"@bati_journal\" \/>\n<meta name=\"twitter:label1\" content=\"\u00c9crit par\" \/>\n\t<meta name=\"twitter:data1\" content=\"St\u00e9phane Miget\" \/>\n\t<meta name=\"twitter:label2\" content=\"Dur\u00e9e de lecture estim\u00e9e\" \/>\n\t<meta name=\"twitter:data2\" content=\"1 minute\" \/>\n<script type=\"application\/ld+json\" class=\"yoast-schema-graph\">{\"@context\":\"https:\\\/\\\/schema.org\",\"@graph\":[{\"@type\":\"Article\",\"@id\":\"https:\\\/\\\/batijournal.com\\\/index.php\\\/le-forum-bois-construction-veut-repondre-aux-defis-de-la-neutralite-carbone\\\/107104\\\/#article\",\"isPartOf\":{\"@id\":\"https:\\\/\\\/batijournal.com\\\/index.php\\\/le-forum-bois-construction-veut-repondre-aux-defis-de-la-neutralite-carbone\\\/107104\\\/\"},\"author\":{\"name\":\"St\u00e9phane Miget\",\"@id\":\"https:\\\/\\\/batijournal.com\\\/#\\\/schema\\\/person\\\/1dc96ec6957aa1ccb25ebe78bb19f100\"},\"headline\":\"Le Forum bois construction veut r\u00e9pondre aux d\u00e9fis de la neutralit\u00e9 carbone\",\"datePublished\":\"2022-03-09T09:30:34+00:00\",\"mainEntityOfPage\":{\"@id\":\"https:\\\/\\\/batijournal.com\\\/index.php\\\/le-forum-bois-construction-veut-repondre-aux-defis-de-la-neutralite-carbone\\\/107104\\\/\"},\"wordCount\":126,\"image\":{\"@id\":\"https:\\\/\\\/batijournal.com\\\/index.php\\\/le-forum-bois-construction-veut-repondre-aux-defis-de-la-neutralite-carbone\\\/107104\\\/#primaryimage\"},\"thumbnailUrl\":\"https:\\\/\\\/batijournal.com\\\/wp-content\\\/uploads\\\/2022\\\/03\\\/forum-bois-construction-2022.png\",\"keywords\":[\"forum bois construction\"],\"articleSection\":[\"Actualit\u00e9s\",\"\u00c9nergie &amp; Environnement\",\"zz_Actualit\u00e9s - Plan\u00e8te\",\"zz_Actualit\u00e9s - Woodsurfer\",\"zz_Plan\u00e8te B\u00e2timent\",\"zz_Woodsurfer\"],\"inLanguage\":\"fr-FR\"},{\"@type\":\"WebPage\",\"@id\":\"https:\\\/\\\/batijournal.com\\\/index.php\\\/le-forum-bois-construction-veut-repondre-aux-defis-de-la-neutralite-carbone\\\/107104\\\/\",\"url\":\"https:\\\/\\\/batijournal.com\\\/index.php\\\/le-forum-bois-construction-veut-repondre-aux-defis-de-la-neutralite-carbone\\\/107104\\\/\",\"name\":\"Le Forum bois construction veut r\u00e9pondre aux d\u00e9fis de la neutralit\u00e9 carbone\",\"isPartOf\":{\"@id\":\"https:\\\/\\\/batijournal.com\\\/#website\"},\"primaryImageOfPage\":{\"@id\":\"https:\\\/\\\/batijournal.com\\\/index.php\\\/le-forum-bois-construction-veut-repondre-aux-defis-de-la-neutralite-carbone\\\/107104\\\/#primaryimage\"},\"image\":{\"@id\":\"https:\\\/\\\/batijournal.com\\\/index.php\\\/le-forum-bois-construction-veut-repondre-aux-defis-de-la-neutralite-carbone\\\/107104\\\/#primaryimage\"},\"thumbnailUrl\":\"https:\\\/\\\/batijournal.com\\\/wp-content\\\/uploads\\\/2022\\\/03\\\/forum-bois-construction-2022.png\",\"datePublished\":\"2022-03-09T09:30:34+00:00\",\"author\":{\"@id\":\"https:\\\/\\\/batijournal.com\\\/#\\\/schema\\\/person\\\/1dc96ec6957aa1ccb25ebe78bb19f100\"},\"breadcrumb\":{\"@id\":\"https:\\\/\\\/batijournal.com\\\/index.php\\\/le-forum-bois-construction-veut-repondre-aux-defis-de-la-neutralite-carbone\\\/107104\\\/#breadcrumb\"},\"inLanguage\":\"fr-FR\",\"potentialAction\":[{\"@type\":\"ReadAction\",\"target\":[\"https:\\\/\\\/batijournal.com\\\/index.php\\\/le-forum-bois-construction-veut-repondre-aux-defis-de-la-neutralite-carbone\\\/107104\\\/\"]}]},{\"@type\":\"ImageObject\",\"inLanguage\":\"fr-FR\",\"@id\":\"https:\\\/\\\/batijournal.com\\\/index.php\\\/le-forum-bois-construction-veut-repondre-aux-defis-de-la-neutralite-carbone\\\/107104\\\/#primaryimage\",\"url\":\"https:\\\/\\\/batijournal.com\\\/wp-content\\\/uploads\\\/2022\\\/03\\\/forum-bois-construction-2022.png\",\"contentUrl\":\"https:\\\/\\\/batijournal.com\\\/wp-content\\\/uploads\\\/2022\\\/03\\\/forum-bois-construction-2022.png\",\"width\":848,\"height\":433},{\"@type\":\"BreadcrumbList\",\"@id\":\"https:\\\/\\\/batijournal.com\\\/index.php\\\/le-forum-bois-construction-veut-repondre-aux-defis-de-la-neutralite-carbone\\\/107104\\\/#breadcrumb\",\"itemListElement\":[{\"@type\":\"ListItem\",\"position\":1,\"name\":\"Accueil\",\"item\":\"https:\\\/\\\/batijournal.com\\\/\"},{\"@type\":\"ListItem\",\"position\":2,\"name\":\"Actualit\u00e9s\",\"item\":\"https:\\\/\\\/batijournal.com\\\/index.php\\\/category\\\/actualites\\\/\"},{\"@type\":\"ListItem\",\"position\":3,\"name\":\"Le Forum bois construction veut r\u00e9pondre aux d\u00e9fis de la neutralit\u00e9 carbone\"}]},{\"@type\":\"WebSite\",\"@id\":\"https:\\\/\\\/batijournal.com\\\/#website\",\"url\":\"https:\\\/\\\/batijournal.com\\\/\",\"name\":\"Batijournal\",\"description\":\"L&#039;actualit\u00e9 du b\u00e2timent\",\"potentialAction\":[{\"@type\":\"SearchAction\",\"target\":{\"@type\":\"EntryPoint\",\"urlTemplate\":\"https:\\\/\\\/batijournal.com\\\/?s={search_term_string}\"},\"query-input\":{\"@type\":\"PropertyValueSpecification\",\"valueRequired\":true,\"valueName\":\"search_term_string\"}}],\"inLanguage\":\"fr-FR\"},{\"@type\":\"Person\",\"@id\":\"https:\\\/\\\/batijournal.com\\\/#\\\/schema\\\/person\\\/1dc96ec6957aa1ccb25ebe78bb19f100\",\"name\":\"St\u00e9phane Miget\",\"image\":{\"@type\":\"ImageObject\",\"inLanguage\":\"fr-FR\",\"@id\":\"https:\\\/\\\/secure.gravatar.com\\\/avatar\\\/89915563d925342126b8ef0281b93d9d7fc337043e8df017f780908eb9644451?s=96&d=mm&r=g\",\"url\":\"https:\\\/\\\/secure.gravatar.com\\\/avatar\\\/89915563d925342126b8ef0281b93d9d7fc337043e8df017f780908eb9644451?s=96&d=mm&r=g\",\"contentUrl\":\"https:\\\/\\\/secure.gravatar.com\\\/avatar\\\/89915563d925342126b8ef0281b93d9d7fc337043e8df017f780908eb9644451?s=96&d=mm&r=g\",\"caption\":\"St\u00e9phane Miget\"},\"url\":\"https:\\\/\\\/batijournal.com\\\/index.php\\\/author\\\/stephane\\\/\"}]}<\/script>\n<!-- \/ Yoast SEO plugin. -->","yoast_head_json":{"title":"Le Forum bois construction veut r\u00e9pondre aux d\u00e9fis de la neutralit\u00e9 carbone","robots":{"index":"index","follow":"follow","max-snippet":"max-snippet:-1","max-image-preview":"max-image-preview:large","max-video-preview":"max-video-preview:-1"},"canonical":"https:\/\/batijournal.com\/index.php\/le-forum-bois-construction-veut-repondre-aux-defis-de-la-neutralite-carbone\/107104\/","og_locale":"fr_FR","og_type":"article","og_title":"Le Forum bois construction veut r\u00e9pondre aux d\u00e9fis de la neutralit\u00e9 carbone","og_description":"Depuis plus de 10 ans, le Forum International Bois Construction est le rendez-vous\u00a0des professionnels de la construction bois, biosourc\u00e9e et g\u00e9osourc\u00e9e. Pour sa 11e \u00e9dition, co-organis\u00e9e avec FIBOIS Grand-Est, il se d\u00e9roulera pour les sessions inaugurales, le 6 avril 2022 au Campus Bois \u00e0 \u00c9pinal, puis pour le congr\u00e8s et les expositions, du 7 au [&hellip;]","og_url":"https:\/\/batijournal.com\/index.php\/le-forum-bois-construction-veut-repondre-aux-defis-de-la-neutralite-carbone\/107104\/","og_site_name":"Batijournal","article_published_time":"2022-03-09T09:30:34+00:00","og_image":[{"width":848,"height":433,"url":"https:\/\/batijournal.com\/wp-content\/uploads\/2022\/03\/forum-bois-construction-2022.png","type":"image\/png"}],"author":"St\u00e9phane Miget","twitter_card":"summary_large_image","twitter_creator":"@bati_journal","twitter_site":"@bati_journal","twitter_misc":{"\u00c9crit par":"St\u00e9phane Miget","Dur\u00e9e de lecture estim\u00e9e":"1 minute"},"schema":{"@context":"https:\/\/schema.org","@graph":[{"@type":"Article","@id":"https:\/\/batijournal.com\/index.php\/le-forum-bois-construction-veut-repondre-aux-defis-de-la-neutralite-carbone\/107104\/#article","isPartOf":{"@id":"https:\/\/batijournal.com\/index.php\/le-forum-bois-construction-veut-repondre-aux-defis-de-la-neutralite-carbone\/107104\/"},"author":{"name":"St\u00e9phane Miget","@id":"https:\/\/batijournal.com\/#\/schema\/person\/1dc96ec6957aa1ccb25ebe78bb19f100"},"headline":"Le Forum bois construction veut r\u00e9pondre aux d\u00e9fis de la neutralit\u00e9 carbone","datePublished":"2022-03-09T09:30:34+00:00","mainEntityOfPage":{"@id":"https:\/\/batijournal.com\/index.php\/le-forum-bois-construction-veut-repondre-aux-defis-de-la-neutralite-carbone\/107104\/"},"wordCount":126,"image":{"@id":"https:\/\/batijournal.com\/index.php\/le-forum-bois-construction-veut-repondre-aux-defis-de-la-neutralite-carbone\/107104\/#primaryimage"},"thumbnailUrl":"https:\/\/batijournal.com\/wp-content\/uploads\/2022\/03\/forum-bois-construction-2022.png","keywords":["forum bois construction"],"articleSection":["Actualit\u00e9s","\u00c9nergie &amp; Environnement","zz_Actualit\u00e9s - Plan\u00e8te","zz_Actualit\u00e9s - Woodsurfer","zz_Plan\u00e8te B\u00e2timent","zz_Woodsurfer"],"inLanguage":"fr-FR"},{"@type":"WebPage","@id":"https:\/\/batijournal.com\/index.php\/le-forum-bois-construction-veut-repondre-aux-defis-de-la-neutralite-carbone\/107104\/","url":"https:\/\/batijournal.com\/index.php\/le-forum-bois-construction-veut-repondre-aux-defis-de-la-neutralite-carbone\/107104\/","name":"Le Forum bois construction veut r\u00e9pondre aux d\u00e9fis de la neutralit\u00e9 carbone","isPartOf":{"@id":"https:\/\/batijournal.com\/#website"},"primaryImageOfPage":{"@id":"https:\/\/batijournal.com\/index.php\/le-forum-bois-construction-veut-repondre-aux-defis-de-la-neutralite-carbone\/107104\/#primaryimage"},"image":{"@id":"https:\/\/batijournal.com\/index.php\/le-forum-bois-construction-veut-repondre-aux-defis-de-la-neutralite-carbone\/107104\/#primaryimage"},"thumbnailUrl":"https:\/\/batijournal.com\/wp-content\/uploads\/2022\/03\/forum-bois-construction-2022.png","datePublished":"2022-03-09T09:30:34+00:00","author":{"@id":"https:\/\/batijournal.com\/#\/schema\/person\/1dc96ec6957aa1ccb25ebe78bb19f100"},"breadcrumb":{"@id":"https:\/\/batijournal.com\/index.php\/le-forum-bois-construction-veut-repondre-aux-defis-de-la-neutralite-carbone\/107104\/#breadcrumb"},"inLanguage":"fr-FR","potentialAction":[{"@type":"ReadAction","target":["https:\/\/batijournal.com\/index.php\/le-forum-bois-construction-veut-repondre-aux-defis-de-la-neutralite-carbone\/107104\/"]}]},{"@type":"ImageObject","inLanguage":"fr-FR","@id":"https:\/\/batijournal.com\/index.php\/le-forum-bois-construction-veut-repondre-aux-defis-de-la-neutralite-carbone\/107104\/#primaryimage","url":"https:\/\/batijournal.com\/wp-content\/uploads\/2022\/03\/forum-bois-construction-2022.png","contentUrl":"https:\/\/batijournal.com\/wp-content\/uploads\/2022\/03\/forum-bois-construction-2022.png","width":848,"height":433},{"@type":"BreadcrumbList","@id":"https:\/\/batijournal.com\/index.php\/le-forum-bois-construction-veut-repondre-aux-defis-de-la-neutralite-carbone\/107104\/#breadcrumb","itemListElement":[{"@type":"ListItem","position":1,"name":"Accueil","item":"https:\/\/batijournal.com\/"},{"@type":"ListItem","position":2,"name":"Actualit\u00e9s","item":"https:\/\/batijournal.com\/index.php\/category\/actualites\/"},{"@type":"ListItem","position":3,"name":"Le Forum bois construction veut r\u00e9pondre aux d\u00e9fis de la neutralit\u00e9 carbone"}]},{"@type":"WebSite","@id":"https:\/\/batijournal.com\/#website","url":"https:\/\/batijournal.com\/","name":"Batijournal","description":"L&#039;actualit\u00e9 du b\u00e2timent","potentialAction":[{"@type":"SearchAction","target":{"@type":"EntryPoint","urlTemplate":"https:\/\/batijournal.com\/?s={search_term_string}"},"query-input":{"@type":"PropertyValueSpecification","valueRequired":true,"valueName":"search_term_string"}}],"inLanguage":"fr-FR"},{"@type":"Person","@id":"https:\/\/batijournal.com\/#\/schema\/person\/1dc96ec6957aa1ccb25ebe78bb19f100","name":"St\u00e9phane Miget","image":{"@type":"ImageObject","inLanguage":"fr-FR","@id":"https:\/\/secure.gravatar.com\/avatar\/89915563d925342126b8ef0281b93d9d7fc337043e8df017f780908eb9644451?s=96&d=mm&r=g","url":"https:\/\/secure.gravatar.com\/avatar\/89915563d925342126b8ef0281b93d9d7fc337043e8df017f780908eb9644451?s=96&d=mm&r=g","contentUrl":"https:\/\/secure.gravatar.com\/avatar\/89915563d925342126b8ef0281b93d9d7fc337043e8df017f780908eb9644451?s=96&d=mm&r=g","caption":"St\u00e9phane Miget"},"url":"https:\/\/batijournal.com\/index.php\/author\/stephane\/"}]}},"_links":{"self":[{"href":"https:\/\/batijournal.com\/index.php\/wp-json\/wp\/v2\/posts\/107104","targetHints":{"allow":["GET"]}}],"collection":[{"href":"https:\/\/batijournal.com\/index.php\/wp-json\/wp\/v2\/posts"}],"about":[{"href":"https:\/\/batijournal.com\/index.php\/wp-json\/wp\/v2\/types\/post"}],"author":[{"embeddable":true,"href":"https:\/\/batijournal.com\/index.php\/wp-json\/wp\/v2\/users\/17"}],"replies":[{"embeddable":true,"href":"https:\/\/batijournal.com\/index.php\/wp-json\/wp\/v2\/comments?post=107104"}],"version-history":[{"count":0,"href":"https:\/\/batijournal.com\/index.php\/wp-json\/wp\/v2\/posts\/107104\/revisions"}],"wp:featuredmedia":[{"embeddable":true,"href":"https:\/\/batijournal.com\/index.php\/wp-json\/wp\/v2\/media\/107105"}],"wp:attachment":[{"href":"https:\/\/batijournal.com\/index.php\/wp-json\/wp\/v2\/media?parent=107104"}],"wp:term":[{"taxonomy":"category","embeddable":true,"href":"https:\/\/batijournal.com\/index.php\/wp-json\/wp\/v2\/categories?post=107104"},{"taxonomy":"post_tag","embeddable":true,"href":"https:\/\/batijournal.com\/index.php\/wp-json\/wp\/v2\/tags?post=107104"}],"curies":[{"name":"wp","href":"https:\/\/api.w.org\/{rel}","templated":true}]}}