{"id":107111,"date":"2022-03-10T09:11:57","date_gmt":"2022-03-10T08:11:57","guid":{"rendered":"https:\/\/batijournal.com\/?p=107111"},"modified":"2022-03-10T09:11:57","modified_gmt":"2022-03-10T08:11:57","slug":"un-livre-pour-celebrer-les-100-ans-de-lecole-darchitecture-de-strasbourg","status":"publish","type":"post","link":"https:\/\/batijournal.com\/index.php\/un-livre-pour-celebrer-les-100-ans-de-lecole-darchitecture-de-strasbourg\/107111\/","title":{"rendered":"Un livre pour c\u00e9l\u00e9brer les 100 ans de l\u2019\u00e9cole d\u2019architecture de Strasbourg"},"content":{"rendered":"<p>Un beau livre illustr\u00e9 de 144 pages qui retrace l\u2019histoire de cette \u00e9cole cr\u00e9\u00e9e dans l\u2019Alsace redevenue fran\u00e7aise, et d\u00e9taille son influence sur l\u2019architecture alsacienne et les nombreux projets et r\u00e9alisations de ceux qui l\u2019ont dirig\u00e9e et fr\u00e9quent\u00e9e. Il est \u00e9galement le catalogue de l\u2019exposition pr\u00e9sent\u00e9e \u00e0 partir du 14 mars aux archives de Strasbourg. Disponible en souscription ou en librairie.<\/p>\n<blockquote class=\"wp-embedded-content\" data-secret=\"4xi2s9FSIG\"><p><a href=\"https:\/\/www.lieuxdits.fr\/les-livres\/lecole-darchitecture-de-strasbourg-1921-2021\/\">L&rsquo;\u00e9cole d&rsquo;architecture de Strasbourg (1921-2021)<\/a><\/p><\/blockquote>\n<p><iframe loading=\"lazy\" class=\"wp-embedded-content\" sandbox=\"allow-scripts\" security=\"restricted\" style=\"position: absolute; clip: rect(1px, 1px, 1px, 1px);\" title=\"\u00ab\u00a0L&rsquo;\u00e9cole d&rsquo;architecture de Strasbourg (1921-2021)\u00a0\u00bb &#8212; Editions Lieux Dits\" src=\"https:\/\/www.lieuxdits.fr\/les-livres\/lecole-darchitecture-de-strasbourg-1921-2021\/embed\/#?secret=Y8lfdwV7bM#?secret=4xi2s9FSIG\" data-secret=\"4xi2s9FSIG\" width=\"600\" height=\"338\" frameborder=\"0\" marginwidth=\"0\" marginheight=\"0\" scrolling=\"no\"><\/iframe><\/p>\n","protected":false},"excerpt":{"rendered":"<p>Un beau livre illustr\u00e9 de 144 pages qui retrace l\u2019histoire de cette \u00e9cole cr\u00e9\u00e9e dans l\u2019Alsace redevenue fran\u00e7aise, et d\u00e9taille son influence sur l\u2019architecture alsacienne et les nombreux projets et r\u00e9alisations de ceux qui l\u2019ont dirig\u00e9e et fr\u00e9quent\u00e9e. Il est \u00e9galement le catalogue de l\u2019exposition pr\u00e9sent\u00e9e \u00e0 partir du 14 mars aux archives de Strasbourg. [&hellip;]<\/p>\n","protected":false},"author":17,"featured_media":107112,"comment_status":"closed","ping_status":"closed","sticky":false,"template":"","format":"standard","meta":{"_et_pb_use_builder":"","_et_pb_old_content":"","_et_gb_content_width":"","footnotes":""},"categories":[10530,6340,10789,10785],"tags":[12901],"class_list":["post-107111","post","type-post","status-publish","format-standard","has-post-thumbnail","hentry","category-actualites","category-architecture-conception","category-publications-atrium","category-atrium","tag-architecture"],"yoast_head":"<!-- This site is optimized with the Yoast SEO plugin v27.4 - https:\/\/yoast.com\/product\/yoast-seo-wordpress\/ -->\n<title>Un livre pour c\u00e9l\u00e9brer les 100 ans de l\u2019\u00e9cole d\u2019architecture de Strasbourg<\/title>\n<meta name=\"robots\" content=\"index, follow, max-snippet:-1, max-image-preview:large, max-video-preview:-1\" \/>\n<link rel=\"canonical\" href=\"https:\/\/batijournal.com\/index.php\/un-livre-pour-celebrer-les-100-ans-de-lecole-darchitecture-de-strasbourg\/107111\/\" \/>\n<meta property=\"og:locale\" content=\"fr_FR\" \/>\n<meta property=\"og:type\" content=\"article\" \/>\n<meta property=\"og:title\" content=\"Un livre pour c\u00e9l\u00e9brer les 100 ans de l\u2019\u00e9cole d\u2019architecture de Strasbourg\" \/>\n<meta property=\"og:description\" content=\"Un beau livre illustr\u00e9 de 144 pages qui retrace l\u2019histoire de cette \u00e9cole cr\u00e9\u00e9e dans l\u2019Alsace redevenue fran\u00e7aise, et d\u00e9taille son influence sur l\u2019architecture alsacienne et les nombreux projets et r\u00e9alisations de ceux qui l\u2019ont dirig\u00e9e et fr\u00e9quent\u00e9e. Il est \u00e9galement le catalogue de l\u2019exposition pr\u00e9sent\u00e9e \u00e0 partir du 14 mars aux archives de Strasbourg. [&hellip;]\" \/>\n<meta property=\"og:url\" content=\"https:\/\/batijournal.com\/index.php\/un-livre-pour-celebrer-les-100-ans-de-lecole-darchitecture-de-strasbourg\/107111\/\" \/>\n<meta property=\"og:site_name\" content=\"Batijournal\" \/>\n<meta property=\"article:published_time\" content=\"2022-03-10T08:11:57+00:00\" \/>\n<meta property=\"og:image\" content=\"https:\/\/batijournal.com\/wp-content\/uploads\/2022\/03\/211203_ENSAS_1eredeCouv.jpg\" \/>\n\t<meta property=\"og:image:width\" content=\"958\" \/>\n\t<meta property=\"og:image:height\" content=\"1169\" \/>\n\t<meta property=\"og:image:type\" content=\"image\/jpeg\" \/>\n<meta name=\"author\" content=\"St\u00e9phane Miget\" \/>\n<meta name=\"twitter:card\" content=\"summary_large_image\" \/>\n<meta name=\"twitter:creator\" content=\"@bati_journal\" \/>\n<meta name=\"twitter:site\" content=\"@bati_journal\" \/>\n<meta name=\"twitter:label1\" content=\"\u00c9crit par\" \/>\n\t<meta name=\"twitter:data1\" content=\"St\u00e9phane Miget\" \/>\n<script type=\"application\/ld+json\" class=\"yoast-schema-graph\">{\"@context\":\"https:\\\/\\\/schema.org\",\"@graph\":[{\"@type\":\"Article\",\"@id\":\"https:\\\/\\\/batijournal.com\\\/index.php\\\/un-livre-pour-celebrer-les-100-ans-de-lecole-darchitecture-de-strasbourg\\\/107111\\\/#article\",\"isPartOf\":{\"@id\":\"https:\\\/\\\/batijournal.com\\\/index.php\\\/un-livre-pour-celebrer-les-100-ans-de-lecole-darchitecture-de-strasbourg\\\/107111\\\/\"},\"author\":{\"name\":\"St\u00e9phane Miget\",\"@id\":\"https:\\\/\\\/batijournal.com\\\/#\\\/schema\\\/person\\\/1dc96ec6957aa1ccb25ebe78bb19f100\"},\"headline\":\"Un livre pour c\u00e9l\u00e9brer les 100 ans de l\u2019\u00e9cole d\u2019architecture de Strasbourg\",\"datePublished\":\"2022-03-10T08:11:57+00:00\",\"mainEntityOfPage\":{\"@id\":\"https:\\\/\\\/batijournal.com\\\/index.php\\\/un-livre-pour-celebrer-les-100-ans-de-lecole-darchitecture-de-strasbourg\\\/107111\\\/\"},\"wordCount\":94,\"image\":{\"@id\":\"https:\\\/\\\/batijournal.com\\\/index.php\\\/un-livre-pour-celebrer-les-100-ans-de-lecole-darchitecture-de-strasbourg\\\/107111\\\/#primaryimage\"},\"thumbnailUrl\":\"https:\\\/\\\/batijournal.com\\\/wp-content\\\/uploads\\\/2022\\\/03\\\/211203_ENSAS_1eredeCouv.jpg\",\"keywords\":[\"architecture\"],\"articleSection\":[\"Actualit\u00e9s\",\"Architecture &amp; Conception\",\"zz_Actualit\u00e9s - Atrium\",\"zz_Atrium Patrimoine\"],\"inLanguage\":\"fr-FR\"},{\"@type\":\"WebPage\",\"@id\":\"https:\\\/\\\/batijournal.com\\\/index.php\\\/un-livre-pour-celebrer-les-100-ans-de-lecole-darchitecture-de-strasbourg\\\/107111\\\/\",\"url\":\"https:\\\/\\\/batijournal.com\\\/index.php\\\/un-livre-pour-celebrer-les-100-ans-de-lecole-darchitecture-de-strasbourg\\\/107111\\\/\",\"name\":\"Un livre pour c\u00e9l\u00e9brer les 100 ans de l\u2019\u00e9cole d\u2019architecture de Strasbourg\",\"isPartOf\":{\"@id\":\"https:\\\/\\\/batijournal.com\\\/#website\"},\"primaryImageOfPage\":{\"@id\":\"https:\\\/\\\/batijournal.com\\\/index.php\\\/un-livre-pour-celebrer-les-100-ans-de-lecole-darchitecture-de-strasbourg\\\/107111\\\/#primaryimage\"},\"image\":{\"@id\":\"https:\\\/\\\/batijournal.com\\\/index.php\\\/un-livre-pour-celebrer-les-100-ans-de-lecole-darchitecture-de-strasbourg\\\/107111\\\/#primaryimage\"},\"thumbnailUrl\":\"https:\\\/\\\/batijournal.com\\\/wp-content\\\/uploads\\\/2022\\\/03\\\/211203_ENSAS_1eredeCouv.jpg\",\"datePublished\":\"2022-03-10T08:11:57+00:00\",\"author\":{\"@id\":\"https:\\\/\\\/batijournal.com\\\/#\\\/schema\\\/person\\\/1dc96ec6957aa1ccb25ebe78bb19f100\"},\"breadcrumb\":{\"@id\":\"https:\\\/\\\/batijournal.com\\\/index.php\\\/un-livre-pour-celebrer-les-100-ans-de-lecole-darchitecture-de-strasbourg\\\/107111\\\/#breadcrumb\"},\"inLanguage\":\"fr-FR\",\"potentialAction\":[{\"@type\":\"ReadAction\",\"target\":[\"https:\\\/\\\/batijournal.com\\\/index.php\\\/un-livre-pour-celebrer-les-100-ans-de-lecole-darchitecture-de-strasbourg\\\/107111\\\/\"]}]},{\"@type\":\"ImageObject\",\"inLanguage\":\"fr-FR\",\"@id\":\"https:\\\/\\\/batijournal.com\\\/index.php\\\/un-livre-pour-celebrer-les-100-ans-de-lecole-darchitecture-de-strasbourg\\\/107111\\\/#primaryimage\",\"url\":\"https:\\\/\\\/batijournal.com\\\/wp-content\\\/uploads\\\/2022\\\/03\\\/211203_ENSAS_1eredeCouv.jpg\",\"contentUrl\":\"https:\\\/\\\/batijournal.com\\\/wp-content\\\/uploads\\\/2022\\\/03\\\/211203_ENSAS_1eredeCouv.jpg\",\"width\":958,\"height\":1169},{\"@type\":\"BreadcrumbList\",\"@id\":\"https:\\\/\\\/batijournal.com\\\/index.php\\\/un-livre-pour-celebrer-les-100-ans-de-lecole-darchitecture-de-strasbourg\\\/107111\\\/#breadcrumb\",\"itemListElement\":[{\"@type\":\"ListItem\",\"position\":1,\"name\":\"Accueil\",\"item\":\"https:\\\/\\\/batijournal.com\\\/\"},{\"@type\":\"ListItem\",\"position\":2,\"name\":\"Actualit\u00e9s\",\"item\":\"https:\\\/\\\/batijournal.com\\\/index.php\\\/category\\\/actualites\\\/\"},{\"@type\":\"ListItem\",\"position\":3,\"name\":\"Un livre pour c\u00e9l\u00e9brer les 100 ans de l\u2019\u00e9cole d\u2019architecture de Strasbourg\"}]},{\"@type\":\"WebSite\",\"@id\":\"https:\\\/\\\/batijournal.com\\\/#website\",\"url\":\"https:\\\/\\\/batijournal.com\\\/\",\"name\":\"Batijournal\",\"description\":\"L&#039;actualit\u00e9 du b\u00e2timent\",\"potentialAction\":[{\"@type\":\"SearchAction\",\"target\":{\"@type\":\"EntryPoint\",\"urlTemplate\":\"https:\\\/\\\/batijournal.com\\\/?s={search_term_string}\"},\"query-input\":{\"@type\":\"PropertyValueSpecification\",\"valueRequired\":true,\"valueName\":\"search_term_string\"}}],\"inLanguage\":\"fr-FR\"},{\"@type\":\"Person\",\"@id\":\"https:\\\/\\\/batijournal.com\\\/#\\\/schema\\\/person\\\/1dc96ec6957aa1ccb25ebe78bb19f100\",\"name\":\"St\u00e9phane Miget\",\"image\":{\"@type\":\"ImageObject\",\"inLanguage\":\"fr-FR\",\"@id\":\"https:\\\/\\\/secure.gravatar.com\\\/avatar\\\/89915563d925342126b8ef0281b93d9d7fc337043e8df017f780908eb9644451?s=96&d=mm&r=g\",\"url\":\"https:\\\/\\\/secure.gravatar.com\\\/avatar\\\/89915563d925342126b8ef0281b93d9d7fc337043e8df017f780908eb9644451?s=96&d=mm&r=g\",\"contentUrl\":\"https:\\\/\\\/secure.gravatar.com\\\/avatar\\\/89915563d925342126b8ef0281b93d9d7fc337043e8df017f780908eb9644451?s=96&d=mm&r=g\",\"caption\":\"St\u00e9phane Miget\"},\"url\":\"https:\\\/\\\/batijournal.com\\\/index.php\\\/author\\\/stephane\\\/\"}]}<\/script>\n<!-- \/ Yoast SEO plugin. -->","yoast_head_json":{"title":"Un livre pour c\u00e9l\u00e9brer les 100 ans de l\u2019\u00e9cole d\u2019architecture de Strasbourg","robots":{"index":"index","follow":"follow","max-snippet":"max-snippet:-1","max-image-preview":"max-image-preview:large","max-video-preview":"max-video-preview:-1"},"canonical":"https:\/\/batijournal.com\/index.php\/un-livre-pour-celebrer-les-100-ans-de-lecole-darchitecture-de-strasbourg\/107111\/","og_locale":"fr_FR","og_type":"article","og_title":"Un livre pour c\u00e9l\u00e9brer les 100 ans de l\u2019\u00e9cole d\u2019architecture de Strasbourg","og_description":"Un beau livre illustr\u00e9 de 144 pages qui retrace l\u2019histoire de cette \u00e9cole cr\u00e9\u00e9e dans l\u2019Alsace redevenue fran\u00e7aise, et d\u00e9taille son influence sur l\u2019architecture alsacienne et les nombreux projets et r\u00e9alisations de ceux qui l\u2019ont dirig\u00e9e et fr\u00e9quent\u00e9e. Il est \u00e9galement le catalogue de l\u2019exposition pr\u00e9sent\u00e9e \u00e0 partir du 14 mars aux archives de Strasbourg. [&hellip;]","og_url":"https:\/\/batijournal.com\/index.php\/un-livre-pour-celebrer-les-100-ans-de-lecole-darchitecture-de-strasbourg\/107111\/","og_site_name":"Batijournal","article_published_time":"2022-03-10T08:11:57+00:00","og_image":[{"width":958,"height":1169,"url":"https:\/\/batijournal.com\/wp-content\/uploads\/2022\/03\/211203_ENSAS_1eredeCouv.jpg","type":"image\/jpeg"}],"author":"St\u00e9phane Miget","twitter_card":"summary_large_image","twitter_creator":"@bati_journal","twitter_site":"@bati_journal","twitter_misc":{"\u00c9crit par":"St\u00e9phane Miget"},"schema":{"@context":"https:\/\/schema.org","@graph":[{"@type":"Article","@id":"https:\/\/batijournal.com\/index.php\/un-livre-pour-celebrer-les-100-ans-de-lecole-darchitecture-de-strasbourg\/107111\/#article","isPartOf":{"@id":"https:\/\/batijournal.com\/index.php\/un-livre-pour-celebrer-les-100-ans-de-lecole-darchitecture-de-strasbourg\/107111\/"},"author":{"name":"St\u00e9phane Miget","@id":"https:\/\/batijournal.com\/#\/schema\/person\/1dc96ec6957aa1ccb25ebe78bb19f100"},"headline":"Un livre pour c\u00e9l\u00e9brer les 100 ans de l\u2019\u00e9cole d\u2019architecture de Strasbourg","datePublished":"2022-03-10T08:11:57+00:00","mainEntityOfPage":{"@id":"https:\/\/batijournal.com\/index.php\/un-livre-pour-celebrer-les-100-ans-de-lecole-darchitecture-de-strasbourg\/107111\/"},"wordCount":94,"image":{"@id":"https:\/\/batijournal.com\/index.php\/un-livre-pour-celebrer-les-100-ans-de-lecole-darchitecture-de-strasbourg\/107111\/#primaryimage"},"thumbnailUrl":"https:\/\/batijournal.com\/wp-content\/uploads\/2022\/03\/211203_ENSAS_1eredeCouv.jpg","keywords":["architecture"],"articleSection":["Actualit\u00e9s","Architecture &amp; Conception","zz_Actualit\u00e9s - Atrium","zz_Atrium Patrimoine"],"inLanguage":"fr-FR"},{"@type":"WebPage","@id":"https:\/\/batijournal.com\/index.php\/un-livre-pour-celebrer-les-100-ans-de-lecole-darchitecture-de-strasbourg\/107111\/","url":"https:\/\/batijournal.com\/index.php\/un-livre-pour-celebrer-les-100-ans-de-lecole-darchitecture-de-strasbourg\/107111\/","name":"Un livre pour c\u00e9l\u00e9brer les 100 ans de l\u2019\u00e9cole d\u2019architecture de Strasbourg","isPartOf":{"@id":"https:\/\/batijournal.com\/#website"},"primaryImageOfPage":{"@id":"https:\/\/batijournal.com\/index.php\/un-livre-pour-celebrer-les-100-ans-de-lecole-darchitecture-de-strasbourg\/107111\/#primaryimage"},"image":{"@id":"https:\/\/batijournal.com\/index.php\/un-livre-pour-celebrer-les-100-ans-de-lecole-darchitecture-de-strasbourg\/107111\/#primaryimage"},"thumbnailUrl":"https:\/\/batijournal.com\/wp-content\/uploads\/2022\/03\/211203_ENSAS_1eredeCouv.jpg","datePublished":"2022-03-10T08:11:57+00:00","author":{"@id":"https:\/\/batijournal.com\/#\/schema\/person\/1dc96ec6957aa1ccb25ebe78bb19f100"},"breadcrumb":{"@id":"https:\/\/batijournal.com\/index.php\/un-livre-pour-celebrer-les-100-ans-de-lecole-darchitecture-de-strasbourg\/107111\/#breadcrumb"},"inLanguage":"fr-FR","potentialAction":[{"@type":"ReadAction","target":["https:\/\/batijournal.com\/index.php\/un-livre-pour-celebrer-les-100-ans-de-lecole-darchitecture-de-strasbourg\/107111\/"]}]},{"@type":"ImageObject","inLanguage":"fr-FR","@id":"https:\/\/batijournal.com\/index.php\/un-livre-pour-celebrer-les-100-ans-de-lecole-darchitecture-de-strasbourg\/107111\/#primaryimage","url":"https:\/\/batijournal.com\/wp-content\/uploads\/2022\/03\/211203_ENSAS_1eredeCouv.jpg","contentUrl":"https:\/\/batijournal.com\/wp-content\/uploads\/2022\/03\/211203_ENSAS_1eredeCouv.jpg","width":958,"height":1169},{"@type":"BreadcrumbList","@id":"https:\/\/batijournal.com\/index.php\/un-livre-pour-celebrer-les-100-ans-de-lecole-darchitecture-de-strasbourg\/107111\/#breadcrumb","itemListElement":[{"@type":"ListItem","position":1,"name":"Accueil","item":"https:\/\/batijournal.com\/"},{"@type":"ListItem","position":2,"name":"Actualit\u00e9s","item":"https:\/\/batijournal.com\/index.php\/category\/actualites\/"},{"@type":"ListItem","position":3,"name":"Un livre pour c\u00e9l\u00e9brer les 100 ans de l\u2019\u00e9cole d\u2019architecture de Strasbourg"}]},{"@type":"WebSite","@id":"https:\/\/batijournal.com\/#website","url":"https:\/\/batijournal.com\/","name":"Batijournal","description":"L&#039;actualit\u00e9 du b\u00e2timent","potentialAction":[{"@type":"SearchAction","target":{"@type":"EntryPoint","urlTemplate":"https:\/\/batijournal.com\/?s={search_term_string}"},"query-input":{"@type":"PropertyValueSpecification","valueRequired":true,"valueName":"search_term_string"}}],"inLanguage":"fr-FR"},{"@type":"Person","@id":"https:\/\/batijournal.com\/#\/schema\/person\/1dc96ec6957aa1ccb25ebe78bb19f100","name":"St\u00e9phane Miget","image":{"@type":"ImageObject","inLanguage":"fr-FR","@id":"https:\/\/secure.gravatar.com\/avatar\/89915563d925342126b8ef0281b93d9d7fc337043e8df017f780908eb9644451?s=96&d=mm&r=g","url":"https:\/\/secure.gravatar.com\/avatar\/89915563d925342126b8ef0281b93d9d7fc337043e8df017f780908eb9644451?s=96&d=mm&r=g","contentUrl":"https:\/\/secure.gravatar.com\/avatar\/89915563d925342126b8ef0281b93d9d7fc337043e8df017f780908eb9644451?s=96&d=mm&r=g","caption":"St\u00e9phane Miget"},"url":"https:\/\/batijournal.com\/index.php\/author\/stephane\/"}]}},"_links":{"self":[{"href":"https:\/\/batijournal.com\/index.php\/wp-json\/wp\/v2\/posts\/107111","targetHints":{"allow":["GET"]}}],"collection":[{"href":"https:\/\/batijournal.com\/index.php\/wp-json\/wp\/v2\/posts"}],"about":[{"href":"https:\/\/batijournal.com\/index.php\/wp-json\/wp\/v2\/types\/post"}],"author":[{"embeddable":true,"href":"https:\/\/batijournal.com\/index.php\/wp-json\/wp\/v2\/users\/17"}],"replies":[{"embeddable":true,"href":"https:\/\/batijournal.com\/index.php\/wp-json\/wp\/v2\/comments?post=107111"}],"version-history":[{"count":0,"href":"https:\/\/batijournal.com\/index.php\/wp-json\/wp\/v2\/posts\/107111\/revisions"}],"wp:featuredmedia":[{"embeddable":true,"href":"https:\/\/batijournal.com\/index.php\/wp-json\/wp\/v2\/media\/107112"}],"wp:attachment":[{"href":"https:\/\/batijournal.com\/index.php\/wp-json\/wp\/v2\/media?parent=107111"}],"wp:term":[{"taxonomy":"category","embeddable":true,"href":"https:\/\/batijournal.com\/index.php\/wp-json\/wp\/v2\/categories?post=107111"},{"taxonomy":"post_tag","embeddable":true,"href":"https:\/\/batijournal.com\/index.php\/wp-json\/wp\/v2\/tags?post=107111"}],"curies":[{"name":"wp","href":"https:\/\/api.w.org\/{rel}","templated":true}]}}