{"id":107118,"date":"2022-03-10T09:17:39","date_gmt":"2022-03-10T08:17:39","guid":{"rendered":"https:\/\/batijournal.com\/?p=107118"},"modified":"2022-03-10T09:17:39","modified_gmt":"2022-03-10T08:17:39","slug":"un-manifeste-commun-pour-le-patrimoine","status":"publish","type":"post","link":"https:\/\/batijournal.com\/index.php\/un-manifeste-commun-pour-le-patrimoine\/107118\/","title":{"rendered":"Un manifeste commun pour le patrimoine"},"content":{"rendered":"<p>Le G7 Patrimoine r\u00e9unit les 7 grandes associations du patrimoine, reconnues d\u2019utilit\u00e9 publique et agr\u00e9\u00e9es au titre de l\u2019environnement. Poursuivant chacune un objet large, elles sont unies par une m\u00eame vision du d\u00e9veloppement durable et de la valeur \u00e9ducative du patrimoine. \u00c0 l\u2019occasion des \u00e9lections pr\u00e9sidentielles de 2022, elles publient un manifeste commun dont les revendications pr\u00e9cises pourraient permettre aux diff\u00e9rents candidats d&rsquo;appr\u00e9hender les principaux enjeux patrimoniaux des cinq prochaines ann\u00e9es.<\/p>\n<p><strong>Renouveler la gouvernance du patrimoine<\/strong><\/p>\n<p>Engagement n\u00b0 1 : Une protection renforc\u00e9e<br \/>\nLa protection du patrimoine recevra une reconnaissance constitutionnelle, comme en Italie. La Charte de l\u2019Environnement, d\u00e9clin\u00e9e dans une loi organique du patrimoine, en sera le mod\u00e8le. La priorit\u00e9 attach\u00e9e \u00e0 la protection du patrimoine sera garantie par une loi-programme. Les architectes des b\u00e2timents de France retrouveront le pouvoir d\u2019autorisation qui \u00e9tait le leur avant l\u2019intervention de la loi ELAN.<\/p>\n<p>Engagement n\u00b0 2 : Une soci\u00e9t\u00e9 civile mieux associ\u00e9e<br \/>\nRedonner vie aux consultations de la soci\u00e9t\u00e9 civile d\u2019une mani\u00e8re g\u00e9n\u00e9rale, ratifier sans d\u00e9lai la Convention de Faro, renforcer l\u2019ind\u00e9pendance des commissions d\u00e9partementales de la nature, des paysages et des sites prouveront la volont\u00e9 r\u00e9elle d\u2019associer la soci\u00e9t\u00e9 civile.<\/p>\n<p>Engagement n\u00b0 3 : Des droits de recours pleinement restaur\u00e9s<br \/>\nQuelle que soit la date de leur cr\u00e9ation, les associations doivent pouvoir agir en justice pour d\u00e9fendre le patrimoine. Ecorn\u00e9 par des restrictions r\u00e9centes, ce droit fondamental sera restaur\u00e9 et renforc\u00e9 par l\u2019institution d\u2019un r\u00e9f\u00e9r\u00e9 protection du patrimoine, sur le mod\u00e8le du r\u00e9f\u00e9r\u00e9-libert\u00e9.<\/p>\n<p><strong>Assurer la protection effective du patrimoine<\/strong><\/p>\n<p>Engagement n\u00b0 4 : Un moratoire national de l\u2019\u00e9olien pendant 2 ans<br \/>\nLa transition \u00e9cologique qui s\u2019impose \u00e0 tous ne peut se faire contre les populations.<br \/>\nR\u00e9pondant aux votes de nombreuses collectivit\u00e9s, un moratoire national de l\u2019\u00e9olien d\u2019une dur\u00e9e de deux ans sera d\u00e9cr\u00e9t\u00e9. Il permettra de refonder la transition \u00e9cologique sur des bases transparentes. Nulle installation ne pourra \u00eatre d\u00e9cid\u00e9e en passant outre l\u2019avis majoritaire des populations et de leurs \u00e9lus.<br \/>\nSur terre, la distance minimale des installations aux habitations sera \u00e9gale \u00e0 10 fois leur hauteur ; l\u2019avis des ABF et des inspecteurs des sites s\u2019imposera pour toute installation projet\u00e9e dans un rayon de 10 kms autour d\u2019un monument ou d\u2019un site prot\u00e9g\u00e9.<br \/>\nEn mer, l\u2019avis rendu en juin 2021 par la Commission sup\u00e9rieure des sites, perspectives et paysages servira de guide aux futures installations1 : ainsi, l\u2019\u00e9olien flottant \u00e0 grande distance sera privil\u00e9gi\u00e9.<br \/>\nLe bilan \u00e9conomique des installations en projet int\u00e9grera tous les co\u00fbts ainsi que l\u2019impact sur le bien- \u00eatre des populations. Les subventions au prix d\u2019achat du kWh \u00e9olien seront supprim\u00e9es pour toutes les installations. Le contentieux \u00e9olien sera d\u00e9sormais soumis aux r\u00e8gles de droit commun.<\/p>\n<p>Engagement n\u00b0 5 : La reconnaissance de la valeur du patrimoine de proximit\u00e9<br \/>\nInsuffisamment reconnu en d\u00e9pit de sa richesse, le patrimoine de proximit\u00e9 sera inventori\u00e9, en vue d\u2019\u00eatre labellis\u00e9 puis prot\u00e9g\u00e9 autant que de besoin. Les communes et les intercommunalit\u00e9s auront l\u2019obligation de le r\u00e9pertorier dans les documents d\u2019urbanisme (PLU et PLUI). En mati\u00e8re de logement, le r\u00e9emploi et la restauration de ce patrimoine seront privil\u00e9gi\u00e9s.<\/p>\n<p>Engagement n\u00b0 6 : Priorit\u00e9 \u00e0 l\u2019\u00e9ducation et \u00e0 la formation<br \/>\nL\u2019\u00e9ducation au patrimoine b\u00e2ti et paysager dans chaque \u00e9cole donnera une le\u00e7on d\u2019histoire concr\u00e8te et favorisera l\u2019insertion de la jeunesse ainsi que la citoyennet\u00e9. Dans les programmes scolaires, les actions d\u2019\u00e9ducation au patrimoine seront syst\u00e9matis\u00e9es. Dans les classes primaires, une demi-journ\u00e9e par mois sera consacr\u00e9e \u00e0 d\u00e9couvrir le patrimoine de proximit\u00e9. Les collaborations entre culture et \u00e9ducation seront renforc\u00e9es. 10 % des lyc\u00e9es professionnels, \u00e0 comparer \u00e0 3 % actuellement, proposeront une formation \u00e0 la restauration du b\u00e2ti ancien.<\/p>\n<p><strong>Prot\u00e9ger le patrimoine dans la dur\u00e9e<\/strong><\/p>\n<p>Engagement n\u00b0 7 : Stabiliser les moyens budg\u00e9taires sur le temps long<br \/>\nEntretenir r\u00e9guli\u00e8rement le patrimoine est la meilleure mani\u00e8re de le pr\u00e9server : les bonnes d\u00e9penses d\u2019entretien \u00e9viteront demain de co\u00fbteux sauvetages. L\u2019entretien sera une priorit\u00e9 durable au sein d\u2019une enveloppe budg\u00e9taire globale, consolid\u00e9e au niveau actuel. La part du patrimoine monumental priv\u00e9 dans les cr\u00e9dits de restauration sera port\u00e9e \u00e0 20 %. P\u00e9rennis\u00e9, le Loto du Patrimoine privil\u00e9giera le patrimoine rural. L\u2019assistance \u00e0 ma\u00eetrise d\u2019ouvrage sera g\u00e9n\u00e9ralis\u00e9e.<\/p>\n<p>Engagement n\u00b0 8 : Accompagner la transition \u00e9nerg\u00e9tique du patrimoine ancien<br \/>\nPlus vite encore que les ravages du temps, une r\u00e9novation thermique inadapt\u00e9e peut saper le patrimoine ancien. Respecter les mat\u00e9riaux anciens, former les accompagnateurs r\u00e9novation au b\u00e2ti ancien, doter les DRAC de r\u00e9f\u00e9rents transition \u00e9nerg\u00e9tique, mobiliser des moyens d\u00e9di\u00e9s \u00e9viteront cette erreur en servant pleinement la cause du d\u00e9veloppement durable.<\/p>\n<p>Engagement n\u00b09 : Conforter le mod\u00e8le \u00e9conomique du patrimoine prot\u00e9g\u00e9<br \/>\nUne r\u00e9vision des valeurs locatives, aux effets mal \u00e9valu\u00e9s, pourrait ruiner les efforts d\u2019une fiscalit\u00e9 des monuments historiques qui a fait ses preuves par sa p\u00e9rennit\u00e9 : les taux esquiss\u00e9s pour 2026, d\u00e9connect\u00e9s de la r\u00e9alit\u00e9 \u00e9conomique, devront \u00eatre abaiss\u00e9s. La protection du patrimoine mobilier sera mieux assur\u00e9e tandis que la notion d\u2019ouverture au public s\u2019adaptera aux pratiques actuelles.<br \/>\nDe nouvelles incitations faciliteront la transmission et la sauvegarde des monuments historiques.<\/p>\n<p>&nbsp;<\/p>\n<p>&nbsp;<\/p>\n<p>Les associations qui composent le G7 Patrimoine :<\/p>\n<p><strong>La Demeure Historique<\/strong>. Association nationale fond\u00e9e en 1924, reconnue d\u2019utilit\u00e9 publique en 1965. Comptant 3 000 adh\u00e9rents, propri\u00e9taires gestionnaires, elle se consacre \u00e0 la sauvegarde du patrimoine historique priv\u00e9. Les 3 000 monuments et jardins prot\u00e9g\u00e9s qu\u2019elle accompagne et conseille accueillent chaque ann\u00e9e 9 millions de visiteurs.<br \/>\n<strong>Maisons paysannes de France<\/strong>. Association nationale cr\u00e9\u00e9e en 1965, reconnue d\u2019utilit\u00e9 publique en 1985. Comptant 7 000 adh\u00e9rents, elle \u0153uvre \u00e0 la pr\u00e9servation du patrimoine culturel rural et des paysages ruraux en accompagnant, par le partage de son savoir-faire, la restauration du b\u00e2ti ancien13 non prot\u00e9g\u00e9. Son centre de formation au b\u00e2ti ancien, certifi\u00e9 qualiopi, propose un programme adaptable \u00e0 la demande des acteurs du patrimoine.<br \/>\n<strong>Patrimoine-Environnement<\/strong>. F\u00e9d\u00e9ration nationale n\u00e9e en 2013 de la fusion de la Ligue urbaine et rurale (1928) et de la FNASSEM (1967). Reconnue d\u2019utilit\u00e9 publique en 201314 et agr\u00e9\u00e9e pour la protection de l\u2019environnement. Regroupant 200 associations et 600 membres, elle repr\u00e9sente 40 000 adh\u00e9rents indirects (hors membres du G7). Elle se consacre \u00e0 la d\u00e9fense juridique du patrimoine et \u00e0 la sauvegarde du patrimoine de proximit\u00e9.<br \/>\n<strong>Sauvegarde de l\u2019Art fran\u00e7ais<\/strong>. N\u00e9e en 1921 sous forme d\u2019association nationale, reconnue d\u2019utilit\u00e9 publique en 1925 et transform\u00e9e en fondation en 2019, elle se consacre \u00e0 la sauvegarde du patrimoine religieux (\u00e9glises et chapelles rurales notamment) ainsi qu\u2019\u00e0 la restauration des \u0153uvres d\u2019art du patrimoine fran\u00e7ais.<br \/>\n<strong>Sites &amp; Monuments (SPPEF)<\/strong>. Association nationale cr\u00e9\u00e9e en 1901, reconnue d\u2019utilit\u00e9 publique en 1936 et agr\u00e9\u00e9e pour la protection de l\u2019environnement. Elle m\u00e8ne devant les tribunaux, les enceintes politiques et m\u00e9diatiques le combat pour la pr\u00e9servation du patrimoine naturel, b\u00e2ti et mobilier.<br \/>\n<strong>Union Rempart<\/strong>. Union nationale d\u2019associations locales et r\u00e9gionales. Cr\u00e9\u00e9e en 1966, reconnue d\u2019utilit\u00e9 publique en 1982. R\u00e9unissant pr\u00e8s de 200 associations, 10 000 citoyens engag\u00e9s, 4 000 b\u00e9n\u00e9voles et 20 000 jeunes scolaires, elle promeut la sauvegarde et la transmission du patrimoine par l\u2019\u00e9ducation populaire.<br \/>\n<strong>VMF Patrimoine (Vieilles Maisons Fran\u00e7aises)<\/strong>. Association nationale fond\u00e9e en 1958, reconnue d\u2019utilit\u00e9 publique en 1961. Comptant 17 000 adh\u00e9rents propri\u00e9taires ou passionn\u00e9s, elle se mobilise pour faire conna\u00eetre, sauvegarder et mettre en valeur le patrimoine b\u00e2ti et paysager.<\/p>\n","protected":false},"excerpt":{"rendered":"<p>Le G7 Patrimoine r\u00e9unit les 7 grandes associations du patrimoine, reconnues d\u2019utilit\u00e9 publique et agr\u00e9\u00e9es au titre de l\u2019environnement. Poursuivant chacune un objet large, elles sont unies par une m\u00eame vision du d\u00e9veloppement durable et de la valeur \u00e9ducative du patrimoine. \u00c0 l\u2019occasion des \u00e9lections pr\u00e9sidentielles de 2022, elles publient un manifeste commun dont les [&hellip;]<\/p>\n","protected":false},"author":17,"featured_media":99138,"comment_status":"closed","ping_status":"closed","sticky":false,"template":"","format":"standard","meta":{"_et_pb_use_builder":"","_et_pb_old_content":"","_et_gb_content_width":"","footnotes":""},"categories":[10530,6362,10789,10785],"tags":[4474,11042],"class_list":["post-107118","post","type-post","status-publish","format-standard","has-post-thumbnail","hentry","category-actualites","category-services-equipements","category-publications-atrium","category-atrium","tag-monuments-historiques","tag-patrimoine"],"yoast_head":"<!-- This site is optimized with the Yoast SEO plugin v27.4 - https:\/\/yoast.com\/product\/yoast-seo-wordpress\/ -->\n<title>Un manifeste commun pour le patrimoine<\/title>\n<meta name=\"robots\" content=\"index, follow, max-snippet:-1, max-image-preview:large, max-video-preview:-1\" \/>\n<link rel=\"canonical\" href=\"https:\/\/batijournal.com\/index.php\/un-manifeste-commun-pour-le-patrimoine\/107118\/\" \/>\n<meta property=\"og:locale\" content=\"fr_FR\" \/>\n<meta property=\"og:type\" content=\"article\" \/>\n<meta property=\"og:title\" content=\"Un manifeste commun pour le patrimoine\" \/>\n<meta property=\"og:description\" content=\"Le G7 Patrimoine r\u00e9unit les 7 grandes associations du patrimoine, reconnues d\u2019utilit\u00e9 publique et agr\u00e9\u00e9es au titre de l\u2019environnement. Poursuivant chacune un objet large, elles sont unies par une m\u00eame vision du d\u00e9veloppement durable et de la valeur \u00e9ducative du patrimoine. \u00c0 l\u2019occasion des \u00e9lections pr\u00e9sidentielles de 2022, elles publient un manifeste commun dont les [&hellip;]\" \/>\n<meta property=\"og:url\" content=\"https:\/\/batijournal.com\/index.php\/un-manifeste-commun-pour-le-patrimoine\/107118\/\" \/>\n<meta property=\"og:site_name\" content=\"Batijournal\" \/>\n<meta property=\"article:published_time\" content=\"2022-03-10T08:17:39+00:00\" \/>\n<meta property=\"og:image\" content=\"https:\/\/batijournal.com\/wp-content\/uploads\/2018\/05\/patrimoine-centre-ville2.jpg\" \/>\n\t<meta property=\"og:image:width\" content=\"1200\" \/>\n\t<meta property=\"og:image:height\" content=\"959\" \/>\n\t<meta property=\"og:image:type\" content=\"image\/jpeg\" \/>\n<meta name=\"author\" content=\"St\u00e9phane Miget\" \/>\n<meta name=\"twitter:card\" content=\"summary_large_image\" \/>\n<meta name=\"twitter:creator\" content=\"@bati_journal\" \/>\n<meta name=\"twitter:site\" content=\"@bati_journal\" \/>\n<meta name=\"twitter:label1\" content=\"\u00c9crit par\" \/>\n\t<meta name=\"twitter:data1\" content=\"St\u00e9phane Miget\" \/>\n\t<meta name=\"twitter:label2\" content=\"Dur\u00e9e de lecture estim\u00e9e\" \/>\n\t<meta name=\"twitter:data2\" content=\"7 minutes\" \/>\n<script type=\"application\/ld+json\" class=\"yoast-schema-graph\">{\"@context\":\"https:\\\/\\\/schema.org\",\"@graph\":[{\"@type\":\"Article\",\"@id\":\"https:\\\/\\\/batijournal.com\\\/index.php\\\/un-manifeste-commun-pour-le-patrimoine\\\/107118\\\/#article\",\"isPartOf\":{\"@id\":\"https:\\\/\\\/batijournal.com\\\/index.php\\\/un-manifeste-commun-pour-le-patrimoine\\\/107118\\\/\"},\"author\":{\"name\":\"St\u00e9phane Miget\",\"@id\":\"https:\\\/\\\/batijournal.com\\\/#\\\/schema\\\/person\\\/1dc96ec6957aa1ccb25ebe78bb19f100\"},\"headline\":\"Un manifeste commun pour le patrimoine\",\"datePublished\":\"2022-03-10T08:17:39+00:00\",\"mainEntityOfPage\":{\"@id\":\"https:\\\/\\\/batijournal.com\\\/index.php\\\/un-manifeste-commun-pour-le-patrimoine\\\/107118\\\/\"},\"wordCount\":1311,\"image\":{\"@id\":\"https:\\\/\\\/batijournal.com\\\/index.php\\\/un-manifeste-commun-pour-le-patrimoine\\\/107118\\\/#primaryimage\"},\"thumbnailUrl\":\"https:\\\/\\\/batijournal.com\\\/wp-content\\\/uploads\\\/2018\\\/05\\\/patrimoine-centre-ville2.jpg\",\"keywords\":[\"monuments historiques\",\"patrimoine\"],\"articleSection\":[\"Actualit\u00e9s\",\"Divers\",\"zz_Actualit\u00e9s - Atrium\",\"zz_Atrium Patrimoine\"],\"inLanguage\":\"fr-FR\"},{\"@type\":\"WebPage\",\"@id\":\"https:\\\/\\\/batijournal.com\\\/index.php\\\/un-manifeste-commun-pour-le-patrimoine\\\/107118\\\/\",\"url\":\"https:\\\/\\\/batijournal.com\\\/index.php\\\/un-manifeste-commun-pour-le-patrimoine\\\/107118\\\/\",\"name\":\"Un manifeste commun pour le patrimoine\",\"isPartOf\":{\"@id\":\"https:\\\/\\\/batijournal.com\\\/#website\"},\"primaryImageOfPage\":{\"@id\":\"https:\\\/\\\/batijournal.com\\\/index.php\\\/un-manifeste-commun-pour-le-patrimoine\\\/107118\\\/#primaryimage\"},\"image\":{\"@id\":\"https:\\\/\\\/batijournal.com\\\/index.php\\\/un-manifeste-commun-pour-le-patrimoine\\\/107118\\\/#primaryimage\"},\"thumbnailUrl\":\"https:\\\/\\\/batijournal.com\\\/wp-content\\\/uploads\\\/2018\\\/05\\\/patrimoine-centre-ville2.jpg\",\"datePublished\":\"2022-03-10T08:17:39+00:00\",\"author\":{\"@id\":\"https:\\\/\\\/batijournal.com\\\/#\\\/schema\\\/person\\\/1dc96ec6957aa1ccb25ebe78bb19f100\"},\"breadcrumb\":{\"@id\":\"https:\\\/\\\/batijournal.com\\\/index.php\\\/un-manifeste-commun-pour-le-patrimoine\\\/107118\\\/#breadcrumb\"},\"inLanguage\":\"fr-FR\",\"potentialAction\":[{\"@type\":\"ReadAction\",\"target\":[\"https:\\\/\\\/batijournal.com\\\/index.php\\\/un-manifeste-commun-pour-le-patrimoine\\\/107118\\\/\"]}]},{\"@type\":\"ImageObject\",\"inLanguage\":\"fr-FR\",\"@id\":\"https:\\\/\\\/batijournal.com\\\/index.php\\\/un-manifeste-commun-pour-le-patrimoine\\\/107118\\\/#primaryimage\",\"url\":\"https:\\\/\\\/batijournal.com\\\/wp-content\\\/uploads\\\/2018\\\/05\\\/patrimoine-centre-ville2.jpg\",\"contentUrl\":\"https:\\\/\\\/batijournal.com\\\/wp-content\\\/uploads\\\/2018\\\/05\\\/patrimoine-centre-ville2.jpg\",\"width\":1200,\"height\":959},{\"@type\":\"BreadcrumbList\",\"@id\":\"https:\\\/\\\/batijournal.com\\\/index.php\\\/un-manifeste-commun-pour-le-patrimoine\\\/107118\\\/#breadcrumb\",\"itemListElement\":[{\"@type\":\"ListItem\",\"position\":1,\"name\":\"Accueil\",\"item\":\"https:\\\/\\\/batijournal.com\\\/\"},{\"@type\":\"ListItem\",\"position\":2,\"name\":\"Actualit\u00e9s\",\"item\":\"https:\\\/\\\/batijournal.com\\\/index.php\\\/category\\\/actualites\\\/\"},{\"@type\":\"ListItem\",\"position\":3,\"name\":\"Un manifeste commun pour le patrimoine\"}]},{\"@type\":\"WebSite\",\"@id\":\"https:\\\/\\\/batijournal.com\\\/#website\",\"url\":\"https:\\\/\\\/batijournal.com\\\/\",\"name\":\"Batijournal\",\"description\":\"L&#039;actualit\u00e9 du b\u00e2timent\",\"potentialAction\":[{\"@type\":\"SearchAction\",\"target\":{\"@type\":\"EntryPoint\",\"urlTemplate\":\"https:\\\/\\\/batijournal.com\\\/?s={search_term_string}\"},\"query-input\":{\"@type\":\"PropertyValueSpecification\",\"valueRequired\":true,\"valueName\":\"search_term_string\"}}],\"inLanguage\":\"fr-FR\"},{\"@type\":\"Person\",\"@id\":\"https:\\\/\\\/batijournal.com\\\/#\\\/schema\\\/person\\\/1dc96ec6957aa1ccb25ebe78bb19f100\",\"name\":\"St\u00e9phane Miget\",\"image\":{\"@type\":\"ImageObject\",\"inLanguage\":\"fr-FR\",\"@id\":\"https:\\\/\\\/secure.gravatar.com\\\/avatar\\\/89915563d925342126b8ef0281b93d9d7fc337043e8df017f780908eb9644451?s=96&d=mm&r=g\",\"url\":\"https:\\\/\\\/secure.gravatar.com\\\/avatar\\\/89915563d925342126b8ef0281b93d9d7fc337043e8df017f780908eb9644451?s=96&d=mm&r=g\",\"contentUrl\":\"https:\\\/\\\/secure.gravatar.com\\\/avatar\\\/89915563d925342126b8ef0281b93d9d7fc337043e8df017f780908eb9644451?s=96&d=mm&r=g\",\"caption\":\"St\u00e9phane Miget\"},\"url\":\"https:\\\/\\\/batijournal.com\\\/index.php\\\/author\\\/stephane\\\/\"}]}<\/script>\n<!-- \/ Yoast SEO plugin. -->","yoast_head_json":{"title":"Un manifeste commun pour le patrimoine","robots":{"index":"index","follow":"follow","max-snippet":"max-snippet:-1","max-image-preview":"max-image-preview:large","max-video-preview":"max-video-preview:-1"},"canonical":"https:\/\/batijournal.com\/index.php\/un-manifeste-commun-pour-le-patrimoine\/107118\/","og_locale":"fr_FR","og_type":"article","og_title":"Un manifeste commun pour le patrimoine","og_description":"Le G7 Patrimoine r\u00e9unit les 7 grandes associations du patrimoine, reconnues d\u2019utilit\u00e9 publique et agr\u00e9\u00e9es au titre de l\u2019environnement. Poursuivant chacune un objet large, elles sont unies par une m\u00eame vision du d\u00e9veloppement durable et de la valeur \u00e9ducative du patrimoine. \u00c0 l\u2019occasion des \u00e9lections pr\u00e9sidentielles de 2022, elles publient un manifeste commun dont les [&hellip;]","og_url":"https:\/\/batijournal.com\/index.php\/un-manifeste-commun-pour-le-patrimoine\/107118\/","og_site_name":"Batijournal","article_published_time":"2022-03-10T08:17:39+00:00","og_image":[{"width":1200,"height":959,"url":"https:\/\/batijournal.com\/wp-content\/uploads\/2018\/05\/patrimoine-centre-ville2.jpg","type":"image\/jpeg"}],"author":"St\u00e9phane Miget","twitter_card":"summary_large_image","twitter_creator":"@bati_journal","twitter_site":"@bati_journal","twitter_misc":{"\u00c9crit par":"St\u00e9phane Miget","Dur\u00e9e de lecture estim\u00e9e":"7 minutes"},"schema":{"@context":"https:\/\/schema.org","@graph":[{"@type":"Article","@id":"https:\/\/batijournal.com\/index.php\/un-manifeste-commun-pour-le-patrimoine\/107118\/#article","isPartOf":{"@id":"https:\/\/batijournal.com\/index.php\/un-manifeste-commun-pour-le-patrimoine\/107118\/"},"author":{"name":"St\u00e9phane Miget","@id":"https:\/\/batijournal.com\/#\/schema\/person\/1dc96ec6957aa1ccb25ebe78bb19f100"},"headline":"Un manifeste commun pour le patrimoine","datePublished":"2022-03-10T08:17:39+00:00","mainEntityOfPage":{"@id":"https:\/\/batijournal.com\/index.php\/un-manifeste-commun-pour-le-patrimoine\/107118\/"},"wordCount":1311,"image":{"@id":"https:\/\/batijournal.com\/index.php\/un-manifeste-commun-pour-le-patrimoine\/107118\/#primaryimage"},"thumbnailUrl":"https:\/\/batijournal.com\/wp-content\/uploads\/2018\/05\/patrimoine-centre-ville2.jpg","keywords":["monuments historiques","patrimoine"],"articleSection":["Actualit\u00e9s","Divers","zz_Actualit\u00e9s - Atrium","zz_Atrium Patrimoine"],"inLanguage":"fr-FR"},{"@type":"WebPage","@id":"https:\/\/batijournal.com\/index.php\/un-manifeste-commun-pour-le-patrimoine\/107118\/","url":"https:\/\/batijournal.com\/index.php\/un-manifeste-commun-pour-le-patrimoine\/107118\/","name":"Un manifeste commun pour le patrimoine","isPartOf":{"@id":"https:\/\/batijournal.com\/#website"},"primaryImageOfPage":{"@id":"https:\/\/batijournal.com\/index.php\/un-manifeste-commun-pour-le-patrimoine\/107118\/#primaryimage"},"image":{"@id":"https:\/\/batijournal.com\/index.php\/un-manifeste-commun-pour-le-patrimoine\/107118\/#primaryimage"},"thumbnailUrl":"https:\/\/batijournal.com\/wp-content\/uploads\/2018\/05\/patrimoine-centre-ville2.jpg","datePublished":"2022-03-10T08:17:39+00:00","author":{"@id":"https:\/\/batijournal.com\/#\/schema\/person\/1dc96ec6957aa1ccb25ebe78bb19f100"},"breadcrumb":{"@id":"https:\/\/batijournal.com\/index.php\/un-manifeste-commun-pour-le-patrimoine\/107118\/#breadcrumb"},"inLanguage":"fr-FR","potentialAction":[{"@type":"ReadAction","target":["https:\/\/batijournal.com\/index.php\/un-manifeste-commun-pour-le-patrimoine\/107118\/"]}]},{"@type":"ImageObject","inLanguage":"fr-FR","@id":"https:\/\/batijournal.com\/index.php\/un-manifeste-commun-pour-le-patrimoine\/107118\/#primaryimage","url":"https:\/\/batijournal.com\/wp-content\/uploads\/2018\/05\/patrimoine-centre-ville2.jpg","contentUrl":"https:\/\/batijournal.com\/wp-content\/uploads\/2018\/05\/patrimoine-centre-ville2.jpg","width":1200,"height":959},{"@type":"BreadcrumbList","@id":"https:\/\/batijournal.com\/index.php\/un-manifeste-commun-pour-le-patrimoine\/107118\/#breadcrumb","itemListElement":[{"@type":"ListItem","position":1,"name":"Accueil","item":"https:\/\/batijournal.com\/"},{"@type":"ListItem","position":2,"name":"Actualit\u00e9s","item":"https:\/\/batijournal.com\/index.php\/category\/actualites\/"},{"@type":"ListItem","position":3,"name":"Un manifeste commun pour le patrimoine"}]},{"@type":"WebSite","@id":"https:\/\/batijournal.com\/#website","url":"https:\/\/batijournal.com\/","name":"Batijournal","description":"L&#039;actualit\u00e9 du b\u00e2timent","potentialAction":[{"@type":"SearchAction","target":{"@type":"EntryPoint","urlTemplate":"https:\/\/batijournal.com\/?s={search_term_string}"},"query-input":{"@type":"PropertyValueSpecification","valueRequired":true,"valueName":"search_term_string"}}],"inLanguage":"fr-FR"},{"@type":"Person","@id":"https:\/\/batijournal.com\/#\/schema\/person\/1dc96ec6957aa1ccb25ebe78bb19f100","name":"St\u00e9phane Miget","image":{"@type":"ImageObject","inLanguage":"fr-FR","@id":"https:\/\/secure.gravatar.com\/avatar\/89915563d925342126b8ef0281b93d9d7fc337043e8df017f780908eb9644451?s=96&d=mm&r=g","url":"https:\/\/secure.gravatar.com\/avatar\/89915563d925342126b8ef0281b93d9d7fc337043e8df017f780908eb9644451?s=96&d=mm&r=g","contentUrl":"https:\/\/secure.gravatar.com\/avatar\/89915563d925342126b8ef0281b93d9d7fc337043e8df017f780908eb9644451?s=96&d=mm&r=g","caption":"St\u00e9phane Miget"},"url":"https:\/\/batijournal.com\/index.php\/author\/stephane\/"}]}},"_links":{"self":[{"href":"https:\/\/batijournal.com\/index.php\/wp-json\/wp\/v2\/posts\/107118","targetHints":{"allow":["GET"]}}],"collection":[{"href":"https:\/\/batijournal.com\/index.php\/wp-json\/wp\/v2\/posts"}],"about":[{"href":"https:\/\/batijournal.com\/index.php\/wp-json\/wp\/v2\/types\/post"}],"author":[{"embeddable":true,"href":"https:\/\/batijournal.com\/index.php\/wp-json\/wp\/v2\/users\/17"}],"replies":[{"embeddable":true,"href":"https:\/\/batijournal.com\/index.php\/wp-json\/wp\/v2\/comments?post=107118"}],"version-history":[{"count":0,"href":"https:\/\/batijournal.com\/index.php\/wp-json\/wp\/v2\/posts\/107118\/revisions"}],"wp:featuredmedia":[{"embeddable":true,"href":"https:\/\/batijournal.com\/index.php\/wp-json\/wp\/v2\/media\/99138"}],"wp:attachment":[{"href":"https:\/\/batijournal.com\/index.php\/wp-json\/wp\/v2\/media?parent=107118"}],"wp:term":[{"taxonomy":"category","embeddable":true,"href":"https:\/\/batijournal.com\/index.php\/wp-json\/wp\/v2\/categories?post=107118"},{"taxonomy":"post_tag","embeddable":true,"href":"https:\/\/batijournal.com\/index.php\/wp-json\/wp\/v2\/tags?post=107118"}],"curies":[{"name":"wp","href":"https:\/\/api.w.org\/{rel}","templated":true}]}}