{"id":107126,"date":"2022-03-16T14:27:57","date_gmt":"2022-03-16T13:27:57","guid":{"rendered":"https:\/\/batijournal.com\/?p=107126"},"modified":"2022-03-16T14:27:57","modified_gmt":"2022-03-16T13:27:57","slug":"lecole-du-louvre-se-dote-de-nouveaux-espaces","status":"publish","type":"post","link":"https:\/\/batijournal.com\/index.php\/lecole-du-louvre-se-dote-de-nouveaux-espaces\/107126\/","title":{"rendered":"L\u2019\u00c9cole du Louvre se dote de nouveaux espaces"},"content":{"rendered":"<p>L\u2019\u00c9cole du Louvre a inaugur\u00e9 le 11 mars 2022 un ambitieux projet architectural (une biblioth\u00e8que, un centre de recherche et des lieux de vie) port\u00e9 par Claire Barbillon, directrice de l\u2019\u00c9cole du Louvre et rendu possible gr\u00e2ce au m\u00e9c\u00e9nat d\u2019exception de Majid Boustany, pr\u00e9sident de la Francis Bacon MB Art Foundation. Il s\u2019agit du plus important soutien jamais allou\u00e9 \u00e0 un \u00e9tablissement d\u2019enseignement du minist\u00e8re de la Culture. Ce projet architectural de pr\u00e8s de 1300m2 est port\u00e9 par l\u2019architecte Heleen Hart (agence d\u2019architecture HBAAT &#8211; Grand Prix du Jury d\u2019Architecture 2021). Il r\u00e9pond \u00e0 des besoins li\u00e9s \u00e0 la croissance m\u00eame de l\u2019\u00c9cole, aux \u00e9volutions p\u00e9dagogiques et aux transformations des pratiques \u00e9tudiantes.<\/p>\n<p>\u00c9clat\u00e9e dans diverses parties du palais et externalis\u00e9e pour certaines parties jusqu\u2019en 1993, l\u2019\u00c9cole du Louvre s\u2019est vue attribuer un espace d\u2019environ 9000m2 dans l\u2019aile de Flore du Palais du Louvre, am\u00e9nag\u00e9e \u00e0 partir de 1997 par l\u2019architecte Antoine Stinco et enti\u00e8rement livr\u00e9s au d\u00e9but de l\u2019ann\u00e9e 2000. Certains espaces n\u00e9cessitaient d\u2019\u00eatre r\u00e9am\u00e9nag\u00e9s afin d\u2019adapter le fonctionnement de la biblioth\u00e8que en lien avec les nouvelles pratiques, de cr\u00e9er un centre de recherche qui pourra accueillir une communaut\u00e9 de chercheurs, qu\u2019ils soient permanents ou temporaires, d\u2019am\u00e9liorer l\u2019installation des services informatique et documentaire de l\u2019\u00c9cole du Louvre et de r\u00e9am\u00e9nager la caf\u00e9t\u00e9ria et ses abords imm\u00e9diats.<\/p>\n<p>En lui restituant l\u2019int\u00e9gralit\u00e9 de la galerie, la jauge de la salle de lecture de la biblioth\u00e8que a \u00e9t\u00e9 fortement augment\u00e9e, pour passer de 101 places, \u00e0 156 places dont 74 collectives pour permettre un travail en petits groupes. Les magasins ont \u00e9t\u00e9 transform\u00e9s pour permettre un libre acc\u00e8s \u00e0 l\u2019ensemble des livres. La r\u00e9organisation des espaces a \u00e9galement permis la cr\u00e9ation de nouveaux lieux : une grande salle de formation ainsi qu\u2019un centre de recherche. Le p\u00f4le informatique et documentaire, situ\u00e9 \u00e0 l\u2019entresol, a \u00e9t\u00e9 r\u00e9organis\u00e9 dans sa distribution, au regard de l\u2019\u00e9volution des besoins. La caf\u00e9t\u00e9ria, constamment satur\u00e9e pendant les p\u00e9riodes de cours, est \u00e9tendue en profitant de l\u2019adjonction d\u2019un bureau, et propose une nouvelle esth\u00e9tique en lien avec les interventions de la biblioth\u00e8que.<\/p>\n<p>Photo : Biblioth\u00e8que de l\u2018\u00e9cole du Louvre<br \/>\nWitness VIII (premier plan) et Witness VII (arri\u00e8re-plan), 2021 \u00a9Antony Gormley<br \/>\nPhoto \u00a9 Majid Boustany<\/p>\n","protected":false},"excerpt":{"rendered":"<p>L\u2019\u00c9cole du Louvre a inaugur\u00e9 le 11 mars 2022 un ambitieux projet architectural (une biblioth\u00e8que, un centre de recherche et des lieux de vie) port\u00e9 par Claire Barbillon, directrice de l\u2019\u00c9cole du Louvre et rendu possible gr\u00e2ce au m\u00e9c\u00e9nat d\u2019exception de Majid Boustany, pr\u00e9sident de la Francis Bacon MB Art Foundation. Il s\u2019agit du plus [&hellip;]<\/p>\n","protected":false},"author":17,"featured_media":107127,"comment_status":"closed","ping_status":"closed","sticky":false,"template":"","format":"standard","meta":{"_et_pb_use_builder":"","_et_pb_old_content":"","_et_gb_content_width":"","footnotes":""},"categories":[10530,6340,10789,10785],"tags":[6455],"class_list":["post-107126","post","type-post","status-publish","format-standard","has-post-thumbnail","hentry","category-actualites","category-architecture-conception","category-publications-atrium","category-atrium","tag-louvre"],"yoast_head":"<!-- This site is optimized with the Yoast SEO plugin v27.4 - https:\/\/yoast.com\/product\/yoast-seo-wordpress\/ -->\n<title>L\u2019\u00c9cole du Louvre se dote de nouveaux espaces<\/title>\n<meta name=\"robots\" content=\"index, follow, max-snippet:-1, max-image-preview:large, max-video-preview:-1\" \/>\n<link rel=\"canonical\" href=\"https:\/\/batijournal.com\/index.php\/lecole-du-louvre-se-dote-de-nouveaux-espaces\/107126\/\" \/>\n<meta property=\"og:locale\" content=\"fr_FR\" \/>\n<meta property=\"og:type\" content=\"article\" \/>\n<meta property=\"og:title\" content=\"L\u2019\u00c9cole du Louvre se dote de nouveaux espaces\" \/>\n<meta property=\"og:description\" content=\"L\u2019\u00c9cole du Louvre a inaugur\u00e9 le 11 mars 2022 un ambitieux projet architectural (une biblioth\u00e8que, un centre de recherche et des lieux de vie) port\u00e9 par Claire Barbillon, directrice de l\u2019\u00c9cole du Louvre et rendu possible gr\u00e2ce au m\u00e9c\u00e9nat d\u2019exception de Majid Boustany, pr\u00e9sident de la Francis Bacon MB Art Foundation. Il s\u2019agit du plus [&hellip;]\" \/>\n<meta property=\"og:url\" content=\"https:\/\/batijournal.com\/index.php\/lecole-du-louvre-se-dote-de-nouveaux-espaces\/107126\/\" \/>\n<meta property=\"og:site_name\" content=\"Batijournal\" \/>\n<meta property=\"article:published_time\" content=\"2022-03-16T13:27:57+00:00\" \/>\n<meta property=\"og:image\" content=\"https:\/\/batijournal.com\/wp-content\/uploads\/2022\/03\/agrandissement-ecole-du-louvre.jpg\" \/>\n\t<meta property=\"og:image:width\" content=\"600\" \/>\n\t<meta property=\"og:image:height\" content=\"401\" \/>\n\t<meta property=\"og:image:type\" content=\"image\/jpeg\" \/>\n<meta name=\"author\" content=\"St\u00e9phane Miget\" \/>\n<meta name=\"twitter:card\" content=\"summary_large_image\" \/>\n<meta name=\"twitter:creator\" content=\"@bati_journal\" \/>\n<meta name=\"twitter:site\" content=\"@bati_journal\" \/>\n<meta name=\"twitter:label1\" content=\"\u00c9crit par\" \/>\n\t<meta name=\"twitter:data1\" content=\"St\u00e9phane Miget\" \/>\n\t<meta name=\"twitter:label2\" content=\"Dur\u00e9e de lecture estim\u00e9e\" \/>\n\t<meta name=\"twitter:data2\" content=\"2 minutes\" \/>\n<script type=\"application\/ld+json\" class=\"yoast-schema-graph\">{\"@context\":\"https:\\\/\\\/schema.org\",\"@graph\":[{\"@type\":\"Article\",\"@id\":\"https:\\\/\\\/batijournal.com\\\/index.php\\\/lecole-du-louvre-se-dote-de-nouveaux-espaces\\\/107126\\\/#article\",\"isPartOf\":{\"@id\":\"https:\\\/\\\/batijournal.com\\\/index.php\\\/lecole-du-louvre-se-dote-de-nouveaux-espaces\\\/107126\\\/\"},\"author\":{\"name\":\"St\u00e9phane Miget\",\"@id\":\"https:\\\/\\\/batijournal.com\\\/#\\\/schema\\\/person\\\/1dc96ec6957aa1ccb25ebe78bb19f100\"},\"headline\":\"L\u2019\u00c9cole du Louvre se dote de nouveaux espaces\",\"datePublished\":\"2022-03-16T13:27:57+00:00\",\"mainEntityOfPage\":{\"@id\":\"https:\\\/\\\/batijournal.com\\\/index.php\\\/lecole-du-louvre-se-dote-de-nouveaux-espaces\\\/107126\\\/\"},\"wordCount\":431,\"image\":{\"@id\":\"https:\\\/\\\/batijournal.com\\\/index.php\\\/lecole-du-louvre-se-dote-de-nouveaux-espaces\\\/107126\\\/#primaryimage\"},\"thumbnailUrl\":\"https:\\\/\\\/batijournal.com\\\/wp-content\\\/uploads\\\/2022\\\/03\\\/agrandissement-ecole-du-louvre.jpg\",\"keywords\":[\"louvre\"],\"articleSection\":[\"Actualit\u00e9s\",\"Architecture &amp; Conception\",\"zz_Actualit\u00e9s - Atrium\",\"zz_Atrium Patrimoine\"],\"inLanguage\":\"fr-FR\"},{\"@type\":\"WebPage\",\"@id\":\"https:\\\/\\\/batijournal.com\\\/index.php\\\/lecole-du-louvre-se-dote-de-nouveaux-espaces\\\/107126\\\/\",\"url\":\"https:\\\/\\\/batijournal.com\\\/index.php\\\/lecole-du-louvre-se-dote-de-nouveaux-espaces\\\/107126\\\/\",\"name\":\"L\u2019\u00c9cole du Louvre se dote de nouveaux espaces\",\"isPartOf\":{\"@id\":\"https:\\\/\\\/batijournal.com\\\/#website\"},\"primaryImageOfPage\":{\"@id\":\"https:\\\/\\\/batijournal.com\\\/index.php\\\/lecole-du-louvre-se-dote-de-nouveaux-espaces\\\/107126\\\/#primaryimage\"},\"image\":{\"@id\":\"https:\\\/\\\/batijournal.com\\\/index.php\\\/lecole-du-louvre-se-dote-de-nouveaux-espaces\\\/107126\\\/#primaryimage\"},\"thumbnailUrl\":\"https:\\\/\\\/batijournal.com\\\/wp-content\\\/uploads\\\/2022\\\/03\\\/agrandissement-ecole-du-louvre.jpg\",\"datePublished\":\"2022-03-16T13:27:57+00:00\",\"author\":{\"@id\":\"https:\\\/\\\/batijournal.com\\\/#\\\/schema\\\/person\\\/1dc96ec6957aa1ccb25ebe78bb19f100\"},\"breadcrumb\":{\"@id\":\"https:\\\/\\\/batijournal.com\\\/index.php\\\/lecole-du-louvre-se-dote-de-nouveaux-espaces\\\/107126\\\/#breadcrumb\"},\"inLanguage\":\"fr-FR\",\"potentialAction\":[{\"@type\":\"ReadAction\",\"target\":[\"https:\\\/\\\/batijournal.com\\\/index.php\\\/lecole-du-louvre-se-dote-de-nouveaux-espaces\\\/107126\\\/\"]}]},{\"@type\":\"ImageObject\",\"inLanguage\":\"fr-FR\",\"@id\":\"https:\\\/\\\/batijournal.com\\\/index.php\\\/lecole-du-louvre-se-dote-de-nouveaux-espaces\\\/107126\\\/#primaryimage\",\"url\":\"https:\\\/\\\/batijournal.com\\\/wp-content\\\/uploads\\\/2022\\\/03\\\/agrandissement-ecole-du-louvre.jpg\",\"contentUrl\":\"https:\\\/\\\/batijournal.com\\\/wp-content\\\/uploads\\\/2022\\\/03\\\/agrandissement-ecole-du-louvre.jpg\",\"width\":600,\"height\":401},{\"@type\":\"BreadcrumbList\",\"@id\":\"https:\\\/\\\/batijournal.com\\\/index.php\\\/lecole-du-louvre-se-dote-de-nouveaux-espaces\\\/107126\\\/#breadcrumb\",\"itemListElement\":[{\"@type\":\"ListItem\",\"position\":1,\"name\":\"Accueil\",\"item\":\"https:\\\/\\\/batijournal.com\\\/\"},{\"@type\":\"ListItem\",\"position\":2,\"name\":\"Actualit\u00e9s\",\"item\":\"https:\\\/\\\/batijournal.com\\\/index.php\\\/category\\\/actualites\\\/\"},{\"@type\":\"ListItem\",\"position\":3,\"name\":\"L\u2019\u00c9cole du Louvre se dote de nouveaux espaces\"}]},{\"@type\":\"WebSite\",\"@id\":\"https:\\\/\\\/batijournal.com\\\/#website\",\"url\":\"https:\\\/\\\/batijournal.com\\\/\",\"name\":\"Batijournal\",\"description\":\"L&#039;actualit\u00e9 du b\u00e2timent\",\"potentialAction\":[{\"@type\":\"SearchAction\",\"target\":{\"@type\":\"EntryPoint\",\"urlTemplate\":\"https:\\\/\\\/batijournal.com\\\/?s={search_term_string}\"},\"query-input\":{\"@type\":\"PropertyValueSpecification\",\"valueRequired\":true,\"valueName\":\"search_term_string\"}}],\"inLanguage\":\"fr-FR\"},{\"@type\":\"Person\",\"@id\":\"https:\\\/\\\/batijournal.com\\\/#\\\/schema\\\/person\\\/1dc96ec6957aa1ccb25ebe78bb19f100\",\"name\":\"St\u00e9phane Miget\",\"image\":{\"@type\":\"ImageObject\",\"inLanguage\":\"fr-FR\",\"@id\":\"https:\\\/\\\/secure.gravatar.com\\\/avatar\\\/89915563d925342126b8ef0281b93d9d7fc337043e8df017f780908eb9644451?s=96&d=mm&r=g\",\"url\":\"https:\\\/\\\/secure.gravatar.com\\\/avatar\\\/89915563d925342126b8ef0281b93d9d7fc337043e8df017f780908eb9644451?s=96&d=mm&r=g\",\"contentUrl\":\"https:\\\/\\\/secure.gravatar.com\\\/avatar\\\/89915563d925342126b8ef0281b93d9d7fc337043e8df017f780908eb9644451?s=96&d=mm&r=g\",\"caption\":\"St\u00e9phane Miget\"},\"url\":\"https:\\\/\\\/batijournal.com\\\/index.php\\\/author\\\/stephane\\\/\"}]}<\/script>\n<!-- \/ Yoast SEO plugin. -->","yoast_head_json":{"title":"L\u2019\u00c9cole du Louvre se dote de nouveaux espaces","robots":{"index":"index","follow":"follow","max-snippet":"max-snippet:-1","max-image-preview":"max-image-preview:large","max-video-preview":"max-video-preview:-1"},"canonical":"https:\/\/batijournal.com\/index.php\/lecole-du-louvre-se-dote-de-nouveaux-espaces\/107126\/","og_locale":"fr_FR","og_type":"article","og_title":"L\u2019\u00c9cole du Louvre se dote de nouveaux espaces","og_description":"L\u2019\u00c9cole du Louvre a inaugur\u00e9 le 11 mars 2022 un ambitieux projet architectural (une biblioth\u00e8que, un centre de recherche et des lieux de vie) port\u00e9 par Claire Barbillon, directrice de l\u2019\u00c9cole du Louvre et rendu possible gr\u00e2ce au m\u00e9c\u00e9nat d\u2019exception de Majid Boustany, pr\u00e9sident de la Francis Bacon MB Art Foundation. Il s\u2019agit du plus [&hellip;]","og_url":"https:\/\/batijournal.com\/index.php\/lecole-du-louvre-se-dote-de-nouveaux-espaces\/107126\/","og_site_name":"Batijournal","article_published_time":"2022-03-16T13:27:57+00:00","og_image":[{"width":600,"height":401,"url":"https:\/\/batijournal.com\/wp-content\/uploads\/2022\/03\/agrandissement-ecole-du-louvre.jpg","type":"image\/jpeg"}],"author":"St\u00e9phane Miget","twitter_card":"summary_large_image","twitter_creator":"@bati_journal","twitter_site":"@bati_journal","twitter_misc":{"\u00c9crit par":"St\u00e9phane Miget","Dur\u00e9e de lecture estim\u00e9e":"2 minutes"},"schema":{"@context":"https:\/\/schema.org","@graph":[{"@type":"Article","@id":"https:\/\/batijournal.com\/index.php\/lecole-du-louvre-se-dote-de-nouveaux-espaces\/107126\/#article","isPartOf":{"@id":"https:\/\/batijournal.com\/index.php\/lecole-du-louvre-se-dote-de-nouveaux-espaces\/107126\/"},"author":{"name":"St\u00e9phane Miget","@id":"https:\/\/batijournal.com\/#\/schema\/person\/1dc96ec6957aa1ccb25ebe78bb19f100"},"headline":"L\u2019\u00c9cole du Louvre se dote de nouveaux espaces","datePublished":"2022-03-16T13:27:57+00:00","mainEntityOfPage":{"@id":"https:\/\/batijournal.com\/index.php\/lecole-du-louvre-se-dote-de-nouveaux-espaces\/107126\/"},"wordCount":431,"image":{"@id":"https:\/\/batijournal.com\/index.php\/lecole-du-louvre-se-dote-de-nouveaux-espaces\/107126\/#primaryimage"},"thumbnailUrl":"https:\/\/batijournal.com\/wp-content\/uploads\/2022\/03\/agrandissement-ecole-du-louvre.jpg","keywords":["louvre"],"articleSection":["Actualit\u00e9s","Architecture &amp; Conception","zz_Actualit\u00e9s - Atrium","zz_Atrium Patrimoine"],"inLanguage":"fr-FR"},{"@type":"WebPage","@id":"https:\/\/batijournal.com\/index.php\/lecole-du-louvre-se-dote-de-nouveaux-espaces\/107126\/","url":"https:\/\/batijournal.com\/index.php\/lecole-du-louvre-se-dote-de-nouveaux-espaces\/107126\/","name":"L\u2019\u00c9cole du Louvre se dote de nouveaux espaces","isPartOf":{"@id":"https:\/\/batijournal.com\/#website"},"primaryImageOfPage":{"@id":"https:\/\/batijournal.com\/index.php\/lecole-du-louvre-se-dote-de-nouveaux-espaces\/107126\/#primaryimage"},"image":{"@id":"https:\/\/batijournal.com\/index.php\/lecole-du-louvre-se-dote-de-nouveaux-espaces\/107126\/#primaryimage"},"thumbnailUrl":"https:\/\/batijournal.com\/wp-content\/uploads\/2022\/03\/agrandissement-ecole-du-louvre.jpg","datePublished":"2022-03-16T13:27:57+00:00","author":{"@id":"https:\/\/batijournal.com\/#\/schema\/person\/1dc96ec6957aa1ccb25ebe78bb19f100"},"breadcrumb":{"@id":"https:\/\/batijournal.com\/index.php\/lecole-du-louvre-se-dote-de-nouveaux-espaces\/107126\/#breadcrumb"},"inLanguage":"fr-FR","potentialAction":[{"@type":"ReadAction","target":["https:\/\/batijournal.com\/index.php\/lecole-du-louvre-se-dote-de-nouveaux-espaces\/107126\/"]}]},{"@type":"ImageObject","inLanguage":"fr-FR","@id":"https:\/\/batijournal.com\/index.php\/lecole-du-louvre-se-dote-de-nouveaux-espaces\/107126\/#primaryimage","url":"https:\/\/batijournal.com\/wp-content\/uploads\/2022\/03\/agrandissement-ecole-du-louvre.jpg","contentUrl":"https:\/\/batijournal.com\/wp-content\/uploads\/2022\/03\/agrandissement-ecole-du-louvre.jpg","width":600,"height":401},{"@type":"BreadcrumbList","@id":"https:\/\/batijournal.com\/index.php\/lecole-du-louvre-se-dote-de-nouveaux-espaces\/107126\/#breadcrumb","itemListElement":[{"@type":"ListItem","position":1,"name":"Accueil","item":"https:\/\/batijournal.com\/"},{"@type":"ListItem","position":2,"name":"Actualit\u00e9s","item":"https:\/\/batijournal.com\/index.php\/category\/actualites\/"},{"@type":"ListItem","position":3,"name":"L\u2019\u00c9cole du Louvre se dote de nouveaux espaces"}]},{"@type":"WebSite","@id":"https:\/\/batijournal.com\/#website","url":"https:\/\/batijournal.com\/","name":"Batijournal","description":"L&#039;actualit\u00e9 du b\u00e2timent","potentialAction":[{"@type":"SearchAction","target":{"@type":"EntryPoint","urlTemplate":"https:\/\/batijournal.com\/?s={search_term_string}"},"query-input":{"@type":"PropertyValueSpecification","valueRequired":true,"valueName":"search_term_string"}}],"inLanguage":"fr-FR"},{"@type":"Person","@id":"https:\/\/batijournal.com\/#\/schema\/person\/1dc96ec6957aa1ccb25ebe78bb19f100","name":"St\u00e9phane Miget","image":{"@type":"ImageObject","inLanguage":"fr-FR","@id":"https:\/\/secure.gravatar.com\/avatar\/89915563d925342126b8ef0281b93d9d7fc337043e8df017f780908eb9644451?s=96&d=mm&r=g","url":"https:\/\/secure.gravatar.com\/avatar\/89915563d925342126b8ef0281b93d9d7fc337043e8df017f780908eb9644451?s=96&d=mm&r=g","contentUrl":"https:\/\/secure.gravatar.com\/avatar\/89915563d925342126b8ef0281b93d9d7fc337043e8df017f780908eb9644451?s=96&d=mm&r=g","caption":"St\u00e9phane Miget"},"url":"https:\/\/batijournal.com\/index.php\/author\/stephane\/"}]}},"_links":{"self":[{"href":"https:\/\/batijournal.com\/index.php\/wp-json\/wp\/v2\/posts\/107126","targetHints":{"allow":["GET"]}}],"collection":[{"href":"https:\/\/batijournal.com\/index.php\/wp-json\/wp\/v2\/posts"}],"about":[{"href":"https:\/\/batijournal.com\/index.php\/wp-json\/wp\/v2\/types\/post"}],"author":[{"embeddable":true,"href":"https:\/\/batijournal.com\/index.php\/wp-json\/wp\/v2\/users\/17"}],"replies":[{"embeddable":true,"href":"https:\/\/batijournal.com\/index.php\/wp-json\/wp\/v2\/comments?post=107126"}],"version-history":[{"count":0,"href":"https:\/\/batijournal.com\/index.php\/wp-json\/wp\/v2\/posts\/107126\/revisions"}],"wp:featuredmedia":[{"embeddable":true,"href":"https:\/\/batijournal.com\/index.php\/wp-json\/wp\/v2\/media\/107127"}],"wp:attachment":[{"href":"https:\/\/batijournal.com\/index.php\/wp-json\/wp\/v2\/media?parent=107126"}],"wp:term":[{"taxonomy":"category","embeddable":true,"href":"https:\/\/batijournal.com\/index.php\/wp-json\/wp\/v2\/categories?post=107126"},{"taxonomy":"post_tag","embeddable":true,"href":"https:\/\/batijournal.com\/index.php\/wp-json\/wp\/v2\/tags?post=107126"}],"curies":[{"name":"wp","href":"https:\/\/api.w.org\/{rel}","templated":true}]}}