{"id":107133,"date":"2022-03-17T14:17:25","date_gmt":"2022-03-17T13:17:25","guid":{"rendered":"https:\/\/batijournal.com\/?p=107133"},"modified":"2022-03-17T14:17:25","modified_gmt":"2022-03-17T13:17:25","slug":"un-lycee-en-bois-pare-de-ceramique","status":"publish","type":"post","link":"https:\/\/batijournal.com\/index.php\/un-lycee-en-bois-pare-de-ceramique\/107133\/","title":{"rendered":"Un lyc\u00e9e\u00a0en bois par\u00e9 de c\u00e9ramique"},"content":{"rendered":"<p>Implant\u00e9 au pied de la colline de Gignac dans la vall\u00e9e de l\u2019H\u00e9rault, le lyc\u00e9e Simone Veil reprend les dominantes de ce paysage rural, cama\u00efeux de bleus et de verts des vignes, et des premiers reliefs du massif du Haut-Languedoc en toile de fond. Pour r\u00e9aliser un b\u00e2timent biosourc\u00e9 et respecter un d\u00e9lai de chantier tr\u00e8s court, l\u2019agence Hellin-Sebbag a choisi le bois pour la structure des b\u00e2timents : poteaux en bois massif, poutres et planchers en CLT d&rsquo;\u00e9pic\u00e9a, murs \u00e0 ossatures bois. Les fa\u00e7ades ont \u00e9t\u00e9 rev\u00eatues de terre cuite verniss\u00e9e pour sa p\u00e9rennit\u00e9, son inertie et sa facilit\u00e9 d\u2019entretien. Le bois est aussi pr\u00e9sent \u00e0 l\u2019int\u00e9rieur : parois des circulations habill\u00e9es de panneaux de bouleau et, pour le Centre de Documentation et le restaurant, plafonds acoustiques aux lames ondulantes. \u2028Des panneaux photovolta\u00efques recouvrent les toits des deux b\u00e2timents d\u2019enseignement et de l\u2019internat tandis qu\u2019une verri\u00e8re photovolta\u00efque, plac\u00e9e en sur\u00e9l\u00e9vation du b\u00e2timent d\u2019entr\u00e9e, rappelle aux usagers et aux visiteurs que cet ouvrage est \u00e0 \u00e9nergie positive en partie gr\u00e2ce aux \u00e9nergies renouvelables. L\u2019agence Hellin-Sebbag a con\u00e7u une organisation lisible autour d\u2019une grande cour, avec les deux b\u00e2timents d\u2019enseignement en R+2 orient\u00e9s nord-sud et le centre de documentation et restaurant \u2013 orient\u00e9s est-ouest. Les toitures des b\u00e2timents les plus bas sont des jardins soulev\u00e9s en courbe douce telles des collines, comme si le sol naturel remontait sur les toits pour les modeler en formes libres et offrir au lyc\u00e9e un \u00ab c\u0153ur vert \u00bb.<\/p>\n<p>Ma\u00eetre d&rsquo;ouvrage\u00a0: REGION OCCITANIE Pyr\u00e9n\u00e9es-M\u00e9diterran\u00e9e<br \/>\nMandataire\u00a0: ARAC Occitanie<br \/>\nArchitectes\u00a0: HELLIN-SEBBAG Architectes Associ\u00e9s (Montpellier-Paris)<br \/>\nBureaux d\u2019Etudes Techniques\u00a0: BET Structure TERRELL (Toulouse), BET Fluides ADRET (La Seyne-sur-Mer),\u00a0Economiste EGIS B\u00e2timents Sud-Ouest (Montpellier), BET VRD\u00a0UNDERGROUND Ingenierie (Montpellier), Cuisiniste\u00a0INGECOR (Montpellier), Paysagiste GUILLEMET (Salon-de-Provence), OPC\u00a0ARTEBA (Montpellier)<\/p>\n<p>Surface de planchers\u00a0: 14 514 m2 sur une assiette fonci\u00e8re de 5,35 ha<br \/>\nEffectifs\u00a0: 1100 lyc\u00e9ens<br \/>\nPhoto\u00a0: Jean-Pierre PORCHER<\/p>\n","protected":false},"excerpt":{"rendered":"<p>Implant\u00e9 au pied de la colline de Gignac dans la vall\u00e9e de l\u2019H\u00e9rault, le lyc\u00e9e Simone Veil reprend les dominantes de ce paysage rural, cama\u00efeux de bleus et de verts des vignes, et des premiers reliefs du massif du Haut-Languedoc en toile de fond. Pour r\u00e9aliser un b\u00e2timent biosourc\u00e9 et respecter un d\u00e9lai de chantier [&hellip;]<\/p>\n","protected":false},"author":17,"featured_media":107134,"comment_status":"closed","ping_status":"closed","sticky":false,"template":"","format":"standard","meta":{"_et_pb_use_builder":"","_et_pb_old_content":"","_et_gb_content_width":"","footnotes":""},"categories":[10530,6340,10771,10775,10769,10764],"tags":[374],"class_list":["post-107133","post","type-post","status-publish","format-standard","has-post-thumbnail","hentry","category-actualites","category-architecture-conception","category-5facades","category-actualites-5facades","category-publications","category-woodsurfer","tag-construction-bois-2"],"yoast_head":"<!-- This site is optimized with the Yoast SEO plugin v27.4 - https:\/\/yoast.com\/product\/yoast-seo-wordpress\/ -->\n<title>Un lyc\u00e9e\u00a0en bois par\u00e9 de c\u00e9ramique<\/title>\n<meta name=\"robots\" content=\"index, follow, max-snippet:-1, max-image-preview:large, max-video-preview:-1\" \/>\n<link rel=\"canonical\" href=\"https:\/\/batijournal.com\/index.php\/un-lycee-en-bois-pare-de-ceramique\/107133\/\" \/>\n<meta property=\"og:locale\" content=\"fr_FR\" \/>\n<meta property=\"og:type\" content=\"article\" \/>\n<meta property=\"og:title\" content=\"Un lyc\u00e9e\u00a0en bois par\u00e9 de c\u00e9ramique\" \/>\n<meta property=\"og:description\" content=\"Implant\u00e9 au pied de la colline de Gignac dans la vall\u00e9e de l\u2019H\u00e9rault, le lyc\u00e9e Simone Veil reprend les dominantes de ce paysage rural, cama\u00efeux de bleus et de verts des vignes, et des premiers reliefs du massif du Haut-Languedoc en toile de fond. Pour r\u00e9aliser un b\u00e2timent biosourc\u00e9 et respecter un d\u00e9lai de chantier [&hellip;]\" \/>\n<meta property=\"og:url\" content=\"https:\/\/batijournal.com\/index.php\/un-lycee-en-bois-pare-de-ceramique\/107133\/\" \/>\n<meta property=\"og:site_name\" content=\"Batijournal\" \/>\n<meta property=\"article:published_time\" content=\"2022-03-17T13:17:25+00:00\" \/>\n<meta property=\"og:image\" content=\"https:\/\/batijournal.com\/wp-content\/uploads\/2022\/03\/5-LyceeGignac-HSarchi-JPP06_Jean-Pierre-PORCHER_libredroit.jpg\" \/>\n\t<meta property=\"og:image:width\" content=\"1200\" \/>\n\t<meta property=\"og:image:height\" content=\"923\" \/>\n\t<meta property=\"og:image:type\" content=\"image\/jpeg\" \/>\n<meta name=\"author\" content=\"St\u00e9phane Miget\" \/>\n<meta name=\"twitter:card\" content=\"summary_large_image\" \/>\n<meta name=\"twitter:creator\" content=\"@bati_journal\" \/>\n<meta name=\"twitter:site\" content=\"@bati_journal\" \/>\n<meta name=\"twitter:label1\" content=\"\u00c9crit par\" \/>\n\t<meta name=\"twitter:data1\" content=\"St\u00e9phane Miget\" \/>\n\t<meta name=\"twitter:label2\" content=\"Dur\u00e9e de lecture estim\u00e9e\" \/>\n\t<meta name=\"twitter:data2\" content=\"2 minutes\" \/>\n<script type=\"application\/ld+json\" class=\"yoast-schema-graph\">{\"@context\":\"https:\\\/\\\/schema.org\",\"@graph\":[{\"@type\":\"Article\",\"@id\":\"https:\\\/\\\/batijournal.com\\\/index.php\\\/un-lycee-en-bois-pare-de-ceramique\\\/107133\\\/#article\",\"isPartOf\":{\"@id\":\"https:\\\/\\\/batijournal.com\\\/index.php\\\/un-lycee-en-bois-pare-de-ceramique\\\/107133\\\/\"},\"author\":{\"name\":\"St\u00e9phane Miget\",\"@id\":\"https:\\\/\\\/batijournal.com\\\/#\\\/schema\\\/person\\\/1dc96ec6957aa1ccb25ebe78bb19f100\"},\"headline\":\"Un lyc\u00e9e\u00a0en bois par\u00e9 de c\u00e9ramique\",\"datePublished\":\"2022-03-17T13:17:25+00:00\",\"mainEntityOfPage\":{\"@id\":\"https:\\\/\\\/batijournal.com\\\/index.php\\\/un-lycee-en-bois-pare-de-ceramique\\\/107133\\\/\"},\"wordCount\":362,\"image\":{\"@id\":\"https:\\\/\\\/batijournal.com\\\/index.php\\\/un-lycee-en-bois-pare-de-ceramique\\\/107133\\\/#primaryimage\"},\"thumbnailUrl\":\"https:\\\/\\\/batijournal.com\\\/wp-content\\\/uploads\\\/2022\\\/03\\\/5-LyceeGignac-HSarchi-JPP06_Jean-Pierre-PORCHER_libredroit.jpg\",\"keywords\":[\"construction bois\"],\"articleSection\":[\"Actualit\u00e9s\",\"Architecture &amp; Conception\",\"zz_5fa\u00e7ades\",\"zz_Actualit\u00e9s - 5fa\u00e7ades\",\"zz_Actualit\u00e9s - Woodsurfer\",\"zz_Woodsurfer\"],\"inLanguage\":\"fr-FR\"},{\"@type\":\"WebPage\",\"@id\":\"https:\\\/\\\/batijournal.com\\\/index.php\\\/un-lycee-en-bois-pare-de-ceramique\\\/107133\\\/\",\"url\":\"https:\\\/\\\/batijournal.com\\\/index.php\\\/un-lycee-en-bois-pare-de-ceramique\\\/107133\\\/\",\"name\":\"Un lyc\u00e9e\u00a0en bois par\u00e9 de c\u00e9ramique\",\"isPartOf\":{\"@id\":\"https:\\\/\\\/batijournal.com\\\/#website\"},\"primaryImageOfPage\":{\"@id\":\"https:\\\/\\\/batijournal.com\\\/index.php\\\/un-lycee-en-bois-pare-de-ceramique\\\/107133\\\/#primaryimage\"},\"image\":{\"@id\":\"https:\\\/\\\/batijournal.com\\\/index.php\\\/un-lycee-en-bois-pare-de-ceramique\\\/107133\\\/#primaryimage\"},\"thumbnailUrl\":\"https:\\\/\\\/batijournal.com\\\/wp-content\\\/uploads\\\/2022\\\/03\\\/5-LyceeGignac-HSarchi-JPP06_Jean-Pierre-PORCHER_libredroit.jpg\",\"datePublished\":\"2022-03-17T13:17:25+00:00\",\"author\":{\"@id\":\"https:\\\/\\\/batijournal.com\\\/#\\\/schema\\\/person\\\/1dc96ec6957aa1ccb25ebe78bb19f100\"},\"breadcrumb\":{\"@id\":\"https:\\\/\\\/batijournal.com\\\/index.php\\\/un-lycee-en-bois-pare-de-ceramique\\\/107133\\\/#breadcrumb\"},\"inLanguage\":\"fr-FR\",\"potentialAction\":[{\"@type\":\"ReadAction\",\"target\":[\"https:\\\/\\\/batijournal.com\\\/index.php\\\/un-lycee-en-bois-pare-de-ceramique\\\/107133\\\/\"]}]},{\"@type\":\"ImageObject\",\"inLanguage\":\"fr-FR\",\"@id\":\"https:\\\/\\\/batijournal.com\\\/index.php\\\/un-lycee-en-bois-pare-de-ceramique\\\/107133\\\/#primaryimage\",\"url\":\"https:\\\/\\\/batijournal.com\\\/wp-content\\\/uploads\\\/2022\\\/03\\\/5-LyceeGignac-HSarchi-JPP06_Jean-Pierre-PORCHER_libredroit.jpg\",\"contentUrl\":\"https:\\\/\\\/batijournal.com\\\/wp-content\\\/uploads\\\/2022\\\/03\\\/5-LyceeGignac-HSarchi-JPP06_Jean-Pierre-PORCHER_libredroit.jpg\",\"width\":1200,\"height\":923,\"caption\":\"HELLIN&amp;SEBBAG, Lyc\u00e9e Simone Veil, Gignac, Septembre 2021, Photographies Jean-Pierre Porcher\"},{\"@type\":\"BreadcrumbList\",\"@id\":\"https:\\\/\\\/batijournal.com\\\/index.php\\\/un-lycee-en-bois-pare-de-ceramique\\\/107133\\\/#breadcrumb\",\"itemListElement\":[{\"@type\":\"ListItem\",\"position\":1,\"name\":\"Accueil\",\"item\":\"https:\\\/\\\/batijournal.com\\\/\"},{\"@type\":\"ListItem\",\"position\":2,\"name\":\"Actualit\u00e9s\",\"item\":\"https:\\\/\\\/batijournal.com\\\/index.php\\\/category\\\/actualites\\\/\"},{\"@type\":\"ListItem\",\"position\":3,\"name\":\"Un lyc\u00e9e\u00a0en bois par\u00e9 de c\u00e9ramique\"}]},{\"@type\":\"WebSite\",\"@id\":\"https:\\\/\\\/batijournal.com\\\/#website\",\"url\":\"https:\\\/\\\/batijournal.com\\\/\",\"name\":\"Batijournal\",\"description\":\"L&#039;actualit\u00e9 du b\u00e2timent\",\"potentialAction\":[{\"@type\":\"SearchAction\",\"target\":{\"@type\":\"EntryPoint\",\"urlTemplate\":\"https:\\\/\\\/batijournal.com\\\/?s={search_term_string}\"},\"query-input\":{\"@type\":\"PropertyValueSpecification\",\"valueRequired\":true,\"valueName\":\"search_term_string\"}}],\"inLanguage\":\"fr-FR\"},{\"@type\":\"Person\",\"@id\":\"https:\\\/\\\/batijournal.com\\\/#\\\/schema\\\/person\\\/1dc96ec6957aa1ccb25ebe78bb19f100\",\"name\":\"St\u00e9phane Miget\",\"image\":{\"@type\":\"ImageObject\",\"inLanguage\":\"fr-FR\",\"@id\":\"https:\\\/\\\/secure.gravatar.com\\\/avatar\\\/89915563d925342126b8ef0281b93d9d7fc337043e8df017f780908eb9644451?s=96&d=mm&r=g\",\"url\":\"https:\\\/\\\/secure.gravatar.com\\\/avatar\\\/89915563d925342126b8ef0281b93d9d7fc337043e8df017f780908eb9644451?s=96&d=mm&r=g\",\"contentUrl\":\"https:\\\/\\\/secure.gravatar.com\\\/avatar\\\/89915563d925342126b8ef0281b93d9d7fc337043e8df017f780908eb9644451?s=96&d=mm&r=g\",\"caption\":\"St\u00e9phane Miget\"},\"url\":\"https:\\\/\\\/batijournal.com\\\/index.php\\\/author\\\/stephane\\\/\"}]}<\/script>\n<!-- \/ Yoast SEO plugin. -->","yoast_head_json":{"title":"Un lyc\u00e9e\u00a0en bois par\u00e9 de c\u00e9ramique","robots":{"index":"index","follow":"follow","max-snippet":"max-snippet:-1","max-image-preview":"max-image-preview:large","max-video-preview":"max-video-preview:-1"},"canonical":"https:\/\/batijournal.com\/index.php\/un-lycee-en-bois-pare-de-ceramique\/107133\/","og_locale":"fr_FR","og_type":"article","og_title":"Un lyc\u00e9e\u00a0en bois par\u00e9 de c\u00e9ramique","og_description":"Implant\u00e9 au pied de la colline de Gignac dans la vall\u00e9e de l\u2019H\u00e9rault, le lyc\u00e9e Simone Veil reprend les dominantes de ce paysage rural, cama\u00efeux de bleus et de verts des vignes, et des premiers reliefs du massif du Haut-Languedoc en toile de fond. Pour r\u00e9aliser un b\u00e2timent biosourc\u00e9 et respecter un d\u00e9lai de chantier [&hellip;]","og_url":"https:\/\/batijournal.com\/index.php\/un-lycee-en-bois-pare-de-ceramique\/107133\/","og_site_name":"Batijournal","article_published_time":"2022-03-17T13:17:25+00:00","og_image":[{"width":1200,"height":923,"url":"https:\/\/batijournal.com\/wp-content\/uploads\/2022\/03\/5-LyceeGignac-HSarchi-JPP06_Jean-Pierre-PORCHER_libredroit.jpg","type":"image\/jpeg"}],"author":"St\u00e9phane Miget","twitter_card":"summary_large_image","twitter_creator":"@bati_journal","twitter_site":"@bati_journal","twitter_misc":{"\u00c9crit par":"St\u00e9phane Miget","Dur\u00e9e de lecture estim\u00e9e":"2 minutes"},"schema":{"@context":"https:\/\/schema.org","@graph":[{"@type":"Article","@id":"https:\/\/batijournal.com\/index.php\/un-lycee-en-bois-pare-de-ceramique\/107133\/#article","isPartOf":{"@id":"https:\/\/batijournal.com\/index.php\/un-lycee-en-bois-pare-de-ceramique\/107133\/"},"author":{"name":"St\u00e9phane Miget","@id":"https:\/\/batijournal.com\/#\/schema\/person\/1dc96ec6957aa1ccb25ebe78bb19f100"},"headline":"Un lyc\u00e9e\u00a0en bois par\u00e9 de c\u00e9ramique","datePublished":"2022-03-17T13:17:25+00:00","mainEntityOfPage":{"@id":"https:\/\/batijournal.com\/index.php\/un-lycee-en-bois-pare-de-ceramique\/107133\/"},"wordCount":362,"image":{"@id":"https:\/\/batijournal.com\/index.php\/un-lycee-en-bois-pare-de-ceramique\/107133\/#primaryimage"},"thumbnailUrl":"https:\/\/batijournal.com\/wp-content\/uploads\/2022\/03\/5-LyceeGignac-HSarchi-JPP06_Jean-Pierre-PORCHER_libredroit.jpg","keywords":["construction bois"],"articleSection":["Actualit\u00e9s","Architecture &amp; Conception","zz_5fa\u00e7ades","zz_Actualit\u00e9s - 5fa\u00e7ades","zz_Actualit\u00e9s - Woodsurfer","zz_Woodsurfer"],"inLanguage":"fr-FR"},{"@type":"WebPage","@id":"https:\/\/batijournal.com\/index.php\/un-lycee-en-bois-pare-de-ceramique\/107133\/","url":"https:\/\/batijournal.com\/index.php\/un-lycee-en-bois-pare-de-ceramique\/107133\/","name":"Un lyc\u00e9e\u00a0en bois par\u00e9 de c\u00e9ramique","isPartOf":{"@id":"https:\/\/batijournal.com\/#website"},"primaryImageOfPage":{"@id":"https:\/\/batijournal.com\/index.php\/un-lycee-en-bois-pare-de-ceramique\/107133\/#primaryimage"},"image":{"@id":"https:\/\/batijournal.com\/index.php\/un-lycee-en-bois-pare-de-ceramique\/107133\/#primaryimage"},"thumbnailUrl":"https:\/\/batijournal.com\/wp-content\/uploads\/2022\/03\/5-LyceeGignac-HSarchi-JPP06_Jean-Pierre-PORCHER_libredroit.jpg","datePublished":"2022-03-17T13:17:25+00:00","author":{"@id":"https:\/\/batijournal.com\/#\/schema\/person\/1dc96ec6957aa1ccb25ebe78bb19f100"},"breadcrumb":{"@id":"https:\/\/batijournal.com\/index.php\/un-lycee-en-bois-pare-de-ceramique\/107133\/#breadcrumb"},"inLanguage":"fr-FR","potentialAction":[{"@type":"ReadAction","target":["https:\/\/batijournal.com\/index.php\/un-lycee-en-bois-pare-de-ceramique\/107133\/"]}]},{"@type":"ImageObject","inLanguage":"fr-FR","@id":"https:\/\/batijournal.com\/index.php\/un-lycee-en-bois-pare-de-ceramique\/107133\/#primaryimage","url":"https:\/\/batijournal.com\/wp-content\/uploads\/2022\/03\/5-LyceeGignac-HSarchi-JPP06_Jean-Pierre-PORCHER_libredroit.jpg","contentUrl":"https:\/\/batijournal.com\/wp-content\/uploads\/2022\/03\/5-LyceeGignac-HSarchi-JPP06_Jean-Pierre-PORCHER_libredroit.jpg","width":1200,"height":923,"caption":"HELLIN&amp;SEBBAG, Lyc\u00e9e Simone Veil, Gignac, Septembre 2021, Photographies Jean-Pierre Porcher"},{"@type":"BreadcrumbList","@id":"https:\/\/batijournal.com\/index.php\/un-lycee-en-bois-pare-de-ceramique\/107133\/#breadcrumb","itemListElement":[{"@type":"ListItem","position":1,"name":"Accueil","item":"https:\/\/batijournal.com\/"},{"@type":"ListItem","position":2,"name":"Actualit\u00e9s","item":"https:\/\/batijournal.com\/index.php\/category\/actualites\/"},{"@type":"ListItem","position":3,"name":"Un lyc\u00e9e\u00a0en bois par\u00e9 de c\u00e9ramique"}]},{"@type":"WebSite","@id":"https:\/\/batijournal.com\/#website","url":"https:\/\/batijournal.com\/","name":"Batijournal","description":"L&#039;actualit\u00e9 du b\u00e2timent","potentialAction":[{"@type":"SearchAction","target":{"@type":"EntryPoint","urlTemplate":"https:\/\/batijournal.com\/?s={search_term_string}"},"query-input":{"@type":"PropertyValueSpecification","valueRequired":true,"valueName":"search_term_string"}}],"inLanguage":"fr-FR"},{"@type":"Person","@id":"https:\/\/batijournal.com\/#\/schema\/person\/1dc96ec6957aa1ccb25ebe78bb19f100","name":"St\u00e9phane Miget","image":{"@type":"ImageObject","inLanguage":"fr-FR","@id":"https:\/\/secure.gravatar.com\/avatar\/89915563d925342126b8ef0281b93d9d7fc337043e8df017f780908eb9644451?s=96&d=mm&r=g","url":"https:\/\/secure.gravatar.com\/avatar\/89915563d925342126b8ef0281b93d9d7fc337043e8df017f780908eb9644451?s=96&d=mm&r=g","contentUrl":"https:\/\/secure.gravatar.com\/avatar\/89915563d925342126b8ef0281b93d9d7fc337043e8df017f780908eb9644451?s=96&d=mm&r=g","caption":"St\u00e9phane Miget"},"url":"https:\/\/batijournal.com\/index.php\/author\/stephane\/"}]}},"_links":{"self":[{"href":"https:\/\/batijournal.com\/index.php\/wp-json\/wp\/v2\/posts\/107133","targetHints":{"allow":["GET"]}}],"collection":[{"href":"https:\/\/batijournal.com\/index.php\/wp-json\/wp\/v2\/posts"}],"about":[{"href":"https:\/\/batijournal.com\/index.php\/wp-json\/wp\/v2\/types\/post"}],"author":[{"embeddable":true,"href":"https:\/\/batijournal.com\/index.php\/wp-json\/wp\/v2\/users\/17"}],"replies":[{"embeddable":true,"href":"https:\/\/batijournal.com\/index.php\/wp-json\/wp\/v2\/comments?post=107133"}],"version-history":[{"count":0,"href":"https:\/\/batijournal.com\/index.php\/wp-json\/wp\/v2\/posts\/107133\/revisions"}],"wp:featuredmedia":[{"embeddable":true,"href":"https:\/\/batijournal.com\/index.php\/wp-json\/wp\/v2\/media\/107134"}],"wp:attachment":[{"href":"https:\/\/batijournal.com\/index.php\/wp-json\/wp\/v2\/media?parent=107133"}],"wp:term":[{"taxonomy":"category","embeddable":true,"href":"https:\/\/batijournal.com\/index.php\/wp-json\/wp\/v2\/categories?post=107133"},{"taxonomy":"post_tag","embeddable":true,"href":"https:\/\/batijournal.com\/index.php\/wp-json\/wp\/v2\/tags?post=107133"}],"curies":[{"name":"wp","href":"https:\/\/api.w.org\/{rel}","templated":true}]}}