{"id":107147,"date":"2022-03-19T09:29:10","date_gmt":"2022-03-19T08:29:10","guid":{"rendered":"https:\/\/batijournal.com\/?p=107147"},"modified":"2022-03-19T09:29:10","modified_gmt":"2022-03-19T08:29:10","slug":"lidl-ouvre-son-premier-supermarche-100-bois","status":"publish","type":"post","link":"https:\/\/batijournal.com\/index.php\/lidl-ouvre-son-premier-supermarche-100-bois\/107147\/","title":{"rendered":"Lidl ouvre son premier supermarch\u00e9 100% bois"},"content":{"rendered":"<p>Lidl vient d&rsquo;ouvrir dans le centre-ville d\u2019\u00c9pinal son premier supermarch\u00e9 100% bois, premier supermarch\u00e9 du pays labellis\u00e9 BOIS DE FRANCE. Fruit d&rsquo;un partenariat entre Lidl, CBI et Arbonis, la structure du b\u00e2timent, murs et charpente, a \u00e9t\u00e9 r\u00e9alis\u00e9e avec 460 m3 de sapin et \u00e9pic\u00e9a, issus de deux massifs forestiers de proximit\u00e9 : le Jura et surtout les Vosges. 5 m3 de bardage en douglas fran\u00e7ais ont compl\u00e9t\u00e9 l\u2019ensemble. L\u2019utilisation de ce volume de bois correspond \u00e0 360 tonnes de CO2 capt\u00e9s par les arbres lors de leur croissance, gr\u00e2ce \u00e0 la photosynth\u00e8se, et 100 tonnes de carbone stock\u00e9es durablement dans ce b\u00e2timent.<\/p>\n<p>Ce projet s\u2019articule autour de la d\u00e9construction d\u2019une ancienne imprimerie et s\u2019inscrit dans une s\u00e9quence \u201cEviter R\u00e9duire Compenser\u201d en privil\u00e9giant de s\u2019implanter sur un site \u00e0 requalifier et d\u00e9j\u00e0 artificialis\u00e9. Des am\u00e9nagements paysagers viennent am\u00e9liorer l\u2019\u00e9tat existant, et quelques 6 000 tonnes de mat\u00e9riaux issus de la d\u00e9molition ont \u00e9galement \u00e9t\u00e9 r\u00e9utilis\u00e9s directement in situ pour construite la plateforme et les voiries du supermarch\u00e9 : un enjeu important en termes de r\u00e9emploi, d\u2019\u00e9conomie circulaire et de pr\u00e9servation des ressources. Le projet fait \u00e9galement la part belle aux \u00e9nergies renouvelables &#8211; la toiture est \u00e9quip\u00e9e de 900 m2 de panneaux photovolta\u00efques &#8211; et \u00e0 la mobilit\u00e9 douce avec ses points de charge pour v\u00e9hicules et v\u00e9los \u00e9lectriques. Surnomm\u00e9e \u201cLa Wood Valley\u201d, la r\u00e9gion est un berceau de la fili\u00e8re bois gr\u00e2ce \u00e0 la comp\u00e9titivit\u00e9 de son capital bois remarquable, la repr\u00e9sentation de tous les m\u00e9tiers d\u00e9di\u00e9s de la fili\u00e8re et autant de laboratoires, centres de recherches et de d\u00e9veloppement.<\/p>\n<p>Du 6 au 8 avril 2022, Lidl sera pr\u00e9sent aux c\u00f4t\u00e9s d\u2019Arbonis au Forum International Bois Construction \u00e0 \u00c9pinal et Nancy.<\/p>\n","protected":false},"excerpt":{"rendered":"<p>Lidl vient d&rsquo;ouvrir dans le centre-ville d\u2019\u00c9pinal son premier supermarch\u00e9 100% bois, premier supermarch\u00e9 du pays labellis\u00e9 BOIS DE FRANCE. Fruit d&rsquo;un partenariat entre Lidl, CBI et Arbonis, la structure du b\u00e2timent, murs et charpente, a \u00e9t\u00e9 r\u00e9alis\u00e9e avec 460 m3 de sapin et \u00e9pic\u00e9a, issus de deux massifs forestiers de proximit\u00e9 : le Jura [&hellip;]<\/p>\n","protected":false},"author":17,"featured_media":107148,"comment_status":"closed","ping_status":"closed","sticky":false,"template":"","format":"standard","meta":{"_et_pb_use_builder":"","_et_pb_old_content":"","_et_gb_content_width":"","footnotes":""},"categories":[10530,6340,10769,10764],"tags":[],"class_list":["post-107147","post","type-post","status-publish","format-standard","has-post-thumbnail","hentry","category-actualites","category-architecture-conception","category-publications","category-woodsurfer"],"yoast_head":"<!-- This site is optimized with the Yoast SEO plugin v27.4 - https:\/\/yoast.com\/product\/yoast-seo-wordpress\/ -->\n<title>Lidl ouvre son premier supermarch\u00e9 100% bois<\/title>\n<meta name=\"robots\" content=\"index, follow, max-snippet:-1, max-image-preview:large, max-video-preview:-1\" \/>\n<link rel=\"canonical\" href=\"https:\/\/batijournal.com\/index.php\/lidl-ouvre-son-premier-supermarche-100-bois\/107147\/\" \/>\n<meta property=\"og:locale\" content=\"fr_FR\" \/>\n<meta property=\"og:type\" content=\"article\" \/>\n<meta property=\"og:title\" content=\"Lidl ouvre son premier supermarch\u00e9 100% bois\" \/>\n<meta property=\"og:description\" content=\"Lidl vient d&rsquo;ouvrir dans le centre-ville d\u2019\u00c9pinal son premier supermarch\u00e9 100% bois, premier supermarch\u00e9 du pays labellis\u00e9 BOIS DE FRANCE. Fruit d&rsquo;un partenariat entre Lidl, CBI et Arbonis, la structure du b\u00e2timent, murs et charpente, a \u00e9t\u00e9 r\u00e9alis\u00e9e avec 460 m3 de sapin et \u00e9pic\u00e9a, issus de deux massifs forestiers de proximit\u00e9 : le Jura [&hellip;]\" \/>\n<meta property=\"og:url\" content=\"https:\/\/batijournal.com\/index.php\/lidl-ouvre-son-premier-supermarche-100-bois\/107147\/\" \/>\n<meta property=\"og:site_name\" content=\"Batijournal\" \/>\n<meta property=\"article:published_time\" content=\"2022-03-19T08:29:10+00:00\" \/>\n<meta property=\"og:image\" content=\"https:\/\/batijournal.com\/wp-content\/uploads\/2022\/03\/supermerche-en-bois-lidl.jpg\" \/>\n\t<meta property=\"og:image:width\" content=\"1000\" \/>\n\t<meta property=\"og:image:height\" content=\"750\" \/>\n\t<meta property=\"og:image:type\" content=\"image\/jpeg\" \/>\n<meta name=\"author\" content=\"St\u00e9phane Miget\" \/>\n<meta name=\"twitter:card\" content=\"summary_large_image\" \/>\n<meta name=\"twitter:creator\" content=\"@bati_journal\" \/>\n<meta name=\"twitter:site\" content=\"@bati_journal\" \/>\n<meta name=\"twitter:label1\" content=\"\u00c9crit par\" \/>\n\t<meta name=\"twitter:data1\" content=\"St\u00e9phane Miget\" \/>\n\t<meta name=\"twitter:label2\" content=\"Dur\u00e9e de lecture estim\u00e9e\" \/>\n\t<meta name=\"twitter:data2\" content=\"2 minutes\" \/>\n<script type=\"application\/ld+json\" class=\"yoast-schema-graph\">{\"@context\":\"https:\\\/\\\/schema.org\",\"@graph\":[{\"@type\":\"Article\",\"@id\":\"https:\\\/\\\/batijournal.com\\\/index.php\\\/lidl-ouvre-son-premier-supermarche-100-bois\\\/107147\\\/#article\",\"isPartOf\":{\"@id\":\"https:\\\/\\\/batijournal.com\\\/index.php\\\/lidl-ouvre-son-premier-supermarche-100-bois\\\/107147\\\/\"},\"author\":{\"name\":\"St\u00e9phane Miget\",\"@id\":\"https:\\\/\\\/batijournal.com\\\/#\\\/schema\\\/person\\\/1dc96ec6957aa1ccb25ebe78bb19f100\"},\"headline\":\"Lidl ouvre son premier supermarch\u00e9 100% bois\",\"datePublished\":\"2022-03-19T08:29:10+00:00\",\"mainEntityOfPage\":{\"@id\":\"https:\\\/\\\/batijournal.com\\\/index.php\\\/lidl-ouvre-son-premier-supermarche-100-bois\\\/107147\\\/\"},\"wordCount\":323,\"image\":{\"@id\":\"https:\\\/\\\/batijournal.com\\\/index.php\\\/lidl-ouvre-son-premier-supermarche-100-bois\\\/107147\\\/#primaryimage\"},\"thumbnailUrl\":\"https:\\\/\\\/batijournal.com\\\/wp-content\\\/uploads\\\/2022\\\/03\\\/supermerche-en-bois-lidl.jpg\",\"articleSection\":[\"Actualit\u00e9s\",\"Architecture &amp; Conception\",\"zz_Actualit\u00e9s - Woodsurfer\",\"zz_Woodsurfer\"],\"inLanguage\":\"fr-FR\"},{\"@type\":\"WebPage\",\"@id\":\"https:\\\/\\\/batijournal.com\\\/index.php\\\/lidl-ouvre-son-premier-supermarche-100-bois\\\/107147\\\/\",\"url\":\"https:\\\/\\\/batijournal.com\\\/index.php\\\/lidl-ouvre-son-premier-supermarche-100-bois\\\/107147\\\/\",\"name\":\"Lidl ouvre son premier supermarch\u00e9 100% bois\",\"isPartOf\":{\"@id\":\"https:\\\/\\\/batijournal.com\\\/#website\"},\"primaryImageOfPage\":{\"@id\":\"https:\\\/\\\/batijournal.com\\\/index.php\\\/lidl-ouvre-son-premier-supermarche-100-bois\\\/107147\\\/#primaryimage\"},\"image\":{\"@id\":\"https:\\\/\\\/batijournal.com\\\/index.php\\\/lidl-ouvre-son-premier-supermarche-100-bois\\\/107147\\\/#primaryimage\"},\"thumbnailUrl\":\"https:\\\/\\\/batijournal.com\\\/wp-content\\\/uploads\\\/2022\\\/03\\\/supermerche-en-bois-lidl.jpg\",\"datePublished\":\"2022-03-19T08:29:10+00:00\",\"author\":{\"@id\":\"https:\\\/\\\/batijournal.com\\\/#\\\/schema\\\/person\\\/1dc96ec6957aa1ccb25ebe78bb19f100\"},\"breadcrumb\":{\"@id\":\"https:\\\/\\\/batijournal.com\\\/index.php\\\/lidl-ouvre-son-premier-supermarche-100-bois\\\/107147\\\/#breadcrumb\"},\"inLanguage\":\"fr-FR\",\"potentialAction\":[{\"@type\":\"ReadAction\",\"target\":[\"https:\\\/\\\/batijournal.com\\\/index.php\\\/lidl-ouvre-son-premier-supermarche-100-bois\\\/107147\\\/\"]}]},{\"@type\":\"ImageObject\",\"inLanguage\":\"fr-FR\",\"@id\":\"https:\\\/\\\/batijournal.com\\\/index.php\\\/lidl-ouvre-son-premier-supermarche-100-bois\\\/107147\\\/#primaryimage\",\"url\":\"https:\\\/\\\/batijournal.com\\\/wp-content\\\/uploads\\\/2022\\\/03\\\/supermerche-en-bois-lidl.jpg\",\"contentUrl\":\"https:\\\/\\\/batijournal.com\\\/wp-content\\\/uploads\\\/2022\\\/03\\\/supermerche-en-bois-lidl.jpg\",\"width\":1000,\"height\":750},{\"@type\":\"BreadcrumbList\",\"@id\":\"https:\\\/\\\/batijournal.com\\\/index.php\\\/lidl-ouvre-son-premier-supermarche-100-bois\\\/107147\\\/#breadcrumb\",\"itemListElement\":[{\"@type\":\"ListItem\",\"position\":1,\"name\":\"Accueil\",\"item\":\"https:\\\/\\\/batijournal.com\\\/\"},{\"@type\":\"ListItem\",\"position\":2,\"name\":\"Actualit\u00e9s\",\"item\":\"https:\\\/\\\/batijournal.com\\\/index.php\\\/category\\\/actualites\\\/\"},{\"@type\":\"ListItem\",\"position\":3,\"name\":\"Lidl ouvre son premier supermarch\u00e9 100% bois\"}]},{\"@type\":\"WebSite\",\"@id\":\"https:\\\/\\\/batijournal.com\\\/#website\",\"url\":\"https:\\\/\\\/batijournal.com\\\/\",\"name\":\"Batijournal\",\"description\":\"L&#039;actualit\u00e9 du b\u00e2timent\",\"potentialAction\":[{\"@type\":\"SearchAction\",\"target\":{\"@type\":\"EntryPoint\",\"urlTemplate\":\"https:\\\/\\\/batijournal.com\\\/?s={search_term_string}\"},\"query-input\":{\"@type\":\"PropertyValueSpecification\",\"valueRequired\":true,\"valueName\":\"search_term_string\"}}],\"inLanguage\":\"fr-FR\"},{\"@type\":\"Person\",\"@id\":\"https:\\\/\\\/batijournal.com\\\/#\\\/schema\\\/person\\\/1dc96ec6957aa1ccb25ebe78bb19f100\",\"name\":\"St\u00e9phane Miget\",\"image\":{\"@type\":\"ImageObject\",\"inLanguage\":\"fr-FR\",\"@id\":\"https:\\\/\\\/secure.gravatar.com\\\/avatar\\\/89915563d925342126b8ef0281b93d9d7fc337043e8df017f780908eb9644451?s=96&d=mm&r=g\",\"url\":\"https:\\\/\\\/secure.gravatar.com\\\/avatar\\\/89915563d925342126b8ef0281b93d9d7fc337043e8df017f780908eb9644451?s=96&d=mm&r=g\",\"contentUrl\":\"https:\\\/\\\/secure.gravatar.com\\\/avatar\\\/89915563d925342126b8ef0281b93d9d7fc337043e8df017f780908eb9644451?s=96&d=mm&r=g\",\"caption\":\"St\u00e9phane Miget\"},\"url\":\"https:\\\/\\\/batijournal.com\\\/index.php\\\/author\\\/stephane\\\/\"}]}<\/script>\n<!-- \/ Yoast SEO plugin. -->","yoast_head_json":{"title":"Lidl ouvre son premier supermarch\u00e9 100% bois","robots":{"index":"index","follow":"follow","max-snippet":"max-snippet:-1","max-image-preview":"max-image-preview:large","max-video-preview":"max-video-preview:-1"},"canonical":"https:\/\/batijournal.com\/index.php\/lidl-ouvre-son-premier-supermarche-100-bois\/107147\/","og_locale":"fr_FR","og_type":"article","og_title":"Lidl ouvre son premier supermarch\u00e9 100% bois","og_description":"Lidl vient d&rsquo;ouvrir dans le centre-ville d\u2019\u00c9pinal son premier supermarch\u00e9 100% bois, premier supermarch\u00e9 du pays labellis\u00e9 BOIS DE FRANCE. Fruit d&rsquo;un partenariat entre Lidl, CBI et Arbonis, la structure du b\u00e2timent, murs et charpente, a \u00e9t\u00e9 r\u00e9alis\u00e9e avec 460 m3 de sapin et \u00e9pic\u00e9a, issus de deux massifs forestiers de proximit\u00e9 : le Jura [&hellip;]","og_url":"https:\/\/batijournal.com\/index.php\/lidl-ouvre-son-premier-supermarche-100-bois\/107147\/","og_site_name":"Batijournal","article_published_time":"2022-03-19T08:29:10+00:00","og_image":[{"width":1000,"height":750,"url":"https:\/\/batijournal.com\/wp-content\/uploads\/2022\/03\/supermerche-en-bois-lidl.jpg","type":"image\/jpeg"}],"author":"St\u00e9phane Miget","twitter_card":"summary_large_image","twitter_creator":"@bati_journal","twitter_site":"@bati_journal","twitter_misc":{"\u00c9crit par":"St\u00e9phane Miget","Dur\u00e9e de lecture estim\u00e9e":"2 minutes"},"schema":{"@context":"https:\/\/schema.org","@graph":[{"@type":"Article","@id":"https:\/\/batijournal.com\/index.php\/lidl-ouvre-son-premier-supermarche-100-bois\/107147\/#article","isPartOf":{"@id":"https:\/\/batijournal.com\/index.php\/lidl-ouvre-son-premier-supermarche-100-bois\/107147\/"},"author":{"name":"St\u00e9phane Miget","@id":"https:\/\/batijournal.com\/#\/schema\/person\/1dc96ec6957aa1ccb25ebe78bb19f100"},"headline":"Lidl ouvre son premier supermarch\u00e9 100% bois","datePublished":"2022-03-19T08:29:10+00:00","mainEntityOfPage":{"@id":"https:\/\/batijournal.com\/index.php\/lidl-ouvre-son-premier-supermarche-100-bois\/107147\/"},"wordCount":323,"image":{"@id":"https:\/\/batijournal.com\/index.php\/lidl-ouvre-son-premier-supermarche-100-bois\/107147\/#primaryimage"},"thumbnailUrl":"https:\/\/batijournal.com\/wp-content\/uploads\/2022\/03\/supermerche-en-bois-lidl.jpg","articleSection":["Actualit\u00e9s","Architecture &amp; Conception","zz_Actualit\u00e9s - Woodsurfer","zz_Woodsurfer"],"inLanguage":"fr-FR"},{"@type":"WebPage","@id":"https:\/\/batijournal.com\/index.php\/lidl-ouvre-son-premier-supermarche-100-bois\/107147\/","url":"https:\/\/batijournal.com\/index.php\/lidl-ouvre-son-premier-supermarche-100-bois\/107147\/","name":"Lidl ouvre son premier supermarch\u00e9 100% bois","isPartOf":{"@id":"https:\/\/batijournal.com\/#website"},"primaryImageOfPage":{"@id":"https:\/\/batijournal.com\/index.php\/lidl-ouvre-son-premier-supermarche-100-bois\/107147\/#primaryimage"},"image":{"@id":"https:\/\/batijournal.com\/index.php\/lidl-ouvre-son-premier-supermarche-100-bois\/107147\/#primaryimage"},"thumbnailUrl":"https:\/\/batijournal.com\/wp-content\/uploads\/2022\/03\/supermerche-en-bois-lidl.jpg","datePublished":"2022-03-19T08:29:10+00:00","author":{"@id":"https:\/\/batijournal.com\/#\/schema\/person\/1dc96ec6957aa1ccb25ebe78bb19f100"},"breadcrumb":{"@id":"https:\/\/batijournal.com\/index.php\/lidl-ouvre-son-premier-supermarche-100-bois\/107147\/#breadcrumb"},"inLanguage":"fr-FR","potentialAction":[{"@type":"ReadAction","target":["https:\/\/batijournal.com\/index.php\/lidl-ouvre-son-premier-supermarche-100-bois\/107147\/"]}]},{"@type":"ImageObject","inLanguage":"fr-FR","@id":"https:\/\/batijournal.com\/index.php\/lidl-ouvre-son-premier-supermarche-100-bois\/107147\/#primaryimage","url":"https:\/\/batijournal.com\/wp-content\/uploads\/2022\/03\/supermerche-en-bois-lidl.jpg","contentUrl":"https:\/\/batijournal.com\/wp-content\/uploads\/2022\/03\/supermerche-en-bois-lidl.jpg","width":1000,"height":750},{"@type":"BreadcrumbList","@id":"https:\/\/batijournal.com\/index.php\/lidl-ouvre-son-premier-supermarche-100-bois\/107147\/#breadcrumb","itemListElement":[{"@type":"ListItem","position":1,"name":"Accueil","item":"https:\/\/batijournal.com\/"},{"@type":"ListItem","position":2,"name":"Actualit\u00e9s","item":"https:\/\/batijournal.com\/index.php\/category\/actualites\/"},{"@type":"ListItem","position":3,"name":"Lidl ouvre son premier supermarch\u00e9 100% bois"}]},{"@type":"WebSite","@id":"https:\/\/batijournal.com\/#website","url":"https:\/\/batijournal.com\/","name":"Batijournal","description":"L&#039;actualit\u00e9 du b\u00e2timent","potentialAction":[{"@type":"SearchAction","target":{"@type":"EntryPoint","urlTemplate":"https:\/\/batijournal.com\/?s={search_term_string}"},"query-input":{"@type":"PropertyValueSpecification","valueRequired":true,"valueName":"search_term_string"}}],"inLanguage":"fr-FR"},{"@type":"Person","@id":"https:\/\/batijournal.com\/#\/schema\/person\/1dc96ec6957aa1ccb25ebe78bb19f100","name":"St\u00e9phane Miget","image":{"@type":"ImageObject","inLanguage":"fr-FR","@id":"https:\/\/secure.gravatar.com\/avatar\/89915563d925342126b8ef0281b93d9d7fc337043e8df017f780908eb9644451?s=96&d=mm&r=g","url":"https:\/\/secure.gravatar.com\/avatar\/89915563d925342126b8ef0281b93d9d7fc337043e8df017f780908eb9644451?s=96&d=mm&r=g","contentUrl":"https:\/\/secure.gravatar.com\/avatar\/89915563d925342126b8ef0281b93d9d7fc337043e8df017f780908eb9644451?s=96&d=mm&r=g","caption":"St\u00e9phane Miget"},"url":"https:\/\/batijournal.com\/index.php\/author\/stephane\/"}]}},"_links":{"self":[{"href":"https:\/\/batijournal.com\/index.php\/wp-json\/wp\/v2\/posts\/107147","targetHints":{"allow":["GET"]}}],"collection":[{"href":"https:\/\/batijournal.com\/index.php\/wp-json\/wp\/v2\/posts"}],"about":[{"href":"https:\/\/batijournal.com\/index.php\/wp-json\/wp\/v2\/types\/post"}],"author":[{"embeddable":true,"href":"https:\/\/batijournal.com\/index.php\/wp-json\/wp\/v2\/users\/17"}],"replies":[{"embeddable":true,"href":"https:\/\/batijournal.com\/index.php\/wp-json\/wp\/v2\/comments?post=107147"}],"version-history":[{"count":0,"href":"https:\/\/batijournal.com\/index.php\/wp-json\/wp\/v2\/posts\/107147\/revisions"}],"wp:featuredmedia":[{"embeddable":true,"href":"https:\/\/batijournal.com\/index.php\/wp-json\/wp\/v2\/media\/107148"}],"wp:attachment":[{"href":"https:\/\/batijournal.com\/index.php\/wp-json\/wp\/v2\/media?parent=107147"}],"wp:term":[{"taxonomy":"category","embeddable":true,"href":"https:\/\/batijournal.com\/index.php\/wp-json\/wp\/v2\/categories?post=107147"},{"taxonomy":"post_tag","embeddable":true,"href":"https:\/\/batijournal.com\/index.php\/wp-json\/wp\/v2\/tags?post=107147"}],"curies":[{"name":"wp","href":"https:\/\/api.w.org\/{rel}","templated":true}]}}