{"id":107149,"date":"2022-03-19T09:30:48","date_gmt":"2022-03-19T08:30:48","guid":{"rendered":"https:\/\/batijournal.com\/?p=107149"},"modified":"2022-03-19T09:30:48","modified_gmt":"2022-03-19T08:30:48","slug":"assises-de-la-forets-et-du-bois-objectifs-ambitieux-et-augmentation-des-aides","status":"publish","type":"post","link":"https:\/\/batijournal.com\/index.php\/assises-de-la-forets-et-du-bois-objectifs-ambitieux-et-augmentation-des-aides\/107149\/","title":{"rendered":"Assises de la For\u00eats et du Bois : objectifs ambitieux et augmentation des aides"},"content":{"rendered":"<p>Le 16 mars 2022, Julien Denormandie et B\u00e9rang\u00e8re Abba, secr\u00e9taire d\u2019\u00c9tat charg\u00e9e de la Biodiversit\u00e9, ont cl\u00f4tur\u00e9 les Assises de la For\u00eats et du Bois. Ces Assises ont \u00e9t\u00e9 lanc\u00e9es en octobre 2021 \u00e0 l&rsquo;initiative du Premier ministre. L\u2019objectif a \u00e9t\u00e9 de faire converger les diff\u00e9rentes strat\u00e9gies et les int\u00e9r\u00eats de l\u2019ensemble des acteurs autour d&rsquo;une vision multifonctionnelle de la for\u00eat, richesse de la France. Les Assises ont permis de r\u00e9unir pr\u00e8s de 480 participants via les quatre groupes de travail associant \u00e9lus, repr\u00e9sentants de la fili\u00e8re, scientifiques et principales ONG engag\u00e9es sur le sujet. Les territoires de m\u00e9tropole et d\u2019Outre-Mer ont particip\u00e9 aux travaux par des contributions des Commissions r\u00e9gionales de la For\u00eat et du Bois et du Comit\u00e9 consultatif des for\u00eats d\u2019Outre-Mer de l&rsquo;Office national des for\u00eats (ONF). Pour les membres du gouvernement, l\u2019objectif est aujourd\u2019hui pleinement atteint avec des avanc\u00e9es concr\u00e8tes pour la p\u00e9rennit\u00e9 des for\u00eats et le d\u00e9veloppement de la fili\u00e8re bois-for\u00eat et bois-construction. Quatres piliers ont \u00e9t\u00e9 d\u00e9finis : relever le d\u00e9fi de la connaissance pour dresser un \u00e9tat d\u00e9taill\u00e9 de la for\u00eat, suivre et anticiper ses \u00e9volutions, et accompagner les propri\u00e9taires forestiers dans leurs choix face au changement climatique ; poursuivre et p\u00e9renniser les financements d\u00e9di\u00e9s au renouvellement de for\u00eats plus r\u00e9silientes et riches de biodiversit\u00e9 ; investir massivement pour assurer l\u2019innovation et la comp\u00e9titivit\u00e9 de la fili\u00e8re industrielle bois (plus de 400 millions d\u2019euros nouvellement mobilis\u00e9s avec France 2030 pour d\u00e9velopper une industrie du bois souveraine) et exp\u00e9rimenter des nouvelles formes de dialogue national et territorial pour la conduite des politiques foresti\u00e8res et p\u00e9renniser la dynamique des Assises.<\/p>\n<h2>Soutenir les maillons industriels de la fili\u00e8re<\/h2>\n<p>Face aux besoins croissants li\u00e9s \u00e0 la construction bas-carbone, il est indispensable de disposer d\u2019un outil industriel plus structur\u00e9 et capable de mieux valoriser la ressource disponible au plan national. Face \u00e0 l\u2019importation massive de produits transform\u00e9s \u00e0 partir du bois, parfois m\u00eame de bois fran\u00e7ais, il existe un v\u00e9ritable enjeu \u00e0 renforcer le circuit court, en augmentant la part de produits issus de nos massifs forestiers et transform\u00e9s sur le territoire national. 400 millions d\u2019euros sont d\u00e9ploy\u00e9s d\u00e8s le mois de mars 2022.<br \/>\nLanc\u00e9 en juillet 2021, l&rsquo;appel \u00e0 projets \u00ab Industrialisation des produits et syst\u00e8mes constructifs bois et biosourc\u00e9s \u00bb est renforc\u00e9 de 180 millions d\u2019euros, il s\u2019inscrit dans le cadre du PIA 4, pour la strat\u00e9gie d\u2019acc\u00e9l\u00e9ration \u00ab Ville Durable et B\u00e2timents innovants \u00bb dont un des objectifs est de soutenir la massification de la construction et de la r\u00e9novation bois et d\u2019anticiper une mont\u00e9e en charge de la construction bois et biosourc\u00e9e avec la mise en \u0153uvre de la RE2020. Cet appel \u00e0 projets soutient des entreprises innovantes et mobilis\u00e9es dans la valorisation industrielle du bois-construction. Il a d\u00e9j\u00e0 pr\u00e9sent\u00e9 en novembre 2021 les 10 premiers laur\u00e9ats pour un montant global de pr\u00e8s de 16 millions d\u2019euros dont le projet \u00ab BLC \u00bb de l\u2019entreprise MANUBOIS, situ\u00e9e aux Grandes Ventes (76) qui a d\u2019ores et d\u00e9j\u00e0 b\u00e9n\u00e9fici\u00e9 du dispositif pour la cr\u00e9ation d\u2019une unit\u00e9 de production industrielle de poteaux et poutres en bois lamell\u00e9 coll\u00e9 valorisant les grumes de h\u00eatres locales et de basses qualit\u00e9s pour le march\u00e9 en France pour 1,6 M\u20ac. Le projet \u00ab CLT INNOVANT \u00bb de l\u2019entreprise Schilliger Bois, situ\u00e9e \u00e0 Volgelsheim (68) pour la production d\u2019une ligne de Bois lamell\u00e9 crois\u00e9 (CLT) a b\u00e9n\u00e9fici\u00e9 de 1,8 M\u20ac. Ces investissements permettront \u00e9galement d\u2019aider les entreprises \u00e0 d\u00e9velopper les outils en termes de num\u00e9risation, d\u2019organisation de la chaine d\u2019approvisionnement, et de modernisation des \u00e9quipements pour favoriser notamment le d\u00e9veloppement des relations contractuelles entre les acteurs de la fili\u00e8re (mesurage fiabilis\u00e9, donn\u00e9es interop\u00e9rables, informatique embarqu\u00e9e pour optimisation logistique&#8230;).<\/p>\n","protected":false},"excerpt":{"rendered":"<p>Le 16 mars 2022, Julien Denormandie et B\u00e9rang\u00e8re Abba, secr\u00e9taire d\u2019\u00c9tat charg\u00e9e de la Biodiversit\u00e9, ont cl\u00f4tur\u00e9 les Assises de la For\u00eats et du Bois. Ces Assises ont \u00e9t\u00e9 lanc\u00e9es en octobre 2021 \u00e0 l&rsquo;initiative du Premier ministre. L\u2019objectif a \u00e9t\u00e9 de faire converger les diff\u00e9rentes strat\u00e9gies et les int\u00e9r\u00eats de l\u2019ensemble des acteurs autour [&hellip;]<\/p>\n","protected":false},"author":17,"featured_media":86777,"comment_status":"closed","ping_status":"closed","sticky":false,"template":"","format":"standard","meta":{"_et_pb_use_builder":"","_et_pb_old_content":"","_et_gb_content_width":"","footnotes":""},"categories":[10530,6345,10769,10764],"tags":[1017],"class_list":["post-107149","post","type-post","status-publish","format-standard","has-post-thumbnail","hentry","category-actualites","category-economie-marches","category-publications","category-woodsurfer","tag-filiere-bois"],"yoast_head":"<!-- This site is optimized with the Yoast SEO plugin v27.4 - https:\/\/yoast.com\/product\/yoast-seo-wordpress\/ -->\n<title>Assises de la For\u00eats et du Bois : objectifs ambitieux et augmentation des aides<\/title>\n<meta name=\"robots\" content=\"index, follow, max-snippet:-1, max-image-preview:large, max-video-preview:-1\" \/>\n<link rel=\"canonical\" href=\"https:\/\/batijournal.com\/index.php\/assises-de-la-forets-et-du-bois-objectifs-ambitieux-et-augmentation-des-aides\/107149\/\" \/>\n<meta property=\"og:locale\" content=\"fr_FR\" \/>\n<meta property=\"og:type\" content=\"article\" \/>\n<meta property=\"og:title\" content=\"Assises de la For\u00eats et du Bois : objectifs ambitieux et augmentation des aides\" \/>\n<meta property=\"og:description\" content=\"Le 16 mars 2022, Julien Denormandie et B\u00e9rang\u00e8re Abba, secr\u00e9taire d\u2019\u00c9tat charg\u00e9e de la Biodiversit\u00e9, ont cl\u00f4tur\u00e9 les Assises de la For\u00eats et du Bois. Ces Assises ont \u00e9t\u00e9 lanc\u00e9es en octobre 2021 \u00e0 l&rsquo;initiative du Premier ministre. L\u2019objectif a \u00e9t\u00e9 de faire converger les diff\u00e9rentes strat\u00e9gies et les int\u00e9r\u00eats de l\u2019ensemble des acteurs autour [&hellip;]\" \/>\n<meta property=\"og:url\" content=\"https:\/\/batijournal.com\/index.php\/assises-de-la-forets-et-du-bois-objectifs-ambitieux-et-augmentation-des-aides\/107149\/\" \/>\n<meta property=\"og:site_name\" content=\"Batijournal\" \/>\n<meta property=\"article:published_time\" content=\"2022-03-19T08:30:48+00:00\" \/>\n<meta property=\"og:image\" content=\"https:\/\/batijournal.com\/wp-content\/uploads\/2015\/04\/foret1.jpg\" \/>\n\t<meta property=\"og:image:width\" content=\"600\" \/>\n\t<meta property=\"og:image:height\" content=\"400\" \/>\n\t<meta property=\"og:image:type\" content=\"image\/jpeg\" \/>\n<meta name=\"author\" content=\"St\u00e9phane Miget\" \/>\n<meta name=\"twitter:card\" content=\"summary_large_image\" \/>\n<meta name=\"twitter:creator\" content=\"@bati_journal\" \/>\n<meta name=\"twitter:site\" content=\"@bati_journal\" \/>\n<meta name=\"twitter:label1\" content=\"\u00c9crit par\" \/>\n\t<meta name=\"twitter:data1\" content=\"St\u00e9phane Miget\" \/>\n\t<meta name=\"twitter:label2\" content=\"Dur\u00e9e de lecture estim\u00e9e\" \/>\n\t<meta name=\"twitter:data2\" content=\"3 minutes\" \/>\n<script type=\"application\/ld+json\" class=\"yoast-schema-graph\">{\"@context\":\"https:\\\/\\\/schema.org\",\"@graph\":[{\"@type\":\"Article\",\"@id\":\"https:\\\/\\\/batijournal.com\\\/index.php\\\/assises-de-la-forets-et-du-bois-objectifs-ambitieux-et-augmentation-des-aides\\\/107149\\\/#article\",\"isPartOf\":{\"@id\":\"https:\\\/\\\/batijournal.com\\\/index.php\\\/assises-de-la-forets-et-du-bois-objectifs-ambitieux-et-augmentation-des-aides\\\/107149\\\/\"},\"author\":{\"name\":\"St\u00e9phane Miget\",\"@id\":\"https:\\\/\\\/batijournal.com\\\/#\\\/schema\\\/person\\\/1dc96ec6957aa1ccb25ebe78bb19f100\"},\"headline\":\"Assises de la For\u00eats et du Bois : objectifs ambitieux et augmentation des aides\",\"datePublished\":\"2022-03-19T08:30:48+00:00\",\"mainEntityOfPage\":{\"@id\":\"https:\\\/\\\/batijournal.com\\\/index.php\\\/assises-de-la-forets-et-du-bois-objectifs-ambitieux-et-augmentation-des-aides\\\/107149\\\/\"},\"wordCount\":698,\"image\":{\"@id\":\"https:\\\/\\\/batijournal.com\\\/index.php\\\/assises-de-la-forets-et-du-bois-objectifs-ambitieux-et-augmentation-des-aides\\\/107149\\\/#primaryimage\"},\"thumbnailUrl\":\"https:\\\/\\\/batijournal.com\\\/wp-content\\\/uploads\\\/2015\\\/04\\\/foret1.jpg\",\"keywords\":[\"fili\u00e8re bois\"],\"articleSection\":[\"Actualit\u00e9s\",\"\u00c9conomie &amp; March\u00e9s\",\"zz_Actualit\u00e9s - Woodsurfer\",\"zz_Woodsurfer\"],\"inLanguage\":\"fr-FR\"},{\"@type\":\"WebPage\",\"@id\":\"https:\\\/\\\/batijournal.com\\\/index.php\\\/assises-de-la-forets-et-du-bois-objectifs-ambitieux-et-augmentation-des-aides\\\/107149\\\/\",\"url\":\"https:\\\/\\\/batijournal.com\\\/index.php\\\/assises-de-la-forets-et-du-bois-objectifs-ambitieux-et-augmentation-des-aides\\\/107149\\\/\",\"name\":\"Assises de la For\u00eats et du Bois : objectifs ambitieux et augmentation des aides\",\"isPartOf\":{\"@id\":\"https:\\\/\\\/batijournal.com\\\/#website\"},\"primaryImageOfPage\":{\"@id\":\"https:\\\/\\\/batijournal.com\\\/index.php\\\/assises-de-la-forets-et-du-bois-objectifs-ambitieux-et-augmentation-des-aides\\\/107149\\\/#primaryimage\"},\"image\":{\"@id\":\"https:\\\/\\\/batijournal.com\\\/index.php\\\/assises-de-la-forets-et-du-bois-objectifs-ambitieux-et-augmentation-des-aides\\\/107149\\\/#primaryimage\"},\"thumbnailUrl\":\"https:\\\/\\\/batijournal.com\\\/wp-content\\\/uploads\\\/2015\\\/04\\\/foret1.jpg\",\"datePublished\":\"2022-03-19T08:30:48+00:00\",\"author\":{\"@id\":\"https:\\\/\\\/batijournal.com\\\/#\\\/schema\\\/person\\\/1dc96ec6957aa1ccb25ebe78bb19f100\"},\"breadcrumb\":{\"@id\":\"https:\\\/\\\/batijournal.com\\\/index.php\\\/assises-de-la-forets-et-du-bois-objectifs-ambitieux-et-augmentation-des-aides\\\/107149\\\/#breadcrumb\"},\"inLanguage\":\"fr-FR\",\"potentialAction\":[{\"@type\":\"ReadAction\",\"target\":[\"https:\\\/\\\/batijournal.com\\\/index.php\\\/assises-de-la-forets-et-du-bois-objectifs-ambitieux-et-augmentation-des-aides\\\/107149\\\/\"]}]},{\"@type\":\"ImageObject\",\"inLanguage\":\"fr-FR\",\"@id\":\"https:\\\/\\\/batijournal.com\\\/index.php\\\/assises-de-la-forets-et-du-bois-objectifs-ambitieux-et-augmentation-des-aides\\\/107149\\\/#primaryimage\",\"url\":\"https:\\\/\\\/batijournal.com\\\/wp-content\\\/uploads\\\/2015\\\/04\\\/foret1.jpg\",\"contentUrl\":\"https:\\\/\\\/batijournal.com\\\/wp-content\\\/uploads\\\/2015\\\/04\\\/foret1.jpg\",\"width\":600,\"height\":400},{\"@type\":\"BreadcrumbList\",\"@id\":\"https:\\\/\\\/batijournal.com\\\/index.php\\\/assises-de-la-forets-et-du-bois-objectifs-ambitieux-et-augmentation-des-aides\\\/107149\\\/#breadcrumb\",\"itemListElement\":[{\"@type\":\"ListItem\",\"position\":1,\"name\":\"Accueil\",\"item\":\"https:\\\/\\\/batijournal.com\\\/\"},{\"@type\":\"ListItem\",\"position\":2,\"name\":\"Actualit\u00e9s\",\"item\":\"https:\\\/\\\/batijournal.com\\\/index.php\\\/category\\\/actualites\\\/\"},{\"@type\":\"ListItem\",\"position\":3,\"name\":\"Assises de la For\u00eats et du Bois : objectifs ambitieux et augmentation des aides\"}]},{\"@type\":\"WebSite\",\"@id\":\"https:\\\/\\\/batijournal.com\\\/#website\",\"url\":\"https:\\\/\\\/batijournal.com\\\/\",\"name\":\"Batijournal\",\"description\":\"L&#039;actualit\u00e9 du b\u00e2timent\",\"potentialAction\":[{\"@type\":\"SearchAction\",\"target\":{\"@type\":\"EntryPoint\",\"urlTemplate\":\"https:\\\/\\\/batijournal.com\\\/?s={search_term_string}\"},\"query-input\":{\"@type\":\"PropertyValueSpecification\",\"valueRequired\":true,\"valueName\":\"search_term_string\"}}],\"inLanguage\":\"fr-FR\"},{\"@type\":\"Person\",\"@id\":\"https:\\\/\\\/batijournal.com\\\/#\\\/schema\\\/person\\\/1dc96ec6957aa1ccb25ebe78bb19f100\",\"name\":\"St\u00e9phane Miget\",\"image\":{\"@type\":\"ImageObject\",\"inLanguage\":\"fr-FR\",\"@id\":\"https:\\\/\\\/secure.gravatar.com\\\/avatar\\\/89915563d925342126b8ef0281b93d9d7fc337043e8df017f780908eb9644451?s=96&d=mm&r=g\",\"url\":\"https:\\\/\\\/secure.gravatar.com\\\/avatar\\\/89915563d925342126b8ef0281b93d9d7fc337043e8df017f780908eb9644451?s=96&d=mm&r=g\",\"contentUrl\":\"https:\\\/\\\/secure.gravatar.com\\\/avatar\\\/89915563d925342126b8ef0281b93d9d7fc337043e8df017f780908eb9644451?s=96&d=mm&r=g\",\"caption\":\"St\u00e9phane Miget\"},\"url\":\"https:\\\/\\\/batijournal.com\\\/index.php\\\/author\\\/stephane\\\/\"}]}<\/script>\n<!-- \/ Yoast SEO plugin. -->","yoast_head_json":{"title":"Assises de la For\u00eats et du Bois : objectifs ambitieux et augmentation des aides","robots":{"index":"index","follow":"follow","max-snippet":"max-snippet:-1","max-image-preview":"max-image-preview:large","max-video-preview":"max-video-preview:-1"},"canonical":"https:\/\/batijournal.com\/index.php\/assises-de-la-forets-et-du-bois-objectifs-ambitieux-et-augmentation-des-aides\/107149\/","og_locale":"fr_FR","og_type":"article","og_title":"Assises de la For\u00eats et du Bois : objectifs ambitieux et augmentation des aides","og_description":"Le 16 mars 2022, Julien Denormandie et B\u00e9rang\u00e8re Abba, secr\u00e9taire d\u2019\u00c9tat charg\u00e9e de la Biodiversit\u00e9, ont cl\u00f4tur\u00e9 les Assises de la For\u00eats et du Bois. Ces Assises ont \u00e9t\u00e9 lanc\u00e9es en octobre 2021 \u00e0 l&rsquo;initiative du Premier ministre. L\u2019objectif a \u00e9t\u00e9 de faire converger les diff\u00e9rentes strat\u00e9gies et les int\u00e9r\u00eats de l\u2019ensemble des acteurs autour [&hellip;]","og_url":"https:\/\/batijournal.com\/index.php\/assises-de-la-forets-et-du-bois-objectifs-ambitieux-et-augmentation-des-aides\/107149\/","og_site_name":"Batijournal","article_published_time":"2022-03-19T08:30:48+00:00","og_image":[{"width":600,"height":400,"url":"https:\/\/batijournal.com\/wp-content\/uploads\/2015\/04\/foret1.jpg","type":"image\/jpeg"}],"author":"St\u00e9phane Miget","twitter_card":"summary_large_image","twitter_creator":"@bati_journal","twitter_site":"@bati_journal","twitter_misc":{"\u00c9crit par":"St\u00e9phane Miget","Dur\u00e9e de lecture estim\u00e9e":"3 minutes"},"schema":{"@context":"https:\/\/schema.org","@graph":[{"@type":"Article","@id":"https:\/\/batijournal.com\/index.php\/assises-de-la-forets-et-du-bois-objectifs-ambitieux-et-augmentation-des-aides\/107149\/#article","isPartOf":{"@id":"https:\/\/batijournal.com\/index.php\/assises-de-la-forets-et-du-bois-objectifs-ambitieux-et-augmentation-des-aides\/107149\/"},"author":{"name":"St\u00e9phane Miget","@id":"https:\/\/batijournal.com\/#\/schema\/person\/1dc96ec6957aa1ccb25ebe78bb19f100"},"headline":"Assises de la For\u00eats et du Bois : objectifs ambitieux et augmentation des aides","datePublished":"2022-03-19T08:30:48+00:00","mainEntityOfPage":{"@id":"https:\/\/batijournal.com\/index.php\/assises-de-la-forets-et-du-bois-objectifs-ambitieux-et-augmentation-des-aides\/107149\/"},"wordCount":698,"image":{"@id":"https:\/\/batijournal.com\/index.php\/assises-de-la-forets-et-du-bois-objectifs-ambitieux-et-augmentation-des-aides\/107149\/#primaryimage"},"thumbnailUrl":"https:\/\/batijournal.com\/wp-content\/uploads\/2015\/04\/foret1.jpg","keywords":["fili\u00e8re bois"],"articleSection":["Actualit\u00e9s","\u00c9conomie &amp; March\u00e9s","zz_Actualit\u00e9s - Woodsurfer","zz_Woodsurfer"],"inLanguage":"fr-FR"},{"@type":"WebPage","@id":"https:\/\/batijournal.com\/index.php\/assises-de-la-forets-et-du-bois-objectifs-ambitieux-et-augmentation-des-aides\/107149\/","url":"https:\/\/batijournal.com\/index.php\/assises-de-la-forets-et-du-bois-objectifs-ambitieux-et-augmentation-des-aides\/107149\/","name":"Assises de la For\u00eats et du Bois : objectifs ambitieux et augmentation des aides","isPartOf":{"@id":"https:\/\/batijournal.com\/#website"},"primaryImageOfPage":{"@id":"https:\/\/batijournal.com\/index.php\/assises-de-la-forets-et-du-bois-objectifs-ambitieux-et-augmentation-des-aides\/107149\/#primaryimage"},"image":{"@id":"https:\/\/batijournal.com\/index.php\/assises-de-la-forets-et-du-bois-objectifs-ambitieux-et-augmentation-des-aides\/107149\/#primaryimage"},"thumbnailUrl":"https:\/\/batijournal.com\/wp-content\/uploads\/2015\/04\/foret1.jpg","datePublished":"2022-03-19T08:30:48+00:00","author":{"@id":"https:\/\/batijournal.com\/#\/schema\/person\/1dc96ec6957aa1ccb25ebe78bb19f100"},"breadcrumb":{"@id":"https:\/\/batijournal.com\/index.php\/assises-de-la-forets-et-du-bois-objectifs-ambitieux-et-augmentation-des-aides\/107149\/#breadcrumb"},"inLanguage":"fr-FR","potentialAction":[{"@type":"ReadAction","target":["https:\/\/batijournal.com\/index.php\/assises-de-la-forets-et-du-bois-objectifs-ambitieux-et-augmentation-des-aides\/107149\/"]}]},{"@type":"ImageObject","inLanguage":"fr-FR","@id":"https:\/\/batijournal.com\/index.php\/assises-de-la-forets-et-du-bois-objectifs-ambitieux-et-augmentation-des-aides\/107149\/#primaryimage","url":"https:\/\/batijournal.com\/wp-content\/uploads\/2015\/04\/foret1.jpg","contentUrl":"https:\/\/batijournal.com\/wp-content\/uploads\/2015\/04\/foret1.jpg","width":600,"height":400},{"@type":"BreadcrumbList","@id":"https:\/\/batijournal.com\/index.php\/assises-de-la-forets-et-du-bois-objectifs-ambitieux-et-augmentation-des-aides\/107149\/#breadcrumb","itemListElement":[{"@type":"ListItem","position":1,"name":"Accueil","item":"https:\/\/batijournal.com\/"},{"@type":"ListItem","position":2,"name":"Actualit\u00e9s","item":"https:\/\/batijournal.com\/index.php\/category\/actualites\/"},{"@type":"ListItem","position":3,"name":"Assises de la For\u00eats et du Bois : objectifs ambitieux et augmentation des aides"}]},{"@type":"WebSite","@id":"https:\/\/batijournal.com\/#website","url":"https:\/\/batijournal.com\/","name":"Batijournal","description":"L&#039;actualit\u00e9 du b\u00e2timent","potentialAction":[{"@type":"SearchAction","target":{"@type":"EntryPoint","urlTemplate":"https:\/\/batijournal.com\/?s={search_term_string}"},"query-input":{"@type":"PropertyValueSpecification","valueRequired":true,"valueName":"search_term_string"}}],"inLanguage":"fr-FR"},{"@type":"Person","@id":"https:\/\/batijournal.com\/#\/schema\/person\/1dc96ec6957aa1ccb25ebe78bb19f100","name":"St\u00e9phane Miget","image":{"@type":"ImageObject","inLanguage":"fr-FR","@id":"https:\/\/secure.gravatar.com\/avatar\/89915563d925342126b8ef0281b93d9d7fc337043e8df017f780908eb9644451?s=96&d=mm&r=g","url":"https:\/\/secure.gravatar.com\/avatar\/89915563d925342126b8ef0281b93d9d7fc337043e8df017f780908eb9644451?s=96&d=mm&r=g","contentUrl":"https:\/\/secure.gravatar.com\/avatar\/89915563d925342126b8ef0281b93d9d7fc337043e8df017f780908eb9644451?s=96&d=mm&r=g","caption":"St\u00e9phane Miget"},"url":"https:\/\/batijournal.com\/index.php\/author\/stephane\/"}]}},"_links":{"self":[{"href":"https:\/\/batijournal.com\/index.php\/wp-json\/wp\/v2\/posts\/107149","targetHints":{"allow":["GET"]}}],"collection":[{"href":"https:\/\/batijournal.com\/index.php\/wp-json\/wp\/v2\/posts"}],"about":[{"href":"https:\/\/batijournal.com\/index.php\/wp-json\/wp\/v2\/types\/post"}],"author":[{"embeddable":true,"href":"https:\/\/batijournal.com\/index.php\/wp-json\/wp\/v2\/users\/17"}],"replies":[{"embeddable":true,"href":"https:\/\/batijournal.com\/index.php\/wp-json\/wp\/v2\/comments?post=107149"}],"version-history":[{"count":0,"href":"https:\/\/batijournal.com\/index.php\/wp-json\/wp\/v2\/posts\/107149\/revisions"}],"wp:featuredmedia":[{"embeddable":true,"href":"https:\/\/batijournal.com\/index.php\/wp-json\/wp\/v2\/media\/86777"}],"wp:attachment":[{"href":"https:\/\/batijournal.com\/index.php\/wp-json\/wp\/v2\/media?parent=107149"}],"wp:term":[{"taxonomy":"category","embeddable":true,"href":"https:\/\/batijournal.com\/index.php\/wp-json\/wp\/v2\/categories?post=107149"},{"taxonomy":"post_tag","embeddable":true,"href":"https:\/\/batijournal.com\/index.php\/wp-json\/wp\/v2\/tags?post=107149"}],"curies":[{"name":"wp","href":"https:\/\/api.w.org\/{rel}","templated":true}]}}