{"id":107160,"date":"2022-03-23T11:26:50","date_gmt":"2022-03-23T10:26:50","guid":{"rendered":"https:\/\/batijournal.com\/?p=107160"},"modified":"2022-03-23T11:26:50","modified_gmt":"2022-03-23T10:26:50","slug":"colloque-patrimoines-et-architecture-quels-risques-quelles-experiences-en-europe","status":"publish","type":"post","link":"https:\/\/batijournal.com\/index.php\/colloque-patrimoines-et-architecture-quels-risques-quelles-experiences-en-europe\/107160\/","title":{"rendered":"Colloque \u00ab Patrimoines et architecture : quels risques, quelles exp\u00e9riences en Europe ? \u00bb"},"content":{"rendered":"<p>Face aux menaces qui p\u00e8sent sur les patrimoines et l\u2019architecture, des r\u00e9flexions et des \u00e9changes sont n\u00e9cessaires au niveau europ\u00e9en pour am\u00e9liorer le niveau de connaissances, anticiper les diff\u00e9rents types de risques et \u00e9changer sur les solutions \u00e0 mettre en \u0153uvre. Ces enjeux feront l\u2019objet d\u2019un colloque organis\u00e9 les 24 et 25 mars \u00e0 l\u2019Institut national du patrimoine (INP), \u00e0 Paris. A l\u2019occasion de six tables rondes, qui r\u00e9uniront des repr\u00e9sentants d\u2019institutions patrimoniales, de l\u2019Union europ\u00e9enne, de la soci\u00e9t\u00e9 civile, des experts, sp\u00e9cialistes et personnalit\u00e9s, seront ainsi abord\u00e9es les diff\u00e9rentes typologies de risques et menaces qui p\u00e8sent aujourd\u2019hui sur le patrimoine, les mus\u00e9es, les archives et l\u2019architecture europ\u00e9enne.<\/p>\n<p><a href=\"https:\/\/presidence-francaise.consilium.europa.eu\/media\/5uiiyyyz\/programme-patrimoine-et-risques-24_25_mars_2022_fr.pdf\">Programme<\/a><\/p>\n","protected":false},"excerpt":{"rendered":"<p>Face aux menaces qui p\u00e8sent sur les patrimoines et l\u2019architecture, des r\u00e9flexions et des \u00e9changes sont n\u00e9cessaires au niveau europ\u00e9en pour am\u00e9liorer le niveau de connaissances, anticiper les diff\u00e9rents types de risques et \u00e9changer sur les solutions \u00e0 mettre en \u0153uvre. Ces enjeux feront l\u2019objet d\u2019un colloque organis\u00e9 les 24 et 25 mars \u00e0 l\u2019Institut [&hellip;]<\/p>\n","protected":false},"author":17,"featured_media":89497,"comment_status":"closed","ping_status":"closed","sticky":false,"template":"","format":"standard","meta":{"_et_pb_use_builder":"","_et_pb_old_content":"","_et_gb_content_width":"","footnotes":""},"categories":[10530,6362,10789,10785],"tags":[674,11042],"class_list":["post-107160","post","type-post","status-publish","format-standard","has-post-thumbnail","hentry","category-actualites","category-services-equipements","category-publications-atrium","category-atrium","tag-colloque","tag-patrimoine"],"yoast_head":"<!-- This site is optimized with the Yoast SEO plugin v27.4 - https:\/\/yoast.com\/product\/yoast-seo-wordpress\/ -->\n<title>Colloque \u00ab Patrimoines et architecture : quels risques, quelles exp\u00e9riences en Europe ? \u00bb<\/title>\n<meta name=\"robots\" content=\"index, follow, max-snippet:-1, max-image-preview:large, max-video-preview:-1\" \/>\n<link rel=\"canonical\" href=\"https:\/\/batijournal.com\/index.php\/colloque-patrimoines-et-architecture-quels-risques-quelles-experiences-en-europe\/107160\/\" \/>\n<meta property=\"og:locale\" content=\"fr_FR\" \/>\n<meta property=\"og:type\" content=\"article\" \/>\n<meta property=\"og:title\" content=\"Colloque \u00ab Patrimoines et architecture : quels risques, quelles exp\u00e9riences en Europe ? \u00bb\" \/>\n<meta property=\"og:description\" content=\"Face aux menaces qui p\u00e8sent sur les patrimoines et l\u2019architecture, des r\u00e9flexions et des \u00e9changes sont n\u00e9cessaires au niveau europ\u00e9en pour am\u00e9liorer le niveau de connaissances, anticiper les diff\u00e9rents types de risques et \u00e9changer sur les solutions \u00e0 mettre en \u0153uvre. Ces enjeux feront l\u2019objet d\u2019un colloque organis\u00e9 les 24 et 25 mars \u00e0 l\u2019Institut [&hellip;]\" \/>\n<meta property=\"og:url\" content=\"https:\/\/batijournal.com\/index.php\/colloque-patrimoines-et-architecture-quels-risques-quelles-experiences-en-europe\/107160\/\" \/>\n<meta property=\"og:site_name\" content=\"Batijournal\" \/>\n<meta property=\"article:published_time\" content=\"2022-03-23T10:26:50+00:00\" \/>\n<meta property=\"og:image\" content=\"https:\/\/batijournal.com\/wp-content\/uploads\/2015\/09\/monument-historique.jpg\" \/>\n\t<meta property=\"og:image:width\" content=\"683\" \/>\n\t<meta property=\"og:image:height\" content=\"1024\" \/>\n\t<meta property=\"og:image:type\" content=\"image\/jpeg\" \/>\n<meta name=\"author\" content=\"St\u00e9phane Miget\" \/>\n<meta name=\"twitter:card\" content=\"summary_large_image\" \/>\n<meta name=\"twitter:creator\" content=\"@bati_journal\" \/>\n<meta name=\"twitter:site\" content=\"@bati_journal\" \/>\n<meta name=\"twitter:label1\" content=\"\u00c9crit par\" \/>\n\t<meta name=\"twitter:data1\" content=\"St\u00e9phane Miget\" \/>\n\t<meta name=\"twitter:label2\" content=\"Dur\u00e9e de lecture estim\u00e9e\" \/>\n\t<meta name=\"twitter:data2\" content=\"1 minute\" \/>\n<script type=\"application\/ld+json\" class=\"yoast-schema-graph\">{\"@context\":\"https:\\\/\\\/schema.org\",\"@graph\":[{\"@type\":\"Article\",\"@id\":\"https:\\\/\\\/batijournal.com\\\/index.php\\\/colloque-patrimoines-et-architecture-quels-risques-quelles-experiences-en-europe\\\/107160\\\/#article\",\"isPartOf\":{\"@id\":\"https:\\\/\\\/batijournal.com\\\/index.php\\\/colloque-patrimoines-et-architecture-quels-risques-quelles-experiences-en-europe\\\/107160\\\/\"},\"author\":{\"name\":\"St\u00e9phane Miget\",\"@id\":\"https:\\\/\\\/batijournal.com\\\/#\\\/schema\\\/person\\\/1dc96ec6957aa1ccb25ebe78bb19f100\"},\"headline\":\"Colloque \u00ab Patrimoines et architecture : quels risques, quelles exp\u00e9riences en Europe ? \u00bb\",\"datePublished\":\"2022-03-23T10:26:50+00:00\",\"mainEntityOfPage\":{\"@id\":\"https:\\\/\\\/batijournal.com\\\/index.php\\\/colloque-patrimoines-et-architecture-quels-risques-quelles-experiences-en-europe\\\/107160\\\/\"},\"wordCount\":141,\"image\":{\"@id\":\"https:\\\/\\\/batijournal.com\\\/index.php\\\/colloque-patrimoines-et-architecture-quels-risques-quelles-experiences-en-europe\\\/107160\\\/#primaryimage\"},\"thumbnailUrl\":\"https:\\\/\\\/batijournal.com\\\/wp-content\\\/uploads\\\/2015\\\/09\\\/monument-historique.jpg\",\"keywords\":[\"colloque\",\"patrimoine\"],\"articleSection\":[\"Actualit\u00e9s\",\"Divers\",\"zz_Actualit\u00e9s - Atrium\",\"zz_Atrium Patrimoine\"],\"inLanguage\":\"fr-FR\"},{\"@type\":\"WebPage\",\"@id\":\"https:\\\/\\\/batijournal.com\\\/index.php\\\/colloque-patrimoines-et-architecture-quels-risques-quelles-experiences-en-europe\\\/107160\\\/\",\"url\":\"https:\\\/\\\/batijournal.com\\\/index.php\\\/colloque-patrimoines-et-architecture-quels-risques-quelles-experiences-en-europe\\\/107160\\\/\",\"name\":\"Colloque \u00ab Patrimoines et architecture : quels risques, quelles exp\u00e9riences en Europe ? \u00bb\",\"isPartOf\":{\"@id\":\"https:\\\/\\\/batijournal.com\\\/#website\"},\"primaryImageOfPage\":{\"@id\":\"https:\\\/\\\/batijournal.com\\\/index.php\\\/colloque-patrimoines-et-architecture-quels-risques-quelles-experiences-en-europe\\\/107160\\\/#primaryimage\"},\"image\":{\"@id\":\"https:\\\/\\\/batijournal.com\\\/index.php\\\/colloque-patrimoines-et-architecture-quels-risques-quelles-experiences-en-europe\\\/107160\\\/#primaryimage\"},\"thumbnailUrl\":\"https:\\\/\\\/batijournal.com\\\/wp-content\\\/uploads\\\/2015\\\/09\\\/monument-historique.jpg\",\"datePublished\":\"2022-03-23T10:26:50+00:00\",\"author\":{\"@id\":\"https:\\\/\\\/batijournal.com\\\/#\\\/schema\\\/person\\\/1dc96ec6957aa1ccb25ebe78bb19f100\"},\"breadcrumb\":{\"@id\":\"https:\\\/\\\/batijournal.com\\\/index.php\\\/colloque-patrimoines-et-architecture-quels-risques-quelles-experiences-en-europe\\\/107160\\\/#breadcrumb\"},\"inLanguage\":\"fr-FR\",\"potentialAction\":[{\"@type\":\"ReadAction\",\"target\":[\"https:\\\/\\\/batijournal.com\\\/index.php\\\/colloque-patrimoines-et-architecture-quels-risques-quelles-experiences-en-europe\\\/107160\\\/\"]}]},{\"@type\":\"ImageObject\",\"inLanguage\":\"fr-FR\",\"@id\":\"https:\\\/\\\/batijournal.com\\\/index.php\\\/colloque-patrimoines-et-architecture-quels-risques-quelles-experiences-en-europe\\\/107160\\\/#primaryimage\",\"url\":\"https:\\\/\\\/batijournal.com\\\/wp-content\\\/uploads\\\/2015\\\/09\\\/monument-historique.jpg\",\"contentUrl\":\"https:\\\/\\\/batijournal.com\\\/wp-content\\\/uploads\\\/2015\\\/09\\\/monument-historique.jpg\",\"width\":683,\"height\":1024},{\"@type\":\"BreadcrumbList\",\"@id\":\"https:\\\/\\\/batijournal.com\\\/index.php\\\/colloque-patrimoines-et-architecture-quels-risques-quelles-experiences-en-europe\\\/107160\\\/#breadcrumb\",\"itemListElement\":[{\"@type\":\"ListItem\",\"position\":1,\"name\":\"Accueil\",\"item\":\"https:\\\/\\\/batijournal.com\\\/\"},{\"@type\":\"ListItem\",\"position\":2,\"name\":\"Actualit\u00e9s\",\"item\":\"https:\\\/\\\/batijournal.com\\\/index.php\\\/category\\\/actualites\\\/\"},{\"@type\":\"ListItem\",\"position\":3,\"name\":\"Colloque \u00ab Patrimoines et architecture : quels risques, quelles exp\u00e9riences en Europe ? \u00bb\"}]},{\"@type\":\"WebSite\",\"@id\":\"https:\\\/\\\/batijournal.com\\\/#website\",\"url\":\"https:\\\/\\\/batijournal.com\\\/\",\"name\":\"Batijournal\",\"description\":\"L&#039;actualit\u00e9 du b\u00e2timent\",\"potentialAction\":[{\"@type\":\"SearchAction\",\"target\":{\"@type\":\"EntryPoint\",\"urlTemplate\":\"https:\\\/\\\/batijournal.com\\\/?s={search_term_string}\"},\"query-input\":{\"@type\":\"PropertyValueSpecification\",\"valueRequired\":true,\"valueName\":\"search_term_string\"}}],\"inLanguage\":\"fr-FR\"},{\"@type\":\"Person\",\"@id\":\"https:\\\/\\\/batijournal.com\\\/#\\\/schema\\\/person\\\/1dc96ec6957aa1ccb25ebe78bb19f100\",\"name\":\"St\u00e9phane Miget\",\"image\":{\"@type\":\"ImageObject\",\"inLanguage\":\"fr-FR\",\"@id\":\"https:\\\/\\\/secure.gravatar.com\\\/avatar\\\/89915563d925342126b8ef0281b93d9d7fc337043e8df017f780908eb9644451?s=96&d=mm&r=g\",\"url\":\"https:\\\/\\\/secure.gravatar.com\\\/avatar\\\/89915563d925342126b8ef0281b93d9d7fc337043e8df017f780908eb9644451?s=96&d=mm&r=g\",\"contentUrl\":\"https:\\\/\\\/secure.gravatar.com\\\/avatar\\\/89915563d925342126b8ef0281b93d9d7fc337043e8df017f780908eb9644451?s=96&d=mm&r=g\",\"caption\":\"St\u00e9phane Miget\"},\"url\":\"https:\\\/\\\/batijournal.com\\\/index.php\\\/author\\\/stephane\\\/\"}]}<\/script>\n<!-- \/ Yoast SEO plugin. -->","yoast_head_json":{"title":"Colloque \u00ab Patrimoines et architecture : quels risques, quelles exp\u00e9riences en Europe ? \u00bb","robots":{"index":"index","follow":"follow","max-snippet":"max-snippet:-1","max-image-preview":"max-image-preview:large","max-video-preview":"max-video-preview:-1"},"canonical":"https:\/\/batijournal.com\/index.php\/colloque-patrimoines-et-architecture-quels-risques-quelles-experiences-en-europe\/107160\/","og_locale":"fr_FR","og_type":"article","og_title":"Colloque \u00ab Patrimoines et architecture : quels risques, quelles exp\u00e9riences en Europe ? \u00bb","og_description":"Face aux menaces qui p\u00e8sent sur les patrimoines et l\u2019architecture, des r\u00e9flexions et des \u00e9changes sont n\u00e9cessaires au niveau europ\u00e9en pour am\u00e9liorer le niveau de connaissances, anticiper les diff\u00e9rents types de risques et \u00e9changer sur les solutions \u00e0 mettre en \u0153uvre. Ces enjeux feront l\u2019objet d\u2019un colloque organis\u00e9 les 24 et 25 mars \u00e0 l\u2019Institut [&hellip;]","og_url":"https:\/\/batijournal.com\/index.php\/colloque-patrimoines-et-architecture-quels-risques-quelles-experiences-en-europe\/107160\/","og_site_name":"Batijournal","article_published_time":"2022-03-23T10:26:50+00:00","og_image":[{"width":683,"height":1024,"url":"https:\/\/batijournal.com\/wp-content\/uploads\/2015\/09\/monument-historique.jpg","type":"image\/jpeg"}],"author":"St\u00e9phane Miget","twitter_card":"summary_large_image","twitter_creator":"@bati_journal","twitter_site":"@bati_journal","twitter_misc":{"\u00c9crit par":"St\u00e9phane Miget","Dur\u00e9e de lecture estim\u00e9e":"1 minute"},"schema":{"@context":"https:\/\/schema.org","@graph":[{"@type":"Article","@id":"https:\/\/batijournal.com\/index.php\/colloque-patrimoines-et-architecture-quels-risques-quelles-experiences-en-europe\/107160\/#article","isPartOf":{"@id":"https:\/\/batijournal.com\/index.php\/colloque-patrimoines-et-architecture-quels-risques-quelles-experiences-en-europe\/107160\/"},"author":{"name":"St\u00e9phane Miget","@id":"https:\/\/batijournal.com\/#\/schema\/person\/1dc96ec6957aa1ccb25ebe78bb19f100"},"headline":"Colloque \u00ab Patrimoines et architecture : quels risques, quelles exp\u00e9riences en Europe ? \u00bb","datePublished":"2022-03-23T10:26:50+00:00","mainEntityOfPage":{"@id":"https:\/\/batijournal.com\/index.php\/colloque-patrimoines-et-architecture-quels-risques-quelles-experiences-en-europe\/107160\/"},"wordCount":141,"image":{"@id":"https:\/\/batijournal.com\/index.php\/colloque-patrimoines-et-architecture-quels-risques-quelles-experiences-en-europe\/107160\/#primaryimage"},"thumbnailUrl":"https:\/\/batijournal.com\/wp-content\/uploads\/2015\/09\/monument-historique.jpg","keywords":["colloque","patrimoine"],"articleSection":["Actualit\u00e9s","Divers","zz_Actualit\u00e9s - Atrium","zz_Atrium Patrimoine"],"inLanguage":"fr-FR"},{"@type":"WebPage","@id":"https:\/\/batijournal.com\/index.php\/colloque-patrimoines-et-architecture-quels-risques-quelles-experiences-en-europe\/107160\/","url":"https:\/\/batijournal.com\/index.php\/colloque-patrimoines-et-architecture-quels-risques-quelles-experiences-en-europe\/107160\/","name":"Colloque \u00ab Patrimoines et architecture : quels risques, quelles exp\u00e9riences en Europe ? \u00bb","isPartOf":{"@id":"https:\/\/batijournal.com\/#website"},"primaryImageOfPage":{"@id":"https:\/\/batijournal.com\/index.php\/colloque-patrimoines-et-architecture-quels-risques-quelles-experiences-en-europe\/107160\/#primaryimage"},"image":{"@id":"https:\/\/batijournal.com\/index.php\/colloque-patrimoines-et-architecture-quels-risques-quelles-experiences-en-europe\/107160\/#primaryimage"},"thumbnailUrl":"https:\/\/batijournal.com\/wp-content\/uploads\/2015\/09\/monument-historique.jpg","datePublished":"2022-03-23T10:26:50+00:00","author":{"@id":"https:\/\/batijournal.com\/#\/schema\/person\/1dc96ec6957aa1ccb25ebe78bb19f100"},"breadcrumb":{"@id":"https:\/\/batijournal.com\/index.php\/colloque-patrimoines-et-architecture-quels-risques-quelles-experiences-en-europe\/107160\/#breadcrumb"},"inLanguage":"fr-FR","potentialAction":[{"@type":"ReadAction","target":["https:\/\/batijournal.com\/index.php\/colloque-patrimoines-et-architecture-quels-risques-quelles-experiences-en-europe\/107160\/"]}]},{"@type":"ImageObject","inLanguage":"fr-FR","@id":"https:\/\/batijournal.com\/index.php\/colloque-patrimoines-et-architecture-quels-risques-quelles-experiences-en-europe\/107160\/#primaryimage","url":"https:\/\/batijournal.com\/wp-content\/uploads\/2015\/09\/monument-historique.jpg","contentUrl":"https:\/\/batijournal.com\/wp-content\/uploads\/2015\/09\/monument-historique.jpg","width":683,"height":1024},{"@type":"BreadcrumbList","@id":"https:\/\/batijournal.com\/index.php\/colloque-patrimoines-et-architecture-quels-risques-quelles-experiences-en-europe\/107160\/#breadcrumb","itemListElement":[{"@type":"ListItem","position":1,"name":"Accueil","item":"https:\/\/batijournal.com\/"},{"@type":"ListItem","position":2,"name":"Actualit\u00e9s","item":"https:\/\/batijournal.com\/index.php\/category\/actualites\/"},{"@type":"ListItem","position":3,"name":"Colloque \u00ab Patrimoines et architecture : quels risques, quelles exp\u00e9riences en Europe ? \u00bb"}]},{"@type":"WebSite","@id":"https:\/\/batijournal.com\/#website","url":"https:\/\/batijournal.com\/","name":"Batijournal","description":"L&#039;actualit\u00e9 du b\u00e2timent","potentialAction":[{"@type":"SearchAction","target":{"@type":"EntryPoint","urlTemplate":"https:\/\/batijournal.com\/?s={search_term_string}"},"query-input":{"@type":"PropertyValueSpecification","valueRequired":true,"valueName":"search_term_string"}}],"inLanguage":"fr-FR"},{"@type":"Person","@id":"https:\/\/batijournal.com\/#\/schema\/person\/1dc96ec6957aa1ccb25ebe78bb19f100","name":"St\u00e9phane Miget","image":{"@type":"ImageObject","inLanguage":"fr-FR","@id":"https:\/\/secure.gravatar.com\/avatar\/89915563d925342126b8ef0281b93d9d7fc337043e8df017f780908eb9644451?s=96&d=mm&r=g","url":"https:\/\/secure.gravatar.com\/avatar\/89915563d925342126b8ef0281b93d9d7fc337043e8df017f780908eb9644451?s=96&d=mm&r=g","contentUrl":"https:\/\/secure.gravatar.com\/avatar\/89915563d925342126b8ef0281b93d9d7fc337043e8df017f780908eb9644451?s=96&d=mm&r=g","caption":"St\u00e9phane Miget"},"url":"https:\/\/batijournal.com\/index.php\/author\/stephane\/"}]}},"_links":{"self":[{"href":"https:\/\/batijournal.com\/index.php\/wp-json\/wp\/v2\/posts\/107160","targetHints":{"allow":["GET"]}}],"collection":[{"href":"https:\/\/batijournal.com\/index.php\/wp-json\/wp\/v2\/posts"}],"about":[{"href":"https:\/\/batijournal.com\/index.php\/wp-json\/wp\/v2\/types\/post"}],"author":[{"embeddable":true,"href":"https:\/\/batijournal.com\/index.php\/wp-json\/wp\/v2\/users\/17"}],"replies":[{"embeddable":true,"href":"https:\/\/batijournal.com\/index.php\/wp-json\/wp\/v2\/comments?post=107160"}],"version-history":[{"count":0,"href":"https:\/\/batijournal.com\/index.php\/wp-json\/wp\/v2\/posts\/107160\/revisions"}],"wp:featuredmedia":[{"embeddable":true,"href":"https:\/\/batijournal.com\/index.php\/wp-json\/wp\/v2\/media\/89497"}],"wp:attachment":[{"href":"https:\/\/batijournal.com\/index.php\/wp-json\/wp\/v2\/media?parent=107160"}],"wp:term":[{"taxonomy":"category","embeddable":true,"href":"https:\/\/batijournal.com\/index.php\/wp-json\/wp\/v2\/categories?post=107160"},{"taxonomy":"post_tag","embeddable":true,"href":"https:\/\/batijournal.com\/index.php\/wp-json\/wp\/v2\/tags?post=107160"}],"curies":[{"name":"wp","href":"https:\/\/api.w.org\/{rel}","templated":true}]}}