{"id":107184,"date":"2022-03-30T09:26:23","date_gmt":"2022-03-30T07:26:23","guid":{"rendered":"https:\/\/batijournal.com\/?p=107184"},"modified":"2022-03-30T09:26:23","modified_gmt":"2022-03-30T07:26:23","slug":"procedure-de-travaux-doffice-pour-lancien-chateau-du-duc-depernon","status":"publish","type":"post","link":"https:\/\/batijournal.com\/index.php\/procedure-de-travaux-doffice-pour-lancien-chateau-du-duc-depernon\/107184\/","title":{"rendered":"Proc\u00e9dure de travaux d\u2019office pour l\u2019ancien ch\u00e2teau du duc d\u2019Epernon"},"content":{"rendered":"<p>L\u2019ancien ch\u00e2teau du duc d\u2019Epernon (Seine-et-Marne), joyau du XVIe si\u00e8cle en p\u00e9ril depuis plusieurs ann\u00e9es, va b\u00e9n\u00e9ficier prochainement d\u2019une restauration compl\u00e8te, avec l\u2019accompagnement de la Drac \u00cele-de-France. Apr\u00e8s avoir \u00e9t\u00e9 converti en local agricole dans les ann\u00e9es 1970, il a \u00e9t\u00e9 progressivement laiss\u00e9 \u00e0 l\u2019abandon. En 1986, la Drac a fait poser des \u00e9taiements pour assurer la conservation du ch\u00e2teau. Au fil des ann\u00e9es, les d\u00e9gradations se sont accentu\u00e9es : b\u00e2chage al\u00e9atoire des charpentes, fen\u00eatres bris\u00e9es, prolif\u00e9ration de la v\u00e9g\u00e9tation. En 2014, le ch\u00e2teau a \u00e9t\u00e9 partiellement incendi\u00e9 et occup\u00e9 par des squatteurs.<\/p>\n<p>En 2008, comme en 2019, la Drac accompagne les propri\u00e9taires successifs dans des projets de restauration et des programmes de reconversion abandonn\u00e9s en d\u00e9pit des autorisations d\u00e9livr\u00e9es. Face \u00e0 cette situation qui met en p\u00e9ril la conservation de l\u2019\u00e9difice, la Drac active une proc\u00e9dure de travaux d\u2019office en 2019, avec plusieurs objectifs : mettre l\u2019\u00e9difice hors d\u2019eau, en s\u00e9curiser la structure et emp\u00eacher les intrusions. Le code du patrimoine pr\u00e9voit que, pour les \u00e9difices class\u00e9s dont la conservation est menac\u00e9e, l\u2019\u00c9tat peut faire proc\u00e9der d\u2019office aux travaux indispensables et faire supporter au propri\u00e9taire n\u00e9gligent ou d\u00e9faillant une part du financement. Le propri\u00e9taire est auparavant mis en demeure de r\u00e9aliser les travaux lui-m\u00eame, puis en cas d\u2019inaction de sa part, un rapport sur l\u2019\u00e9tat du monument accompagn\u00e9 d\u2019un programme de travaux est r\u00e9alis\u00e9 par l\u2019architecte en chef des monuments historiques territorialement comp\u00e9tent et pr\u00e9sent\u00e9 devant la Commission nationale du patrimoine et de l\u2019architecture (CNPA). La proc\u00e9dure est lanc\u00e9e en 2019 et le projet de l\u2019architecte en chef recueille un avis favorable de la CNPA le 24 septembre 2020. En l\u2019absence de r\u00e9ponse de la part des propri\u00e9taires, l\u2019architecte en chef est d\u00e9sign\u00e9 comme ma\u00eetre d\u2019\u0153uvre de l\u2019op\u00e9ration en f\u00e9vrier 2021.<\/p>\n<p>\u00c0 la suite des alertes conjointes de la Drac, de la ville de Fontenay-Tr\u00e9signy, d&rsquo;Histoire &amp; Patrimoine et d\u2019associations de d\u00e9fense du patrimoine, un nouveau propri\u00e9taire potentiel s\u2019est manifest\u00e9 au cours de l\u2019ann\u00e9e 2021 et s\u2019est finalement port\u00e9 acqu\u00e9reur du ch\u00e2teau. Histoire &amp; Patrimoine a d\u2019ores et d\u00e9j\u00e0 obtenu l\u2019autorisation de travaux relative \u00e0 la restauration de l\u2019\u00e9difice et a d\u00e9pos\u00e9 un permis de construire pour l\u2019am\u00e9nagement de quinze logements \u00e0 l\u2019int\u00e9rieur. Aucune nouvelle construction de b\u00e2timent contemporain ne viendra modifier son architecture. Le parti de restauration qui a \u00e9t\u00e9 d\u00e9fini va rendre toutes ses qualit\u00e9s patrimoniales au monument : mis hors d\u2019eau, consolid\u00e9, l\u2019\u00e9difice sera restaur\u00e9 avec des mat\u00e9riaux traditionnels (gr\u00e8s, enduits \u00e0 la chaux, ardoises), redonnant au ch\u00e2teau une esth\u00e9tique conforme \u00e0 son architecture du XVIe si\u00e8cle et offrant la perspective d\u2019une conservation durable.<\/p>\n<p>Photo : Projet de restauration du ch\u00e2teau, fa\u00e7ade nord. \u00a9 Image de synth\u00e8se Agence Captiv \u2013 Histoire &amp; Patrimoine &#8211; Atelier Monchecourt &amp; Co, 2021<\/p>\n<p>&nbsp;<\/p>\n","protected":false},"excerpt":{"rendered":"<p>L\u2019ancien ch\u00e2teau du duc d\u2019Epernon (Seine-et-Marne), joyau du XVIe si\u00e8cle en p\u00e9ril depuis plusieurs ann\u00e9es, va b\u00e9n\u00e9ficier prochainement d\u2019une restauration compl\u00e8te, avec l\u2019accompagnement de la Drac \u00cele-de-France. Apr\u00e8s avoir \u00e9t\u00e9 converti en local agricole dans les ann\u00e9es 1970, il a \u00e9t\u00e9 progressivement laiss\u00e9 \u00e0 l\u2019abandon. En 1986, la Drac a fait poser des \u00e9taiements pour [&hellip;]<\/p>\n","protected":false},"author":17,"featured_media":107185,"comment_status":"closed","ping_status":"closed","sticky":false,"template":"","format":"standard","meta":{"_et_pb_use_builder":"","_et_pb_old_content":"","_et_gb_content_width":"","footnotes":""},"categories":[10530,6340,10789,10785],"tags":[6376],"class_list":["post-107184","post","type-post","status-publish","format-standard","has-post-thumbnail","hentry","category-actualites","category-architecture-conception","category-publications-atrium","category-atrium","tag-monument-historique"],"yoast_head":"<!-- This site is optimized with the Yoast SEO plugin v27.4 - https:\/\/yoast.com\/product\/yoast-seo-wordpress\/ -->\n<title>Proc\u00e9dure de travaux d\u2019office pour l\u2019ancien ch\u00e2teau du duc d\u2019Epernon<\/title>\n<meta name=\"robots\" content=\"index, follow, max-snippet:-1, max-image-preview:large, max-video-preview:-1\" \/>\n<link rel=\"canonical\" href=\"https:\/\/batijournal.com\/index.php\/procedure-de-travaux-doffice-pour-lancien-chateau-du-duc-depernon\/107184\/\" \/>\n<meta property=\"og:locale\" content=\"fr_FR\" \/>\n<meta property=\"og:type\" content=\"article\" \/>\n<meta property=\"og:title\" content=\"Proc\u00e9dure de travaux d\u2019office pour l\u2019ancien ch\u00e2teau du duc d\u2019Epernon\" \/>\n<meta property=\"og:description\" content=\"L\u2019ancien ch\u00e2teau du duc d\u2019Epernon (Seine-et-Marne), joyau du XVIe si\u00e8cle en p\u00e9ril depuis plusieurs ann\u00e9es, va b\u00e9n\u00e9ficier prochainement d\u2019une restauration compl\u00e8te, avec l\u2019accompagnement de la Drac \u00cele-de-France. Apr\u00e8s avoir \u00e9t\u00e9 converti en local agricole dans les ann\u00e9es 1970, il a \u00e9t\u00e9 progressivement laiss\u00e9 \u00e0 l\u2019abandon. En 1986, la Drac a fait poser des \u00e9taiements pour [&hellip;]\" \/>\n<meta property=\"og:url\" content=\"https:\/\/batijournal.com\/index.php\/procedure-de-travaux-doffice-pour-lancien-chateau-du-duc-depernon\/107184\/\" \/>\n<meta property=\"og:site_name\" content=\"Batijournal\" \/>\n<meta property=\"article:published_time\" content=\"2022-03-30T07:26:23+00:00\" \/>\n<meta property=\"og:image\" content=\"https:\/\/batijournal.com\/wp-content\/uploads\/2022\/03\/Image-Agence-Captiv-\u2013-Histoire-Patrimoine-Atelier-Monchecourt-Co-site.jpg\" \/>\n\t<meta property=\"og:image:width\" content=\"825\" \/>\n\t<meta property=\"og:image:height\" content=\"618\" \/>\n\t<meta property=\"og:image:type\" content=\"image\/jpeg\" \/>\n<meta name=\"author\" content=\"St\u00e9phane Miget\" \/>\n<meta name=\"twitter:card\" content=\"summary_large_image\" \/>\n<meta name=\"twitter:creator\" content=\"@bati_journal\" \/>\n<meta name=\"twitter:site\" content=\"@bati_journal\" \/>\n<meta name=\"twitter:label1\" content=\"\u00c9crit par\" \/>\n\t<meta name=\"twitter:data1\" content=\"St\u00e9phane Miget\" \/>\n\t<meta name=\"twitter:label2\" content=\"Dur\u00e9e de lecture estim\u00e9e\" \/>\n\t<meta name=\"twitter:data2\" content=\"3 minutes\" \/>\n<script type=\"application\/ld+json\" class=\"yoast-schema-graph\">{\"@context\":\"https:\\\/\\\/schema.org\",\"@graph\":[{\"@type\":\"Article\",\"@id\":\"https:\\\/\\\/batijournal.com\\\/index.php\\\/procedure-de-travaux-doffice-pour-lancien-chateau-du-duc-depernon\\\/107184\\\/#article\",\"isPartOf\":{\"@id\":\"https:\\\/\\\/batijournal.com\\\/index.php\\\/procedure-de-travaux-doffice-pour-lancien-chateau-du-duc-depernon\\\/107184\\\/\"},\"author\":{\"name\":\"St\u00e9phane Miget\",\"@id\":\"https:\\\/\\\/batijournal.com\\\/#\\\/schema\\\/person\\\/1dc96ec6957aa1ccb25ebe78bb19f100\"},\"headline\":\"Proc\u00e9dure de travaux d\u2019office pour l\u2019ancien ch\u00e2teau du duc d\u2019Epernon\",\"datePublished\":\"2022-03-30T07:26:23+00:00\",\"mainEntityOfPage\":{\"@id\":\"https:\\\/\\\/batijournal.com\\\/index.php\\\/procedure-de-travaux-doffice-pour-lancien-chateau-du-duc-depernon\\\/107184\\\/\"},\"wordCount\":550,\"image\":{\"@id\":\"https:\\\/\\\/batijournal.com\\\/index.php\\\/procedure-de-travaux-doffice-pour-lancien-chateau-du-duc-depernon\\\/107184\\\/#primaryimage\"},\"thumbnailUrl\":\"https:\\\/\\\/batijournal.com\\\/wp-content\\\/uploads\\\/2022\\\/03\\\/Image-Agence-Captiv-\u2013-Histoire-Patrimoine-Atelier-Monchecourt-Co-site.jpg\",\"keywords\":[\"monument historique\"],\"articleSection\":[\"Actualit\u00e9s\",\"Architecture &amp; Conception\",\"zz_Actualit\u00e9s - Atrium\",\"zz_Atrium Patrimoine\"],\"inLanguage\":\"fr-FR\"},{\"@type\":\"WebPage\",\"@id\":\"https:\\\/\\\/batijournal.com\\\/index.php\\\/procedure-de-travaux-doffice-pour-lancien-chateau-du-duc-depernon\\\/107184\\\/\",\"url\":\"https:\\\/\\\/batijournal.com\\\/index.php\\\/procedure-de-travaux-doffice-pour-lancien-chateau-du-duc-depernon\\\/107184\\\/\",\"name\":\"Proc\u00e9dure de travaux d\u2019office pour l\u2019ancien ch\u00e2teau du duc d\u2019Epernon\",\"isPartOf\":{\"@id\":\"https:\\\/\\\/batijournal.com\\\/#website\"},\"primaryImageOfPage\":{\"@id\":\"https:\\\/\\\/batijournal.com\\\/index.php\\\/procedure-de-travaux-doffice-pour-lancien-chateau-du-duc-depernon\\\/107184\\\/#primaryimage\"},\"image\":{\"@id\":\"https:\\\/\\\/batijournal.com\\\/index.php\\\/procedure-de-travaux-doffice-pour-lancien-chateau-du-duc-depernon\\\/107184\\\/#primaryimage\"},\"thumbnailUrl\":\"https:\\\/\\\/batijournal.com\\\/wp-content\\\/uploads\\\/2022\\\/03\\\/Image-Agence-Captiv-\u2013-Histoire-Patrimoine-Atelier-Monchecourt-Co-site.jpg\",\"datePublished\":\"2022-03-30T07:26:23+00:00\",\"author\":{\"@id\":\"https:\\\/\\\/batijournal.com\\\/#\\\/schema\\\/person\\\/1dc96ec6957aa1ccb25ebe78bb19f100\"},\"breadcrumb\":{\"@id\":\"https:\\\/\\\/batijournal.com\\\/index.php\\\/procedure-de-travaux-doffice-pour-lancien-chateau-du-duc-depernon\\\/107184\\\/#breadcrumb\"},\"inLanguage\":\"fr-FR\",\"potentialAction\":[{\"@type\":\"ReadAction\",\"target\":[\"https:\\\/\\\/batijournal.com\\\/index.php\\\/procedure-de-travaux-doffice-pour-lancien-chateau-du-duc-depernon\\\/107184\\\/\"]}]},{\"@type\":\"ImageObject\",\"inLanguage\":\"fr-FR\",\"@id\":\"https:\\\/\\\/batijournal.com\\\/index.php\\\/procedure-de-travaux-doffice-pour-lancien-chateau-du-duc-depernon\\\/107184\\\/#primaryimage\",\"url\":\"https:\\\/\\\/batijournal.com\\\/wp-content\\\/uploads\\\/2022\\\/03\\\/Image-Agence-Captiv-\u2013-Histoire-Patrimoine-Atelier-Monchecourt-Co-site.jpg\",\"contentUrl\":\"https:\\\/\\\/batijournal.com\\\/wp-content\\\/uploads\\\/2022\\\/03\\\/Image-Agence-Captiv-\u2013-Histoire-Patrimoine-Atelier-Monchecourt-Co-site.jpg\",\"width\":825,\"height\":618},{\"@type\":\"BreadcrumbList\",\"@id\":\"https:\\\/\\\/batijournal.com\\\/index.php\\\/procedure-de-travaux-doffice-pour-lancien-chateau-du-duc-depernon\\\/107184\\\/#breadcrumb\",\"itemListElement\":[{\"@type\":\"ListItem\",\"position\":1,\"name\":\"Accueil\",\"item\":\"https:\\\/\\\/batijournal.com\\\/\"},{\"@type\":\"ListItem\",\"position\":2,\"name\":\"Actualit\u00e9s\",\"item\":\"https:\\\/\\\/batijournal.com\\\/index.php\\\/category\\\/actualites\\\/\"},{\"@type\":\"ListItem\",\"position\":3,\"name\":\"Proc\u00e9dure de travaux d\u2019office pour l\u2019ancien ch\u00e2teau du duc d\u2019Epernon\"}]},{\"@type\":\"WebSite\",\"@id\":\"https:\\\/\\\/batijournal.com\\\/#website\",\"url\":\"https:\\\/\\\/batijournal.com\\\/\",\"name\":\"Batijournal\",\"description\":\"L&#039;actualit\u00e9 du b\u00e2timent\",\"potentialAction\":[{\"@type\":\"SearchAction\",\"target\":{\"@type\":\"EntryPoint\",\"urlTemplate\":\"https:\\\/\\\/batijournal.com\\\/?s={search_term_string}\"},\"query-input\":{\"@type\":\"PropertyValueSpecification\",\"valueRequired\":true,\"valueName\":\"search_term_string\"}}],\"inLanguage\":\"fr-FR\"},{\"@type\":\"Person\",\"@id\":\"https:\\\/\\\/batijournal.com\\\/#\\\/schema\\\/person\\\/1dc96ec6957aa1ccb25ebe78bb19f100\",\"name\":\"St\u00e9phane Miget\",\"image\":{\"@type\":\"ImageObject\",\"inLanguage\":\"fr-FR\",\"@id\":\"https:\\\/\\\/secure.gravatar.com\\\/avatar\\\/89915563d925342126b8ef0281b93d9d7fc337043e8df017f780908eb9644451?s=96&d=mm&r=g\",\"url\":\"https:\\\/\\\/secure.gravatar.com\\\/avatar\\\/89915563d925342126b8ef0281b93d9d7fc337043e8df017f780908eb9644451?s=96&d=mm&r=g\",\"contentUrl\":\"https:\\\/\\\/secure.gravatar.com\\\/avatar\\\/89915563d925342126b8ef0281b93d9d7fc337043e8df017f780908eb9644451?s=96&d=mm&r=g\",\"caption\":\"St\u00e9phane Miget\"},\"url\":\"https:\\\/\\\/batijournal.com\\\/index.php\\\/author\\\/stephane\\\/\"}]}<\/script>\n<!-- \/ Yoast SEO plugin. -->","yoast_head_json":{"title":"Proc\u00e9dure de travaux d\u2019office pour l\u2019ancien ch\u00e2teau du duc d\u2019Epernon","robots":{"index":"index","follow":"follow","max-snippet":"max-snippet:-1","max-image-preview":"max-image-preview:large","max-video-preview":"max-video-preview:-1"},"canonical":"https:\/\/batijournal.com\/index.php\/procedure-de-travaux-doffice-pour-lancien-chateau-du-duc-depernon\/107184\/","og_locale":"fr_FR","og_type":"article","og_title":"Proc\u00e9dure de travaux d\u2019office pour l\u2019ancien ch\u00e2teau du duc d\u2019Epernon","og_description":"L\u2019ancien ch\u00e2teau du duc d\u2019Epernon (Seine-et-Marne), joyau du XVIe si\u00e8cle en p\u00e9ril depuis plusieurs ann\u00e9es, va b\u00e9n\u00e9ficier prochainement d\u2019une restauration compl\u00e8te, avec l\u2019accompagnement de la Drac \u00cele-de-France. Apr\u00e8s avoir \u00e9t\u00e9 converti en local agricole dans les ann\u00e9es 1970, il a \u00e9t\u00e9 progressivement laiss\u00e9 \u00e0 l\u2019abandon. En 1986, la Drac a fait poser des \u00e9taiements pour [&hellip;]","og_url":"https:\/\/batijournal.com\/index.php\/procedure-de-travaux-doffice-pour-lancien-chateau-du-duc-depernon\/107184\/","og_site_name":"Batijournal","article_published_time":"2022-03-30T07:26:23+00:00","og_image":[{"width":825,"height":618,"url":"https:\/\/batijournal.com\/wp-content\/uploads\/2022\/03\/Image-Agence-Captiv-\u2013-Histoire-Patrimoine-Atelier-Monchecourt-Co-site.jpg","type":"image\/jpeg"}],"author":"St\u00e9phane Miget","twitter_card":"summary_large_image","twitter_creator":"@bati_journal","twitter_site":"@bati_journal","twitter_misc":{"\u00c9crit par":"St\u00e9phane Miget","Dur\u00e9e de lecture estim\u00e9e":"3 minutes"},"schema":{"@context":"https:\/\/schema.org","@graph":[{"@type":"Article","@id":"https:\/\/batijournal.com\/index.php\/procedure-de-travaux-doffice-pour-lancien-chateau-du-duc-depernon\/107184\/#article","isPartOf":{"@id":"https:\/\/batijournal.com\/index.php\/procedure-de-travaux-doffice-pour-lancien-chateau-du-duc-depernon\/107184\/"},"author":{"name":"St\u00e9phane Miget","@id":"https:\/\/batijournal.com\/#\/schema\/person\/1dc96ec6957aa1ccb25ebe78bb19f100"},"headline":"Proc\u00e9dure de travaux d\u2019office pour l\u2019ancien ch\u00e2teau du duc d\u2019Epernon","datePublished":"2022-03-30T07:26:23+00:00","mainEntityOfPage":{"@id":"https:\/\/batijournal.com\/index.php\/procedure-de-travaux-doffice-pour-lancien-chateau-du-duc-depernon\/107184\/"},"wordCount":550,"image":{"@id":"https:\/\/batijournal.com\/index.php\/procedure-de-travaux-doffice-pour-lancien-chateau-du-duc-depernon\/107184\/#primaryimage"},"thumbnailUrl":"https:\/\/batijournal.com\/wp-content\/uploads\/2022\/03\/Image-Agence-Captiv-\u2013-Histoire-Patrimoine-Atelier-Monchecourt-Co-site.jpg","keywords":["monument historique"],"articleSection":["Actualit\u00e9s","Architecture &amp; Conception","zz_Actualit\u00e9s - Atrium","zz_Atrium Patrimoine"],"inLanguage":"fr-FR"},{"@type":"WebPage","@id":"https:\/\/batijournal.com\/index.php\/procedure-de-travaux-doffice-pour-lancien-chateau-du-duc-depernon\/107184\/","url":"https:\/\/batijournal.com\/index.php\/procedure-de-travaux-doffice-pour-lancien-chateau-du-duc-depernon\/107184\/","name":"Proc\u00e9dure de travaux d\u2019office pour l\u2019ancien ch\u00e2teau du duc d\u2019Epernon","isPartOf":{"@id":"https:\/\/batijournal.com\/#website"},"primaryImageOfPage":{"@id":"https:\/\/batijournal.com\/index.php\/procedure-de-travaux-doffice-pour-lancien-chateau-du-duc-depernon\/107184\/#primaryimage"},"image":{"@id":"https:\/\/batijournal.com\/index.php\/procedure-de-travaux-doffice-pour-lancien-chateau-du-duc-depernon\/107184\/#primaryimage"},"thumbnailUrl":"https:\/\/batijournal.com\/wp-content\/uploads\/2022\/03\/Image-Agence-Captiv-\u2013-Histoire-Patrimoine-Atelier-Monchecourt-Co-site.jpg","datePublished":"2022-03-30T07:26:23+00:00","author":{"@id":"https:\/\/batijournal.com\/#\/schema\/person\/1dc96ec6957aa1ccb25ebe78bb19f100"},"breadcrumb":{"@id":"https:\/\/batijournal.com\/index.php\/procedure-de-travaux-doffice-pour-lancien-chateau-du-duc-depernon\/107184\/#breadcrumb"},"inLanguage":"fr-FR","potentialAction":[{"@type":"ReadAction","target":["https:\/\/batijournal.com\/index.php\/procedure-de-travaux-doffice-pour-lancien-chateau-du-duc-depernon\/107184\/"]}]},{"@type":"ImageObject","inLanguage":"fr-FR","@id":"https:\/\/batijournal.com\/index.php\/procedure-de-travaux-doffice-pour-lancien-chateau-du-duc-depernon\/107184\/#primaryimage","url":"https:\/\/batijournal.com\/wp-content\/uploads\/2022\/03\/Image-Agence-Captiv-\u2013-Histoire-Patrimoine-Atelier-Monchecourt-Co-site.jpg","contentUrl":"https:\/\/batijournal.com\/wp-content\/uploads\/2022\/03\/Image-Agence-Captiv-\u2013-Histoire-Patrimoine-Atelier-Monchecourt-Co-site.jpg","width":825,"height":618},{"@type":"BreadcrumbList","@id":"https:\/\/batijournal.com\/index.php\/procedure-de-travaux-doffice-pour-lancien-chateau-du-duc-depernon\/107184\/#breadcrumb","itemListElement":[{"@type":"ListItem","position":1,"name":"Accueil","item":"https:\/\/batijournal.com\/"},{"@type":"ListItem","position":2,"name":"Actualit\u00e9s","item":"https:\/\/batijournal.com\/index.php\/category\/actualites\/"},{"@type":"ListItem","position":3,"name":"Proc\u00e9dure de travaux d\u2019office pour l\u2019ancien ch\u00e2teau du duc d\u2019Epernon"}]},{"@type":"WebSite","@id":"https:\/\/batijournal.com\/#website","url":"https:\/\/batijournal.com\/","name":"Batijournal","description":"L&#039;actualit\u00e9 du b\u00e2timent","potentialAction":[{"@type":"SearchAction","target":{"@type":"EntryPoint","urlTemplate":"https:\/\/batijournal.com\/?s={search_term_string}"},"query-input":{"@type":"PropertyValueSpecification","valueRequired":true,"valueName":"search_term_string"}}],"inLanguage":"fr-FR"},{"@type":"Person","@id":"https:\/\/batijournal.com\/#\/schema\/person\/1dc96ec6957aa1ccb25ebe78bb19f100","name":"St\u00e9phane Miget","image":{"@type":"ImageObject","inLanguage":"fr-FR","@id":"https:\/\/secure.gravatar.com\/avatar\/89915563d925342126b8ef0281b93d9d7fc337043e8df017f780908eb9644451?s=96&d=mm&r=g","url":"https:\/\/secure.gravatar.com\/avatar\/89915563d925342126b8ef0281b93d9d7fc337043e8df017f780908eb9644451?s=96&d=mm&r=g","contentUrl":"https:\/\/secure.gravatar.com\/avatar\/89915563d925342126b8ef0281b93d9d7fc337043e8df017f780908eb9644451?s=96&d=mm&r=g","caption":"St\u00e9phane Miget"},"url":"https:\/\/batijournal.com\/index.php\/author\/stephane\/"}]}},"_links":{"self":[{"href":"https:\/\/batijournal.com\/index.php\/wp-json\/wp\/v2\/posts\/107184","targetHints":{"allow":["GET"]}}],"collection":[{"href":"https:\/\/batijournal.com\/index.php\/wp-json\/wp\/v2\/posts"}],"about":[{"href":"https:\/\/batijournal.com\/index.php\/wp-json\/wp\/v2\/types\/post"}],"author":[{"embeddable":true,"href":"https:\/\/batijournal.com\/index.php\/wp-json\/wp\/v2\/users\/17"}],"replies":[{"embeddable":true,"href":"https:\/\/batijournal.com\/index.php\/wp-json\/wp\/v2\/comments?post=107184"}],"version-history":[{"count":0,"href":"https:\/\/batijournal.com\/index.php\/wp-json\/wp\/v2\/posts\/107184\/revisions"}],"wp:featuredmedia":[{"embeddable":true,"href":"https:\/\/batijournal.com\/index.php\/wp-json\/wp\/v2\/media\/107185"}],"wp:attachment":[{"href":"https:\/\/batijournal.com\/index.php\/wp-json\/wp\/v2\/media?parent=107184"}],"wp:term":[{"taxonomy":"category","embeddable":true,"href":"https:\/\/batijournal.com\/index.php\/wp-json\/wp\/v2\/categories?post=107184"},{"taxonomy":"post_tag","embeddable":true,"href":"https:\/\/batijournal.com\/index.php\/wp-json\/wp\/v2\/tags?post=107184"}],"curies":[{"name":"wp","href":"https:\/\/api.w.org\/{rel}","templated":true}]}}