{"id":107186,"date":"2022-03-30T09:31:05","date_gmt":"2022-03-30T07:31:05","guid":{"rendered":"https:\/\/batijournal.com\/?p=107186"},"modified":"2022-03-30T09:31:05","modified_gmt":"2022-03-30T07:31:05","slug":"travaux-sur-leglise-saint-christophe-de-claix","status":"publish","type":"post","link":"https:\/\/batijournal.com\/index.php\/travaux-sur-leglise-saint-christophe-de-claix\/107186\/","title":{"rendered":"Travaux sur l\u2019\u00e9glise Saint-Christophe de Claix"},"content":{"rendered":"<p>L\u2019\u00e9glise Saint-Christophe de Claix en Charente appartient \u00e0 la commune. Elle est affect\u00e9e par des d\u00e9sordres structurels et pathologiques d\u00e9j\u00e0 identifi\u00e9s ant\u00e9rieurement mais non r\u00e9solus en totalit\u00e9. Les travaux d\u2019urgence portent sur la mise hors d\u2019eau et la stabilit\u00e9 de la nef et du ch\u0153ur, probl\u00e9matiques prioritaires. Denis Dodeman, Architecte en chef des monuments historiques (ACMH) de l\u2019agence Dodeman architecture et patrimoine, assure la ma\u00eetrise d\u2019\u0153uvre des travaux de restauration. Cette premi\u00e8re op\u00e9ration de travaux est lanc\u00e9e pour un montant subventionnable de 125 000 \u20ac HT. La Drac de Nouvelle-Aquitaine apporte son soutien \u00e0 hauteur de 43 750 \u20ac (soit 35 %) du total des travaux auxquels s\u2019ajoutent 21 250 \u20ac du fond incitatif et partenarial pour les petites communes (soit 25 %). Ces travaux sont suivis dans le cadre du contr\u00f4le scientifique et technique par la Conservation r\u00e9gionale des monuments historiques \u2013 site de Poitiers et l\u2019Unit\u00e9 d\u00e9partementale de l\u2019architecture et du patrimoine de Charente.<\/p>\n","protected":false},"excerpt":{"rendered":"<p>L\u2019\u00e9glise Saint-Christophe de Claix en Charente appartient \u00e0 la commune. Elle est affect\u00e9e par des d\u00e9sordres structurels et pathologiques d\u00e9j\u00e0 identifi\u00e9s ant\u00e9rieurement mais non r\u00e9solus en totalit\u00e9. Les travaux d\u2019urgence portent sur la mise hors d\u2019eau et la stabilit\u00e9 de la nef et du ch\u0153ur, probl\u00e9matiques prioritaires. Denis Dodeman, Architecte en chef des monuments historiques [&hellip;]<\/p>\n","protected":false},"author":17,"featured_media":107187,"comment_status":"closed","ping_status":"closed","sticky":false,"template":"","format":"standard","meta":{"_et_pb_use_builder":"","_et_pb_old_content":"","_et_gb_content_width":"","footnotes":""},"categories":[10530,6340,10789,10785],"tags":[6376],"class_list":["post-107186","post","type-post","status-publish","format-standard","has-post-thumbnail","hentry","category-actualites","category-architecture-conception","category-publications-atrium","category-atrium","tag-monument-historique"],"yoast_head":"<!-- This site is optimized with the Yoast SEO plugin v27.4 - https:\/\/yoast.com\/product\/yoast-seo-wordpress\/ -->\n<title>Travaux sur l\u2019\u00e9glise Saint-Christophe de Claix<\/title>\n<meta name=\"robots\" content=\"index, follow, max-snippet:-1, max-image-preview:large, max-video-preview:-1\" \/>\n<link rel=\"canonical\" href=\"https:\/\/batijournal.com\/index.php\/travaux-sur-leglise-saint-christophe-de-claix\/107186\/\" \/>\n<meta property=\"og:locale\" content=\"fr_FR\" \/>\n<meta property=\"og:type\" content=\"article\" \/>\n<meta property=\"og:title\" content=\"Travaux sur l\u2019\u00e9glise Saint-Christophe de Claix\" \/>\n<meta property=\"og:description\" content=\"L\u2019\u00e9glise Saint-Christophe de Claix en Charente appartient \u00e0 la commune. Elle est affect\u00e9e par des d\u00e9sordres structurels et pathologiques d\u00e9j\u00e0 identifi\u00e9s ant\u00e9rieurement mais non r\u00e9solus en totalit\u00e9. Les travaux d\u2019urgence portent sur la mise hors d\u2019eau et la stabilit\u00e9 de la nef et du ch\u0153ur, probl\u00e9matiques prioritaires. Denis Dodeman, Architecte en chef des monuments historiques [&hellip;]\" \/>\n<meta property=\"og:url\" content=\"https:\/\/batijournal.com\/index.php\/travaux-sur-leglise-saint-christophe-de-claix\/107186\/\" \/>\n<meta property=\"og:site_name\" content=\"Batijournal\" \/>\n<meta property=\"article:published_time\" content=\"2022-03-30T07:31:05+00:00\" \/>\n<meta property=\"og:image\" content=\"https:\/\/batijournal.com\/wp-content\/uploads\/2022\/03\/claix-eglise-nef.jpg\" \/>\n\t<meta property=\"og:image:width\" content=\"310\" \/>\n\t<meta property=\"og:image:height\" content=\"440\" \/>\n\t<meta property=\"og:image:type\" content=\"image\/jpeg\" \/>\n<meta name=\"author\" content=\"St\u00e9phane Miget\" \/>\n<meta name=\"twitter:card\" content=\"summary_large_image\" \/>\n<meta name=\"twitter:creator\" content=\"@bati_journal\" \/>\n<meta name=\"twitter:site\" content=\"@bati_journal\" \/>\n<meta name=\"twitter:label1\" content=\"\u00c9crit par\" \/>\n\t<meta name=\"twitter:data1\" content=\"St\u00e9phane Miget\" \/>\n\t<meta name=\"twitter:label2\" content=\"Dur\u00e9e de lecture estim\u00e9e\" \/>\n\t<meta name=\"twitter:data2\" content=\"1 minute\" \/>\n<script type=\"application\/ld+json\" class=\"yoast-schema-graph\">{\"@context\":\"https:\\\/\\\/schema.org\",\"@graph\":[{\"@type\":\"Article\",\"@id\":\"https:\\\/\\\/batijournal.com\\\/index.php\\\/travaux-sur-leglise-saint-christophe-de-claix\\\/107186\\\/#article\",\"isPartOf\":{\"@id\":\"https:\\\/\\\/batijournal.com\\\/index.php\\\/travaux-sur-leglise-saint-christophe-de-claix\\\/107186\\\/\"},\"author\":{\"name\":\"St\u00e9phane Miget\",\"@id\":\"https:\\\/\\\/batijournal.com\\\/#\\\/schema\\\/person\\\/1dc96ec6957aa1ccb25ebe78bb19f100\"},\"headline\":\"Travaux sur l\u2019\u00e9glise Saint-Christophe de Claix\",\"datePublished\":\"2022-03-30T07:31:05+00:00\",\"mainEntityOfPage\":{\"@id\":\"https:\\\/\\\/batijournal.com\\\/index.php\\\/travaux-sur-leglise-saint-christophe-de-claix\\\/107186\\\/\"},\"wordCount\":170,\"image\":{\"@id\":\"https:\\\/\\\/batijournal.com\\\/index.php\\\/travaux-sur-leglise-saint-christophe-de-claix\\\/107186\\\/#primaryimage\"},\"thumbnailUrl\":\"https:\\\/\\\/batijournal.com\\\/wp-content\\\/uploads\\\/2022\\\/03\\\/claix-eglise-nef.jpg\",\"keywords\":[\"monument historique\"],\"articleSection\":[\"Actualit\u00e9s\",\"Architecture &amp; Conception\",\"zz_Actualit\u00e9s - Atrium\",\"zz_Atrium Patrimoine\"],\"inLanguage\":\"fr-FR\"},{\"@type\":\"WebPage\",\"@id\":\"https:\\\/\\\/batijournal.com\\\/index.php\\\/travaux-sur-leglise-saint-christophe-de-claix\\\/107186\\\/\",\"url\":\"https:\\\/\\\/batijournal.com\\\/index.php\\\/travaux-sur-leglise-saint-christophe-de-claix\\\/107186\\\/\",\"name\":\"Travaux sur l\u2019\u00e9glise Saint-Christophe de Claix\",\"isPartOf\":{\"@id\":\"https:\\\/\\\/batijournal.com\\\/#website\"},\"primaryImageOfPage\":{\"@id\":\"https:\\\/\\\/batijournal.com\\\/index.php\\\/travaux-sur-leglise-saint-christophe-de-claix\\\/107186\\\/#primaryimage\"},\"image\":{\"@id\":\"https:\\\/\\\/batijournal.com\\\/index.php\\\/travaux-sur-leglise-saint-christophe-de-claix\\\/107186\\\/#primaryimage\"},\"thumbnailUrl\":\"https:\\\/\\\/batijournal.com\\\/wp-content\\\/uploads\\\/2022\\\/03\\\/claix-eglise-nef.jpg\",\"datePublished\":\"2022-03-30T07:31:05+00:00\",\"author\":{\"@id\":\"https:\\\/\\\/batijournal.com\\\/#\\\/schema\\\/person\\\/1dc96ec6957aa1ccb25ebe78bb19f100\"},\"breadcrumb\":{\"@id\":\"https:\\\/\\\/batijournal.com\\\/index.php\\\/travaux-sur-leglise-saint-christophe-de-claix\\\/107186\\\/#breadcrumb\"},\"inLanguage\":\"fr-FR\",\"potentialAction\":[{\"@type\":\"ReadAction\",\"target\":[\"https:\\\/\\\/batijournal.com\\\/index.php\\\/travaux-sur-leglise-saint-christophe-de-claix\\\/107186\\\/\"]}]},{\"@type\":\"ImageObject\",\"inLanguage\":\"fr-FR\",\"@id\":\"https:\\\/\\\/batijournal.com\\\/index.php\\\/travaux-sur-leglise-saint-christophe-de-claix\\\/107186\\\/#primaryimage\",\"url\":\"https:\\\/\\\/batijournal.com\\\/wp-content\\\/uploads\\\/2022\\\/03\\\/claix-eglise-nef.jpg\",\"contentUrl\":\"https:\\\/\\\/batijournal.com\\\/wp-content\\\/uploads\\\/2022\\\/03\\\/claix-eglise-nef.jpg\",\"width\":310,\"height\":440},{\"@type\":\"BreadcrumbList\",\"@id\":\"https:\\\/\\\/batijournal.com\\\/index.php\\\/travaux-sur-leglise-saint-christophe-de-claix\\\/107186\\\/#breadcrumb\",\"itemListElement\":[{\"@type\":\"ListItem\",\"position\":1,\"name\":\"Accueil\",\"item\":\"https:\\\/\\\/batijournal.com\\\/\"},{\"@type\":\"ListItem\",\"position\":2,\"name\":\"Actualit\u00e9s\",\"item\":\"https:\\\/\\\/batijournal.com\\\/index.php\\\/category\\\/actualites\\\/\"},{\"@type\":\"ListItem\",\"position\":3,\"name\":\"Travaux sur l\u2019\u00e9glise Saint-Christophe de Claix\"}]},{\"@type\":\"WebSite\",\"@id\":\"https:\\\/\\\/batijournal.com\\\/#website\",\"url\":\"https:\\\/\\\/batijournal.com\\\/\",\"name\":\"Batijournal\",\"description\":\"L&#039;actualit\u00e9 du b\u00e2timent\",\"potentialAction\":[{\"@type\":\"SearchAction\",\"target\":{\"@type\":\"EntryPoint\",\"urlTemplate\":\"https:\\\/\\\/batijournal.com\\\/?s={search_term_string}\"},\"query-input\":{\"@type\":\"PropertyValueSpecification\",\"valueRequired\":true,\"valueName\":\"search_term_string\"}}],\"inLanguage\":\"fr-FR\"},{\"@type\":\"Person\",\"@id\":\"https:\\\/\\\/batijournal.com\\\/#\\\/schema\\\/person\\\/1dc96ec6957aa1ccb25ebe78bb19f100\",\"name\":\"St\u00e9phane Miget\",\"image\":{\"@type\":\"ImageObject\",\"inLanguage\":\"fr-FR\",\"@id\":\"https:\\\/\\\/secure.gravatar.com\\\/avatar\\\/89915563d925342126b8ef0281b93d9d7fc337043e8df017f780908eb9644451?s=96&d=mm&r=g\",\"url\":\"https:\\\/\\\/secure.gravatar.com\\\/avatar\\\/89915563d925342126b8ef0281b93d9d7fc337043e8df017f780908eb9644451?s=96&d=mm&r=g\",\"contentUrl\":\"https:\\\/\\\/secure.gravatar.com\\\/avatar\\\/89915563d925342126b8ef0281b93d9d7fc337043e8df017f780908eb9644451?s=96&d=mm&r=g\",\"caption\":\"St\u00e9phane Miget\"},\"url\":\"https:\\\/\\\/batijournal.com\\\/index.php\\\/author\\\/stephane\\\/\"}]}<\/script>\n<!-- \/ Yoast SEO plugin. -->","yoast_head_json":{"title":"Travaux sur l\u2019\u00e9glise Saint-Christophe de Claix","robots":{"index":"index","follow":"follow","max-snippet":"max-snippet:-1","max-image-preview":"max-image-preview:large","max-video-preview":"max-video-preview:-1"},"canonical":"https:\/\/batijournal.com\/index.php\/travaux-sur-leglise-saint-christophe-de-claix\/107186\/","og_locale":"fr_FR","og_type":"article","og_title":"Travaux sur l\u2019\u00e9glise Saint-Christophe de Claix","og_description":"L\u2019\u00e9glise Saint-Christophe de Claix en Charente appartient \u00e0 la commune. Elle est affect\u00e9e par des d\u00e9sordres structurels et pathologiques d\u00e9j\u00e0 identifi\u00e9s ant\u00e9rieurement mais non r\u00e9solus en totalit\u00e9. Les travaux d\u2019urgence portent sur la mise hors d\u2019eau et la stabilit\u00e9 de la nef et du ch\u0153ur, probl\u00e9matiques prioritaires. Denis Dodeman, Architecte en chef des monuments historiques [&hellip;]","og_url":"https:\/\/batijournal.com\/index.php\/travaux-sur-leglise-saint-christophe-de-claix\/107186\/","og_site_name":"Batijournal","article_published_time":"2022-03-30T07:31:05+00:00","og_image":[{"width":310,"height":440,"url":"https:\/\/batijournal.com\/wp-content\/uploads\/2022\/03\/claix-eglise-nef.jpg","type":"image\/jpeg"}],"author":"St\u00e9phane Miget","twitter_card":"summary_large_image","twitter_creator":"@bati_journal","twitter_site":"@bati_journal","twitter_misc":{"\u00c9crit par":"St\u00e9phane Miget","Dur\u00e9e de lecture estim\u00e9e":"1 minute"},"schema":{"@context":"https:\/\/schema.org","@graph":[{"@type":"Article","@id":"https:\/\/batijournal.com\/index.php\/travaux-sur-leglise-saint-christophe-de-claix\/107186\/#article","isPartOf":{"@id":"https:\/\/batijournal.com\/index.php\/travaux-sur-leglise-saint-christophe-de-claix\/107186\/"},"author":{"name":"St\u00e9phane Miget","@id":"https:\/\/batijournal.com\/#\/schema\/person\/1dc96ec6957aa1ccb25ebe78bb19f100"},"headline":"Travaux sur l\u2019\u00e9glise Saint-Christophe de Claix","datePublished":"2022-03-30T07:31:05+00:00","mainEntityOfPage":{"@id":"https:\/\/batijournal.com\/index.php\/travaux-sur-leglise-saint-christophe-de-claix\/107186\/"},"wordCount":170,"image":{"@id":"https:\/\/batijournal.com\/index.php\/travaux-sur-leglise-saint-christophe-de-claix\/107186\/#primaryimage"},"thumbnailUrl":"https:\/\/batijournal.com\/wp-content\/uploads\/2022\/03\/claix-eglise-nef.jpg","keywords":["monument historique"],"articleSection":["Actualit\u00e9s","Architecture &amp; Conception","zz_Actualit\u00e9s - Atrium","zz_Atrium Patrimoine"],"inLanguage":"fr-FR"},{"@type":"WebPage","@id":"https:\/\/batijournal.com\/index.php\/travaux-sur-leglise-saint-christophe-de-claix\/107186\/","url":"https:\/\/batijournal.com\/index.php\/travaux-sur-leglise-saint-christophe-de-claix\/107186\/","name":"Travaux sur l\u2019\u00e9glise Saint-Christophe de Claix","isPartOf":{"@id":"https:\/\/batijournal.com\/#website"},"primaryImageOfPage":{"@id":"https:\/\/batijournal.com\/index.php\/travaux-sur-leglise-saint-christophe-de-claix\/107186\/#primaryimage"},"image":{"@id":"https:\/\/batijournal.com\/index.php\/travaux-sur-leglise-saint-christophe-de-claix\/107186\/#primaryimage"},"thumbnailUrl":"https:\/\/batijournal.com\/wp-content\/uploads\/2022\/03\/claix-eglise-nef.jpg","datePublished":"2022-03-30T07:31:05+00:00","author":{"@id":"https:\/\/batijournal.com\/#\/schema\/person\/1dc96ec6957aa1ccb25ebe78bb19f100"},"breadcrumb":{"@id":"https:\/\/batijournal.com\/index.php\/travaux-sur-leglise-saint-christophe-de-claix\/107186\/#breadcrumb"},"inLanguage":"fr-FR","potentialAction":[{"@type":"ReadAction","target":["https:\/\/batijournal.com\/index.php\/travaux-sur-leglise-saint-christophe-de-claix\/107186\/"]}]},{"@type":"ImageObject","inLanguage":"fr-FR","@id":"https:\/\/batijournal.com\/index.php\/travaux-sur-leglise-saint-christophe-de-claix\/107186\/#primaryimage","url":"https:\/\/batijournal.com\/wp-content\/uploads\/2022\/03\/claix-eglise-nef.jpg","contentUrl":"https:\/\/batijournal.com\/wp-content\/uploads\/2022\/03\/claix-eglise-nef.jpg","width":310,"height":440},{"@type":"BreadcrumbList","@id":"https:\/\/batijournal.com\/index.php\/travaux-sur-leglise-saint-christophe-de-claix\/107186\/#breadcrumb","itemListElement":[{"@type":"ListItem","position":1,"name":"Accueil","item":"https:\/\/batijournal.com\/"},{"@type":"ListItem","position":2,"name":"Actualit\u00e9s","item":"https:\/\/batijournal.com\/index.php\/category\/actualites\/"},{"@type":"ListItem","position":3,"name":"Travaux sur l\u2019\u00e9glise Saint-Christophe de Claix"}]},{"@type":"WebSite","@id":"https:\/\/batijournal.com\/#website","url":"https:\/\/batijournal.com\/","name":"Batijournal","description":"L&#039;actualit\u00e9 du b\u00e2timent","potentialAction":[{"@type":"SearchAction","target":{"@type":"EntryPoint","urlTemplate":"https:\/\/batijournal.com\/?s={search_term_string}"},"query-input":{"@type":"PropertyValueSpecification","valueRequired":true,"valueName":"search_term_string"}}],"inLanguage":"fr-FR"},{"@type":"Person","@id":"https:\/\/batijournal.com\/#\/schema\/person\/1dc96ec6957aa1ccb25ebe78bb19f100","name":"St\u00e9phane Miget","image":{"@type":"ImageObject","inLanguage":"fr-FR","@id":"https:\/\/secure.gravatar.com\/avatar\/89915563d925342126b8ef0281b93d9d7fc337043e8df017f780908eb9644451?s=96&d=mm&r=g","url":"https:\/\/secure.gravatar.com\/avatar\/89915563d925342126b8ef0281b93d9d7fc337043e8df017f780908eb9644451?s=96&d=mm&r=g","contentUrl":"https:\/\/secure.gravatar.com\/avatar\/89915563d925342126b8ef0281b93d9d7fc337043e8df017f780908eb9644451?s=96&d=mm&r=g","caption":"St\u00e9phane Miget"},"url":"https:\/\/batijournal.com\/index.php\/author\/stephane\/"}]}},"_links":{"self":[{"href":"https:\/\/batijournal.com\/index.php\/wp-json\/wp\/v2\/posts\/107186","targetHints":{"allow":["GET"]}}],"collection":[{"href":"https:\/\/batijournal.com\/index.php\/wp-json\/wp\/v2\/posts"}],"about":[{"href":"https:\/\/batijournal.com\/index.php\/wp-json\/wp\/v2\/types\/post"}],"author":[{"embeddable":true,"href":"https:\/\/batijournal.com\/index.php\/wp-json\/wp\/v2\/users\/17"}],"replies":[{"embeddable":true,"href":"https:\/\/batijournal.com\/index.php\/wp-json\/wp\/v2\/comments?post=107186"}],"version-history":[{"count":0,"href":"https:\/\/batijournal.com\/index.php\/wp-json\/wp\/v2\/posts\/107186\/revisions"}],"wp:featuredmedia":[{"embeddable":true,"href":"https:\/\/batijournal.com\/index.php\/wp-json\/wp\/v2\/media\/107187"}],"wp:attachment":[{"href":"https:\/\/batijournal.com\/index.php\/wp-json\/wp\/v2\/media?parent=107186"}],"wp:term":[{"taxonomy":"category","embeddable":true,"href":"https:\/\/batijournal.com\/index.php\/wp-json\/wp\/v2\/categories?post=107186"},{"taxonomy":"post_tag","embeddable":true,"href":"https:\/\/batijournal.com\/index.php\/wp-json\/wp\/v2\/tags?post=107186"}],"curies":[{"name":"wp","href":"https:\/\/api.w.org\/{rel}","templated":true}]}}