{"id":107197,"date":"2022-04-01T16:05:54","date_gmt":"2022-04-01T14:05:54","guid":{"rendered":"https:\/\/batijournal.com\/?p=107197"},"modified":"2022-04-01T16:05:54","modified_gmt":"2022-04-01T14:05:54","slug":"certification-et-gestion-forestiere-durable-au-coeur-des-enjeux-de-la-construction-bois","status":"publish","type":"post","link":"https:\/\/batijournal.com\/index.php\/certification-et-gestion-forestiere-durable-au-coeur-des-enjeux-de-la-construction-bois\/107197\/","title":{"rendered":"Certification et gestion foresti\u00e8re durable au c\u0153ur des enjeux de la construction bois"},"content":{"rendered":"<p>Dans le cadre de la Journ\u00e9e internationale des for\u00eats, Fibois \u00cele-de-France, l\u2019ONF et PEFC France ont organis\u00e9 une matin\u00e9e en for\u00eat de Villefermoy (77), d\u00e9di\u00e9e \u00e0 la gestion durable des for\u00eats et \u00e0 la certification foresti\u00e8re. Architectes, am\u00e9nageurs, ma\u00eetres d&rsquo;ouvrage et prescripteurs de la construction ont \u00e9t\u00e9 convi\u00e9s pour cette visite in\u00e9dite. Ils ont ainsi pu \u00eatre sensibilis\u00e9s \u00e0 la certification foresti\u00e8re PEFC, avec, en ligne de mire, le d\u00e9veloppement du secteur bois-construction en France. Les invit\u00e9s ont pu d\u00e9couvrir la r\u00e9alit\u00e9 de la gestion durable gr\u00e2ce \u00e0 une visite comment\u00e9e par Beno\u00eet Bocquet, responsable du service commercial bois pour l\u2019\u00cele de France \u00e0 l\u2019ONF et Gr\u00e9gory Cou\u00e9, charg\u00e9 des activit\u00e9s for\u00eats au sein de PEFC Ouest. La visite a notamment fait une \u00e9tape sur une parcelle dont sont issus des bois s\u00e9lectionn\u00e9s pour la reconstruction de la<br \/>\nCath\u00e9drale Notre-Dame de Paris. Certifi\u00e9e PEFC pour sa gestion durable, la for\u00eat de Villefermoy, en Seine-et-Marne, produit principalement du ch\u00eane mais \u00e9galement du charme et du h\u00eatre.<\/p>\n","protected":false},"excerpt":{"rendered":"<p>Dans le cadre de la Journ\u00e9e internationale des for\u00eats, Fibois \u00cele-de-France, l\u2019ONF et PEFC France ont organis\u00e9 une matin\u00e9e en for\u00eat de Villefermoy (77), d\u00e9di\u00e9e \u00e0 la gestion durable des for\u00eats et \u00e0 la certification foresti\u00e8re. Architectes, am\u00e9nageurs, ma\u00eetres d&rsquo;ouvrage et prescripteurs de la construction ont \u00e9t\u00e9 convi\u00e9s pour cette visite in\u00e9dite. Ils ont ainsi [&hellip;]<\/p>\n","protected":false},"author":17,"featured_media":90383,"comment_status":"closed","ping_status":"closed","sticky":false,"template":"","format":"standard","meta":{"_et_pb_use_builder":"","_et_pb_old_content":"","_et_gb_content_width":"","footnotes":""},"categories":[10530,6345,10769,10764],"tags":[11036],"class_list":["post-107197","post","type-post","status-publish","format-standard","has-post-thumbnail","hentry","category-actualites","category-economie-marches","category-publications","category-woodsurfer","tag-pefc"],"yoast_head":"<!-- This site is optimized with the Yoast SEO plugin v27.4 - https:\/\/yoast.com\/product\/yoast-seo-wordpress\/ -->\n<title>Certification et gestion foresti\u00e8re durable au c\u0153ur des enjeux de la construction bois<\/title>\n<meta name=\"robots\" content=\"index, follow, max-snippet:-1, max-image-preview:large, max-video-preview:-1\" \/>\n<link rel=\"canonical\" href=\"https:\/\/batijournal.com\/index.php\/certification-et-gestion-forestiere-durable-au-coeur-des-enjeux-de-la-construction-bois\/107197\/\" \/>\n<meta property=\"og:locale\" content=\"fr_FR\" \/>\n<meta property=\"og:type\" content=\"article\" \/>\n<meta property=\"og:title\" content=\"Certification et gestion foresti\u00e8re durable au c\u0153ur des enjeux de la construction bois\" \/>\n<meta property=\"og:description\" content=\"Dans le cadre de la Journ\u00e9e internationale des for\u00eats, Fibois \u00cele-de-France, l\u2019ONF et PEFC France ont organis\u00e9 une matin\u00e9e en for\u00eat de Villefermoy (77), d\u00e9di\u00e9e \u00e0 la gestion durable des for\u00eats et \u00e0 la certification foresti\u00e8re. Architectes, am\u00e9nageurs, ma\u00eetres d&rsquo;ouvrage et prescripteurs de la construction ont \u00e9t\u00e9 convi\u00e9s pour cette visite in\u00e9dite. Ils ont ainsi [&hellip;]\" \/>\n<meta property=\"og:url\" content=\"https:\/\/batijournal.com\/index.php\/certification-et-gestion-forestiere-durable-au-coeur-des-enjeux-de-la-construction-bois\/107197\/\" \/>\n<meta property=\"og:site_name\" content=\"Batijournal\" \/>\n<meta property=\"article:published_time\" content=\"2022-04-01T14:05:54+00:00\" \/>\n<meta property=\"og:image\" content=\"https:\/\/batijournal.com\/wp-content\/uploads\/2015\/11\/PEFC_COUL_10-1-1-580x1024.png\" \/>\n\t<meta property=\"og:image:width\" content=\"580\" \/>\n\t<meta property=\"og:image:height\" content=\"1024\" \/>\n\t<meta property=\"og:image:type\" content=\"image\/png\" \/>\n<meta name=\"author\" content=\"St\u00e9phane Miget\" \/>\n<meta name=\"twitter:card\" content=\"summary_large_image\" \/>\n<meta name=\"twitter:creator\" content=\"@bati_journal\" \/>\n<meta name=\"twitter:site\" content=\"@bati_journal\" \/>\n<meta name=\"twitter:label1\" content=\"\u00c9crit par\" \/>\n\t<meta name=\"twitter:data1\" content=\"St\u00e9phane Miget\" \/>\n\t<meta name=\"twitter:label2\" content=\"Dur\u00e9e de lecture estim\u00e9e\" \/>\n\t<meta name=\"twitter:data2\" content=\"1 minute\" \/>\n<script type=\"application\/ld+json\" class=\"yoast-schema-graph\">{\"@context\":\"https:\\\/\\\/schema.org\",\"@graph\":[{\"@type\":\"Article\",\"@id\":\"https:\\\/\\\/batijournal.com\\\/index.php\\\/certification-et-gestion-forestiere-durable-au-coeur-des-enjeux-de-la-construction-bois\\\/107197\\\/#article\",\"isPartOf\":{\"@id\":\"https:\\\/\\\/batijournal.com\\\/index.php\\\/certification-et-gestion-forestiere-durable-au-coeur-des-enjeux-de-la-construction-bois\\\/107197\\\/\"},\"author\":{\"name\":\"St\u00e9phane Miget\",\"@id\":\"https:\\\/\\\/batijournal.com\\\/#\\\/schema\\\/person\\\/1dc96ec6957aa1ccb25ebe78bb19f100\"},\"headline\":\"Certification et gestion foresti\u00e8re durable au c\u0153ur des enjeux de la construction bois\",\"datePublished\":\"2022-04-01T14:05:54+00:00\",\"mainEntityOfPage\":{\"@id\":\"https:\\\/\\\/batijournal.com\\\/index.php\\\/certification-et-gestion-forestiere-durable-au-coeur-des-enjeux-de-la-construction-bois\\\/107197\\\/\"},\"wordCount\":209,\"image\":{\"@id\":\"https:\\\/\\\/batijournal.com\\\/index.php\\\/certification-et-gestion-forestiere-durable-au-coeur-des-enjeux-de-la-construction-bois\\\/107197\\\/#primaryimage\"},\"thumbnailUrl\":\"https:\\\/\\\/batijournal.com\\\/wp-content\\\/uploads\\\/2015\\\/11\\\/PEFC_COUL_10-1-1-580x1024.png\",\"keywords\":[\"PEFC\"],\"articleSection\":[\"Actualit\u00e9s\",\"\u00c9conomie &amp; March\u00e9s\",\"zz_Actualit\u00e9s - Woodsurfer\",\"zz_Woodsurfer\"],\"inLanguage\":\"fr-FR\"},{\"@type\":\"WebPage\",\"@id\":\"https:\\\/\\\/batijournal.com\\\/index.php\\\/certification-et-gestion-forestiere-durable-au-coeur-des-enjeux-de-la-construction-bois\\\/107197\\\/\",\"url\":\"https:\\\/\\\/batijournal.com\\\/index.php\\\/certification-et-gestion-forestiere-durable-au-coeur-des-enjeux-de-la-construction-bois\\\/107197\\\/\",\"name\":\"Certification et gestion foresti\u00e8re durable au c\u0153ur des enjeux de la construction bois\",\"isPartOf\":{\"@id\":\"https:\\\/\\\/batijournal.com\\\/#website\"},\"primaryImageOfPage\":{\"@id\":\"https:\\\/\\\/batijournal.com\\\/index.php\\\/certification-et-gestion-forestiere-durable-au-coeur-des-enjeux-de-la-construction-bois\\\/107197\\\/#primaryimage\"},\"image\":{\"@id\":\"https:\\\/\\\/batijournal.com\\\/index.php\\\/certification-et-gestion-forestiere-durable-au-coeur-des-enjeux-de-la-construction-bois\\\/107197\\\/#primaryimage\"},\"thumbnailUrl\":\"https:\\\/\\\/batijournal.com\\\/wp-content\\\/uploads\\\/2015\\\/11\\\/PEFC_COUL_10-1-1-580x1024.png\",\"datePublished\":\"2022-04-01T14:05:54+00:00\",\"author\":{\"@id\":\"https:\\\/\\\/batijournal.com\\\/#\\\/schema\\\/person\\\/1dc96ec6957aa1ccb25ebe78bb19f100\"},\"breadcrumb\":{\"@id\":\"https:\\\/\\\/batijournal.com\\\/index.php\\\/certification-et-gestion-forestiere-durable-au-coeur-des-enjeux-de-la-construction-bois\\\/107197\\\/#breadcrumb\"},\"inLanguage\":\"fr-FR\",\"potentialAction\":[{\"@type\":\"ReadAction\",\"target\":[\"https:\\\/\\\/batijournal.com\\\/index.php\\\/certification-et-gestion-forestiere-durable-au-coeur-des-enjeux-de-la-construction-bois\\\/107197\\\/\"]}]},{\"@type\":\"ImageObject\",\"inLanguage\":\"fr-FR\",\"@id\":\"https:\\\/\\\/batijournal.com\\\/index.php\\\/certification-et-gestion-forestiere-durable-au-coeur-des-enjeux-de-la-construction-bois\\\/107197\\\/#primaryimage\",\"url\":\"https:\\\/\\\/batijournal.com\\\/wp-content\\\/uploads\\\/2015\\\/11\\\/PEFC_COUL_10-1-1-580x1024.png\",\"contentUrl\":\"https:\\\/\\\/batijournal.com\\\/wp-content\\\/uploads\\\/2015\\\/11\\\/PEFC_COUL_10-1-1-580x1024.png\",\"width\":580,\"height\":1024},{\"@type\":\"BreadcrumbList\",\"@id\":\"https:\\\/\\\/batijournal.com\\\/index.php\\\/certification-et-gestion-forestiere-durable-au-coeur-des-enjeux-de-la-construction-bois\\\/107197\\\/#breadcrumb\",\"itemListElement\":[{\"@type\":\"ListItem\",\"position\":1,\"name\":\"Accueil\",\"item\":\"https:\\\/\\\/batijournal.com\\\/\"},{\"@type\":\"ListItem\",\"position\":2,\"name\":\"Actualit\u00e9s\",\"item\":\"https:\\\/\\\/batijournal.com\\\/index.php\\\/category\\\/actualites\\\/\"},{\"@type\":\"ListItem\",\"position\":3,\"name\":\"Certification et gestion foresti\u00e8re durable au c\u0153ur des enjeux de la construction bois\"}]},{\"@type\":\"WebSite\",\"@id\":\"https:\\\/\\\/batijournal.com\\\/#website\",\"url\":\"https:\\\/\\\/batijournal.com\\\/\",\"name\":\"Batijournal\",\"description\":\"L&#039;actualit\u00e9 du b\u00e2timent\",\"potentialAction\":[{\"@type\":\"SearchAction\",\"target\":{\"@type\":\"EntryPoint\",\"urlTemplate\":\"https:\\\/\\\/batijournal.com\\\/?s={search_term_string}\"},\"query-input\":{\"@type\":\"PropertyValueSpecification\",\"valueRequired\":true,\"valueName\":\"search_term_string\"}}],\"inLanguage\":\"fr-FR\"},{\"@type\":\"Person\",\"@id\":\"https:\\\/\\\/batijournal.com\\\/#\\\/schema\\\/person\\\/1dc96ec6957aa1ccb25ebe78bb19f100\",\"name\":\"St\u00e9phane Miget\",\"image\":{\"@type\":\"ImageObject\",\"inLanguage\":\"fr-FR\",\"@id\":\"https:\\\/\\\/secure.gravatar.com\\\/avatar\\\/89915563d925342126b8ef0281b93d9d7fc337043e8df017f780908eb9644451?s=96&d=mm&r=g\",\"url\":\"https:\\\/\\\/secure.gravatar.com\\\/avatar\\\/89915563d925342126b8ef0281b93d9d7fc337043e8df017f780908eb9644451?s=96&d=mm&r=g\",\"contentUrl\":\"https:\\\/\\\/secure.gravatar.com\\\/avatar\\\/89915563d925342126b8ef0281b93d9d7fc337043e8df017f780908eb9644451?s=96&d=mm&r=g\",\"caption\":\"St\u00e9phane Miget\"},\"url\":\"https:\\\/\\\/batijournal.com\\\/index.php\\\/author\\\/stephane\\\/\"}]}<\/script>\n<!-- \/ Yoast SEO plugin. -->","yoast_head_json":{"title":"Certification et gestion foresti\u00e8re durable au c\u0153ur des enjeux de la construction bois","robots":{"index":"index","follow":"follow","max-snippet":"max-snippet:-1","max-image-preview":"max-image-preview:large","max-video-preview":"max-video-preview:-1"},"canonical":"https:\/\/batijournal.com\/index.php\/certification-et-gestion-forestiere-durable-au-coeur-des-enjeux-de-la-construction-bois\/107197\/","og_locale":"fr_FR","og_type":"article","og_title":"Certification et gestion foresti\u00e8re durable au c\u0153ur des enjeux de la construction bois","og_description":"Dans le cadre de la Journ\u00e9e internationale des for\u00eats, Fibois \u00cele-de-France, l\u2019ONF et PEFC France ont organis\u00e9 une matin\u00e9e en for\u00eat de Villefermoy (77), d\u00e9di\u00e9e \u00e0 la gestion durable des for\u00eats et \u00e0 la certification foresti\u00e8re. Architectes, am\u00e9nageurs, ma\u00eetres d&rsquo;ouvrage et prescripteurs de la construction ont \u00e9t\u00e9 convi\u00e9s pour cette visite in\u00e9dite. Ils ont ainsi [&hellip;]","og_url":"https:\/\/batijournal.com\/index.php\/certification-et-gestion-forestiere-durable-au-coeur-des-enjeux-de-la-construction-bois\/107197\/","og_site_name":"Batijournal","article_published_time":"2022-04-01T14:05:54+00:00","og_image":[{"width":580,"height":1024,"url":"https:\/\/batijournal.com\/wp-content\/uploads\/2015\/11\/PEFC_COUL_10-1-1-580x1024.png","type":"image\/png"}],"author":"St\u00e9phane Miget","twitter_card":"summary_large_image","twitter_creator":"@bati_journal","twitter_site":"@bati_journal","twitter_misc":{"\u00c9crit par":"St\u00e9phane Miget","Dur\u00e9e de lecture estim\u00e9e":"1 minute"},"schema":{"@context":"https:\/\/schema.org","@graph":[{"@type":"Article","@id":"https:\/\/batijournal.com\/index.php\/certification-et-gestion-forestiere-durable-au-coeur-des-enjeux-de-la-construction-bois\/107197\/#article","isPartOf":{"@id":"https:\/\/batijournal.com\/index.php\/certification-et-gestion-forestiere-durable-au-coeur-des-enjeux-de-la-construction-bois\/107197\/"},"author":{"name":"St\u00e9phane Miget","@id":"https:\/\/batijournal.com\/#\/schema\/person\/1dc96ec6957aa1ccb25ebe78bb19f100"},"headline":"Certification et gestion foresti\u00e8re durable au c\u0153ur des enjeux de la construction bois","datePublished":"2022-04-01T14:05:54+00:00","mainEntityOfPage":{"@id":"https:\/\/batijournal.com\/index.php\/certification-et-gestion-forestiere-durable-au-coeur-des-enjeux-de-la-construction-bois\/107197\/"},"wordCount":209,"image":{"@id":"https:\/\/batijournal.com\/index.php\/certification-et-gestion-forestiere-durable-au-coeur-des-enjeux-de-la-construction-bois\/107197\/#primaryimage"},"thumbnailUrl":"https:\/\/batijournal.com\/wp-content\/uploads\/2015\/11\/PEFC_COUL_10-1-1-580x1024.png","keywords":["PEFC"],"articleSection":["Actualit\u00e9s","\u00c9conomie &amp; March\u00e9s","zz_Actualit\u00e9s - Woodsurfer","zz_Woodsurfer"],"inLanguage":"fr-FR"},{"@type":"WebPage","@id":"https:\/\/batijournal.com\/index.php\/certification-et-gestion-forestiere-durable-au-coeur-des-enjeux-de-la-construction-bois\/107197\/","url":"https:\/\/batijournal.com\/index.php\/certification-et-gestion-forestiere-durable-au-coeur-des-enjeux-de-la-construction-bois\/107197\/","name":"Certification et gestion foresti\u00e8re durable au c\u0153ur des enjeux de la construction bois","isPartOf":{"@id":"https:\/\/batijournal.com\/#website"},"primaryImageOfPage":{"@id":"https:\/\/batijournal.com\/index.php\/certification-et-gestion-forestiere-durable-au-coeur-des-enjeux-de-la-construction-bois\/107197\/#primaryimage"},"image":{"@id":"https:\/\/batijournal.com\/index.php\/certification-et-gestion-forestiere-durable-au-coeur-des-enjeux-de-la-construction-bois\/107197\/#primaryimage"},"thumbnailUrl":"https:\/\/batijournal.com\/wp-content\/uploads\/2015\/11\/PEFC_COUL_10-1-1-580x1024.png","datePublished":"2022-04-01T14:05:54+00:00","author":{"@id":"https:\/\/batijournal.com\/#\/schema\/person\/1dc96ec6957aa1ccb25ebe78bb19f100"},"breadcrumb":{"@id":"https:\/\/batijournal.com\/index.php\/certification-et-gestion-forestiere-durable-au-coeur-des-enjeux-de-la-construction-bois\/107197\/#breadcrumb"},"inLanguage":"fr-FR","potentialAction":[{"@type":"ReadAction","target":["https:\/\/batijournal.com\/index.php\/certification-et-gestion-forestiere-durable-au-coeur-des-enjeux-de-la-construction-bois\/107197\/"]}]},{"@type":"ImageObject","inLanguage":"fr-FR","@id":"https:\/\/batijournal.com\/index.php\/certification-et-gestion-forestiere-durable-au-coeur-des-enjeux-de-la-construction-bois\/107197\/#primaryimage","url":"https:\/\/batijournal.com\/wp-content\/uploads\/2015\/11\/PEFC_COUL_10-1-1-580x1024.png","contentUrl":"https:\/\/batijournal.com\/wp-content\/uploads\/2015\/11\/PEFC_COUL_10-1-1-580x1024.png","width":580,"height":1024},{"@type":"BreadcrumbList","@id":"https:\/\/batijournal.com\/index.php\/certification-et-gestion-forestiere-durable-au-coeur-des-enjeux-de-la-construction-bois\/107197\/#breadcrumb","itemListElement":[{"@type":"ListItem","position":1,"name":"Accueil","item":"https:\/\/batijournal.com\/"},{"@type":"ListItem","position":2,"name":"Actualit\u00e9s","item":"https:\/\/batijournal.com\/index.php\/category\/actualites\/"},{"@type":"ListItem","position":3,"name":"Certification et gestion foresti\u00e8re durable au c\u0153ur des enjeux de la construction bois"}]},{"@type":"WebSite","@id":"https:\/\/batijournal.com\/#website","url":"https:\/\/batijournal.com\/","name":"Batijournal","description":"L&#039;actualit\u00e9 du b\u00e2timent","potentialAction":[{"@type":"SearchAction","target":{"@type":"EntryPoint","urlTemplate":"https:\/\/batijournal.com\/?s={search_term_string}"},"query-input":{"@type":"PropertyValueSpecification","valueRequired":true,"valueName":"search_term_string"}}],"inLanguage":"fr-FR"},{"@type":"Person","@id":"https:\/\/batijournal.com\/#\/schema\/person\/1dc96ec6957aa1ccb25ebe78bb19f100","name":"St\u00e9phane Miget","image":{"@type":"ImageObject","inLanguage":"fr-FR","@id":"https:\/\/secure.gravatar.com\/avatar\/89915563d925342126b8ef0281b93d9d7fc337043e8df017f780908eb9644451?s=96&d=mm&r=g","url":"https:\/\/secure.gravatar.com\/avatar\/89915563d925342126b8ef0281b93d9d7fc337043e8df017f780908eb9644451?s=96&d=mm&r=g","contentUrl":"https:\/\/secure.gravatar.com\/avatar\/89915563d925342126b8ef0281b93d9d7fc337043e8df017f780908eb9644451?s=96&d=mm&r=g","caption":"St\u00e9phane Miget"},"url":"https:\/\/batijournal.com\/index.php\/author\/stephane\/"}]}},"_links":{"self":[{"href":"https:\/\/batijournal.com\/index.php\/wp-json\/wp\/v2\/posts\/107197","targetHints":{"allow":["GET"]}}],"collection":[{"href":"https:\/\/batijournal.com\/index.php\/wp-json\/wp\/v2\/posts"}],"about":[{"href":"https:\/\/batijournal.com\/index.php\/wp-json\/wp\/v2\/types\/post"}],"author":[{"embeddable":true,"href":"https:\/\/batijournal.com\/index.php\/wp-json\/wp\/v2\/users\/17"}],"replies":[{"embeddable":true,"href":"https:\/\/batijournal.com\/index.php\/wp-json\/wp\/v2\/comments?post=107197"}],"version-history":[{"count":0,"href":"https:\/\/batijournal.com\/index.php\/wp-json\/wp\/v2\/posts\/107197\/revisions"}],"wp:featuredmedia":[{"embeddable":true,"href":"https:\/\/batijournal.com\/index.php\/wp-json\/wp\/v2\/media\/90383"}],"wp:attachment":[{"href":"https:\/\/batijournal.com\/index.php\/wp-json\/wp\/v2\/media?parent=107197"}],"wp:term":[{"taxonomy":"category","embeddable":true,"href":"https:\/\/batijournal.com\/index.php\/wp-json\/wp\/v2\/categories?post=107197"},{"taxonomy":"post_tag","embeddable":true,"href":"https:\/\/batijournal.com\/index.php\/wp-json\/wp\/v2\/tags?post=107197"}],"curies":[{"name":"wp","href":"https:\/\/api.w.org\/{rel}","templated":true}]}}