{"id":107204,"date":"2022-04-05T09:15:42","date_gmt":"2022-04-05T07:15:42","guid":{"rendered":"https:\/\/batijournal.com\/?p=107204"},"modified":"2022-04-05T09:15:42","modified_gmt":"2022-04-05T07:15:42","slug":"precadres-saillants-pour-extension-dune-polyclinique-a-caen","status":"publish","type":"post","link":"https:\/\/batijournal.com\/index.php\/precadres-saillants-pour-extension-dune-polyclinique-a-caen\/107204\/","title":{"rendered":"Pr\u00e9cadres saillants pour extension d&rsquo;une polyclinique \u00e0 Caen"},"content":{"rendered":"<p>Le projet d\u2019extension de la Polyclinique du Parc \u00e0 Caen, entrepris par GCI Construction d\u00e9but 2019 et livr\u00e9 en octobre dernier, a pour ambition d\u2019accompagner son d\u00e9veloppement m\u00e9dical et d\u2019am\u00e9liorer l\u2019accueil des patients. D\u2019une superficie de 5 360 m2 sur 5 niveaux, ce b\u00e2timent h\u00e9berge notamment 60 chambres d\u2019hospitalisation suppl\u00e9mentaires (en ambulatoire et en hospitalisation), un p\u00f4le de douleur chronique et une salle de r\u00e9\u00e9ducation physique. Le programme constructif et l\u2019insertion urbaine ont \u00e9t\u00e9 imagin\u00e9s par l\u2019architecte Colin SUEUR, qui souhaitait cr\u00e9er en fa\u00e7ades des jeux de volumes 3D. Cette enveloppe anim\u00e9e se compose de panneaux de b\u00e9ton brut en extr\u00e9mit\u00e9 Ouest et d\u2019un bardage, en position interm\u00e9diaire, assurant la liaison avec l\u2019existant. 18 pr\u00e9cadres d\u2019habillage saillants \u00ab PrecHab Fa\u00e7ade \u00bb, verticaux et horizontaux, ont \u00e9t\u00e9 fabriqu\u00e9s et livr\u00e9s pr\u00eats \u00e0 installer par LOUINEAU. Leurs dimensions vari\u00e9es et XXL (jusqu\u2019\u00e0 8 400 mm de longueur et 8 600 mm de hauteur), conjugu\u00e9es \u00e0 une masse vue imposante de 220 mm, participent \u00e0 la dynamique visuelle de ce b\u00e2timent apparaissant comme une proue \u00e0 l\u2019angle de deux rues**. Le bureau d\u2019\u00e9tudes LOUINEAU et l\u2019entreprise locale ALUTIL, qui les a mis en \u0153uvre, ont travaill\u00e9 de concert pour retranscrire \u00e0 l\u2019identique cette signature architecturale. Pour les 83 ouvertures sans pr\u00e9cadre d\u2019habillage, des bavettes en aluminium LOUINEAU recouvrent les appuis de fen\u00eatre. Tous les ch\u00e2ssis sont pos\u00e9s en applique, n\u00e9cessitant l\u2019utilisation de corni\u00e8res filantes (CFIL) pour garantir la reprise de charge. Ces solutions de l&rsquo;industriel disposent d\u2019une rupture de pont thermique int\u00e9gr\u00e9e qui renforce les performances de l\u2019ouvrage et le confort des occupants.<\/p>\n<p>Exploitant : Polyclinique du Parc &#8211; ELSAN<br \/>\nMa\u00eetres d\u2019ouvrage : ICADE Sant\u00e9 &#8211; ELSAN<br \/>\nMa\u00eetre d\u2019\u0153uvre : GCI Construction<br \/>\nArchitecte : Colin SUEUR<br \/>\nEntreprise de pose : ALUTIL<br \/>\nPhoto et menuiseries : LOUINEAU<\/p>\n","protected":false},"excerpt":{"rendered":"<p>Le projet d\u2019extension de la Polyclinique du Parc \u00e0 Caen, entrepris par GCI Construction d\u00e9but 2019 et livr\u00e9 en octobre dernier, a pour ambition d\u2019accompagner son d\u00e9veloppement m\u00e9dical et d\u2019am\u00e9liorer l\u2019accueil des patients. D\u2019une superficie de 5 360 m2 sur 5 niveaux, ce b\u00e2timent h\u00e9berge notamment 60 chambres d\u2019hospitalisation suppl\u00e9mentaires (en ambulatoire et en hospitalisation), [&hellip;]<\/p>\n","protected":false},"author":17,"featured_media":107205,"comment_status":"closed","ping_status":"closed","sticky":false,"template":"","format":"standard","meta":{"_et_pb_use_builder":"","_et_pb_old_content":"","_et_gb_content_width":"","footnotes":""},"categories":[10530,6340,10771,10775],"tags":[1016,9912],"class_list":["post-107204","post","type-post","status-publish","format-standard","has-post-thumbnail","hentry","category-actualites","category-architecture-conception","category-5facades","category-actualites-5facades","tag-menuiseries","tag-precadre"],"yoast_head":"<!-- This site is optimized with the Yoast SEO plugin v27.4 - https:\/\/yoast.com\/product\/yoast-seo-wordpress\/ -->\n<title>Pr\u00e9cadres saillants pour extension d&#039;une polyclinique \u00e0 Caen<\/title>\n<meta name=\"robots\" content=\"index, follow, max-snippet:-1, max-image-preview:large, max-video-preview:-1\" \/>\n<link rel=\"canonical\" href=\"https:\/\/batijournal.com\/index.php\/precadres-saillants-pour-extension-dune-polyclinique-a-caen\/107204\/\" \/>\n<meta property=\"og:locale\" content=\"fr_FR\" \/>\n<meta property=\"og:type\" content=\"article\" \/>\n<meta property=\"og:title\" content=\"Pr\u00e9cadres saillants pour extension d&#039;une polyclinique \u00e0 Caen\" \/>\n<meta property=\"og:description\" content=\"Le projet d\u2019extension de la Polyclinique du Parc \u00e0 Caen, entrepris par GCI Construction d\u00e9but 2019 et livr\u00e9 en octobre dernier, a pour ambition d\u2019accompagner son d\u00e9veloppement m\u00e9dical et d\u2019am\u00e9liorer l\u2019accueil des patients. D\u2019une superficie de 5 360 m2 sur 5 niveaux, ce b\u00e2timent h\u00e9berge notamment 60 chambres d\u2019hospitalisation suppl\u00e9mentaires (en ambulatoire et en hospitalisation), [&hellip;]\" \/>\n<meta property=\"og:url\" content=\"https:\/\/batijournal.com\/index.php\/precadres-saillants-pour-extension-dune-polyclinique-a-caen\/107204\/\" \/>\n<meta property=\"og:site_name\" content=\"Batijournal\" \/>\n<meta property=\"article:published_time\" content=\"2022-04-05T07:15:42+00:00\" \/>\n<meta property=\"og:image\" content=\"https:\/\/batijournal.com\/wp-content\/uploads\/2022\/04\/Polyclinique_du_Parc.jpg\" \/>\n\t<meta property=\"og:image:width\" content=\"1000\" \/>\n\t<meta property=\"og:image:height\" content=\"667\" \/>\n\t<meta property=\"og:image:type\" content=\"image\/jpeg\" \/>\n<meta name=\"author\" content=\"St\u00e9phane Miget\" \/>\n<meta name=\"twitter:card\" content=\"summary_large_image\" \/>\n<meta name=\"twitter:creator\" content=\"@bati_journal\" \/>\n<meta name=\"twitter:site\" content=\"@bati_journal\" \/>\n<meta name=\"twitter:label1\" content=\"\u00c9crit par\" \/>\n\t<meta name=\"twitter:data1\" content=\"St\u00e9phane Miget\" \/>\n\t<meta name=\"twitter:label2\" content=\"Dur\u00e9e de lecture estim\u00e9e\" \/>\n\t<meta name=\"twitter:data2\" content=\"2 minutes\" \/>\n<script type=\"application\/ld+json\" class=\"yoast-schema-graph\">{\"@context\":\"https:\\\/\\\/schema.org\",\"@graph\":[{\"@type\":\"Article\",\"@id\":\"https:\\\/\\\/batijournal.com\\\/index.php\\\/precadres-saillants-pour-extension-dune-polyclinique-a-caen\\\/107204\\\/#article\",\"isPartOf\":{\"@id\":\"https:\\\/\\\/batijournal.com\\\/index.php\\\/precadres-saillants-pour-extension-dune-polyclinique-a-caen\\\/107204\\\/\"},\"author\":{\"name\":\"St\u00e9phane Miget\",\"@id\":\"https:\\\/\\\/batijournal.com\\\/#\\\/schema\\\/person\\\/1dc96ec6957aa1ccb25ebe78bb19f100\"},\"headline\":\"Pr\u00e9cadres saillants pour extension d&rsquo;une polyclinique \u00e0 Caen\",\"datePublished\":\"2022-04-05T07:15:42+00:00\",\"mainEntityOfPage\":{\"@id\":\"https:\\\/\\\/batijournal.com\\\/index.php\\\/precadres-saillants-pour-extension-dune-polyclinique-a-caen\\\/107204\\\/\"},\"wordCount\":332,\"image\":{\"@id\":\"https:\\\/\\\/batijournal.com\\\/index.php\\\/precadres-saillants-pour-extension-dune-polyclinique-a-caen\\\/107204\\\/#primaryimage\"},\"thumbnailUrl\":\"https:\\\/\\\/batijournal.com\\\/wp-content\\\/uploads\\\/2022\\\/04\\\/Polyclinique_du_Parc.jpg\",\"keywords\":[\"menuiseries\",\"precadre\"],\"articleSection\":[\"Actualit\u00e9s\",\"Architecture &amp; Conception\",\"zz_5fa\u00e7ades\",\"zz_Actualit\u00e9s - 5fa\u00e7ades\"],\"inLanguage\":\"fr-FR\"},{\"@type\":\"WebPage\",\"@id\":\"https:\\\/\\\/batijournal.com\\\/index.php\\\/precadres-saillants-pour-extension-dune-polyclinique-a-caen\\\/107204\\\/\",\"url\":\"https:\\\/\\\/batijournal.com\\\/index.php\\\/precadres-saillants-pour-extension-dune-polyclinique-a-caen\\\/107204\\\/\",\"name\":\"Pr\u00e9cadres saillants pour extension d'une polyclinique \u00e0 Caen\",\"isPartOf\":{\"@id\":\"https:\\\/\\\/batijournal.com\\\/#website\"},\"primaryImageOfPage\":{\"@id\":\"https:\\\/\\\/batijournal.com\\\/index.php\\\/precadres-saillants-pour-extension-dune-polyclinique-a-caen\\\/107204\\\/#primaryimage\"},\"image\":{\"@id\":\"https:\\\/\\\/batijournal.com\\\/index.php\\\/precadres-saillants-pour-extension-dune-polyclinique-a-caen\\\/107204\\\/#primaryimage\"},\"thumbnailUrl\":\"https:\\\/\\\/batijournal.com\\\/wp-content\\\/uploads\\\/2022\\\/04\\\/Polyclinique_du_Parc.jpg\",\"datePublished\":\"2022-04-05T07:15:42+00:00\",\"author\":{\"@id\":\"https:\\\/\\\/batijournal.com\\\/#\\\/schema\\\/person\\\/1dc96ec6957aa1ccb25ebe78bb19f100\"},\"breadcrumb\":{\"@id\":\"https:\\\/\\\/batijournal.com\\\/index.php\\\/precadres-saillants-pour-extension-dune-polyclinique-a-caen\\\/107204\\\/#breadcrumb\"},\"inLanguage\":\"fr-FR\",\"potentialAction\":[{\"@type\":\"ReadAction\",\"target\":[\"https:\\\/\\\/batijournal.com\\\/index.php\\\/precadres-saillants-pour-extension-dune-polyclinique-a-caen\\\/107204\\\/\"]}]},{\"@type\":\"ImageObject\",\"inLanguage\":\"fr-FR\",\"@id\":\"https:\\\/\\\/batijournal.com\\\/index.php\\\/precadres-saillants-pour-extension-dune-polyclinique-a-caen\\\/107204\\\/#primaryimage\",\"url\":\"https:\\\/\\\/batijournal.com\\\/wp-content\\\/uploads\\\/2022\\\/04\\\/Polyclinique_du_Parc.jpg\",\"contentUrl\":\"https:\\\/\\\/batijournal.com\\\/wp-content\\\/uploads\\\/2022\\\/04\\\/Polyclinique_du_Parc.jpg\",\"width\":1000,\"height\":667},{\"@type\":\"BreadcrumbList\",\"@id\":\"https:\\\/\\\/batijournal.com\\\/index.php\\\/precadres-saillants-pour-extension-dune-polyclinique-a-caen\\\/107204\\\/#breadcrumb\",\"itemListElement\":[{\"@type\":\"ListItem\",\"position\":1,\"name\":\"Accueil\",\"item\":\"https:\\\/\\\/batijournal.com\\\/\"},{\"@type\":\"ListItem\",\"position\":2,\"name\":\"Actualit\u00e9s\",\"item\":\"https:\\\/\\\/batijournal.com\\\/index.php\\\/category\\\/actualites\\\/\"},{\"@type\":\"ListItem\",\"position\":3,\"name\":\"Pr\u00e9cadres saillants pour extension d&rsquo;une polyclinique \u00e0 Caen\"}]},{\"@type\":\"WebSite\",\"@id\":\"https:\\\/\\\/batijournal.com\\\/#website\",\"url\":\"https:\\\/\\\/batijournal.com\\\/\",\"name\":\"Batijournal\",\"description\":\"L&#039;actualit\u00e9 du b\u00e2timent\",\"potentialAction\":[{\"@type\":\"SearchAction\",\"target\":{\"@type\":\"EntryPoint\",\"urlTemplate\":\"https:\\\/\\\/batijournal.com\\\/?s={search_term_string}\"},\"query-input\":{\"@type\":\"PropertyValueSpecification\",\"valueRequired\":true,\"valueName\":\"search_term_string\"}}],\"inLanguage\":\"fr-FR\"},{\"@type\":\"Person\",\"@id\":\"https:\\\/\\\/batijournal.com\\\/#\\\/schema\\\/person\\\/1dc96ec6957aa1ccb25ebe78bb19f100\",\"name\":\"St\u00e9phane Miget\",\"image\":{\"@type\":\"ImageObject\",\"inLanguage\":\"fr-FR\",\"@id\":\"https:\\\/\\\/secure.gravatar.com\\\/avatar\\\/89915563d925342126b8ef0281b93d9d7fc337043e8df017f780908eb9644451?s=96&d=mm&r=g\",\"url\":\"https:\\\/\\\/secure.gravatar.com\\\/avatar\\\/89915563d925342126b8ef0281b93d9d7fc337043e8df017f780908eb9644451?s=96&d=mm&r=g\",\"contentUrl\":\"https:\\\/\\\/secure.gravatar.com\\\/avatar\\\/89915563d925342126b8ef0281b93d9d7fc337043e8df017f780908eb9644451?s=96&d=mm&r=g\",\"caption\":\"St\u00e9phane Miget\"},\"url\":\"https:\\\/\\\/batijournal.com\\\/index.php\\\/author\\\/stephane\\\/\"}]}<\/script>\n<!-- \/ Yoast SEO plugin. -->","yoast_head_json":{"title":"Pr\u00e9cadres saillants pour extension d'une polyclinique \u00e0 Caen","robots":{"index":"index","follow":"follow","max-snippet":"max-snippet:-1","max-image-preview":"max-image-preview:large","max-video-preview":"max-video-preview:-1"},"canonical":"https:\/\/batijournal.com\/index.php\/precadres-saillants-pour-extension-dune-polyclinique-a-caen\/107204\/","og_locale":"fr_FR","og_type":"article","og_title":"Pr\u00e9cadres saillants pour extension d'une polyclinique \u00e0 Caen","og_description":"Le projet d\u2019extension de la Polyclinique du Parc \u00e0 Caen, entrepris par GCI Construction d\u00e9but 2019 et livr\u00e9 en octobre dernier, a pour ambition d\u2019accompagner son d\u00e9veloppement m\u00e9dical et d\u2019am\u00e9liorer l\u2019accueil des patients. D\u2019une superficie de 5 360 m2 sur 5 niveaux, ce b\u00e2timent h\u00e9berge notamment 60 chambres d\u2019hospitalisation suppl\u00e9mentaires (en ambulatoire et en hospitalisation), [&hellip;]","og_url":"https:\/\/batijournal.com\/index.php\/precadres-saillants-pour-extension-dune-polyclinique-a-caen\/107204\/","og_site_name":"Batijournal","article_published_time":"2022-04-05T07:15:42+00:00","og_image":[{"width":1000,"height":667,"url":"https:\/\/batijournal.com\/wp-content\/uploads\/2022\/04\/Polyclinique_du_Parc.jpg","type":"image\/jpeg"}],"author":"St\u00e9phane Miget","twitter_card":"summary_large_image","twitter_creator":"@bati_journal","twitter_site":"@bati_journal","twitter_misc":{"\u00c9crit par":"St\u00e9phane Miget","Dur\u00e9e de lecture estim\u00e9e":"2 minutes"},"schema":{"@context":"https:\/\/schema.org","@graph":[{"@type":"Article","@id":"https:\/\/batijournal.com\/index.php\/precadres-saillants-pour-extension-dune-polyclinique-a-caen\/107204\/#article","isPartOf":{"@id":"https:\/\/batijournal.com\/index.php\/precadres-saillants-pour-extension-dune-polyclinique-a-caen\/107204\/"},"author":{"name":"St\u00e9phane Miget","@id":"https:\/\/batijournal.com\/#\/schema\/person\/1dc96ec6957aa1ccb25ebe78bb19f100"},"headline":"Pr\u00e9cadres saillants pour extension d&rsquo;une polyclinique \u00e0 Caen","datePublished":"2022-04-05T07:15:42+00:00","mainEntityOfPage":{"@id":"https:\/\/batijournal.com\/index.php\/precadres-saillants-pour-extension-dune-polyclinique-a-caen\/107204\/"},"wordCount":332,"image":{"@id":"https:\/\/batijournal.com\/index.php\/precadres-saillants-pour-extension-dune-polyclinique-a-caen\/107204\/#primaryimage"},"thumbnailUrl":"https:\/\/batijournal.com\/wp-content\/uploads\/2022\/04\/Polyclinique_du_Parc.jpg","keywords":["menuiseries","precadre"],"articleSection":["Actualit\u00e9s","Architecture &amp; Conception","zz_5fa\u00e7ades","zz_Actualit\u00e9s - 5fa\u00e7ades"],"inLanguage":"fr-FR"},{"@type":"WebPage","@id":"https:\/\/batijournal.com\/index.php\/precadres-saillants-pour-extension-dune-polyclinique-a-caen\/107204\/","url":"https:\/\/batijournal.com\/index.php\/precadres-saillants-pour-extension-dune-polyclinique-a-caen\/107204\/","name":"Pr\u00e9cadres saillants pour extension d'une polyclinique \u00e0 Caen","isPartOf":{"@id":"https:\/\/batijournal.com\/#website"},"primaryImageOfPage":{"@id":"https:\/\/batijournal.com\/index.php\/precadres-saillants-pour-extension-dune-polyclinique-a-caen\/107204\/#primaryimage"},"image":{"@id":"https:\/\/batijournal.com\/index.php\/precadres-saillants-pour-extension-dune-polyclinique-a-caen\/107204\/#primaryimage"},"thumbnailUrl":"https:\/\/batijournal.com\/wp-content\/uploads\/2022\/04\/Polyclinique_du_Parc.jpg","datePublished":"2022-04-05T07:15:42+00:00","author":{"@id":"https:\/\/batijournal.com\/#\/schema\/person\/1dc96ec6957aa1ccb25ebe78bb19f100"},"breadcrumb":{"@id":"https:\/\/batijournal.com\/index.php\/precadres-saillants-pour-extension-dune-polyclinique-a-caen\/107204\/#breadcrumb"},"inLanguage":"fr-FR","potentialAction":[{"@type":"ReadAction","target":["https:\/\/batijournal.com\/index.php\/precadres-saillants-pour-extension-dune-polyclinique-a-caen\/107204\/"]}]},{"@type":"ImageObject","inLanguage":"fr-FR","@id":"https:\/\/batijournal.com\/index.php\/precadres-saillants-pour-extension-dune-polyclinique-a-caen\/107204\/#primaryimage","url":"https:\/\/batijournal.com\/wp-content\/uploads\/2022\/04\/Polyclinique_du_Parc.jpg","contentUrl":"https:\/\/batijournal.com\/wp-content\/uploads\/2022\/04\/Polyclinique_du_Parc.jpg","width":1000,"height":667},{"@type":"BreadcrumbList","@id":"https:\/\/batijournal.com\/index.php\/precadres-saillants-pour-extension-dune-polyclinique-a-caen\/107204\/#breadcrumb","itemListElement":[{"@type":"ListItem","position":1,"name":"Accueil","item":"https:\/\/batijournal.com\/"},{"@type":"ListItem","position":2,"name":"Actualit\u00e9s","item":"https:\/\/batijournal.com\/index.php\/category\/actualites\/"},{"@type":"ListItem","position":3,"name":"Pr\u00e9cadres saillants pour extension d&rsquo;une polyclinique \u00e0 Caen"}]},{"@type":"WebSite","@id":"https:\/\/batijournal.com\/#website","url":"https:\/\/batijournal.com\/","name":"Batijournal","description":"L&#039;actualit\u00e9 du b\u00e2timent","potentialAction":[{"@type":"SearchAction","target":{"@type":"EntryPoint","urlTemplate":"https:\/\/batijournal.com\/?s={search_term_string}"},"query-input":{"@type":"PropertyValueSpecification","valueRequired":true,"valueName":"search_term_string"}}],"inLanguage":"fr-FR"},{"@type":"Person","@id":"https:\/\/batijournal.com\/#\/schema\/person\/1dc96ec6957aa1ccb25ebe78bb19f100","name":"St\u00e9phane Miget","image":{"@type":"ImageObject","inLanguage":"fr-FR","@id":"https:\/\/secure.gravatar.com\/avatar\/89915563d925342126b8ef0281b93d9d7fc337043e8df017f780908eb9644451?s=96&d=mm&r=g","url":"https:\/\/secure.gravatar.com\/avatar\/89915563d925342126b8ef0281b93d9d7fc337043e8df017f780908eb9644451?s=96&d=mm&r=g","contentUrl":"https:\/\/secure.gravatar.com\/avatar\/89915563d925342126b8ef0281b93d9d7fc337043e8df017f780908eb9644451?s=96&d=mm&r=g","caption":"St\u00e9phane Miget"},"url":"https:\/\/batijournal.com\/index.php\/author\/stephane\/"}]}},"_links":{"self":[{"href":"https:\/\/batijournal.com\/index.php\/wp-json\/wp\/v2\/posts\/107204","targetHints":{"allow":["GET"]}}],"collection":[{"href":"https:\/\/batijournal.com\/index.php\/wp-json\/wp\/v2\/posts"}],"about":[{"href":"https:\/\/batijournal.com\/index.php\/wp-json\/wp\/v2\/types\/post"}],"author":[{"embeddable":true,"href":"https:\/\/batijournal.com\/index.php\/wp-json\/wp\/v2\/users\/17"}],"replies":[{"embeddable":true,"href":"https:\/\/batijournal.com\/index.php\/wp-json\/wp\/v2\/comments?post=107204"}],"version-history":[{"count":0,"href":"https:\/\/batijournal.com\/index.php\/wp-json\/wp\/v2\/posts\/107204\/revisions"}],"wp:featuredmedia":[{"embeddable":true,"href":"https:\/\/batijournal.com\/index.php\/wp-json\/wp\/v2\/media\/107205"}],"wp:attachment":[{"href":"https:\/\/batijournal.com\/index.php\/wp-json\/wp\/v2\/media?parent=107204"}],"wp:term":[{"taxonomy":"category","embeddable":true,"href":"https:\/\/batijournal.com\/index.php\/wp-json\/wp\/v2\/categories?post=107204"},{"taxonomy":"post_tag","embeddable":true,"href":"https:\/\/batijournal.com\/index.php\/wp-json\/wp\/v2\/tags?post=107204"}],"curies":[{"name":"wp","href":"https:\/\/api.w.org\/{rel}","templated":true}]}}