{"id":107217,"date":"2022-04-07T09:56:17","date_gmt":"2022-04-07T07:56:17","guid":{"rendered":"https:\/\/batijournal.com\/?p=107217"},"modified":"2022-04-07T09:56:17","modified_gmt":"2022-04-07T07:56:17","slug":"6eme-edition-darchitectwork-lyon","status":"publish","type":"post","link":"https:\/\/batijournal.com\/index.php\/6eme-edition-darchitectwork-lyon\/107217\/","title":{"rendered":"6\u00e8me \u00e9dition d\u2019ARCHITECT@WORK LYON"},"content":{"rendered":"<p>La 6\u00e8me \u00e9dition d\u2019ARCHITECT@WORK LYON ouvrira ses portes les 11 &amp; 12 mai prochains.\u00a0Cet \u00e9v\u00e9nement appr\u00e9ci\u00e9 par l\u2019ensemble des prescripteurs a s\u00e9lectionn\u00e9 \u00e0 nouveau plus de 500 nouveaux produits pr\u00e9sent\u00e9s par 176 industriels participants. R\u00e9serv\u00e9 exclusivement aux architectes et architectes d\u2019int\u00e9rieur, ARCHITECT@WORK dispose d\u2019une sc\u00e9nographie originale qui lui conf\u00e8re une atmosph\u00e8re feutr\u00e9e et raffin\u00e9e. Cet \u00e9v\u00e9nement s\u2019inscrit dans une d\u00e9marche qualitative, un comit\u00e9 de s\u00e9lection choisit les nouveaut\u00e9s qui peuvent \u00eatre pr\u00e9sent\u00e9es. Cette proc\u00e9dure apporte, pour le visiteur, la garantie de r\u00e9aliser une visite enrichissante.<\/p>\n<p>ARCHITECT@WORK LYON 2022<br \/>\nLA HALLE TONY GARNIER &#8211; 11 &amp; 12 mai 2022 \u2013 10h-19h<\/p>\n<p><a href=\"https:\/\/registration.gesevent.com\/survey\/3leb4h8a7aiog?actioncode=LY77550\">Pour s&rsquo;enregistrer&#8230;<\/a><\/p>\n<p>&nbsp;<\/p>\n","protected":false},"excerpt":{"rendered":"<p>La 6\u00e8me \u00e9dition d\u2019ARCHITECT@WORK LYON ouvrira ses portes les 11 &amp; 12 mai prochains.\u00a0Cet \u00e9v\u00e9nement appr\u00e9ci\u00e9 par l\u2019ensemble des prescripteurs a s\u00e9lectionn\u00e9 \u00e0 nouveau plus de 500 nouveaux produits pr\u00e9sent\u00e9s par 176 industriels participants. R\u00e9serv\u00e9 exclusivement aux architectes et architectes d\u2019int\u00e9rieur, ARCHITECT@WORK dispose d\u2019une sc\u00e9nographie originale qui lui conf\u00e8re une atmosph\u00e8re feutr\u00e9e et raffin\u00e9e. Cet [&hellip;]<\/p>\n","protected":false},"author":17,"featured_media":107218,"comment_status":"closed","ping_status":"closed","sticky":false,"template":"","format":"standard","meta":{"_et_pb_use_builder":"","_et_pb_old_content":"","_et_gb_content_width":"","footnotes":""},"categories":[10530,6340,10771,10775],"tags":[],"class_list":["post-107217","post","type-post","status-publish","format-standard","has-post-thumbnail","hentry","category-actualites","category-architecture-conception","category-5facades","category-actualites-5facades"],"yoast_head":"<!-- This site is optimized with the Yoast SEO plugin v27.4 - https:\/\/yoast.com\/product\/yoast-seo-wordpress\/ -->\n<title>6\u00e8me \u00e9dition d\u2019ARCHITECT@WORK LYON<\/title>\n<meta name=\"robots\" content=\"index, follow, max-snippet:-1, max-image-preview:large, max-video-preview:-1\" \/>\n<link rel=\"canonical\" href=\"https:\/\/batijournal.com\/index.php\/6eme-edition-darchitectwork-lyon\/107217\/\" \/>\n<meta property=\"og:locale\" content=\"fr_FR\" \/>\n<meta property=\"og:type\" content=\"article\" \/>\n<meta property=\"og:title\" content=\"6\u00e8me \u00e9dition d\u2019ARCHITECT@WORK LYON\" \/>\n<meta property=\"og:description\" content=\"La 6\u00e8me \u00e9dition d\u2019ARCHITECT@WORK LYON ouvrira ses portes les 11 &amp; 12 mai prochains.\u00a0Cet \u00e9v\u00e9nement appr\u00e9ci\u00e9 par l\u2019ensemble des prescripteurs a s\u00e9lectionn\u00e9 \u00e0 nouveau plus de 500 nouveaux produits pr\u00e9sent\u00e9s par 176 industriels participants. R\u00e9serv\u00e9 exclusivement aux architectes et architectes d\u2019int\u00e9rieur, ARCHITECT@WORK dispose d\u2019une sc\u00e9nographie originale qui lui conf\u00e8re une atmosph\u00e8re feutr\u00e9e et raffin\u00e9e. Cet [&hellip;]\" \/>\n<meta property=\"og:url\" content=\"https:\/\/batijournal.com\/index.php\/6eme-edition-darchitectwork-lyon\/107217\/\" \/>\n<meta property=\"og:site_name\" content=\"Batijournal\" \/>\n<meta property=\"article:published_time\" content=\"2022-04-07T07:56:17+00:00\" \/>\n<meta property=\"og:image\" content=\"https:\/\/batijournal.com\/wp-content\/uploads\/2022\/04\/archiatwork-lyon-2022.png\" \/>\n\t<meta property=\"og:image:width\" content=\"713\" \/>\n\t<meta property=\"og:image:height\" content=\"452\" \/>\n\t<meta property=\"og:image:type\" content=\"image\/png\" \/>\n<meta name=\"author\" content=\"St\u00e9phane Miget\" \/>\n<meta name=\"twitter:card\" content=\"summary_large_image\" \/>\n<meta name=\"twitter:creator\" content=\"@bati_journal\" \/>\n<meta name=\"twitter:site\" content=\"@bati_journal\" \/>\n<meta name=\"twitter:label1\" content=\"\u00c9crit par\" \/>\n\t<meta name=\"twitter:data1\" content=\"St\u00e9phane Miget\" \/>\n\t<meta name=\"twitter:label2\" content=\"Dur\u00e9e de lecture estim\u00e9e\" \/>\n\t<meta name=\"twitter:data2\" content=\"1 minute\" \/>\n<script type=\"application\/ld+json\" class=\"yoast-schema-graph\">{\"@context\":\"https:\\\/\\\/schema.org\",\"@graph\":[{\"@type\":\"Article\",\"@id\":\"https:\\\/\\\/batijournal.com\\\/index.php\\\/6eme-edition-darchitectwork-lyon\\\/107217\\\/#article\",\"isPartOf\":{\"@id\":\"https:\\\/\\\/batijournal.com\\\/index.php\\\/6eme-edition-darchitectwork-lyon\\\/107217\\\/\"},\"author\":{\"name\":\"St\u00e9phane Miget\",\"@id\":\"https:\\\/\\\/batijournal.com\\\/#\\\/schema\\\/person\\\/1dc96ec6957aa1ccb25ebe78bb19f100\"},\"headline\":\"6\u00e8me \u00e9dition d\u2019ARCHITECT@WORK LYON\",\"datePublished\":\"2022-04-07T07:56:17+00:00\",\"mainEntityOfPage\":{\"@id\":\"https:\\\/\\\/batijournal.com\\\/index.php\\\/6eme-edition-darchitectwork-lyon\\\/107217\\\/\"},\"wordCount\":130,\"image\":{\"@id\":\"https:\\\/\\\/batijournal.com\\\/index.php\\\/6eme-edition-darchitectwork-lyon\\\/107217\\\/#primaryimage\"},\"thumbnailUrl\":\"https:\\\/\\\/batijournal.com\\\/wp-content\\\/uploads\\\/2022\\\/04\\\/archiatwork-lyon-2022.png\",\"articleSection\":[\"Actualit\u00e9s\",\"Architecture &amp; Conception\",\"zz_5fa\u00e7ades\",\"zz_Actualit\u00e9s - 5fa\u00e7ades\"],\"inLanguage\":\"fr-FR\"},{\"@type\":\"WebPage\",\"@id\":\"https:\\\/\\\/batijournal.com\\\/index.php\\\/6eme-edition-darchitectwork-lyon\\\/107217\\\/\",\"url\":\"https:\\\/\\\/batijournal.com\\\/index.php\\\/6eme-edition-darchitectwork-lyon\\\/107217\\\/\",\"name\":\"6\u00e8me \u00e9dition d\u2019ARCHITECT@WORK LYON\",\"isPartOf\":{\"@id\":\"https:\\\/\\\/batijournal.com\\\/#website\"},\"primaryImageOfPage\":{\"@id\":\"https:\\\/\\\/batijournal.com\\\/index.php\\\/6eme-edition-darchitectwork-lyon\\\/107217\\\/#primaryimage\"},\"image\":{\"@id\":\"https:\\\/\\\/batijournal.com\\\/index.php\\\/6eme-edition-darchitectwork-lyon\\\/107217\\\/#primaryimage\"},\"thumbnailUrl\":\"https:\\\/\\\/batijournal.com\\\/wp-content\\\/uploads\\\/2022\\\/04\\\/archiatwork-lyon-2022.png\",\"datePublished\":\"2022-04-07T07:56:17+00:00\",\"author\":{\"@id\":\"https:\\\/\\\/batijournal.com\\\/#\\\/schema\\\/person\\\/1dc96ec6957aa1ccb25ebe78bb19f100\"},\"breadcrumb\":{\"@id\":\"https:\\\/\\\/batijournal.com\\\/index.php\\\/6eme-edition-darchitectwork-lyon\\\/107217\\\/#breadcrumb\"},\"inLanguage\":\"fr-FR\",\"potentialAction\":[{\"@type\":\"ReadAction\",\"target\":[\"https:\\\/\\\/batijournal.com\\\/index.php\\\/6eme-edition-darchitectwork-lyon\\\/107217\\\/\"]}]},{\"@type\":\"ImageObject\",\"inLanguage\":\"fr-FR\",\"@id\":\"https:\\\/\\\/batijournal.com\\\/index.php\\\/6eme-edition-darchitectwork-lyon\\\/107217\\\/#primaryimage\",\"url\":\"https:\\\/\\\/batijournal.com\\\/wp-content\\\/uploads\\\/2022\\\/04\\\/archiatwork-lyon-2022.png\",\"contentUrl\":\"https:\\\/\\\/batijournal.com\\\/wp-content\\\/uploads\\\/2022\\\/04\\\/archiatwork-lyon-2022.png\",\"width\":713,\"height\":452},{\"@type\":\"BreadcrumbList\",\"@id\":\"https:\\\/\\\/batijournal.com\\\/index.php\\\/6eme-edition-darchitectwork-lyon\\\/107217\\\/#breadcrumb\",\"itemListElement\":[{\"@type\":\"ListItem\",\"position\":1,\"name\":\"Accueil\",\"item\":\"https:\\\/\\\/batijournal.com\\\/\"},{\"@type\":\"ListItem\",\"position\":2,\"name\":\"Actualit\u00e9s\",\"item\":\"https:\\\/\\\/batijournal.com\\\/index.php\\\/category\\\/actualites\\\/\"},{\"@type\":\"ListItem\",\"position\":3,\"name\":\"6\u00e8me \u00e9dition d\u2019ARCHITECT@WORK LYON\"}]},{\"@type\":\"WebSite\",\"@id\":\"https:\\\/\\\/batijournal.com\\\/#website\",\"url\":\"https:\\\/\\\/batijournal.com\\\/\",\"name\":\"Batijournal\",\"description\":\"L&#039;actualit\u00e9 du b\u00e2timent\",\"potentialAction\":[{\"@type\":\"SearchAction\",\"target\":{\"@type\":\"EntryPoint\",\"urlTemplate\":\"https:\\\/\\\/batijournal.com\\\/?s={search_term_string}\"},\"query-input\":{\"@type\":\"PropertyValueSpecification\",\"valueRequired\":true,\"valueName\":\"search_term_string\"}}],\"inLanguage\":\"fr-FR\"},{\"@type\":\"Person\",\"@id\":\"https:\\\/\\\/batijournal.com\\\/#\\\/schema\\\/person\\\/1dc96ec6957aa1ccb25ebe78bb19f100\",\"name\":\"St\u00e9phane Miget\",\"image\":{\"@type\":\"ImageObject\",\"inLanguage\":\"fr-FR\",\"@id\":\"https:\\\/\\\/secure.gravatar.com\\\/avatar\\\/89915563d925342126b8ef0281b93d9d7fc337043e8df017f780908eb9644451?s=96&d=mm&r=g\",\"url\":\"https:\\\/\\\/secure.gravatar.com\\\/avatar\\\/89915563d925342126b8ef0281b93d9d7fc337043e8df017f780908eb9644451?s=96&d=mm&r=g\",\"contentUrl\":\"https:\\\/\\\/secure.gravatar.com\\\/avatar\\\/89915563d925342126b8ef0281b93d9d7fc337043e8df017f780908eb9644451?s=96&d=mm&r=g\",\"caption\":\"St\u00e9phane Miget\"},\"url\":\"https:\\\/\\\/batijournal.com\\\/index.php\\\/author\\\/stephane\\\/\"}]}<\/script>\n<!-- \/ Yoast SEO plugin. -->","yoast_head_json":{"title":"6\u00e8me \u00e9dition d\u2019ARCHITECT@WORK LYON","robots":{"index":"index","follow":"follow","max-snippet":"max-snippet:-1","max-image-preview":"max-image-preview:large","max-video-preview":"max-video-preview:-1"},"canonical":"https:\/\/batijournal.com\/index.php\/6eme-edition-darchitectwork-lyon\/107217\/","og_locale":"fr_FR","og_type":"article","og_title":"6\u00e8me \u00e9dition d\u2019ARCHITECT@WORK LYON","og_description":"La 6\u00e8me \u00e9dition d\u2019ARCHITECT@WORK LYON ouvrira ses portes les 11 &amp; 12 mai prochains.\u00a0Cet \u00e9v\u00e9nement appr\u00e9ci\u00e9 par l\u2019ensemble des prescripteurs a s\u00e9lectionn\u00e9 \u00e0 nouveau plus de 500 nouveaux produits pr\u00e9sent\u00e9s par 176 industriels participants. R\u00e9serv\u00e9 exclusivement aux architectes et architectes d\u2019int\u00e9rieur, ARCHITECT@WORK dispose d\u2019une sc\u00e9nographie originale qui lui conf\u00e8re une atmosph\u00e8re feutr\u00e9e et raffin\u00e9e. Cet [&hellip;]","og_url":"https:\/\/batijournal.com\/index.php\/6eme-edition-darchitectwork-lyon\/107217\/","og_site_name":"Batijournal","article_published_time":"2022-04-07T07:56:17+00:00","og_image":[{"width":713,"height":452,"url":"https:\/\/batijournal.com\/wp-content\/uploads\/2022\/04\/archiatwork-lyon-2022.png","type":"image\/png"}],"author":"St\u00e9phane Miget","twitter_card":"summary_large_image","twitter_creator":"@bati_journal","twitter_site":"@bati_journal","twitter_misc":{"\u00c9crit par":"St\u00e9phane Miget","Dur\u00e9e de lecture estim\u00e9e":"1 minute"},"schema":{"@context":"https:\/\/schema.org","@graph":[{"@type":"Article","@id":"https:\/\/batijournal.com\/index.php\/6eme-edition-darchitectwork-lyon\/107217\/#article","isPartOf":{"@id":"https:\/\/batijournal.com\/index.php\/6eme-edition-darchitectwork-lyon\/107217\/"},"author":{"name":"St\u00e9phane Miget","@id":"https:\/\/batijournal.com\/#\/schema\/person\/1dc96ec6957aa1ccb25ebe78bb19f100"},"headline":"6\u00e8me \u00e9dition d\u2019ARCHITECT@WORK LYON","datePublished":"2022-04-07T07:56:17+00:00","mainEntityOfPage":{"@id":"https:\/\/batijournal.com\/index.php\/6eme-edition-darchitectwork-lyon\/107217\/"},"wordCount":130,"image":{"@id":"https:\/\/batijournal.com\/index.php\/6eme-edition-darchitectwork-lyon\/107217\/#primaryimage"},"thumbnailUrl":"https:\/\/batijournal.com\/wp-content\/uploads\/2022\/04\/archiatwork-lyon-2022.png","articleSection":["Actualit\u00e9s","Architecture &amp; Conception","zz_5fa\u00e7ades","zz_Actualit\u00e9s - 5fa\u00e7ades"],"inLanguage":"fr-FR"},{"@type":"WebPage","@id":"https:\/\/batijournal.com\/index.php\/6eme-edition-darchitectwork-lyon\/107217\/","url":"https:\/\/batijournal.com\/index.php\/6eme-edition-darchitectwork-lyon\/107217\/","name":"6\u00e8me \u00e9dition d\u2019ARCHITECT@WORK LYON","isPartOf":{"@id":"https:\/\/batijournal.com\/#website"},"primaryImageOfPage":{"@id":"https:\/\/batijournal.com\/index.php\/6eme-edition-darchitectwork-lyon\/107217\/#primaryimage"},"image":{"@id":"https:\/\/batijournal.com\/index.php\/6eme-edition-darchitectwork-lyon\/107217\/#primaryimage"},"thumbnailUrl":"https:\/\/batijournal.com\/wp-content\/uploads\/2022\/04\/archiatwork-lyon-2022.png","datePublished":"2022-04-07T07:56:17+00:00","author":{"@id":"https:\/\/batijournal.com\/#\/schema\/person\/1dc96ec6957aa1ccb25ebe78bb19f100"},"breadcrumb":{"@id":"https:\/\/batijournal.com\/index.php\/6eme-edition-darchitectwork-lyon\/107217\/#breadcrumb"},"inLanguage":"fr-FR","potentialAction":[{"@type":"ReadAction","target":["https:\/\/batijournal.com\/index.php\/6eme-edition-darchitectwork-lyon\/107217\/"]}]},{"@type":"ImageObject","inLanguage":"fr-FR","@id":"https:\/\/batijournal.com\/index.php\/6eme-edition-darchitectwork-lyon\/107217\/#primaryimage","url":"https:\/\/batijournal.com\/wp-content\/uploads\/2022\/04\/archiatwork-lyon-2022.png","contentUrl":"https:\/\/batijournal.com\/wp-content\/uploads\/2022\/04\/archiatwork-lyon-2022.png","width":713,"height":452},{"@type":"BreadcrumbList","@id":"https:\/\/batijournal.com\/index.php\/6eme-edition-darchitectwork-lyon\/107217\/#breadcrumb","itemListElement":[{"@type":"ListItem","position":1,"name":"Accueil","item":"https:\/\/batijournal.com\/"},{"@type":"ListItem","position":2,"name":"Actualit\u00e9s","item":"https:\/\/batijournal.com\/index.php\/category\/actualites\/"},{"@type":"ListItem","position":3,"name":"6\u00e8me \u00e9dition d\u2019ARCHITECT@WORK LYON"}]},{"@type":"WebSite","@id":"https:\/\/batijournal.com\/#website","url":"https:\/\/batijournal.com\/","name":"Batijournal","description":"L&#039;actualit\u00e9 du b\u00e2timent","potentialAction":[{"@type":"SearchAction","target":{"@type":"EntryPoint","urlTemplate":"https:\/\/batijournal.com\/?s={search_term_string}"},"query-input":{"@type":"PropertyValueSpecification","valueRequired":true,"valueName":"search_term_string"}}],"inLanguage":"fr-FR"},{"@type":"Person","@id":"https:\/\/batijournal.com\/#\/schema\/person\/1dc96ec6957aa1ccb25ebe78bb19f100","name":"St\u00e9phane Miget","image":{"@type":"ImageObject","inLanguage":"fr-FR","@id":"https:\/\/secure.gravatar.com\/avatar\/89915563d925342126b8ef0281b93d9d7fc337043e8df017f780908eb9644451?s=96&d=mm&r=g","url":"https:\/\/secure.gravatar.com\/avatar\/89915563d925342126b8ef0281b93d9d7fc337043e8df017f780908eb9644451?s=96&d=mm&r=g","contentUrl":"https:\/\/secure.gravatar.com\/avatar\/89915563d925342126b8ef0281b93d9d7fc337043e8df017f780908eb9644451?s=96&d=mm&r=g","caption":"St\u00e9phane Miget"},"url":"https:\/\/batijournal.com\/index.php\/author\/stephane\/"}]}},"_links":{"self":[{"href":"https:\/\/batijournal.com\/index.php\/wp-json\/wp\/v2\/posts\/107217","targetHints":{"allow":["GET"]}}],"collection":[{"href":"https:\/\/batijournal.com\/index.php\/wp-json\/wp\/v2\/posts"}],"about":[{"href":"https:\/\/batijournal.com\/index.php\/wp-json\/wp\/v2\/types\/post"}],"author":[{"embeddable":true,"href":"https:\/\/batijournal.com\/index.php\/wp-json\/wp\/v2\/users\/17"}],"replies":[{"embeddable":true,"href":"https:\/\/batijournal.com\/index.php\/wp-json\/wp\/v2\/comments?post=107217"}],"version-history":[{"count":0,"href":"https:\/\/batijournal.com\/index.php\/wp-json\/wp\/v2\/posts\/107217\/revisions"}],"wp:featuredmedia":[{"embeddable":true,"href":"https:\/\/batijournal.com\/index.php\/wp-json\/wp\/v2\/media\/107218"}],"wp:attachment":[{"href":"https:\/\/batijournal.com\/index.php\/wp-json\/wp\/v2\/media?parent=107217"}],"wp:term":[{"taxonomy":"category","embeddable":true,"href":"https:\/\/batijournal.com\/index.php\/wp-json\/wp\/v2\/categories?post=107217"},{"taxonomy":"post_tag","embeddable":true,"href":"https:\/\/batijournal.com\/index.php\/wp-json\/wp\/v2\/tags?post=107217"}],"curies":[{"name":"wp","href":"https:\/\/api.w.org\/{rel}","templated":true}]}}