{"id":107220,"date":"2022-04-07T18:46:49","date_gmt":"2022-04-07T16:46:49","guid":{"rendered":"https:\/\/batijournal.com\/?p=107220"},"modified":"2022-04-07T19:06:37","modified_gmt":"2022-04-07T17:06:37","slug":"toutes-les-videos-du-plateau-tv-bati-journal-au-forum-bois-construction","status":"publish","type":"post","link":"https:\/\/batijournal.com\/index.php\/toutes-les-videos-du-plateau-tv-bati-journal-au-forum-bois-construction\/107220\/","title":{"rendered":"Toutes les vid\u00e9os du plateau TV Bati-Journal au Forum Bois Construction"},"content":{"rendered":"<p>D\u00e9couvrez d\u00e8s maintenant toutes les vid\u00e9os plateau TV du Forum Bois Construction 2022. Une animation organis\u00e9e par Wood Surfer et le Forum Bois Construction, avec le soutien de l&rsquo;interprofessionnel Nationale France Bois For\u00eat.<\/p>\n<h1><a href=\"https:\/\/youtube.com\/playlist?list=PL1wjEZ0m_nekMgrut7ndncMCr_pu2hMCh\">&gt;&gt; D\u00e9couvrez toutes les vid\u00e9os sur notre cha\u00eene Youtube<\/a><\/h1>\n<p><a href=\"http:\/\/https:\/\/youtube.com\/playlist?list=PL1wjEZ0m_nekMgrut7ndncMCr_pu2hMCh\"><img loading=\"lazy\" decoding=\"async\" class=\"aligncenter wp-image-107221\" src=\"https:\/\/batijournal.com\/wp-content\/uploads\/2022\/04\/plateauTV_ForumBois-Construction-scaled.jpg\" alt=\"\" width=\"813\" height=\"508\" srcset=\"https:\/\/batijournal.com\/wp-content\/uploads\/2022\/04\/plateauTV_ForumBois-Construction-scaled.jpg 2560w, https:\/\/batijournal.com\/wp-content\/uploads\/2022\/04\/plateauTV_ForumBois-Construction-300x188.jpg 300w, https:\/\/batijournal.com\/wp-content\/uploads\/2022\/04\/plateauTV_ForumBois-Construction-1024x640.jpg 1024w, https:\/\/batijournal.com\/wp-content\/uploads\/2022\/04\/plateauTV_ForumBois-Construction-150x94.jpg 150w, https:\/\/batijournal.com\/wp-content\/uploads\/2022\/04\/plateauTV_ForumBois-Construction-768x480.jpg 768w, https:\/\/batijournal.com\/wp-content\/uploads\/2022\/04\/plateauTV_ForumBois-Construction-1536x960.jpg 1536w, https:\/\/batijournal.com\/wp-content\/uploads\/2022\/04\/plateauTV_ForumBois-Construction-2048x1280.jpg 2048w, https:\/\/batijournal.com\/wp-content\/uploads\/2022\/04\/plateauTV_ForumBois-Construction-1320x825.jpg 1320w\" sizes=\"(max-width: 813px) 100vw, 813px\" \/><\/a><\/p>\n<p>&nbsp;<\/p>\n<p>Au programme du jeudi 7 avril sur le plateau TV :<\/p>\n<ul>\n<li><strong>Strat\u00e9gies for\u00eat bois de la Grande R\u00e9gion<\/strong> avec Claude Turmes, Ministre de l&rsquo;\u00c9nergie et de l&rsquo;Am\u00e9nagement du territoire du Luxembourg et Jean Rottner, Pr\u00e9sident de la r\u00e9gion Grand Est<\/li>\n<li><strong>Atteindre z\u00e9ro \u00e9mission net<\/strong> avec C\u00e9cile Th\u00e9venin, directrice de la transition environnementale \u00e0 Bouygues B\u00e2timent France Europe<\/li>\n<li><strong>Les m\u00e9tiers du bois : attractivit\u00e9 et formation<\/strong>, avec M\u00e9lanie Collin, charg\u00e9e de projet for\u00eat-bois \u00e0 la Maison de l&#8217;emploi Grand Nancy et Pascal Triboulot, professeur \u00e0 l&rsquo;universit\u00e9 de Lorraine, directeur honoraire de l&rsquo;ENSTIB et Vice-Pr\u00e9sident de Fibois Grand Est<\/li>\n<li><strong>La neutralit\u00e9 carbone<\/strong> avec Thomas Martal, pr\u00e9sident de Stock CO2 et David Bruchon, directeur technique National et RSE de Icade Promotion<\/li>\n<li><strong>Mise en \u0153uvre de la RE 2020<\/strong> avec Yves Hustache, co-g\u00e9rant de Karibati et Rodrigue Leclech, responsable P\u00f4le Construction de Pouget Consultants<\/li>\n<li><strong>Densification biosourc\u00e9e<\/strong> avec Adrien Henocq, architecte chez Belus et Henocq Architectes<\/li>\n<li><strong>Construire en feuillus<\/strong>, avec Johann Ma\u00eetre, ing\u00e9nieur bosi chez Timbatec et Simon Hippens, architecte chez Simon&amp;Capucine Architectes<\/li>\n<li><strong>R\u00e9habilitation &#8211; Si\u00e8ge RTL<\/strong> avec Axel Schoenert, architecte chez Axel Schoenert Architectes<\/li>\n<li><strong>R\u00e9habilitation<\/strong> avec S\u00e9bastien Eymard, architecte associ\u00e9 chez Encore Heureux<\/li>\n<\/ul>\n<p>&nbsp;<\/p>\n<p>&nbsp;<\/p>\n","protected":false},"excerpt":{"rendered":"<p>D\u00e9couvrez d\u00e8s maintenant toutes les vid\u00e9os plateau TV du Forum Bois Construction 2022. Une animation organis\u00e9e par Wood Surfer et le Forum Bois Construction, avec le soutien de l&rsquo;interprofessionnel Nationale France Bois For\u00eat. &gt;&gt; D\u00e9couvrez toutes les vid\u00e9os sur notre cha\u00eene Youtube &nbsp; Au programme du jeudi 7 avril sur le plateau TV : Strat\u00e9gies [&hellip;]<\/p>\n","protected":false},"author":1,"featured_media":107222,"comment_status":"closed","ping_status":"closed","sticky":false,"template":"","format":"standard","meta":{"_et_pb_use_builder":"","_et_pb_old_content":"","_et_gb_content_width":"","footnotes":""},"categories":[10736,10530,9192,10769,10764],"tags":[9197,9312,13100,12501,1781],"class_list":["post-107220","post","type-post","status-publish","format-standard","has-post-thumbnail","hentry","category-a-la-une","category-actualites","category-evenements","category-publications","category-woodsurfer","tag-evenement","tag-forum-bois-construction","tag-forum-bois-construction-2022","tag-plateau-tv","tag-wood-surfer"],"yoast_head":"<!-- This site is optimized with the Yoast SEO plugin v27.4 - https:\/\/yoast.com\/product\/yoast-seo-wordpress\/ -->\n<title>Toutes les vid\u00e9os du plateau TV Bati-Journal au Forum Bois Construction<\/title>\n<meta name=\"robots\" content=\"index, follow, max-snippet:-1, max-image-preview:large, max-video-preview:-1\" \/>\n<link rel=\"canonical\" href=\"https:\/\/batijournal.com\/index.php\/toutes-les-videos-du-plateau-tv-bati-journal-au-forum-bois-construction\/107220\/\" \/>\n<meta property=\"og:locale\" content=\"fr_FR\" \/>\n<meta property=\"og:type\" content=\"article\" \/>\n<meta property=\"og:title\" content=\"Toutes les vid\u00e9os du plateau TV Bati-Journal au Forum Bois Construction\" \/>\n<meta property=\"og:description\" content=\"D\u00e9couvrez d\u00e8s maintenant toutes les vid\u00e9os plateau TV du Forum Bois Construction 2022. Une animation organis\u00e9e par Wood Surfer et le Forum Bois Construction, avec le soutien de l&rsquo;interprofessionnel Nationale France Bois For\u00eat. &gt;&gt; D\u00e9couvrez toutes les vid\u00e9os sur notre cha\u00eene Youtube &nbsp; Au programme du jeudi 7 avril sur le plateau TV : Strat\u00e9gies [&hellip;]\" \/>\n<meta property=\"og:url\" content=\"https:\/\/batijournal.com\/index.php\/toutes-les-videos-du-plateau-tv-bati-journal-au-forum-bois-construction\/107220\/\" \/>\n<meta property=\"og:site_name\" content=\"Batijournal\" \/>\n<meta property=\"article:published_time\" content=\"2022-04-07T16:46:49+00:00\" \/>\n<meta property=\"article:modified_time\" content=\"2022-04-07T17:06:37+00:00\" \/>\n<meta property=\"og:image\" content=\"https:\/\/batijournal.com\/wp-content\/uploads\/2022\/04\/Capture-decran-2022-04-07-a-18.41.41-scaled.jpg\" \/>\n\t<meta property=\"og:image:width\" content=\"2560\" \/>\n\t<meta property=\"og:image:height\" content=\"1600\" \/>\n\t<meta property=\"og:image:type\" content=\"image\/jpeg\" \/>\n<meta name=\"author\" content=\"Bati-journal\" \/>\n<meta name=\"twitter:card\" content=\"summary_large_image\" \/>\n<meta name=\"twitter:creator\" content=\"@bati_journal\" \/>\n<meta name=\"twitter:site\" content=\"@bati_journal\" \/>\n<meta name=\"twitter:label1\" content=\"\u00c9crit par\" \/>\n\t<meta name=\"twitter:data1\" content=\"Bati-journal\" \/>\n\t<meta name=\"twitter:label2\" content=\"Dur\u00e9e de lecture estim\u00e9e\" \/>\n\t<meta name=\"twitter:data2\" content=\"1 minute\" \/>\n<script type=\"application\/ld+json\" class=\"yoast-schema-graph\">{\"@context\":\"https:\\\/\\\/schema.org\",\"@graph\":[{\"@type\":\"Article\",\"@id\":\"https:\\\/\\\/batijournal.com\\\/index.php\\\/toutes-les-videos-du-plateau-tv-bati-journal-au-forum-bois-construction\\\/107220\\\/#article\",\"isPartOf\":{\"@id\":\"https:\\\/\\\/batijournal.com\\\/index.php\\\/toutes-les-videos-du-plateau-tv-bati-journal-au-forum-bois-construction\\\/107220\\\/\"},\"author\":{\"name\":\"Bati-journal\",\"@id\":\"https:\\\/\\\/batijournal.com\\\/#\\\/schema\\\/person\\\/6a657e8967569e1b299972574848aa76\"},\"headline\":\"Toutes les vid\u00e9os du plateau TV Bati-Journal au Forum Bois Construction\",\"datePublished\":\"2022-04-07T16:46:49+00:00\",\"dateModified\":\"2022-04-07T17:06:37+00:00\",\"mainEntityOfPage\":{\"@id\":\"https:\\\/\\\/batijournal.com\\\/index.php\\\/toutes-les-videos-du-plateau-tv-bati-journal-au-forum-bois-construction\\\/107220\\\/\"},\"wordCount\":280,\"image\":{\"@id\":\"https:\\\/\\\/batijournal.com\\\/index.php\\\/toutes-les-videos-du-plateau-tv-bati-journal-au-forum-bois-construction\\\/107220\\\/#primaryimage\"},\"thumbnailUrl\":\"https:\\\/\\\/batijournal.com\\\/wp-content\\\/uploads\\\/2022\\\/04\\\/Capture-decran-2022-04-07-a-18.41.41-scaled.jpg\",\"keywords\":[\"evenement\",\"forum bois construction\",\"Forum Bois Construction 2022\",\"plateau TV\",\"Wood Surfer\"],\"articleSection\":[\"A la Une\",\"Actualit\u00e9s\",\"\u00c9v\u00e9nements\",\"zz_Actualit\u00e9s - Woodsurfer\",\"zz_Woodsurfer\"],\"inLanguage\":\"fr-FR\"},{\"@type\":\"WebPage\",\"@id\":\"https:\\\/\\\/batijournal.com\\\/index.php\\\/toutes-les-videos-du-plateau-tv-bati-journal-au-forum-bois-construction\\\/107220\\\/\",\"url\":\"https:\\\/\\\/batijournal.com\\\/index.php\\\/toutes-les-videos-du-plateau-tv-bati-journal-au-forum-bois-construction\\\/107220\\\/\",\"name\":\"Toutes les vid\u00e9os du plateau TV Bati-Journal au Forum Bois Construction\",\"isPartOf\":{\"@id\":\"https:\\\/\\\/batijournal.com\\\/#website\"},\"primaryImageOfPage\":{\"@id\":\"https:\\\/\\\/batijournal.com\\\/index.php\\\/toutes-les-videos-du-plateau-tv-bati-journal-au-forum-bois-construction\\\/107220\\\/#primaryimage\"},\"image\":{\"@id\":\"https:\\\/\\\/batijournal.com\\\/index.php\\\/toutes-les-videos-du-plateau-tv-bati-journal-au-forum-bois-construction\\\/107220\\\/#primaryimage\"},\"thumbnailUrl\":\"https:\\\/\\\/batijournal.com\\\/wp-content\\\/uploads\\\/2022\\\/04\\\/Capture-decran-2022-04-07-a-18.41.41-scaled.jpg\",\"datePublished\":\"2022-04-07T16:46:49+00:00\",\"dateModified\":\"2022-04-07T17:06:37+00:00\",\"author\":{\"@id\":\"https:\\\/\\\/batijournal.com\\\/#\\\/schema\\\/person\\\/6a657e8967569e1b299972574848aa76\"},\"breadcrumb\":{\"@id\":\"https:\\\/\\\/batijournal.com\\\/index.php\\\/toutes-les-videos-du-plateau-tv-bati-journal-au-forum-bois-construction\\\/107220\\\/#breadcrumb\"},\"inLanguage\":\"fr-FR\",\"potentialAction\":[{\"@type\":\"ReadAction\",\"target\":[\"https:\\\/\\\/batijournal.com\\\/index.php\\\/toutes-les-videos-du-plateau-tv-bati-journal-au-forum-bois-construction\\\/107220\\\/\"]}]},{\"@type\":\"ImageObject\",\"inLanguage\":\"fr-FR\",\"@id\":\"https:\\\/\\\/batijournal.com\\\/index.php\\\/toutes-les-videos-du-plateau-tv-bati-journal-au-forum-bois-construction\\\/107220\\\/#primaryimage\",\"url\":\"https:\\\/\\\/batijournal.com\\\/wp-content\\\/uploads\\\/2022\\\/04\\\/Capture-decran-2022-04-07-a-18.41.41-scaled.jpg\",\"contentUrl\":\"https:\\\/\\\/batijournal.com\\\/wp-content\\\/uploads\\\/2022\\\/04\\\/Capture-decran-2022-04-07-a-18.41.41-scaled.jpg\",\"width\":2560,\"height\":1600},{\"@type\":\"BreadcrumbList\",\"@id\":\"https:\\\/\\\/batijournal.com\\\/index.php\\\/toutes-les-videos-du-plateau-tv-bati-journal-au-forum-bois-construction\\\/107220\\\/#breadcrumb\",\"itemListElement\":[{\"@type\":\"ListItem\",\"position\":1,\"name\":\"Accueil\",\"item\":\"https:\\\/\\\/batijournal.com\\\/\"},{\"@type\":\"ListItem\",\"position\":2,\"name\":\"Actualit\u00e9s\",\"item\":\"https:\\\/\\\/batijournal.com\\\/index.php\\\/category\\\/actualites\\\/\"},{\"@type\":\"ListItem\",\"position\":3,\"name\":\"Toutes les vid\u00e9os du plateau TV Bati-Journal au Forum Bois Construction\"}]},{\"@type\":\"WebSite\",\"@id\":\"https:\\\/\\\/batijournal.com\\\/#website\",\"url\":\"https:\\\/\\\/batijournal.com\\\/\",\"name\":\"Batijournal\",\"description\":\"L&#039;actualit\u00e9 du b\u00e2timent\",\"potentialAction\":[{\"@type\":\"SearchAction\",\"target\":{\"@type\":\"EntryPoint\",\"urlTemplate\":\"https:\\\/\\\/batijournal.com\\\/?s={search_term_string}\"},\"query-input\":{\"@type\":\"PropertyValueSpecification\",\"valueRequired\":true,\"valueName\":\"search_term_string\"}}],\"inLanguage\":\"fr-FR\"},{\"@type\":\"Person\",\"@id\":\"https:\\\/\\\/batijournal.com\\\/#\\\/schema\\\/person\\\/6a657e8967569e1b299972574848aa76\",\"name\":\"Bati-journal\",\"image\":{\"@type\":\"ImageObject\",\"inLanguage\":\"fr-FR\",\"@id\":\"https:\\\/\\\/secure.gravatar.com\\\/avatar\\\/a64364ea26392f9b4dd47e017ddaec74ff03aefc073b49e492e847201258f777?s=96&d=mm&r=g\",\"url\":\"https:\\\/\\\/secure.gravatar.com\\\/avatar\\\/a64364ea26392f9b4dd47e017ddaec74ff03aefc073b49e492e847201258f777?s=96&d=mm&r=g\",\"contentUrl\":\"https:\\\/\\\/secure.gravatar.com\\\/avatar\\\/a64364ea26392f9b4dd47e017ddaec74ff03aefc073b49e492e847201258f777?s=96&d=mm&r=g\",\"caption\":\"Bati-journal\"},\"url\":\"https:\\\/\\\/batijournal.com\\\/index.php\\\/author\\\/elodie\\\/\"}]}<\/script>\n<!-- \/ Yoast SEO plugin. -->","yoast_head_json":{"title":"Toutes les vid\u00e9os du plateau TV Bati-Journal au Forum Bois Construction","robots":{"index":"index","follow":"follow","max-snippet":"max-snippet:-1","max-image-preview":"max-image-preview:large","max-video-preview":"max-video-preview:-1"},"canonical":"https:\/\/batijournal.com\/index.php\/toutes-les-videos-du-plateau-tv-bati-journal-au-forum-bois-construction\/107220\/","og_locale":"fr_FR","og_type":"article","og_title":"Toutes les vid\u00e9os du plateau TV Bati-Journal au Forum Bois Construction","og_description":"D\u00e9couvrez d\u00e8s maintenant toutes les vid\u00e9os plateau TV du Forum Bois Construction 2022. Une animation organis\u00e9e par Wood Surfer et le Forum Bois Construction, avec le soutien de l&rsquo;interprofessionnel Nationale France Bois For\u00eat. &gt;&gt; D\u00e9couvrez toutes les vid\u00e9os sur notre cha\u00eene Youtube &nbsp; Au programme du jeudi 7 avril sur le plateau TV : Strat\u00e9gies [&hellip;]","og_url":"https:\/\/batijournal.com\/index.php\/toutes-les-videos-du-plateau-tv-bati-journal-au-forum-bois-construction\/107220\/","og_site_name":"Batijournal","article_published_time":"2022-04-07T16:46:49+00:00","article_modified_time":"2022-04-07T17:06:37+00:00","og_image":[{"width":2560,"height":1600,"url":"https:\/\/batijournal.com\/wp-content\/uploads\/2022\/04\/Capture-decran-2022-04-07-a-18.41.41-scaled.jpg","type":"image\/jpeg"}],"author":"Bati-journal","twitter_card":"summary_large_image","twitter_creator":"@bati_journal","twitter_site":"@bati_journal","twitter_misc":{"\u00c9crit par":"Bati-journal","Dur\u00e9e de lecture estim\u00e9e":"1 minute"},"schema":{"@context":"https:\/\/schema.org","@graph":[{"@type":"Article","@id":"https:\/\/batijournal.com\/index.php\/toutes-les-videos-du-plateau-tv-bati-journal-au-forum-bois-construction\/107220\/#article","isPartOf":{"@id":"https:\/\/batijournal.com\/index.php\/toutes-les-videos-du-plateau-tv-bati-journal-au-forum-bois-construction\/107220\/"},"author":{"name":"Bati-journal","@id":"https:\/\/batijournal.com\/#\/schema\/person\/6a657e8967569e1b299972574848aa76"},"headline":"Toutes les vid\u00e9os du plateau TV Bati-Journal au Forum Bois Construction","datePublished":"2022-04-07T16:46:49+00:00","dateModified":"2022-04-07T17:06:37+00:00","mainEntityOfPage":{"@id":"https:\/\/batijournal.com\/index.php\/toutes-les-videos-du-plateau-tv-bati-journal-au-forum-bois-construction\/107220\/"},"wordCount":280,"image":{"@id":"https:\/\/batijournal.com\/index.php\/toutes-les-videos-du-plateau-tv-bati-journal-au-forum-bois-construction\/107220\/#primaryimage"},"thumbnailUrl":"https:\/\/batijournal.com\/wp-content\/uploads\/2022\/04\/Capture-decran-2022-04-07-a-18.41.41-scaled.jpg","keywords":["evenement","forum bois construction","Forum Bois Construction 2022","plateau TV","Wood Surfer"],"articleSection":["A la Une","Actualit\u00e9s","\u00c9v\u00e9nements","zz_Actualit\u00e9s - Woodsurfer","zz_Woodsurfer"],"inLanguage":"fr-FR"},{"@type":"WebPage","@id":"https:\/\/batijournal.com\/index.php\/toutes-les-videos-du-plateau-tv-bati-journal-au-forum-bois-construction\/107220\/","url":"https:\/\/batijournal.com\/index.php\/toutes-les-videos-du-plateau-tv-bati-journal-au-forum-bois-construction\/107220\/","name":"Toutes les vid\u00e9os du plateau TV Bati-Journal au Forum Bois Construction","isPartOf":{"@id":"https:\/\/batijournal.com\/#website"},"primaryImageOfPage":{"@id":"https:\/\/batijournal.com\/index.php\/toutes-les-videos-du-plateau-tv-bati-journal-au-forum-bois-construction\/107220\/#primaryimage"},"image":{"@id":"https:\/\/batijournal.com\/index.php\/toutes-les-videos-du-plateau-tv-bati-journal-au-forum-bois-construction\/107220\/#primaryimage"},"thumbnailUrl":"https:\/\/batijournal.com\/wp-content\/uploads\/2022\/04\/Capture-decran-2022-04-07-a-18.41.41-scaled.jpg","datePublished":"2022-04-07T16:46:49+00:00","dateModified":"2022-04-07T17:06:37+00:00","author":{"@id":"https:\/\/batijournal.com\/#\/schema\/person\/6a657e8967569e1b299972574848aa76"},"breadcrumb":{"@id":"https:\/\/batijournal.com\/index.php\/toutes-les-videos-du-plateau-tv-bati-journal-au-forum-bois-construction\/107220\/#breadcrumb"},"inLanguage":"fr-FR","potentialAction":[{"@type":"ReadAction","target":["https:\/\/batijournal.com\/index.php\/toutes-les-videos-du-plateau-tv-bati-journal-au-forum-bois-construction\/107220\/"]}]},{"@type":"ImageObject","inLanguage":"fr-FR","@id":"https:\/\/batijournal.com\/index.php\/toutes-les-videos-du-plateau-tv-bati-journal-au-forum-bois-construction\/107220\/#primaryimage","url":"https:\/\/batijournal.com\/wp-content\/uploads\/2022\/04\/Capture-decran-2022-04-07-a-18.41.41-scaled.jpg","contentUrl":"https:\/\/batijournal.com\/wp-content\/uploads\/2022\/04\/Capture-decran-2022-04-07-a-18.41.41-scaled.jpg","width":2560,"height":1600},{"@type":"BreadcrumbList","@id":"https:\/\/batijournal.com\/index.php\/toutes-les-videos-du-plateau-tv-bati-journal-au-forum-bois-construction\/107220\/#breadcrumb","itemListElement":[{"@type":"ListItem","position":1,"name":"Accueil","item":"https:\/\/batijournal.com\/"},{"@type":"ListItem","position":2,"name":"Actualit\u00e9s","item":"https:\/\/batijournal.com\/index.php\/category\/actualites\/"},{"@type":"ListItem","position":3,"name":"Toutes les vid\u00e9os du plateau TV Bati-Journal au Forum Bois Construction"}]},{"@type":"WebSite","@id":"https:\/\/batijournal.com\/#website","url":"https:\/\/batijournal.com\/","name":"Batijournal","description":"L&#039;actualit\u00e9 du b\u00e2timent","potentialAction":[{"@type":"SearchAction","target":{"@type":"EntryPoint","urlTemplate":"https:\/\/batijournal.com\/?s={search_term_string}"},"query-input":{"@type":"PropertyValueSpecification","valueRequired":true,"valueName":"search_term_string"}}],"inLanguage":"fr-FR"},{"@type":"Person","@id":"https:\/\/batijournal.com\/#\/schema\/person\/6a657e8967569e1b299972574848aa76","name":"Bati-journal","image":{"@type":"ImageObject","inLanguage":"fr-FR","@id":"https:\/\/secure.gravatar.com\/avatar\/a64364ea26392f9b4dd47e017ddaec74ff03aefc073b49e492e847201258f777?s=96&d=mm&r=g","url":"https:\/\/secure.gravatar.com\/avatar\/a64364ea26392f9b4dd47e017ddaec74ff03aefc073b49e492e847201258f777?s=96&d=mm&r=g","contentUrl":"https:\/\/secure.gravatar.com\/avatar\/a64364ea26392f9b4dd47e017ddaec74ff03aefc073b49e492e847201258f777?s=96&d=mm&r=g","caption":"Bati-journal"},"url":"https:\/\/batijournal.com\/index.php\/author\/elodie\/"}]}},"_links":{"self":[{"href":"https:\/\/batijournal.com\/index.php\/wp-json\/wp\/v2\/posts\/107220","targetHints":{"allow":["GET"]}}],"collection":[{"href":"https:\/\/batijournal.com\/index.php\/wp-json\/wp\/v2\/posts"}],"about":[{"href":"https:\/\/batijournal.com\/index.php\/wp-json\/wp\/v2\/types\/post"}],"author":[{"embeddable":true,"href":"https:\/\/batijournal.com\/index.php\/wp-json\/wp\/v2\/users\/1"}],"replies":[{"embeddable":true,"href":"https:\/\/batijournal.com\/index.php\/wp-json\/wp\/v2\/comments?post=107220"}],"version-history":[{"count":0,"href":"https:\/\/batijournal.com\/index.php\/wp-json\/wp\/v2\/posts\/107220\/revisions"}],"wp:featuredmedia":[{"embeddable":true,"href":"https:\/\/batijournal.com\/index.php\/wp-json\/wp\/v2\/media\/107222"}],"wp:attachment":[{"href":"https:\/\/batijournal.com\/index.php\/wp-json\/wp\/v2\/media?parent=107220"}],"wp:term":[{"taxonomy":"category","embeddable":true,"href":"https:\/\/batijournal.com\/index.php\/wp-json\/wp\/v2\/categories?post=107220"},{"taxonomy":"post_tag","embeddable":true,"href":"https:\/\/batijournal.com\/index.php\/wp-json\/wp\/v2\/tags?post=107220"}],"curies":[{"name":"wp","href":"https:\/\/api.w.org\/{rel}","templated":true}]}}