{"id":107270,"date":"2022-04-16T09:21:21","date_gmt":"2022-04-16T07:21:21","guid":{"rendered":"https:\/\/batijournal.com\/?p=107270"},"modified":"2022-04-16T09:21:21","modified_gmt":"2022-04-16T07:21:21","slug":"linnovation-au-coeur-du-carrefour-international-du-bois","status":"publish","type":"post","link":"https:\/\/batijournal.com\/index.php\/linnovation-au-coeur-du-carrefour-international-du-bois\/107270\/","title":{"rendered":"L&rsquo;innovation au c\u0153ur du Carrefour International du Bois"},"content":{"rendered":"<p>Le Carrefour International du Bois, qui aura lieu du 1er au 3 juin 2022 au Parc des Expositions de Nantes, fera la part belle \u00e0 l\u2019innovation au sein d\u2019un espace d\u00e9di\u00e9 pour la deuxi\u00e8me \u00e9dition cons\u00e9cutive. Situ\u00e9 dans le hall 1, l\u2019espace innovation pr\u00e9sentera les avanc\u00e9es de la fili\u00e8re sur les sujets de R&amp;D ainsi que sur les nouveaut\u00e9s en mati\u00e8re de produits et de services. L\u2019Afpia Solfi2A, Bois HD et Xylofutur, acteurs du secteur, animeront ce plateau d\u00e9di\u00e9 \u00e0 l\u2019\u00e9change et aux d\u00e9couvertes. Pour cette \u00e9dition 2022, la Wood Tech, premier r\u00e9seau de start-up de la fili\u00e8re for\u00eat bois, rejoint les rangs et sera accompagn\u00e9e par 4 de ses adh\u00e9rents sur un stand : \u00ab Apr\u00e8s un peu plus d\u2019une ann\u00e9e d\u2019existence, notre regroupement compte aujourd\u2019hui 29 jeunes structures innovantes qui \u00e9voluent dans le domaine du digital pour faciliter les interventions en for\u00eat ou am\u00e9liorer la connaissance des essences. Certaines de ces start-up travaillent aussi dans la cr\u00e9ation de plateformes pour la mise en relation directe des professionnels du bois avec les particuliers ou encore dans des applications plus orient\u00e9es \u00ab produits \u00bb comme des \u00e9crans tactiles en bois ou bien un emballage alimentaire r\u00e9utilisable et compos\u00e9 uniquement de fibres v\u00e9g\u00e9tales \u00bb, explique Fran\u00e7ois VULSER, responsable de la Wood Tech.<\/p>\n<p>Apr\u00e8s 4 ans d\u2019absence dus \u00e0 la pand\u00e9mie de COVID-19, la seizi\u00e8me \u00e9dition du Carrefour International du Bois est vivement attendue par l\u2019ensemble de la fili\u00e8re. Salon leader, il est d\u00e9di\u00e9 aux professionnels et aux produits bois sous toutes ses formes. Il rassemble sur 3 jours 563 exposants et plus de 11 500 visiteurs venus de 85 pays diff\u00e9rents.<\/p>\n","protected":false},"excerpt":{"rendered":"<p>Le Carrefour International du Bois, qui aura lieu du 1er au 3 juin 2022 au Parc des Expositions de Nantes, fera la part belle \u00e0 l\u2019innovation au sein d\u2019un espace d\u00e9di\u00e9 pour la deuxi\u00e8me \u00e9dition cons\u00e9cutive. Situ\u00e9 dans le hall 1, l\u2019espace innovation pr\u00e9sentera les avanc\u00e9es de la fili\u00e8re sur les sujets de R&amp;D ainsi [&hellip;]<\/p>\n","protected":false},"author":17,"featured_media":107271,"comment_status":"closed","ping_status":"closed","sticky":false,"template":"","format":"standard","meta":{"_et_pb_use_builder":"","_et_pb_old_content":"","_et_gb_content_width":"","footnotes":""},"categories":[10530,6345,10769,10764],"tags":[11054],"class_list":["post-107270","post","type-post","status-publish","format-standard","has-post-thumbnail","hentry","category-actualites","category-economie-marches","category-publications","category-woodsurfer","tag-carrefour-international-du-bois"],"yoast_head":"<!-- This site is optimized with the Yoast SEO plugin v27.4 - https:\/\/yoast.com\/product\/yoast-seo-wordpress\/ -->\n<title>L&#039;innovation au c\u0153ur du Carrefour International du Bois<\/title>\n<meta name=\"robots\" content=\"index, follow, max-snippet:-1, max-image-preview:large, max-video-preview:-1\" \/>\n<link rel=\"canonical\" href=\"https:\/\/batijournal.com\/index.php\/linnovation-au-coeur-du-carrefour-international-du-bois\/107270\/\" \/>\n<meta property=\"og:locale\" content=\"fr_FR\" \/>\n<meta property=\"og:type\" content=\"article\" \/>\n<meta property=\"og:title\" content=\"L&#039;innovation au c\u0153ur du Carrefour International du Bois\" \/>\n<meta property=\"og:description\" content=\"Le Carrefour International du Bois, qui aura lieu du 1er au 3 juin 2022 au Parc des Expositions de Nantes, fera la part belle \u00e0 l\u2019innovation au sein d\u2019un espace d\u00e9di\u00e9 pour la deuxi\u00e8me \u00e9dition cons\u00e9cutive. Situ\u00e9 dans le hall 1, l\u2019espace innovation pr\u00e9sentera les avanc\u00e9es de la fili\u00e8re sur les sujets de R&amp;D ainsi [&hellip;]\" \/>\n<meta property=\"og:url\" content=\"https:\/\/batijournal.com\/index.php\/linnovation-au-coeur-du-carrefour-international-du-bois\/107270\/\" \/>\n<meta property=\"og:site_name\" content=\"Batijournal\" \/>\n<meta property=\"article:published_time\" content=\"2022-04-16T07:21:21+00:00\" \/>\n<meta property=\"og:image\" content=\"https:\/\/batijournal.com\/wp-content\/uploads\/2022\/04\/carrefour-international-du-bois-2022.jpg\" \/>\n\t<meta property=\"og:image:width\" content=\"1000\" \/>\n\t<meta property=\"og:image:height\" content=\"668\" \/>\n\t<meta property=\"og:image:type\" content=\"image\/jpeg\" \/>\n<meta name=\"author\" content=\"St\u00e9phane Miget\" \/>\n<meta name=\"twitter:card\" content=\"summary_large_image\" \/>\n<meta name=\"twitter:creator\" content=\"@bati_journal\" \/>\n<meta name=\"twitter:site\" content=\"@bati_journal\" \/>\n<meta name=\"twitter:label1\" content=\"\u00c9crit par\" \/>\n\t<meta name=\"twitter:data1\" content=\"St\u00e9phane Miget\" \/>\n\t<meta name=\"twitter:label2\" content=\"Dur\u00e9e de lecture estim\u00e9e\" \/>\n\t<meta name=\"twitter:data2\" content=\"1 minute\" \/>\n<script type=\"application\/ld+json\" class=\"yoast-schema-graph\">{\"@context\":\"https:\\\/\\\/schema.org\",\"@graph\":[{\"@type\":\"Article\",\"@id\":\"https:\\\/\\\/batijournal.com\\\/index.php\\\/linnovation-au-coeur-du-carrefour-international-du-bois\\\/107270\\\/#article\",\"isPartOf\":{\"@id\":\"https:\\\/\\\/batijournal.com\\\/index.php\\\/linnovation-au-coeur-du-carrefour-international-du-bois\\\/107270\\\/\"},\"author\":{\"name\":\"St\u00e9phane Miget\",\"@id\":\"https:\\\/\\\/batijournal.com\\\/#\\\/schema\\\/person\\\/1dc96ec6957aa1ccb25ebe78bb19f100\"},\"headline\":\"L&rsquo;innovation au c\u0153ur du Carrefour International du Bois\",\"datePublished\":\"2022-04-16T07:21:21+00:00\",\"mainEntityOfPage\":{\"@id\":\"https:\\\/\\\/batijournal.com\\\/index.php\\\/linnovation-au-coeur-du-carrefour-international-du-bois\\\/107270\\\/\"},\"wordCount\":304,\"image\":{\"@id\":\"https:\\\/\\\/batijournal.com\\\/index.php\\\/linnovation-au-coeur-du-carrefour-international-du-bois\\\/107270\\\/#primaryimage\"},\"thumbnailUrl\":\"https:\\\/\\\/batijournal.com\\\/wp-content\\\/uploads\\\/2022\\\/04\\\/carrefour-international-du-bois-2022.jpg\",\"keywords\":[\"Carrefour international du bois\"],\"articleSection\":[\"Actualit\u00e9s\",\"\u00c9conomie &amp; March\u00e9s\",\"zz_Actualit\u00e9s - Woodsurfer\",\"zz_Woodsurfer\"],\"inLanguage\":\"fr-FR\"},{\"@type\":\"WebPage\",\"@id\":\"https:\\\/\\\/batijournal.com\\\/index.php\\\/linnovation-au-coeur-du-carrefour-international-du-bois\\\/107270\\\/\",\"url\":\"https:\\\/\\\/batijournal.com\\\/index.php\\\/linnovation-au-coeur-du-carrefour-international-du-bois\\\/107270\\\/\",\"name\":\"L'innovation au c\u0153ur du Carrefour International du Bois\",\"isPartOf\":{\"@id\":\"https:\\\/\\\/batijournal.com\\\/#website\"},\"primaryImageOfPage\":{\"@id\":\"https:\\\/\\\/batijournal.com\\\/index.php\\\/linnovation-au-coeur-du-carrefour-international-du-bois\\\/107270\\\/#primaryimage\"},\"image\":{\"@id\":\"https:\\\/\\\/batijournal.com\\\/index.php\\\/linnovation-au-coeur-du-carrefour-international-du-bois\\\/107270\\\/#primaryimage\"},\"thumbnailUrl\":\"https:\\\/\\\/batijournal.com\\\/wp-content\\\/uploads\\\/2022\\\/04\\\/carrefour-international-du-bois-2022.jpg\",\"datePublished\":\"2022-04-16T07:21:21+00:00\",\"author\":{\"@id\":\"https:\\\/\\\/batijournal.com\\\/#\\\/schema\\\/person\\\/1dc96ec6957aa1ccb25ebe78bb19f100\"},\"breadcrumb\":{\"@id\":\"https:\\\/\\\/batijournal.com\\\/index.php\\\/linnovation-au-coeur-du-carrefour-international-du-bois\\\/107270\\\/#breadcrumb\"},\"inLanguage\":\"fr-FR\",\"potentialAction\":[{\"@type\":\"ReadAction\",\"target\":[\"https:\\\/\\\/batijournal.com\\\/index.php\\\/linnovation-au-coeur-du-carrefour-international-du-bois\\\/107270\\\/\"]}]},{\"@type\":\"ImageObject\",\"inLanguage\":\"fr-FR\",\"@id\":\"https:\\\/\\\/batijournal.com\\\/index.php\\\/linnovation-au-coeur-du-carrefour-international-du-bois\\\/107270\\\/#primaryimage\",\"url\":\"https:\\\/\\\/batijournal.com\\\/wp-content\\\/uploads\\\/2022\\\/04\\\/carrefour-international-du-bois-2022.jpg\",\"contentUrl\":\"https:\\\/\\\/batijournal.com\\\/wp-content\\\/uploads\\\/2022\\\/04\\\/carrefour-international-du-bois-2022.jpg\",\"width\":1000,\"height\":668},{\"@type\":\"BreadcrumbList\",\"@id\":\"https:\\\/\\\/batijournal.com\\\/index.php\\\/linnovation-au-coeur-du-carrefour-international-du-bois\\\/107270\\\/#breadcrumb\",\"itemListElement\":[{\"@type\":\"ListItem\",\"position\":1,\"name\":\"Accueil\",\"item\":\"https:\\\/\\\/batijournal.com\\\/\"},{\"@type\":\"ListItem\",\"position\":2,\"name\":\"Actualit\u00e9s\",\"item\":\"https:\\\/\\\/batijournal.com\\\/index.php\\\/category\\\/actualites\\\/\"},{\"@type\":\"ListItem\",\"position\":3,\"name\":\"L&rsquo;innovation au c\u0153ur du Carrefour International du Bois\"}]},{\"@type\":\"WebSite\",\"@id\":\"https:\\\/\\\/batijournal.com\\\/#website\",\"url\":\"https:\\\/\\\/batijournal.com\\\/\",\"name\":\"Batijournal\",\"description\":\"L&#039;actualit\u00e9 du b\u00e2timent\",\"potentialAction\":[{\"@type\":\"SearchAction\",\"target\":{\"@type\":\"EntryPoint\",\"urlTemplate\":\"https:\\\/\\\/batijournal.com\\\/?s={search_term_string}\"},\"query-input\":{\"@type\":\"PropertyValueSpecification\",\"valueRequired\":true,\"valueName\":\"search_term_string\"}}],\"inLanguage\":\"fr-FR\"},{\"@type\":\"Person\",\"@id\":\"https:\\\/\\\/batijournal.com\\\/#\\\/schema\\\/person\\\/1dc96ec6957aa1ccb25ebe78bb19f100\",\"name\":\"St\u00e9phane Miget\",\"image\":{\"@type\":\"ImageObject\",\"inLanguage\":\"fr-FR\",\"@id\":\"https:\\\/\\\/secure.gravatar.com\\\/avatar\\\/89915563d925342126b8ef0281b93d9d7fc337043e8df017f780908eb9644451?s=96&d=mm&r=g\",\"url\":\"https:\\\/\\\/secure.gravatar.com\\\/avatar\\\/89915563d925342126b8ef0281b93d9d7fc337043e8df017f780908eb9644451?s=96&d=mm&r=g\",\"contentUrl\":\"https:\\\/\\\/secure.gravatar.com\\\/avatar\\\/89915563d925342126b8ef0281b93d9d7fc337043e8df017f780908eb9644451?s=96&d=mm&r=g\",\"caption\":\"St\u00e9phane Miget\"},\"url\":\"https:\\\/\\\/batijournal.com\\\/index.php\\\/author\\\/stephane\\\/\"}]}<\/script>\n<!-- \/ Yoast SEO plugin. -->","yoast_head_json":{"title":"L'innovation au c\u0153ur du Carrefour International du Bois","robots":{"index":"index","follow":"follow","max-snippet":"max-snippet:-1","max-image-preview":"max-image-preview:large","max-video-preview":"max-video-preview:-1"},"canonical":"https:\/\/batijournal.com\/index.php\/linnovation-au-coeur-du-carrefour-international-du-bois\/107270\/","og_locale":"fr_FR","og_type":"article","og_title":"L'innovation au c\u0153ur du Carrefour International du Bois","og_description":"Le Carrefour International du Bois, qui aura lieu du 1er au 3 juin 2022 au Parc des Expositions de Nantes, fera la part belle \u00e0 l\u2019innovation au sein d\u2019un espace d\u00e9di\u00e9 pour la deuxi\u00e8me \u00e9dition cons\u00e9cutive. Situ\u00e9 dans le hall 1, l\u2019espace innovation pr\u00e9sentera les avanc\u00e9es de la fili\u00e8re sur les sujets de R&amp;D ainsi [&hellip;]","og_url":"https:\/\/batijournal.com\/index.php\/linnovation-au-coeur-du-carrefour-international-du-bois\/107270\/","og_site_name":"Batijournal","article_published_time":"2022-04-16T07:21:21+00:00","og_image":[{"width":1000,"height":668,"url":"https:\/\/batijournal.com\/wp-content\/uploads\/2022\/04\/carrefour-international-du-bois-2022.jpg","type":"image\/jpeg"}],"author":"St\u00e9phane Miget","twitter_card":"summary_large_image","twitter_creator":"@bati_journal","twitter_site":"@bati_journal","twitter_misc":{"\u00c9crit par":"St\u00e9phane Miget","Dur\u00e9e de lecture estim\u00e9e":"1 minute"},"schema":{"@context":"https:\/\/schema.org","@graph":[{"@type":"Article","@id":"https:\/\/batijournal.com\/index.php\/linnovation-au-coeur-du-carrefour-international-du-bois\/107270\/#article","isPartOf":{"@id":"https:\/\/batijournal.com\/index.php\/linnovation-au-coeur-du-carrefour-international-du-bois\/107270\/"},"author":{"name":"St\u00e9phane Miget","@id":"https:\/\/batijournal.com\/#\/schema\/person\/1dc96ec6957aa1ccb25ebe78bb19f100"},"headline":"L&rsquo;innovation au c\u0153ur du Carrefour International du Bois","datePublished":"2022-04-16T07:21:21+00:00","mainEntityOfPage":{"@id":"https:\/\/batijournal.com\/index.php\/linnovation-au-coeur-du-carrefour-international-du-bois\/107270\/"},"wordCount":304,"image":{"@id":"https:\/\/batijournal.com\/index.php\/linnovation-au-coeur-du-carrefour-international-du-bois\/107270\/#primaryimage"},"thumbnailUrl":"https:\/\/batijournal.com\/wp-content\/uploads\/2022\/04\/carrefour-international-du-bois-2022.jpg","keywords":["Carrefour international du bois"],"articleSection":["Actualit\u00e9s","\u00c9conomie &amp; March\u00e9s","zz_Actualit\u00e9s - Woodsurfer","zz_Woodsurfer"],"inLanguage":"fr-FR"},{"@type":"WebPage","@id":"https:\/\/batijournal.com\/index.php\/linnovation-au-coeur-du-carrefour-international-du-bois\/107270\/","url":"https:\/\/batijournal.com\/index.php\/linnovation-au-coeur-du-carrefour-international-du-bois\/107270\/","name":"L'innovation au c\u0153ur du Carrefour International du Bois","isPartOf":{"@id":"https:\/\/batijournal.com\/#website"},"primaryImageOfPage":{"@id":"https:\/\/batijournal.com\/index.php\/linnovation-au-coeur-du-carrefour-international-du-bois\/107270\/#primaryimage"},"image":{"@id":"https:\/\/batijournal.com\/index.php\/linnovation-au-coeur-du-carrefour-international-du-bois\/107270\/#primaryimage"},"thumbnailUrl":"https:\/\/batijournal.com\/wp-content\/uploads\/2022\/04\/carrefour-international-du-bois-2022.jpg","datePublished":"2022-04-16T07:21:21+00:00","author":{"@id":"https:\/\/batijournal.com\/#\/schema\/person\/1dc96ec6957aa1ccb25ebe78bb19f100"},"breadcrumb":{"@id":"https:\/\/batijournal.com\/index.php\/linnovation-au-coeur-du-carrefour-international-du-bois\/107270\/#breadcrumb"},"inLanguage":"fr-FR","potentialAction":[{"@type":"ReadAction","target":["https:\/\/batijournal.com\/index.php\/linnovation-au-coeur-du-carrefour-international-du-bois\/107270\/"]}]},{"@type":"ImageObject","inLanguage":"fr-FR","@id":"https:\/\/batijournal.com\/index.php\/linnovation-au-coeur-du-carrefour-international-du-bois\/107270\/#primaryimage","url":"https:\/\/batijournal.com\/wp-content\/uploads\/2022\/04\/carrefour-international-du-bois-2022.jpg","contentUrl":"https:\/\/batijournal.com\/wp-content\/uploads\/2022\/04\/carrefour-international-du-bois-2022.jpg","width":1000,"height":668},{"@type":"BreadcrumbList","@id":"https:\/\/batijournal.com\/index.php\/linnovation-au-coeur-du-carrefour-international-du-bois\/107270\/#breadcrumb","itemListElement":[{"@type":"ListItem","position":1,"name":"Accueil","item":"https:\/\/batijournal.com\/"},{"@type":"ListItem","position":2,"name":"Actualit\u00e9s","item":"https:\/\/batijournal.com\/index.php\/category\/actualites\/"},{"@type":"ListItem","position":3,"name":"L&rsquo;innovation au c\u0153ur du Carrefour International du Bois"}]},{"@type":"WebSite","@id":"https:\/\/batijournal.com\/#website","url":"https:\/\/batijournal.com\/","name":"Batijournal","description":"L&#039;actualit\u00e9 du b\u00e2timent","potentialAction":[{"@type":"SearchAction","target":{"@type":"EntryPoint","urlTemplate":"https:\/\/batijournal.com\/?s={search_term_string}"},"query-input":{"@type":"PropertyValueSpecification","valueRequired":true,"valueName":"search_term_string"}}],"inLanguage":"fr-FR"},{"@type":"Person","@id":"https:\/\/batijournal.com\/#\/schema\/person\/1dc96ec6957aa1ccb25ebe78bb19f100","name":"St\u00e9phane Miget","image":{"@type":"ImageObject","inLanguage":"fr-FR","@id":"https:\/\/secure.gravatar.com\/avatar\/89915563d925342126b8ef0281b93d9d7fc337043e8df017f780908eb9644451?s=96&d=mm&r=g","url":"https:\/\/secure.gravatar.com\/avatar\/89915563d925342126b8ef0281b93d9d7fc337043e8df017f780908eb9644451?s=96&d=mm&r=g","contentUrl":"https:\/\/secure.gravatar.com\/avatar\/89915563d925342126b8ef0281b93d9d7fc337043e8df017f780908eb9644451?s=96&d=mm&r=g","caption":"St\u00e9phane Miget"},"url":"https:\/\/batijournal.com\/index.php\/author\/stephane\/"}]}},"_links":{"self":[{"href":"https:\/\/batijournal.com\/index.php\/wp-json\/wp\/v2\/posts\/107270","targetHints":{"allow":["GET"]}}],"collection":[{"href":"https:\/\/batijournal.com\/index.php\/wp-json\/wp\/v2\/posts"}],"about":[{"href":"https:\/\/batijournal.com\/index.php\/wp-json\/wp\/v2\/types\/post"}],"author":[{"embeddable":true,"href":"https:\/\/batijournal.com\/index.php\/wp-json\/wp\/v2\/users\/17"}],"replies":[{"embeddable":true,"href":"https:\/\/batijournal.com\/index.php\/wp-json\/wp\/v2\/comments?post=107270"}],"version-history":[{"count":0,"href":"https:\/\/batijournal.com\/index.php\/wp-json\/wp\/v2\/posts\/107270\/revisions"}],"wp:featuredmedia":[{"embeddable":true,"href":"https:\/\/batijournal.com\/index.php\/wp-json\/wp\/v2\/media\/107271"}],"wp:attachment":[{"href":"https:\/\/batijournal.com\/index.php\/wp-json\/wp\/v2\/media?parent=107270"}],"wp:term":[{"taxonomy":"category","embeddable":true,"href":"https:\/\/batijournal.com\/index.php\/wp-json\/wp\/v2\/categories?post=107270"},{"taxonomy":"post_tag","embeddable":true,"href":"https:\/\/batijournal.com\/index.php\/wp-json\/wp\/v2\/tags?post=107270"}],"curies":[{"name":"wp","href":"https:\/\/api.w.org\/{rel}","templated":true}]}}