{"id":107400,"date":"2022-05-23T07:22:40","date_gmt":"2022-05-23T05:22:40","guid":{"rendered":"https:\/\/batijournal.com\/?p=107400"},"modified":"2022-05-23T07:22:40","modified_gmt":"2022-05-23T05:22:40","slug":"appel-a-projet-urbain-innovant-pour-redessiner-lentree-est-de-romans-sur-isere","status":"publish","type":"post","link":"https:\/\/batijournal.com\/index.php\/appel-a-projet-urbain-innovant-pour-redessiner-lentree-est-de-romans-sur-isere\/107400\/","title":{"rendered":"Appel \u00e0 projet urbain innovant pour redessiner l&rsquo;entr\u00e9e Est de Romans-sur-Is\u00e8re"},"content":{"rendered":"<p>Le 1er juin 2022, la Ville de Romans-sur-Is\u00e8re, dans la Dr\u00f4me, lance un Appel \u00e0 projet urbain innovant pour redessiner son entr\u00e9e Est. La ville fait l\u2019objet de profondes transformations urbaines, impuls\u00e9es par des politiques publiques audacieuses. Port\u00e9es par la municipalit\u00e9 depuis 2014, ces politiques sont appuy\u00e9es par un plan d\u2019investissement historique. D\u2019ores et d\u00e9j\u00e0 engag\u00e9s, de grands projets urbains, architecturaux et paysagers vont ainsi se concr\u00e9tiser d\u2019ici 2026, soutenus par une ambition environnementale forte et une volont\u00e9 d\u2019innover : d\u00e9couverture de la rivi\u00e8re Savasse, valorisation de la promenade du chemin de B\u0153ufs ou encore r\u00e9am\u00e9nagement des grands boulevards. Le site Jourdan-Voltaire tient une place majeure dans la transformation de Romans vers la ville de demain. Ce secteur embl\u00e9matique, de par son positionnement \u00e0 l\u2019entr\u00e9e Est de la ville, son pass\u00e9 industriel et son potentiel urbain, porte haut la vision de modernit\u00e9 ainsi que les ambitions de la municipalit\u00e9. La Ville souhaite redessiner une entr\u00e9e de ville innovante, attractive et int\u00e9grant l\u2019exemplarit\u00e9 environnementale comme valeur cardinale, via le lancement de cet Appel \u00e0 Projet Urbain Innovant (APUI).<\/p>\n","protected":false},"excerpt":{"rendered":"<p>Le 1er juin 2022, la Ville de Romans-sur-Is\u00e8re, dans la Dr\u00f4me, lance un Appel \u00e0 projet urbain innovant pour redessiner son entr\u00e9e Est. La ville fait l\u2019objet de profondes transformations urbaines, impuls\u00e9es par des politiques publiques audacieuses. Port\u00e9es par la municipalit\u00e9 depuis 2014, ces politiques sont appuy\u00e9es par un plan d\u2019investissement historique. D\u2019ores et d\u00e9j\u00e0 [&hellip;]<\/p>\n","protected":false},"author":17,"featured_media":107401,"comment_status":"closed","ping_status":"closed","sticky":false,"template":"","format":"standard","meta":{"_et_pb_use_builder":"","_et_pb_old_content":"","_et_gb_content_width":"","footnotes":""},"categories":[10530,6340],"tags":[11339],"class_list":["post-107400","post","type-post","status-publish","format-standard","has-post-thumbnail","hentry","category-actualites","category-architecture-conception","tag-renovation-urbaine"],"yoast_head":"<!-- This site is optimized with the Yoast SEO plugin v27.4 - https:\/\/yoast.com\/product\/yoast-seo-wordpress\/ -->\n<title>Appel \u00e0 projet urbain innovant pour redessiner l&#039;entr\u00e9e Est de Romans-sur-Is\u00e8re<\/title>\n<meta name=\"robots\" content=\"index, follow, max-snippet:-1, max-image-preview:large, max-video-preview:-1\" \/>\n<link rel=\"canonical\" href=\"https:\/\/batijournal.com\/index.php\/appel-a-projet-urbain-innovant-pour-redessiner-lentree-est-de-romans-sur-isere\/107400\/\" \/>\n<meta property=\"og:locale\" content=\"fr_FR\" \/>\n<meta property=\"og:type\" content=\"article\" \/>\n<meta property=\"og:title\" content=\"Appel \u00e0 projet urbain innovant pour redessiner l&#039;entr\u00e9e Est de Romans-sur-Is\u00e8re\" \/>\n<meta property=\"og:description\" content=\"Le 1er juin 2022, la Ville de Romans-sur-Is\u00e8re, dans la Dr\u00f4me, lance un Appel \u00e0 projet urbain innovant pour redessiner son entr\u00e9e Est. La ville fait l\u2019objet de profondes transformations urbaines, impuls\u00e9es par des politiques publiques audacieuses. Port\u00e9es par la municipalit\u00e9 depuis 2014, ces politiques sont appuy\u00e9es par un plan d\u2019investissement historique. D\u2019ores et d\u00e9j\u00e0 [&hellip;]\" \/>\n<meta property=\"og:url\" content=\"https:\/\/batijournal.com\/index.php\/appel-a-projet-urbain-innovant-pour-redessiner-lentree-est-de-romans-sur-isere\/107400\/\" \/>\n<meta property=\"og:site_name\" content=\"Batijournal\" \/>\n<meta property=\"article:published_time\" content=\"2022-05-23T05:22:40+00:00\" \/>\n<meta property=\"og:image\" content=\"https:\/\/batijournal.com\/wp-content\/uploads\/2022\/05\/cp105apuivoltairejourdan2022.002.jpeg\" \/>\n\t<meta property=\"og:image:width\" content=\"286\" \/>\n\t<meta property=\"og:image:height\" content=\"371\" \/>\n\t<meta property=\"og:image:type\" content=\"image\/jpeg\" \/>\n<meta name=\"author\" content=\"St\u00e9phane Miget\" \/>\n<meta name=\"twitter:card\" content=\"summary_large_image\" \/>\n<meta name=\"twitter:creator\" content=\"@bati_journal\" \/>\n<meta name=\"twitter:site\" content=\"@bati_journal\" \/>\n<meta name=\"twitter:label1\" content=\"\u00c9crit par\" \/>\n\t<meta name=\"twitter:data1\" content=\"St\u00e9phane Miget\" \/>\n\t<meta name=\"twitter:label2\" content=\"Dur\u00e9e de lecture estim\u00e9e\" \/>\n\t<meta name=\"twitter:data2\" content=\"1 minute\" \/>\n<script type=\"application\/ld+json\" class=\"yoast-schema-graph\">{\"@context\":\"https:\\\/\\\/schema.org\",\"@graph\":[{\"@type\":\"Article\",\"@id\":\"https:\\\/\\\/batijournal.com\\\/index.php\\\/appel-a-projet-urbain-innovant-pour-redessiner-lentree-est-de-romans-sur-isere\\\/107400\\\/#article\",\"isPartOf\":{\"@id\":\"https:\\\/\\\/batijournal.com\\\/index.php\\\/appel-a-projet-urbain-innovant-pour-redessiner-lentree-est-de-romans-sur-isere\\\/107400\\\/\"},\"author\":{\"name\":\"St\u00e9phane Miget\",\"@id\":\"https:\\\/\\\/batijournal.com\\\/#\\\/schema\\\/person\\\/1dc96ec6957aa1ccb25ebe78bb19f100\"},\"headline\":\"Appel \u00e0 projet urbain innovant pour redessiner l&rsquo;entr\u00e9e Est de Romans-sur-Is\u00e8re\",\"datePublished\":\"2022-05-23T05:22:40+00:00\",\"mainEntityOfPage\":{\"@id\":\"https:\\\/\\\/batijournal.com\\\/index.php\\\/appel-a-projet-urbain-innovant-pour-redessiner-lentree-est-de-romans-sur-isere\\\/107400\\\/\"},\"wordCount\":208,\"image\":{\"@id\":\"https:\\\/\\\/batijournal.com\\\/index.php\\\/appel-a-projet-urbain-innovant-pour-redessiner-lentree-est-de-romans-sur-isere\\\/107400\\\/#primaryimage\"},\"thumbnailUrl\":\"https:\\\/\\\/batijournal.com\\\/wp-content\\\/uploads\\\/2022\\\/05\\\/cp105apuivoltairejourdan2022.002.jpeg\",\"keywords\":[\"r\u00e9novation urbaine\"],\"articleSection\":[\"Actualit\u00e9s\",\"Architecture &amp; Conception\"],\"inLanguage\":\"fr-FR\"},{\"@type\":\"WebPage\",\"@id\":\"https:\\\/\\\/batijournal.com\\\/index.php\\\/appel-a-projet-urbain-innovant-pour-redessiner-lentree-est-de-romans-sur-isere\\\/107400\\\/\",\"url\":\"https:\\\/\\\/batijournal.com\\\/index.php\\\/appel-a-projet-urbain-innovant-pour-redessiner-lentree-est-de-romans-sur-isere\\\/107400\\\/\",\"name\":\"Appel \u00e0 projet urbain innovant pour redessiner l'entr\u00e9e Est de Romans-sur-Is\u00e8re\",\"isPartOf\":{\"@id\":\"https:\\\/\\\/batijournal.com\\\/#website\"},\"primaryImageOfPage\":{\"@id\":\"https:\\\/\\\/batijournal.com\\\/index.php\\\/appel-a-projet-urbain-innovant-pour-redessiner-lentree-est-de-romans-sur-isere\\\/107400\\\/#primaryimage\"},\"image\":{\"@id\":\"https:\\\/\\\/batijournal.com\\\/index.php\\\/appel-a-projet-urbain-innovant-pour-redessiner-lentree-est-de-romans-sur-isere\\\/107400\\\/#primaryimage\"},\"thumbnailUrl\":\"https:\\\/\\\/batijournal.com\\\/wp-content\\\/uploads\\\/2022\\\/05\\\/cp105apuivoltairejourdan2022.002.jpeg\",\"datePublished\":\"2022-05-23T05:22:40+00:00\",\"author\":{\"@id\":\"https:\\\/\\\/batijournal.com\\\/#\\\/schema\\\/person\\\/1dc96ec6957aa1ccb25ebe78bb19f100\"},\"breadcrumb\":{\"@id\":\"https:\\\/\\\/batijournal.com\\\/index.php\\\/appel-a-projet-urbain-innovant-pour-redessiner-lentree-est-de-romans-sur-isere\\\/107400\\\/#breadcrumb\"},\"inLanguage\":\"fr-FR\",\"potentialAction\":[{\"@type\":\"ReadAction\",\"target\":[\"https:\\\/\\\/batijournal.com\\\/index.php\\\/appel-a-projet-urbain-innovant-pour-redessiner-lentree-est-de-romans-sur-isere\\\/107400\\\/\"]}]},{\"@type\":\"ImageObject\",\"inLanguage\":\"fr-FR\",\"@id\":\"https:\\\/\\\/batijournal.com\\\/index.php\\\/appel-a-projet-urbain-innovant-pour-redessiner-lentree-est-de-romans-sur-isere\\\/107400\\\/#primaryimage\",\"url\":\"https:\\\/\\\/batijournal.com\\\/wp-content\\\/uploads\\\/2022\\\/05\\\/cp105apuivoltairejourdan2022.002.jpeg\",\"contentUrl\":\"https:\\\/\\\/batijournal.com\\\/wp-content\\\/uploads\\\/2022\\\/05\\\/cp105apuivoltairejourdan2022.002.jpeg\",\"width\":286,\"height\":371},{\"@type\":\"BreadcrumbList\",\"@id\":\"https:\\\/\\\/batijournal.com\\\/index.php\\\/appel-a-projet-urbain-innovant-pour-redessiner-lentree-est-de-romans-sur-isere\\\/107400\\\/#breadcrumb\",\"itemListElement\":[{\"@type\":\"ListItem\",\"position\":1,\"name\":\"Accueil\",\"item\":\"https:\\\/\\\/batijournal.com\\\/\"},{\"@type\":\"ListItem\",\"position\":2,\"name\":\"Actualit\u00e9s\",\"item\":\"https:\\\/\\\/batijournal.com\\\/index.php\\\/category\\\/actualites\\\/\"},{\"@type\":\"ListItem\",\"position\":3,\"name\":\"Appel \u00e0 projet urbain innovant pour redessiner l&rsquo;entr\u00e9e Est de Romans-sur-Is\u00e8re\"}]},{\"@type\":\"WebSite\",\"@id\":\"https:\\\/\\\/batijournal.com\\\/#website\",\"url\":\"https:\\\/\\\/batijournal.com\\\/\",\"name\":\"Batijournal\",\"description\":\"L&#039;actualit\u00e9 du b\u00e2timent\",\"potentialAction\":[{\"@type\":\"SearchAction\",\"target\":{\"@type\":\"EntryPoint\",\"urlTemplate\":\"https:\\\/\\\/batijournal.com\\\/?s={search_term_string}\"},\"query-input\":{\"@type\":\"PropertyValueSpecification\",\"valueRequired\":true,\"valueName\":\"search_term_string\"}}],\"inLanguage\":\"fr-FR\"},{\"@type\":\"Person\",\"@id\":\"https:\\\/\\\/batijournal.com\\\/#\\\/schema\\\/person\\\/1dc96ec6957aa1ccb25ebe78bb19f100\",\"name\":\"St\u00e9phane Miget\",\"image\":{\"@type\":\"ImageObject\",\"inLanguage\":\"fr-FR\",\"@id\":\"https:\\\/\\\/secure.gravatar.com\\\/avatar\\\/89915563d925342126b8ef0281b93d9d7fc337043e8df017f780908eb9644451?s=96&d=mm&r=g\",\"url\":\"https:\\\/\\\/secure.gravatar.com\\\/avatar\\\/89915563d925342126b8ef0281b93d9d7fc337043e8df017f780908eb9644451?s=96&d=mm&r=g\",\"contentUrl\":\"https:\\\/\\\/secure.gravatar.com\\\/avatar\\\/89915563d925342126b8ef0281b93d9d7fc337043e8df017f780908eb9644451?s=96&d=mm&r=g\",\"caption\":\"St\u00e9phane Miget\"},\"url\":\"https:\\\/\\\/batijournal.com\\\/index.php\\\/author\\\/stephane\\\/\"}]}<\/script>\n<!-- \/ Yoast SEO plugin. -->","yoast_head_json":{"title":"Appel \u00e0 projet urbain innovant pour redessiner l'entr\u00e9e Est de Romans-sur-Is\u00e8re","robots":{"index":"index","follow":"follow","max-snippet":"max-snippet:-1","max-image-preview":"max-image-preview:large","max-video-preview":"max-video-preview:-1"},"canonical":"https:\/\/batijournal.com\/index.php\/appel-a-projet-urbain-innovant-pour-redessiner-lentree-est-de-romans-sur-isere\/107400\/","og_locale":"fr_FR","og_type":"article","og_title":"Appel \u00e0 projet urbain innovant pour redessiner l'entr\u00e9e Est de Romans-sur-Is\u00e8re","og_description":"Le 1er juin 2022, la Ville de Romans-sur-Is\u00e8re, dans la Dr\u00f4me, lance un Appel \u00e0 projet urbain innovant pour redessiner son entr\u00e9e Est. La ville fait l\u2019objet de profondes transformations urbaines, impuls\u00e9es par des politiques publiques audacieuses. Port\u00e9es par la municipalit\u00e9 depuis 2014, ces politiques sont appuy\u00e9es par un plan d\u2019investissement historique. D\u2019ores et d\u00e9j\u00e0 [&hellip;]","og_url":"https:\/\/batijournal.com\/index.php\/appel-a-projet-urbain-innovant-pour-redessiner-lentree-est-de-romans-sur-isere\/107400\/","og_site_name":"Batijournal","article_published_time":"2022-05-23T05:22:40+00:00","og_image":[{"width":286,"height":371,"url":"https:\/\/batijournal.com\/wp-content\/uploads\/2022\/05\/cp105apuivoltairejourdan2022.002.jpeg","type":"image\/jpeg"}],"author":"St\u00e9phane Miget","twitter_card":"summary_large_image","twitter_creator":"@bati_journal","twitter_site":"@bati_journal","twitter_misc":{"\u00c9crit par":"St\u00e9phane Miget","Dur\u00e9e de lecture estim\u00e9e":"1 minute"},"schema":{"@context":"https:\/\/schema.org","@graph":[{"@type":"Article","@id":"https:\/\/batijournal.com\/index.php\/appel-a-projet-urbain-innovant-pour-redessiner-lentree-est-de-romans-sur-isere\/107400\/#article","isPartOf":{"@id":"https:\/\/batijournal.com\/index.php\/appel-a-projet-urbain-innovant-pour-redessiner-lentree-est-de-romans-sur-isere\/107400\/"},"author":{"name":"St\u00e9phane Miget","@id":"https:\/\/batijournal.com\/#\/schema\/person\/1dc96ec6957aa1ccb25ebe78bb19f100"},"headline":"Appel \u00e0 projet urbain innovant pour redessiner l&rsquo;entr\u00e9e Est de Romans-sur-Is\u00e8re","datePublished":"2022-05-23T05:22:40+00:00","mainEntityOfPage":{"@id":"https:\/\/batijournal.com\/index.php\/appel-a-projet-urbain-innovant-pour-redessiner-lentree-est-de-romans-sur-isere\/107400\/"},"wordCount":208,"image":{"@id":"https:\/\/batijournal.com\/index.php\/appel-a-projet-urbain-innovant-pour-redessiner-lentree-est-de-romans-sur-isere\/107400\/#primaryimage"},"thumbnailUrl":"https:\/\/batijournal.com\/wp-content\/uploads\/2022\/05\/cp105apuivoltairejourdan2022.002.jpeg","keywords":["r\u00e9novation urbaine"],"articleSection":["Actualit\u00e9s","Architecture &amp; Conception"],"inLanguage":"fr-FR"},{"@type":"WebPage","@id":"https:\/\/batijournal.com\/index.php\/appel-a-projet-urbain-innovant-pour-redessiner-lentree-est-de-romans-sur-isere\/107400\/","url":"https:\/\/batijournal.com\/index.php\/appel-a-projet-urbain-innovant-pour-redessiner-lentree-est-de-romans-sur-isere\/107400\/","name":"Appel \u00e0 projet urbain innovant pour redessiner l'entr\u00e9e Est de Romans-sur-Is\u00e8re","isPartOf":{"@id":"https:\/\/batijournal.com\/#website"},"primaryImageOfPage":{"@id":"https:\/\/batijournal.com\/index.php\/appel-a-projet-urbain-innovant-pour-redessiner-lentree-est-de-romans-sur-isere\/107400\/#primaryimage"},"image":{"@id":"https:\/\/batijournal.com\/index.php\/appel-a-projet-urbain-innovant-pour-redessiner-lentree-est-de-romans-sur-isere\/107400\/#primaryimage"},"thumbnailUrl":"https:\/\/batijournal.com\/wp-content\/uploads\/2022\/05\/cp105apuivoltairejourdan2022.002.jpeg","datePublished":"2022-05-23T05:22:40+00:00","author":{"@id":"https:\/\/batijournal.com\/#\/schema\/person\/1dc96ec6957aa1ccb25ebe78bb19f100"},"breadcrumb":{"@id":"https:\/\/batijournal.com\/index.php\/appel-a-projet-urbain-innovant-pour-redessiner-lentree-est-de-romans-sur-isere\/107400\/#breadcrumb"},"inLanguage":"fr-FR","potentialAction":[{"@type":"ReadAction","target":["https:\/\/batijournal.com\/index.php\/appel-a-projet-urbain-innovant-pour-redessiner-lentree-est-de-romans-sur-isere\/107400\/"]}]},{"@type":"ImageObject","inLanguage":"fr-FR","@id":"https:\/\/batijournal.com\/index.php\/appel-a-projet-urbain-innovant-pour-redessiner-lentree-est-de-romans-sur-isere\/107400\/#primaryimage","url":"https:\/\/batijournal.com\/wp-content\/uploads\/2022\/05\/cp105apuivoltairejourdan2022.002.jpeg","contentUrl":"https:\/\/batijournal.com\/wp-content\/uploads\/2022\/05\/cp105apuivoltairejourdan2022.002.jpeg","width":286,"height":371},{"@type":"BreadcrumbList","@id":"https:\/\/batijournal.com\/index.php\/appel-a-projet-urbain-innovant-pour-redessiner-lentree-est-de-romans-sur-isere\/107400\/#breadcrumb","itemListElement":[{"@type":"ListItem","position":1,"name":"Accueil","item":"https:\/\/batijournal.com\/"},{"@type":"ListItem","position":2,"name":"Actualit\u00e9s","item":"https:\/\/batijournal.com\/index.php\/category\/actualites\/"},{"@type":"ListItem","position":3,"name":"Appel \u00e0 projet urbain innovant pour redessiner l&rsquo;entr\u00e9e Est de Romans-sur-Is\u00e8re"}]},{"@type":"WebSite","@id":"https:\/\/batijournal.com\/#website","url":"https:\/\/batijournal.com\/","name":"Batijournal","description":"L&#039;actualit\u00e9 du b\u00e2timent","potentialAction":[{"@type":"SearchAction","target":{"@type":"EntryPoint","urlTemplate":"https:\/\/batijournal.com\/?s={search_term_string}"},"query-input":{"@type":"PropertyValueSpecification","valueRequired":true,"valueName":"search_term_string"}}],"inLanguage":"fr-FR"},{"@type":"Person","@id":"https:\/\/batijournal.com\/#\/schema\/person\/1dc96ec6957aa1ccb25ebe78bb19f100","name":"St\u00e9phane Miget","image":{"@type":"ImageObject","inLanguage":"fr-FR","@id":"https:\/\/secure.gravatar.com\/avatar\/89915563d925342126b8ef0281b93d9d7fc337043e8df017f780908eb9644451?s=96&d=mm&r=g","url":"https:\/\/secure.gravatar.com\/avatar\/89915563d925342126b8ef0281b93d9d7fc337043e8df017f780908eb9644451?s=96&d=mm&r=g","contentUrl":"https:\/\/secure.gravatar.com\/avatar\/89915563d925342126b8ef0281b93d9d7fc337043e8df017f780908eb9644451?s=96&d=mm&r=g","caption":"St\u00e9phane Miget"},"url":"https:\/\/batijournal.com\/index.php\/author\/stephane\/"}]}},"_links":{"self":[{"href":"https:\/\/batijournal.com\/index.php\/wp-json\/wp\/v2\/posts\/107400","targetHints":{"allow":["GET"]}}],"collection":[{"href":"https:\/\/batijournal.com\/index.php\/wp-json\/wp\/v2\/posts"}],"about":[{"href":"https:\/\/batijournal.com\/index.php\/wp-json\/wp\/v2\/types\/post"}],"author":[{"embeddable":true,"href":"https:\/\/batijournal.com\/index.php\/wp-json\/wp\/v2\/users\/17"}],"replies":[{"embeddable":true,"href":"https:\/\/batijournal.com\/index.php\/wp-json\/wp\/v2\/comments?post=107400"}],"version-history":[{"count":0,"href":"https:\/\/batijournal.com\/index.php\/wp-json\/wp\/v2\/posts\/107400\/revisions"}],"wp:featuredmedia":[{"embeddable":true,"href":"https:\/\/batijournal.com\/index.php\/wp-json\/wp\/v2\/media\/107401"}],"wp:attachment":[{"href":"https:\/\/batijournal.com\/index.php\/wp-json\/wp\/v2\/media?parent=107400"}],"wp:term":[{"taxonomy":"category","embeddable":true,"href":"https:\/\/batijournal.com\/index.php\/wp-json\/wp\/v2\/categories?post=107400"},{"taxonomy":"post_tag","embeddable":true,"href":"https:\/\/batijournal.com\/index.php\/wp-json\/wp\/v2\/tags?post=107400"}],"curies":[{"name":"wp","href":"https:\/\/api.w.org\/{rel}","templated":true}]}}