{"id":107404,"date":"2022-05-23T07:27:04","date_gmt":"2022-05-23T05:27:04","guid":{"rendered":"https:\/\/batijournal.com\/?p=107404"},"modified":"2022-05-25T14:15:35","modified_gmt":"2022-05-25T12:15:35","slug":"un-batiment-industriel-devient-le-marche-des-4-chemins-a-pantin","status":"publish","type":"post","link":"https:\/\/batijournal.com\/index.php\/un-batiment-industriel-devient-le-marche-des-4-chemins-a-pantin\/107404\/","title":{"rendered":"Un b\u00e2timent industriel devient le march\u00e9 des 4 chemins \u00e0 Pantin"},"content":{"rendered":"<p>Quelques jours apr\u00e8s son inauguration le 16 avril 2022, le march\u00e9 provisoire des 4 chemins \u00e0 Pantin a d\u00e9j\u00e0 trouv\u00e9 son public. Marchands forains et habitants ont d\u00e9sormais acc\u00e8s \u00e0 un march\u00e9 plus grand, plus lumineux et plus confortable au porte de l\u2019entr\u00e9e de la ville et de l\u2019\u00e9coquartier des Quatre chemins. Pour la r\u00e9habilitation de ce b\u00e2timent, Daniel PARDO de l\u2019Atelier Architectes &amp; Ing\u00e9nieurs a transform\u00e9 des anciens entrep\u00f4ts de la SNCF en un march\u00e9 \u00absans g\u00e2chis ni superflu qui r\u00e9emploie le plus possible les mat\u00e9riaux existants et utilise la force du climat \u00bb. Pour cette r\u00e9habilitation bioclimatique qui avait pour objectif de cr\u00e9er un lieu attractif et qualitatif, l\u2019architecte et la ville de Pantin a fait le choix de la transparence des fa\u00e7ades afin d\u2019apporter un maximum de lumi\u00e8re naturelle \u00e0 l\u2019int\u00e9rieur du march\u00e9. Pour la partie sup\u00e9rieure de la fa\u00e7ade, le choix s\u2019est port\u00e9 sur la toile tendue. Sp\u00e9cialiste de l\u2019architecture textile, ACS Production a install\u00e9 875 m\u00b2 de toile micro-perfor\u00e9e FT381 Ferrari. Cette toile couleur or a \u00e9t\u00e9 marqu\u00e9e par impression num\u00e9rique dans les ateliers de BHD Industries. La toile a \u00e9t\u00e9 pos\u00e9e sur des cadres aluminium avec une forme courbe qui se soul\u00e8ve comme des ailes. Gr\u00e2ce \u00e0 l\u2019usage de la toile microperfor\u00e9e, le b\u00e2timent apporte \u00e0 la fois une protection face aux intemp\u00e9ries tout en laissant la lumi\u00e8re p\u00e9n\u00e9trer au c\u0153ur du b\u00e2timent et en offrant pour l\u2019ext\u00e9rieur une esth\u00e9tique attractive et accueillante.<\/p>\n<p>Cr\u00e9dit photos : Atelier Architectes &amp; Ing\u00e9nieurs<\/p>\n<p>&nbsp;<\/p>\n","protected":false},"excerpt":{"rendered":"<p>Quelques jours apr\u00e8s son inauguration le 16 avril 2022, le march\u00e9 provisoire des 4 chemins \u00e0 Pantin a d\u00e9j\u00e0 trouv\u00e9 son public. Marchands forains et habitants ont d\u00e9sormais acc\u00e8s \u00e0 un march\u00e9 plus grand, plus lumineux et plus confortable au porte de l\u2019entr\u00e9e de la ville et de l\u2019\u00e9coquartier des Quatre chemins. Pour la r\u00e9habilitation [&hellip;]<\/p>\n","protected":false},"author":17,"featured_media":107405,"comment_status":"closed","ping_status":"closed","sticky":false,"template":"","format":"standard","meta":{"_et_pb_use_builder":"","_et_pb_old_content":"","_et_gb_content_width":"","footnotes":""},"categories":[10530,6340,10771,10775],"tags":[13104],"class_list":["post-107404","post","type-post","status-publish","format-standard","has-post-thumbnail","hentry","category-actualites","category-architecture-conception","category-5facades","category-actualites-5facades","tag-toile-tendue"],"yoast_head":"<!-- This site is optimized with the Yoast SEO plugin v27.4 - https:\/\/yoast.com\/product\/yoast-seo-wordpress\/ -->\n<title>Un b\u00e2timent industriel devient le march\u00e9 des 4 chemins \u00e0 Pantin<\/title>\n<meta name=\"robots\" content=\"index, follow, max-snippet:-1, max-image-preview:large, max-video-preview:-1\" \/>\n<link rel=\"canonical\" href=\"https:\/\/batijournal.com\/index.php\/un-batiment-industriel-devient-le-marche-des-4-chemins-a-pantin\/107404\/\" \/>\n<meta property=\"og:locale\" content=\"fr_FR\" \/>\n<meta property=\"og:type\" content=\"article\" \/>\n<meta property=\"og:title\" content=\"Un b\u00e2timent industriel devient le march\u00e9 des 4 chemins \u00e0 Pantin\" \/>\n<meta property=\"og:description\" content=\"Quelques jours apr\u00e8s son inauguration le 16 avril 2022, le march\u00e9 provisoire des 4 chemins \u00e0 Pantin a d\u00e9j\u00e0 trouv\u00e9 son public. Marchands forains et habitants ont d\u00e9sormais acc\u00e8s \u00e0 un march\u00e9 plus grand, plus lumineux et plus confortable au porte de l\u2019entr\u00e9e de la ville et de l\u2019\u00e9coquartier des Quatre chemins. Pour la r\u00e9habilitation [&hellip;]\" \/>\n<meta property=\"og:url\" content=\"https:\/\/batijournal.com\/index.php\/un-batiment-industriel-devient-le-marche-des-4-chemins-a-pantin\/107404\/\" \/>\n<meta property=\"og:site_name\" content=\"Batijournal\" \/>\n<meta property=\"article:published_time\" content=\"2022-05-23T05:27:04+00:00\" \/>\n<meta property=\"article:modified_time\" content=\"2022-05-25T12:15:35+00:00\" \/>\n<meta property=\"og:image\" content=\"https:\/\/batijournal.com\/wp-content\/uploads\/2022\/05\/Marche_4_chemins_ACS_Production_3.jpg\" \/>\n\t<meta property=\"og:image:width\" content=\"1280\" \/>\n\t<meta property=\"og:image:height\" content=\"720\" \/>\n\t<meta property=\"og:image:type\" content=\"image\/jpeg\" \/>\n<meta name=\"author\" content=\"St\u00e9phane Miget\" \/>\n<meta name=\"twitter:card\" content=\"summary_large_image\" \/>\n<meta name=\"twitter:creator\" content=\"@bati_journal\" \/>\n<meta name=\"twitter:site\" content=\"@bati_journal\" \/>\n<meta name=\"twitter:label1\" content=\"\u00c9crit par\" \/>\n\t<meta name=\"twitter:data1\" content=\"St\u00e9phane Miget\" \/>\n\t<meta name=\"twitter:label2\" content=\"Dur\u00e9e de lecture estim\u00e9e\" \/>\n\t<meta name=\"twitter:data2\" content=\"1 minute\" \/>\n<script type=\"application\/ld+json\" class=\"yoast-schema-graph\">{\"@context\":\"https:\\\/\\\/schema.org\",\"@graph\":[{\"@type\":\"Article\",\"@id\":\"https:\\\/\\\/batijournal.com\\\/index.php\\\/un-batiment-industriel-devient-le-marche-des-4-chemins-a-pantin\\\/107404\\\/#article\",\"isPartOf\":{\"@id\":\"https:\\\/\\\/batijournal.com\\\/index.php\\\/un-batiment-industriel-devient-le-marche-des-4-chemins-a-pantin\\\/107404\\\/\"},\"author\":{\"name\":\"St\u00e9phane Miget\",\"@id\":\"https:\\\/\\\/batijournal.com\\\/#\\\/schema\\\/person\\\/1dc96ec6957aa1ccb25ebe78bb19f100\"},\"headline\":\"Un b\u00e2timent industriel devient le march\u00e9 des 4 chemins \u00e0 Pantin\",\"datePublished\":\"2022-05-23T05:27:04+00:00\",\"dateModified\":\"2022-05-25T12:15:35+00:00\",\"mainEntityOfPage\":{\"@id\":\"https:\\\/\\\/batijournal.com\\\/index.php\\\/un-batiment-industriel-devient-le-marche-des-4-chemins-a-pantin\\\/107404\\\/\"},\"wordCount\":294,\"image\":{\"@id\":\"https:\\\/\\\/batijournal.com\\\/index.php\\\/un-batiment-industriel-devient-le-marche-des-4-chemins-a-pantin\\\/107404\\\/#primaryimage\"},\"thumbnailUrl\":\"https:\\\/\\\/batijournal.com\\\/wp-content\\\/uploads\\\/2022\\\/05\\\/Marche_4_chemins_ACS_Production_3.jpg\",\"keywords\":[\"toile tendue\"],\"articleSection\":[\"Actualit\u00e9s\",\"Architecture &amp; Conception\",\"zz_5fa\u00e7ades\",\"zz_Actualit\u00e9s - 5fa\u00e7ades\"],\"inLanguage\":\"fr-FR\"},{\"@type\":\"WebPage\",\"@id\":\"https:\\\/\\\/batijournal.com\\\/index.php\\\/un-batiment-industriel-devient-le-marche-des-4-chemins-a-pantin\\\/107404\\\/\",\"url\":\"https:\\\/\\\/batijournal.com\\\/index.php\\\/un-batiment-industriel-devient-le-marche-des-4-chemins-a-pantin\\\/107404\\\/\",\"name\":\"Un b\u00e2timent industriel devient le march\u00e9 des 4 chemins \u00e0 Pantin\",\"isPartOf\":{\"@id\":\"https:\\\/\\\/batijournal.com\\\/#website\"},\"primaryImageOfPage\":{\"@id\":\"https:\\\/\\\/batijournal.com\\\/index.php\\\/un-batiment-industriel-devient-le-marche-des-4-chemins-a-pantin\\\/107404\\\/#primaryimage\"},\"image\":{\"@id\":\"https:\\\/\\\/batijournal.com\\\/index.php\\\/un-batiment-industriel-devient-le-marche-des-4-chemins-a-pantin\\\/107404\\\/#primaryimage\"},\"thumbnailUrl\":\"https:\\\/\\\/batijournal.com\\\/wp-content\\\/uploads\\\/2022\\\/05\\\/Marche_4_chemins_ACS_Production_3.jpg\",\"datePublished\":\"2022-05-23T05:27:04+00:00\",\"dateModified\":\"2022-05-25T12:15:35+00:00\",\"author\":{\"@id\":\"https:\\\/\\\/batijournal.com\\\/#\\\/schema\\\/person\\\/1dc96ec6957aa1ccb25ebe78bb19f100\"},\"breadcrumb\":{\"@id\":\"https:\\\/\\\/batijournal.com\\\/index.php\\\/un-batiment-industriel-devient-le-marche-des-4-chemins-a-pantin\\\/107404\\\/#breadcrumb\"},\"inLanguage\":\"fr-FR\",\"potentialAction\":[{\"@type\":\"ReadAction\",\"target\":[\"https:\\\/\\\/batijournal.com\\\/index.php\\\/un-batiment-industriel-devient-le-marche-des-4-chemins-a-pantin\\\/107404\\\/\"]}]},{\"@type\":\"ImageObject\",\"inLanguage\":\"fr-FR\",\"@id\":\"https:\\\/\\\/batijournal.com\\\/index.php\\\/un-batiment-industriel-devient-le-marche-des-4-chemins-a-pantin\\\/107404\\\/#primaryimage\",\"url\":\"https:\\\/\\\/batijournal.com\\\/wp-content\\\/uploads\\\/2022\\\/05\\\/Marche_4_chemins_ACS_Production_3.jpg\",\"contentUrl\":\"https:\\\/\\\/batijournal.com\\\/wp-content\\\/uploads\\\/2022\\\/05\\\/Marche_4_chemins_ACS_Production_3.jpg\",\"width\":1280,\"height\":720},{\"@type\":\"BreadcrumbList\",\"@id\":\"https:\\\/\\\/batijournal.com\\\/index.php\\\/un-batiment-industriel-devient-le-marche-des-4-chemins-a-pantin\\\/107404\\\/#breadcrumb\",\"itemListElement\":[{\"@type\":\"ListItem\",\"position\":1,\"name\":\"Accueil\",\"item\":\"https:\\\/\\\/batijournal.com\\\/\"},{\"@type\":\"ListItem\",\"position\":2,\"name\":\"Actualit\u00e9s\",\"item\":\"https:\\\/\\\/batijournal.com\\\/index.php\\\/category\\\/actualites\\\/\"},{\"@type\":\"ListItem\",\"position\":3,\"name\":\"Un b\u00e2timent industriel devient le march\u00e9 des 4 chemins \u00e0 Pantin\"}]},{\"@type\":\"WebSite\",\"@id\":\"https:\\\/\\\/batijournal.com\\\/#website\",\"url\":\"https:\\\/\\\/batijournal.com\\\/\",\"name\":\"Batijournal\",\"description\":\"L&#039;actualit\u00e9 du b\u00e2timent\",\"potentialAction\":[{\"@type\":\"SearchAction\",\"target\":{\"@type\":\"EntryPoint\",\"urlTemplate\":\"https:\\\/\\\/batijournal.com\\\/?s={search_term_string}\"},\"query-input\":{\"@type\":\"PropertyValueSpecification\",\"valueRequired\":true,\"valueName\":\"search_term_string\"}}],\"inLanguage\":\"fr-FR\"},{\"@type\":\"Person\",\"@id\":\"https:\\\/\\\/batijournal.com\\\/#\\\/schema\\\/person\\\/1dc96ec6957aa1ccb25ebe78bb19f100\",\"name\":\"St\u00e9phane Miget\",\"image\":{\"@type\":\"ImageObject\",\"inLanguage\":\"fr-FR\",\"@id\":\"https:\\\/\\\/secure.gravatar.com\\\/avatar\\\/89915563d925342126b8ef0281b93d9d7fc337043e8df017f780908eb9644451?s=96&d=mm&r=g\",\"url\":\"https:\\\/\\\/secure.gravatar.com\\\/avatar\\\/89915563d925342126b8ef0281b93d9d7fc337043e8df017f780908eb9644451?s=96&d=mm&r=g\",\"contentUrl\":\"https:\\\/\\\/secure.gravatar.com\\\/avatar\\\/89915563d925342126b8ef0281b93d9d7fc337043e8df017f780908eb9644451?s=96&d=mm&r=g\",\"caption\":\"St\u00e9phane Miget\"},\"url\":\"https:\\\/\\\/batijournal.com\\\/index.php\\\/author\\\/stephane\\\/\"}]}<\/script>\n<!-- \/ Yoast SEO plugin. -->","yoast_head_json":{"title":"Un b\u00e2timent industriel devient le march\u00e9 des 4 chemins \u00e0 Pantin","robots":{"index":"index","follow":"follow","max-snippet":"max-snippet:-1","max-image-preview":"max-image-preview:large","max-video-preview":"max-video-preview:-1"},"canonical":"https:\/\/batijournal.com\/index.php\/un-batiment-industriel-devient-le-marche-des-4-chemins-a-pantin\/107404\/","og_locale":"fr_FR","og_type":"article","og_title":"Un b\u00e2timent industriel devient le march\u00e9 des 4 chemins \u00e0 Pantin","og_description":"Quelques jours apr\u00e8s son inauguration le 16 avril 2022, le march\u00e9 provisoire des 4 chemins \u00e0 Pantin a d\u00e9j\u00e0 trouv\u00e9 son public. Marchands forains et habitants ont d\u00e9sormais acc\u00e8s \u00e0 un march\u00e9 plus grand, plus lumineux et plus confortable au porte de l\u2019entr\u00e9e de la ville et de l\u2019\u00e9coquartier des Quatre chemins. Pour la r\u00e9habilitation [&hellip;]","og_url":"https:\/\/batijournal.com\/index.php\/un-batiment-industriel-devient-le-marche-des-4-chemins-a-pantin\/107404\/","og_site_name":"Batijournal","article_published_time":"2022-05-23T05:27:04+00:00","article_modified_time":"2022-05-25T12:15:35+00:00","og_image":[{"width":1280,"height":720,"url":"https:\/\/batijournal.com\/wp-content\/uploads\/2022\/05\/Marche_4_chemins_ACS_Production_3.jpg","type":"image\/jpeg"}],"author":"St\u00e9phane Miget","twitter_card":"summary_large_image","twitter_creator":"@bati_journal","twitter_site":"@bati_journal","twitter_misc":{"\u00c9crit par":"St\u00e9phane Miget","Dur\u00e9e de lecture estim\u00e9e":"1 minute"},"schema":{"@context":"https:\/\/schema.org","@graph":[{"@type":"Article","@id":"https:\/\/batijournal.com\/index.php\/un-batiment-industriel-devient-le-marche-des-4-chemins-a-pantin\/107404\/#article","isPartOf":{"@id":"https:\/\/batijournal.com\/index.php\/un-batiment-industriel-devient-le-marche-des-4-chemins-a-pantin\/107404\/"},"author":{"name":"St\u00e9phane Miget","@id":"https:\/\/batijournal.com\/#\/schema\/person\/1dc96ec6957aa1ccb25ebe78bb19f100"},"headline":"Un b\u00e2timent industriel devient le march\u00e9 des 4 chemins \u00e0 Pantin","datePublished":"2022-05-23T05:27:04+00:00","dateModified":"2022-05-25T12:15:35+00:00","mainEntityOfPage":{"@id":"https:\/\/batijournal.com\/index.php\/un-batiment-industriel-devient-le-marche-des-4-chemins-a-pantin\/107404\/"},"wordCount":294,"image":{"@id":"https:\/\/batijournal.com\/index.php\/un-batiment-industriel-devient-le-marche-des-4-chemins-a-pantin\/107404\/#primaryimage"},"thumbnailUrl":"https:\/\/batijournal.com\/wp-content\/uploads\/2022\/05\/Marche_4_chemins_ACS_Production_3.jpg","keywords":["toile tendue"],"articleSection":["Actualit\u00e9s","Architecture &amp; Conception","zz_5fa\u00e7ades","zz_Actualit\u00e9s - 5fa\u00e7ades"],"inLanguage":"fr-FR"},{"@type":"WebPage","@id":"https:\/\/batijournal.com\/index.php\/un-batiment-industriel-devient-le-marche-des-4-chemins-a-pantin\/107404\/","url":"https:\/\/batijournal.com\/index.php\/un-batiment-industriel-devient-le-marche-des-4-chemins-a-pantin\/107404\/","name":"Un b\u00e2timent industriel devient le march\u00e9 des 4 chemins \u00e0 Pantin","isPartOf":{"@id":"https:\/\/batijournal.com\/#website"},"primaryImageOfPage":{"@id":"https:\/\/batijournal.com\/index.php\/un-batiment-industriel-devient-le-marche-des-4-chemins-a-pantin\/107404\/#primaryimage"},"image":{"@id":"https:\/\/batijournal.com\/index.php\/un-batiment-industriel-devient-le-marche-des-4-chemins-a-pantin\/107404\/#primaryimage"},"thumbnailUrl":"https:\/\/batijournal.com\/wp-content\/uploads\/2022\/05\/Marche_4_chemins_ACS_Production_3.jpg","datePublished":"2022-05-23T05:27:04+00:00","dateModified":"2022-05-25T12:15:35+00:00","author":{"@id":"https:\/\/batijournal.com\/#\/schema\/person\/1dc96ec6957aa1ccb25ebe78bb19f100"},"breadcrumb":{"@id":"https:\/\/batijournal.com\/index.php\/un-batiment-industriel-devient-le-marche-des-4-chemins-a-pantin\/107404\/#breadcrumb"},"inLanguage":"fr-FR","potentialAction":[{"@type":"ReadAction","target":["https:\/\/batijournal.com\/index.php\/un-batiment-industriel-devient-le-marche-des-4-chemins-a-pantin\/107404\/"]}]},{"@type":"ImageObject","inLanguage":"fr-FR","@id":"https:\/\/batijournal.com\/index.php\/un-batiment-industriel-devient-le-marche-des-4-chemins-a-pantin\/107404\/#primaryimage","url":"https:\/\/batijournal.com\/wp-content\/uploads\/2022\/05\/Marche_4_chemins_ACS_Production_3.jpg","contentUrl":"https:\/\/batijournal.com\/wp-content\/uploads\/2022\/05\/Marche_4_chemins_ACS_Production_3.jpg","width":1280,"height":720},{"@type":"BreadcrumbList","@id":"https:\/\/batijournal.com\/index.php\/un-batiment-industriel-devient-le-marche-des-4-chemins-a-pantin\/107404\/#breadcrumb","itemListElement":[{"@type":"ListItem","position":1,"name":"Accueil","item":"https:\/\/batijournal.com\/"},{"@type":"ListItem","position":2,"name":"Actualit\u00e9s","item":"https:\/\/batijournal.com\/index.php\/category\/actualites\/"},{"@type":"ListItem","position":3,"name":"Un b\u00e2timent industriel devient le march\u00e9 des 4 chemins \u00e0 Pantin"}]},{"@type":"WebSite","@id":"https:\/\/batijournal.com\/#website","url":"https:\/\/batijournal.com\/","name":"Batijournal","description":"L&#039;actualit\u00e9 du b\u00e2timent","potentialAction":[{"@type":"SearchAction","target":{"@type":"EntryPoint","urlTemplate":"https:\/\/batijournal.com\/?s={search_term_string}"},"query-input":{"@type":"PropertyValueSpecification","valueRequired":true,"valueName":"search_term_string"}}],"inLanguage":"fr-FR"},{"@type":"Person","@id":"https:\/\/batijournal.com\/#\/schema\/person\/1dc96ec6957aa1ccb25ebe78bb19f100","name":"St\u00e9phane Miget","image":{"@type":"ImageObject","inLanguage":"fr-FR","@id":"https:\/\/secure.gravatar.com\/avatar\/89915563d925342126b8ef0281b93d9d7fc337043e8df017f780908eb9644451?s=96&d=mm&r=g","url":"https:\/\/secure.gravatar.com\/avatar\/89915563d925342126b8ef0281b93d9d7fc337043e8df017f780908eb9644451?s=96&d=mm&r=g","contentUrl":"https:\/\/secure.gravatar.com\/avatar\/89915563d925342126b8ef0281b93d9d7fc337043e8df017f780908eb9644451?s=96&d=mm&r=g","caption":"St\u00e9phane Miget"},"url":"https:\/\/batijournal.com\/index.php\/author\/stephane\/"}]}},"_links":{"self":[{"href":"https:\/\/batijournal.com\/index.php\/wp-json\/wp\/v2\/posts\/107404","targetHints":{"allow":["GET"]}}],"collection":[{"href":"https:\/\/batijournal.com\/index.php\/wp-json\/wp\/v2\/posts"}],"about":[{"href":"https:\/\/batijournal.com\/index.php\/wp-json\/wp\/v2\/types\/post"}],"author":[{"embeddable":true,"href":"https:\/\/batijournal.com\/index.php\/wp-json\/wp\/v2\/users\/17"}],"replies":[{"embeddable":true,"href":"https:\/\/batijournal.com\/index.php\/wp-json\/wp\/v2\/comments?post=107404"}],"version-history":[{"count":0,"href":"https:\/\/batijournal.com\/index.php\/wp-json\/wp\/v2\/posts\/107404\/revisions"}],"wp:featuredmedia":[{"embeddable":true,"href":"https:\/\/batijournal.com\/index.php\/wp-json\/wp\/v2\/media\/107405"}],"wp:attachment":[{"href":"https:\/\/batijournal.com\/index.php\/wp-json\/wp\/v2\/media?parent=107404"}],"wp:term":[{"taxonomy":"category","embeddable":true,"href":"https:\/\/batijournal.com\/index.php\/wp-json\/wp\/v2\/categories?post=107404"},{"taxonomy":"post_tag","embeddable":true,"href":"https:\/\/batijournal.com\/index.php\/wp-json\/wp\/v2\/tags?post=107404"}],"curies":[{"name":"wp","href":"https:\/\/api.w.org\/{rel}","templated":true}]}}