{"id":107409,"date":"2022-05-23T16:00:46","date_gmt":"2022-05-23T14:00:46","guid":{"rendered":"https:\/\/batijournal.com\/?p=107409"},"modified":"2022-05-30T15:58:40","modified_gmt":"2022-05-30T13:58:40","slug":"nouveau-plateau-tv-bati-journal-au-carrefour-international-du-bois","status":"publish","type":"post","link":"https:\/\/batijournal.com\/index.php\/nouveau-plateau-tv-bati-journal-au-carrefour-international-du-bois\/107409\/","title":{"rendered":"Nouveau plateau TV Bati-Journal au Carrefour International du Bois"},"content":{"rendered":"<p>[vc_row][vc_column][vc_column_text]<\/p>\n<p class=\"p1\"><span class=\"s1\">\u00c0 l\u2019occasion du\u00a0<a href=\"https:\/\/www.timbershow.com\/\">Carrefour International du Bois<\/a>\u00a0qui se tiendra \u00e0 Nantes du 1er au 3 juin prochain, les \u00e9quipes de\u00a0<a href=\"https:\/\/batijournal.com\/\">Bati-Journal<\/a>\u00a0seront pr\u00e9sentes avec une nouvelle \u00e9dition de son plateau TV. Cet \u00e9v\u00e9nement est organis\u00e9 par\u00a0<a href=\"https:\/\/www.woodsurfer.com\/\">Wood Surfer<\/a>\u00a0et le\u00a0<a href=\"https:\/\/www.timbershow.com\/\">Carrefour International du Bois<\/a>, avec le soutien de l\u2019Interprofession nationale\u00a0<a href=\"https:\/\/www.franceboisforet.fr\">France Bois For\u00eat<\/a>. Ce plateau sera anim\u00e9 par St\u00e9phane Miget (r\u00e9dacteur en chef des magazines <a href=\"https:\/\/www.planete-batiment.com\">Plan\u00e8te B\u00e2timent<\/a> et <a href=\"https:\/\/www.5facades.com\">5fa\u00e7ades<\/a>)<\/span><\/p>\n<p>[\/vc_column_text][\/vc_column][\/vc_row][vc_row][vc_column width=\u00a0\u00bb1\/2&Prime;][vc_column_text]<\/p>\n<h5><b><u>Programme du mercredi 1er juin :<\/u><\/b><\/h5>\n<h5><b>10h15 &#8211; Observatoire fili\u00e8re for\u00eat-bois : chiffres cl\u00e9s, march\u00e9s et actualit\u00e9<\/b>, avec Eric Toppan (Coordinateur de l\u2019Observatoire \u00c9conomique de France Bois For\u00eat)<\/h5>\n<h5><b>12h30 &#8211; Le bois fran\u00e7ais dans la restauration du patrimoine<\/b>\u00a0avec Fran\u00e7ois Auger (Architecte du Patrimoine), Henry de Revel (Responsable des programmes &#8211; France Bois For\u00eat) et Bernard Lechevalier (R\u00e9dacteur en chef d\u2019Atrium, patrimoine &amp; restauration)<\/h5>\n<h5><b>14<\/b>h00 &#8211; Les bardages bois : enjeux et opportunit\u00e9s avec Manel Ch\u00e9our (Responsable marketing et innovation &#8211; Groupe ISB), Arnaud H\u00e9troit (Directeur &#8211; Le Commerce du Bois), Eva Cojean (Charg\u00e9e de mission seconde transformation &#8211; F\u00e9d\u00e9ration Nationale du Bois) et Gw\u00e9nol\u00e9 Lees (Chef de march\u00e9 construction bois &#8211; Piveteau Bois)<\/h5>\n<h5><b>14h45 &#8211; JO 2024 : bois &amp; impact carbone<\/b> avec Georges-Henri Florentin (Pr\u00e9sident &#8211; France Bois 2024) et Beno\u00eet Jobb\u00e9-Duval (Directeur G\u00e9n\u00e9ral &#8211; ATIBT) et Eva Cojean (Charg\u00e9e de mission seconde transformation &#8211; F\u00e9d\u00e9ration Nationale du Bois)<\/h5>\n<h5><b>16h00 &#8211; Tra\u00e7abilit\u00e9 : aide au choix responsable\u00a0<\/b>avec Dominique Cottineau (D\u00e9l\u00e9gu\u00e9 G\u00e9n\u00e9ral de l\u2019Union des Industriels et Constructeurs Bois), J\u00e9r\u00f4me Martinez (Responsable Bois de France), Alessandra Negri (Responsable march\u00e9s et environnement &#8211; Le Commerce du Bois) et Sabine Boury (D\u00e9l\u00e9gu\u00e9e G\u00e9n\u00e9rale de l\u2019Union des Industries du Panneau Contreplaqu\u00e9)<\/h5>\n<p>[\/vc_column_text][\/vc_column][vc_column width=\u00a0\u00bb1\/2&Prime;][vc_single_image image=\u00a0\u00bb107410&Prime; img_size=\u00a0\u00bbfull\u00a0\u00bb alignment=\u00a0\u00bbcenter\u00a0\u00bb][\/vc_column][\/vc_row][vc_row][vc_column width=\u00a0\u00bb1\/2&Prime;][vc_single_image image=\u00a0\u00bb107411&Prime; img_size=\u00a0\u00bbfull\u00a0\u00bb alignment=\u00a0\u00bbcenter\u00a0\u00bb][\/vc_column][vc_column width=\u00a0\u00bb1\/2&Prime;][vc_column_text]<\/p>\n<h5><b><u>Programme du jeudi 2 juin :\u00a0<\/u><\/b><\/h5>\n<h5><b>09h30 &#8211; Retours d\u2019exp\u00e9riences bois biosourc\u00e9s<\/b> avec Margaux Petillon (Architecte &#8211; Can-Ia) et Jihen Jallouli (Responsable innovation durable &#8211; CRR Ecritures Architecturales)<\/h5>\n<h5><b>10h30 &#8211; March\u00e9s mondiaux et flux de mat\u00e9riaux<\/b>\u00a0avec Thibaud Le Moign (French Timber)<\/h5>\n<h5><strong>11h30 &#8211; Groupe ISB : actualit\u00e9s Structure et Biosourc\u00e9s avec Laureline Roy (Chef de produit structure &#8211; Groupe ISB) et Fran\u00e7ois Bonnaud (Responsable commercial r\u00e9gion Ouest &#8211; Groupe ISB)<\/strong><\/h5>\n<h5><b>12h00 &#8211; Signature de La Wood Tech &amp; FCBA<\/b><\/h5>\n<h5><b>12h30 &#8211; Pr\u00e9sentation des start\u2019up de la Wood Tech<\/b>\u00a0avec Fran\u00e7ois Vulser (Responsable de la Wood Tech)<\/h5>\n<h5>13h15 &#8211; La parole \u00e0 Eco-Mobilier avec Dominique Mignon (pr\u00e9sidente d&rsquo;Eco-Mobilier)<\/h5>\n<h5><b>14h00 &#8211; Configurateurs\u00a0<\/b>avec Ambre Le Ferrec (Responsable du p\u00f4le seconde transformation &#8211; F\u00e9d\u00e9ration Nationale du Bois)<\/h5>\n<h5><b>15h00 &#8211; Les terrasses bois : enjeux et opportunit\u00e9s<\/b>\u00a0avec Arnaud H\u00e9troit (Directeur &#8211; Le Commerce du Bois), Eva Cojean (Charg\u00e9e de mission seconde transformation &#8211; F\u00e9d\u00e9ration Nationale du Bois), Claudie Maindron (Responsable commercial &#8211; Protac France) et Catherine Ducerf (Responsable marketing et communication &#8211; Groupe Ducerf)<\/h5>\n<h5><b>16h00 &#8211; L\u2019Union des Artisans du Bois, nouvelles infrastructures et projet d\u2019investissements\u00a0<\/b>avec Alban Viaud (Pr\u00e9sident de l\u2019Union des Artisans du Bois)<\/h5>\n<h5><b>17h00 &#8211; Am\u00e9nagement urbain en bois<\/b>\u00a0avec J\u00e9r\u00e9mie K\u0153mpgen (Architecte &#8211; J\u00e9r\u00e9mie K\u0153mpgen Architecte) et Benjamin Verger (Cofondateur &#8211; 100D\u00e9tours)<\/h5>\n<h5>18h15 &#8211; La parole \u00e0 SwissKrono avec Vincent Adam (Pr\u00e9sident &#8211; SwissKrono) et Joao Da Rocha (Directeur commercial et marketing &#8211; SwissKrono)<\/h5>\n<h5>18h30 &#8211; La parole \u00e0 Jean-Michel Servant, pr\u00e9sident de l&rsquo;Interprofession nationale France Bois For\u00eat<\/h5>\n<p>[\/vc_column_text][\/vc_column][\/vc_row][vc_row][vc_column width=\u00a0\u00bb1\/2&Prime;][vc_column_text]<\/p>\n<h5><b><u>Programme du Vendredi 3 juin\u00a0<\/u><\/b><\/h5>\n<h5><b>09h15 &#8211; R\u00e9nover avec le bois\u00a0<\/b>avec Bruno Trovalet (Architecte Associ\u00e9-Urbanmakers)<\/h5>\n<h5><b>10h30 &#8211; Construire en bois en respectant la RE 2020 : outils et solutions<\/b>\u00a0avec Jean-Marc Pauget (Expert construction bois &#8211; CNDB)<\/h5>\n<h5><b>11h00 &#8211; Notre-Dame de Paris : comment la fili\u00e8re for\u00eat bois participe \u00e0 sa reconstruction, gen\u00e8se d\u2019une aventure humaine et foresti\u00e8re ?<\/b>\u00a0avec Michel Druilhe (France Bois For\u00eat) et Aymeric Albert (Directeur commercial &#8211; ONF)<\/h5>\n<h5><b>12h00 &#8211; Certification PEFC et construction bois : contrainte ou opportunit\u00e9 ?<\/b>\u00a0avec Geoffroy D\u2019Hainault (Directeur des Op\u00e9rations &#8211; REI Habitat), Karine Bouhier (Directrice &#8211; LCA), C\u00e9line Laurens (D\u00e9l\u00e9gu\u00e9e G\u00e9n\u00e9rale &#8211; Fibois France) et Paul-Emmanuel Huet (Directeur ex\u00e9cutif &#8211; PEFC France)<\/h5>\n<h5><b>14h00 &#8211; Bois de France : des march\u00e9s en forte croissance<\/b>\u00a0avec J\u00e9r\u00f4me Martinez (Responsable Bois de France), Florian Lef\u00e8vre (Directeur G\u00e9n\u00e9ral Cruard Charpente) et C\u00e9line Laurence (D\u00e9l\u00e9gu\u00e9e G\u00e9n\u00e9rale &#8211; Fibois France)<\/h5>\n<h4><\/h4>\n<p>[\/vc_column_text][\/vc_column][vc_column width=\u00a0\u00bb1\/2&Prime;][vc_single_image image=\u00a0\u00bb107412&Prime; img_size=\u00a0\u00bbfull\u00a0\u00bb alignment=\u00a0\u00bbcenter\u00a0\u00bb][\/vc_column][\/vc_row][vc_row][vc_column][vc_column_text]<\/p>\n<div>Toutes les vid\u00e9os seront \u00e0 retrouver d\u00e8s le 1er juin sur\u00a0<span style=\"color: #ff2600;\"><a href=\"http:\/\/bati-journal.com\/\" target=\"_blank\" rel=\"noopener\" data-saferedirecturl=\"https:\/\/www.google.com\/url?q=http:\/\/bati-journal.com&amp;source=gmail&amp;ust=1653394877135000&amp;usg=AOvVaw1GB6D8YpeBKX4zdBUYciCL\">bati-journal.com<\/a><\/span>,\u00a0<span style=\"color: #ff2600;\"><a href=\"http:\/\/woodsurfer.com\/\" target=\"_blank\" rel=\"noopener\" data-saferedirecturl=\"https:\/\/www.google.com\/url?q=http:\/\/woodsurfer.com&amp;source=gmail&amp;ust=1653394877135000&amp;usg=AOvVaw3jr_ZSWgHt2cGkA-gswqsY\">woodsurfer.com<\/a><\/span>\u00a0et sur le site de\u00a0<span style=\"color: #ff2600;\"><a href=\"http:\/\/franceboisforet.fr\/\" target=\"_blank\" rel=\"noopener\" data-saferedirecturl=\"https:\/\/www.google.com\/url?q=http:\/\/franceboisforet.fr&amp;source=gmail&amp;ust=1653394877136000&amp;usg=AOvVaw3WRUrw_y5r_lIFyt3Qm1pX\">franceboisforet.fr<\/a>\u00a0<\/span><\/div>\n<div><\/div>\n<div>Retrouvez l&rsquo;int\u00e9gralit\u00e9 du programme des conf\u00e9rences de l&rsquo;espace Techniques &amp; Solutions bois sur <a href=\"https:\/\/www.timbershow.com\/programme\/\">le site du Carrefour du bois<\/a>.<\/div>\n<p>[\/vc_column_text][\/vc_column][\/vc_row]<\/p>\n","protected":false},"excerpt":{"rendered":"<p>[vc_row][vc_column][vc_column_text] \u00c0 l\u2019occasion du\u00a0Carrefour International du Bois\u00a0qui se tiendra \u00e0 Nantes du 1er au 3 juin prochain, les \u00e9quipes de\u00a0Bati-Journal\u00a0seront pr\u00e9sentes avec une nouvelle \u00e9dition de son plateau TV. Cet \u00e9v\u00e9nement est organis\u00e9 par\u00a0Wood Surfer\u00a0et le\u00a0Carrefour International du Bois, avec le soutien de l\u2019Interprofession nationale\u00a0France Bois For\u00eat. Ce plateau sera anim\u00e9 par St\u00e9phane Miget (r\u00e9dacteur [&hellip;]<\/p>\n","protected":false},"author":17,"featured_media":106673,"comment_status":"closed","ping_status":"closed","sticky":false,"template":"","format":"standard","meta":{"_et_pb_use_builder":"","_et_pb_old_content":"","_et_gb_content_width":"","footnotes":""},"categories":[10736,10530,10769,10764],"tags":[13099,46,1679,12501,1781],"class_list":["post-107409","post","type-post","status-publish","format-standard","has-post-thumbnail","hentry","category-a-la-une","category-actualites","category-publications","category-woodsurfer","tag-bati-journal","tag-carrefour-du-bois","tag-france-bois-foret","tag-plateau-tv","tag-wood-surfer"],"yoast_head":"<!-- This site is optimized with the Yoast SEO plugin v27.4 - https:\/\/yoast.com\/product\/yoast-seo-wordpress\/ -->\n<title>Nouveau plateau TV Bati-Journal au Carrefour International du Bois<\/title>\n<meta name=\"robots\" content=\"index, follow, max-snippet:-1, max-image-preview:large, max-video-preview:-1\" \/>\n<link rel=\"canonical\" href=\"https:\/\/batijournal.com\/index.php\/nouveau-plateau-tv-bati-journal-au-carrefour-international-du-bois\/107409\/\" \/>\n<meta property=\"og:locale\" content=\"fr_FR\" \/>\n<meta property=\"og:type\" content=\"article\" \/>\n<meta property=\"og:title\" content=\"Nouveau plateau TV Bati-Journal au Carrefour International du Bois\" \/>\n<meta property=\"og:description\" content=\"[vc_row][vc_column][vc_column_text] \u00c0 l\u2019occasion du\u00a0Carrefour International du Bois\u00a0qui se tiendra \u00e0 Nantes du 1er au 3 juin prochain, les \u00e9quipes de\u00a0Bati-Journal\u00a0seront pr\u00e9sentes avec une nouvelle \u00e9dition de son plateau TV. Cet \u00e9v\u00e9nement est organis\u00e9 par\u00a0Wood Surfer\u00a0et le\u00a0Carrefour International du Bois, avec le soutien de l\u2019Interprofession nationale\u00a0France Bois For\u00eat. Ce plateau sera anim\u00e9 par St\u00e9phane Miget (r\u00e9dacteur [&hellip;]\" \/>\n<meta property=\"og:url\" content=\"https:\/\/batijournal.com\/index.php\/nouveau-plateau-tv-bati-journal-au-carrefour-international-du-bois\/107409\/\" \/>\n<meta property=\"og:site_name\" content=\"Batijournal\" \/>\n<meta property=\"article:published_time\" content=\"2022-05-23T14:00:46+00:00\" \/>\n<meta property=\"article:modified_time\" content=\"2022-05-30T13:58:40+00:00\" \/>\n<meta property=\"og:image\" content=\"https:\/\/batijournal.com\/wp-content\/uploads\/2021\/11\/CIB18_1.jpeg\" \/>\n\t<meta property=\"og:image:width\" content=\"2048\" \/>\n\t<meta property=\"og:image:height\" content=\"1536\" \/>\n\t<meta property=\"og:image:type\" content=\"image\/jpeg\" \/>\n<meta name=\"author\" content=\"St\u00e9phane Miget\" \/>\n<meta name=\"twitter:card\" content=\"summary_large_image\" \/>\n<meta name=\"twitter:creator\" content=\"@bati_journal\" \/>\n<meta name=\"twitter:site\" content=\"@bati_journal\" \/>\n<meta name=\"twitter:label1\" content=\"\u00c9crit par\" \/>\n\t<meta name=\"twitter:data1\" content=\"St\u00e9phane Miget\" \/>\n\t<meta name=\"twitter:label2\" content=\"Dur\u00e9e de lecture estim\u00e9e\" \/>\n\t<meta name=\"twitter:data2\" content=\"5 minutes\" \/>\n<script type=\"application\/ld+json\" class=\"yoast-schema-graph\">{\"@context\":\"https:\\\/\\\/schema.org\",\"@graph\":[{\"@type\":\"Article\",\"@id\":\"https:\\\/\\\/batijournal.com\\\/index.php\\\/nouveau-plateau-tv-bati-journal-au-carrefour-international-du-bois\\\/107409\\\/#article\",\"isPartOf\":{\"@id\":\"https:\\\/\\\/batijournal.com\\\/index.php\\\/nouveau-plateau-tv-bati-journal-au-carrefour-international-du-bois\\\/107409\\\/\"},\"author\":{\"name\":\"St\u00e9phane Miget\",\"@id\":\"https:\\\/\\\/batijournal.com\\\/#\\\/schema\\\/person\\\/1dc96ec6957aa1ccb25ebe78bb19f100\"},\"headline\":\"Nouveau plateau TV Bati-Journal au Carrefour International du Bois\",\"datePublished\":\"2022-05-23T14:00:46+00:00\",\"dateModified\":\"2022-05-30T13:58:40+00:00\",\"mainEntityOfPage\":{\"@id\":\"https:\\\/\\\/batijournal.com\\\/index.php\\\/nouveau-plateau-tv-bati-journal-au-carrefour-international-du-bois\\\/107409\\\/\"},\"wordCount\":928,\"image\":{\"@id\":\"https:\\\/\\\/batijournal.com\\\/index.php\\\/nouveau-plateau-tv-bati-journal-au-carrefour-international-du-bois\\\/107409\\\/#primaryimage\"},\"thumbnailUrl\":\"https:\\\/\\\/batijournal.com\\\/wp-content\\\/uploads\\\/2021\\\/11\\\/CIB18_1.jpeg\",\"keywords\":[\"bati journal\",\"carrefour du bois\",\"france bois foret\",\"plateau TV\",\"Wood Surfer\"],\"articleSection\":[\"A la Une\",\"Actualit\u00e9s\",\"zz_Actualit\u00e9s - Woodsurfer\",\"zz_Woodsurfer\"],\"inLanguage\":\"fr-FR\"},{\"@type\":\"WebPage\",\"@id\":\"https:\\\/\\\/batijournal.com\\\/index.php\\\/nouveau-plateau-tv-bati-journal-au-carrefour-international-du-bois\\\/107409\\\/\",\"url\":\"https:\\\/\\\/batijournal.com\\\/index.php\\\/nouveau-plateau-tv-bati-journal-au-carrefour-international-du-bois\\\/107409\\\/\",\"name\":\"Nouveau plateau TV Bati-Journal au Carrefour International du Bois\",\"isPartOf\":{\"@id\":\"https:\\\/\\\/batijournal.com\\\/#website\"},\"primaryImageOfPage\":{\"@id\":\"https:\\\/\\\/batijournal.com\\\/index.php\\\/nouveau-plateau-tv-bati-journal-au-carrefour-international-du-bois\\\/107409\\\/#primaryimage\"},\"image\":{\"@id\":\"https:\\\/\\\/batijournal.com\\\/index.php\\\/nouveau-plateau-tv-bati-journal-au-carrefour-international-du-bois\\\/107409\\\/#primaryimage\"},\"thumbnailUrl\":\"https:\\\/\\\/batijournal.com\\\/wp-content\\\/uploads\\\/2021\\\/11\\\/CIB18_1.jpeg\",\"datePublished\":\"2022-05-23T14:00:46+00:00\",\"dateModified\":\"2022-05-30T13:58:40+00:00\",\"author\":{\"@id\":\"https:\\\/\\\/batijournal.com\\\/#\\\/schema\\\/person\\\/1dc96ec6957aa1ccb25ebe78bb19f100\"},\"breadcrumb\":{\"@id\":\"https:\\\/\\\/batijournal.com\\\/index.php\\\/nouveau-plateau-tv-bati-journal-au-carrefour-international-du-bois\\\/107409\\\/#breadcrumb\"},\"inLanguage\":\"fr-FR\",\"potentialAction\":[{\"@type\":\"ReadAction\",\"target\":[\"https:\\\/\\\/batijournal.com\\\/index.php\\\/nouveau-plateau-tv-bati-journal-au-carrefour-international-du-bois\\\/107409\\\/\"]}]},{\"@type\":\"ImageObject\",\"inLanguage\":\"fr-FR\",\"@id\":\"https:\\\/\\\/batijournal.com\\\/index.php\\\/nouveau-plateau-tv-bati-journal-au-carrefour-international-du-bois\\\/107409\\\/#primaryimage\",\"url\":\"https:\\\/\\\/batijournal.com\\\/wp-content\\\/uploads\\\/2021\\\/11\\\/CIB18_1.jpeg\",\"contentUrl\":\"https:\\\/\\\/batijournal.com\\\/wp-content\\\/uploads\\\/2021\\\/11\\\/CIB18_1.jpeg\",\"width\":2048,\"height\":1536},{\"@type\":\"BreadcrumbList\",\"@id\":\"https:\\\/\\\/batijournal.com\\\/index.php\\\/nouveau-plateau-tv-bati-journal-au-carrefour-international-du-bois\\\/107409\\\/#breadcrumb\",\"itemListElement\":[{\"@type\":\"ListItem\",\"position\":1,\"name\":\"Accueil\",\"item\":\"https:\\\/\\\/batijournal.com\\\/\"},{\"@type\":\"ListItem\",\"position\":2,\"name\":\"Actualit\u00e9s\",\"item\":\"https:\\\/\\\/batijournal.com\\\/index.php\\\/category\\\/actualites\\\/\"},{\"@type\":\"ListItem\",\"position\":3,\"name\":\"Nouveau plateau TV Bati-Journal au Carrefour International du Bois\"}]},{\"@type\":\"WebSite\",\"@id\":\"https:\\\/\\\/batijournal.com\\\/#website\",\"url\":\"https:\\\/\\\/batijournal.com\\\/\",\"name\":\"Batijournal\",\"description\":\"L&#039;actualit\u00e9 du b\u00e2timent\",\"potentialAction\":[{\"@type\":\"SearchAction\",\"target\":{\"@type\":\"EntryPoint\",\"urlTemplate\":\"https:\\\/\\\/batijournal.com\\\/?s={search_term_string}\"},\"query-input\":{\"@type\":\"PropertyValueSpecification\",\"valueRequired\":true,\"valueName\":\"search_term_string\"}}],\"inLanguage\":\"fr-FR\"},{\"@type\":\"Person\",\"@id\":\"https:\\\/\\\/batijournal.com\\\/#\\\/schema\\\/person\\\/1dc96ec6957aa1ccb25ebe78bb19f100\",\"name\":\"St\u00e9phane Miget\",\"image\":{\"@type\":\"ImageObject\",\"inLanguage\":\"fr-FR\",\"@id\":\"https:\\\/\\\/secure.gravatar.com\\\/avatar\\\/89915563d925342126b8ef0281b93d9d7fc337043e8df017f780908eb9644451?s=96&d=mm&r=g\",\"url\":\"https:\\\/\\\/secure.gravatar.com\\\/avatar\\\/89915563d925342126b8ef0281b93d9d7fc337043e8df017f780908eb9644451?s=96&d=mm&r=g\",\"contentUrl\":\"https:\\\/\\\/secure.gravatar.com\\\/avatar\\\/89915563d925342126b8ef0281b93d9d7fc337043e8df017f780908eb9644451?s=96&d=mm&r=g\",\"caption\":\"St\u00e9phane Miget\"},\"url\":\"https:\\\/\\\/batijournal.com\\\/index.php\\\/author\\\/stephane\\\/\"}]}<\/script>\n<!-- \/ Yoast SEO plugin. -->","yoast_head_json":{"title":"Nouveau plateau TV Bati-Journal au Carrefour International du Bois","robots":{"index":"index","follow":"follow","max-snippet":"max-snippet:-1","max-image-preview":"max-image-preview:large","max-video-preview":"max-video-preview:-1"},"canonical":"https:\/\/batijournal.com\/index.php\/nouveau-plateau-tv-bati-journal-au-carrefour-international-du-bois\/107409\/","og_locale":"fr_FR","og_type":"article","og_title":"Nouveau plateau TV Bati-Journal au Carrefour International du Bois","og_description":"[vc_row][vc_column][vc_column_text] \u00c0 l\u2019occasion du\u00a0Carrefour International du Bois\u00a0qui se tiendra \u00e0 Nantes du 1er au 3 juin prochain, les \u00e9quipes de\u00a0Bati-Journal\u00a0seront pr\u00e9sentes avec une nouvelle \u00e9dition de son plateau TV. Cet \u00e9v\u00e9nement est organis\u00e9 par\u00a0Wood Surfer\u00a0et le\u00a0Carrefour International du Bois, avec le soutien de l\u2019Interprofession nationale\u00a0France Bois For\u00eat. Ce plateau sera anim\u00e9 par St\u00e9phane Miget (r\u00e9dacteur [&hellip;]","og_url":"https:\/\/batijournal.com\/index.php\/nouveau-plateau-tv-bati-journal-au-carrefour-international-du-bois\/107409\/","og_site_name":"Batijournal","article_published_time":"2022-05-23T14:00:46+00:00","article_modified_time":"2022-05-30T13:58:40+00:00","og_image":[{"width":2048,"height":1536,"url":"https:\/\/batijournal.com\/wp-content\/uploads\/2021\/11\/CIB18_1.jpeg","type":"image\/jpeg"}],"author":"St\u00e9phane Miget","twitter_card":"summary_large_image","twitter_creator":"@bati_journal","twitter_site":"@bati_journal","twitter_misc":{"\u00c9crit par":"St\u00e9phane Miget","Dur\u00e9e de lecture estim\u00e9e":"5 minutes"},"schema":{"@context":"https:\/\/schema.org","@graph":[{"@type":"Article","@id":"https:\/\/batijournal.com\/index.php\/nouveau-plateau-tv-bati-journal-au-carrefour-international-du-bois\/107409\/#article","isPartOf":{"@id":"https:\/\/batijournal.com\/index.php\/nouveau-plateau-tv-bati-journal-au-carrefour-international-du-bois\/107409\/"},"author":{"name":"St\u00e9phane Miget","@id":"https:\/\/batijournal.com\/#\/schema\/person\/1dc96ec6957aa1ccb25ebe78bb19f100"},"headline":"Nouveau plateau TV Bati-Journal au Carrefour International du Bois","datePublished":"2022-05-23T14:00:46+00:00","dateModified":"2022-05-30T13:58:40+00:00","mainEntityOfPage":{"@id":"https:\/\/batijournal.com\/index.php\/nouveau-plateau-tv-bati-journal-au-carrefour-international-du-bois\/107409\/"},"wordCount":928,"image":{"@id":"https:\/\/batijournal.com\/index.php\/nouveau-plateau-tv-bati-journal-au-carrefour-international-du-bois\/107409\/#primaryimage"},"thumbnailUrl":"https:\/\/batijournal.com\/wp-content\/uploads\/2021\/11\/CIB18_1.jpeg","keywords":["bati journal","carrefour du bois","france bois foret","plateau TV","Wood Surfer"],"articleSection":["A la Une","Actualit\u00e9s","zz_Actualit\u00e9s - Woodsurfer","zz_Woodsurfer"],"inLanguage":"fr-FR"},{"@type":"WebPage","@id":"https:\/\/batijournal.com\/index.php\/nouveau-plateau-tv-bati-journal-au-carrefour-international-du-bois\/107409\/","url":"https:\/\/batijournal.com\/index.php\/nouveau-plateau-tv-bati-journal-au-carrefour-international-du-bois\/107409\/","name":"Nouveau plateau TV Bati-Journal au Carrefour International du Bois","isPartOf":{"@id":"https:\/\/batijournal.com\/#website"},"primaryImageOfPage":{"@id":"https:\/\/batijournal.com\/index.php\/nouveau-plateau-tv-bati-journal-au-carrefour-international-du-bois\/107409\/#primaryimage"},"image":{"@id":"https:\/\/batijournal.com\/index.php\/nouveau-plateau-tv-bati-journal-au-carrefour-international-du-bois\/107409\/#primaryimage"},"thumbnailUrl":"https:\/\/batijournal.com\/wp-content\/uploads\/2021\/11\/CIB18_1.jpeg","datePublished":"2022-05-23T14:00:46+00:00","dateModified":"2022-05-30T13:58:40+00:00","author":{"@id":"https:\/\/batijournal.com\/#\/schema\/person\/1dc96ec6957aa1ccb25ebe78bb19f100"},"breadcrumb":{"@id":"https:\/\/batijournal.com\/index.php\/nouveau-plateau-tv-bati-journal-au-carrefour-international-du-bois\/107409\/#breadcrumb"},"inLanguage":"fr-FR","potentialAction":[{"@type":"ReadAction","target":["https:\/\/batijournal.com\/index.php\/nouveau-plateau-tv-bati-journal-au-carrefour-international-du-bois\/107409\/"]}]},{"@type":"ImageObject","inLanguage":"fr-FR","@id":"https:\/\/batijournal.com\/index.php\/nouveau-plateau-tv-bati-journal-au-carrefour-international-du-bois\/107409\/#primaryimage","url":"https:\/\/batijournal.com\/wp-content\/uploads\/2021\/11\/CIB18_1.jpeg","contentUrl":"https:\/\/batijournal.com\/wp-content\/uploads\/2021\/11\/CIB18_1.jpeg","width":2048,"height":1536},{"@type":"BreadcrumbList","@id":"https:\/\/batijournal.com\/index.php\/nouveau-plateau-tv-bati-journal-au-carrefour-international-du-bois\/107409\/#breadcrumb","itemListElement":[{"@type":"ListItem","position":1,"name":"Accueil","item":"https:\/\/batijournal.com\/"},{"@type":"ListItem","position":2,"name":"Actualit\u00e9s","item":"https:\/\/batijournal.com\/index.php\/category\/actualites\/"},{"@type":"ListItem","position":3,"name":"Nouveau plateau TV Bati-Journal au Carrefour International du Bois"}]},{"@type":"WebSite","@id":"https:\/\/batijournal.com\/#website","url":"https:\/\/batijournal.com\/","name":"Batijournal","description":"L&#039;actualit\u00e9 du b\u00e2timent","potentialAction":[{"@type":"SearchAction","target":{"@type":"EntryPoint","urlTemplate":"https:\/\/batijournal.com\/?s={search_term_string}"},"query-input":{"@type":"PropertyValueSpecification","valueRequired":true,"valueName":"search_term_string"}}],"inLanguage":"fr-FR"},{"@type":"Person","@id":"https:\/\/batijournal.com\/#\/schema\/person\/1dc96ec6957aa1ccb25ebe78bb19f100","name":"St\u00e9phane Miget","image":{"@type":"ImageObject","inLanguage":"fr-FR","@id":"https:\/\/secure.gravatar.com\/avatar\/89915563d925342126b8ef0281b93d9d7fc337043e8df017f780908eb9644451?s=96&d=mm&r=g","url":"https:\/\/secure.gravatar.com\/avatar\/89915563d925342126b8ef0281b93d9d7fc337043e8df017f780908eb9644451?s=96&d=mm&r=g","contentUrl":"https:\/\/secure.gravatar.com\/avatar\/89915563d925342126b8ef0281b93d9d7fc337043e8df017f780908eb9644451?s=96&d=mm&r=g","caption":"St\u00e9phane Miget"},"url":"https:\/\/batijournal.com\/index.php\/author\/stephane\/"}]}},"_links":{"self":[{"href":"https:\/\/batijournal.com\/index.php\/wp-json\/wp\/v2\/posts\/107409","targetHints":{"allow":["GET"]}}],"collection":[{"href":"https:\/\/batijournal.com\/index.php\/wp-json\/wp\/v2\/posts"}],"about":[{"href":"https:\/\/batijournal.com\/index.php\/wp-json\/wp\/v2\/types\/post"}],"author":[{"embeddable":true,"href":"https:\/\/batijournal.com\/index.php\/wp-json\/wp\/v2\/users\/17"}],"replies":[{"embeddable":true,"href":"https:\/\/batijournal.com\/index.php\/wp-json\/wp\/v2\/comments?post=107409"}],"version-history":[{"count":0,"href":"https:\/\/batijournal.com\/index.php\/wp-json\/wp\/v2\/posts\/107409\/revisions"}],"wp:featuredmedia":[{"embeddable":true,"href":"https:\/\/batijournal.com\/index.php\/wp-json\/wp\/v2\/media\/106673"}],"wp:attachment":[{"href":"https:\/\/batijournal.com\/index.php\/wp-json\/wp\/v2\/media?parent=107409"}],"wp:term":[{"taxonomy":"category","embeddable":true,"href":"https:\/\/batijournal.com\/index.php\/wp-json\/wp\/v2\/categories?post=107409"},{"taxonomy":"post_tag","embeddable":true,"href":"https:\/\/batijournal.com\/index.php\/wp-json\/wp\/v2\/tags?post=107409"}],"curies":[{"name":"wp","href":"https:\/\/api.w.org\/{rel}","templated":true}]}}