{"id":107482,"date":"2022-06-06T15:59:32","date_gmt":"2022-06-06T13:59:32","guid":{"rendered":"https:\/\/batijournal.com\/?p=107482"},"modified":"2022-06-06T15:59:32","modified_gmt":"2022-06-06T13:59:32","slug":"bois-de-france-des-marches-en-forte-croissance-carrefour-international-du-bois-2022","status":"publish","type":"post","link":"https:\/\/batijournal.com\/index.php\/bois-de-france-des-marches-en-forte-croissance-carrefour-international-du-bois-2022\/107482\/","title":{"rendered":"Bois de France : des march\u00e9s en forte croissance &#8211; Carrefour International du Bois 2022"},"content":{"rendered":"<p><iframe loading=\"lazy\" title=\"YouTube video player\" src=\"https:\/\/www.youtube.com\/embed\/4KynohoRcXc\" width=\"560\" height=\"315\" frameborder=\"0\" allowfullscreen=\"allowfullscreen\"><\/iframe><\/p>\n<p>Avec<\/p>\n<p>J\u00e9rome Martinez, Responsable &#8211; Bois de France<br \/>\nC\u00e9line Laurence, D\u00e9l\u00e9gu\u00e9e G\u00e9n\u00e9rale &#8211; Fibois Ile-de-France<br \/>\nFlorian Lef\u00e9vre, Directeur G\u00e9n\u00e9ral &#8211; Cruard Charpente<\/p>\n","protected":false},"excerpt":{"rendered":"<p>Avec J\u00e9rome Martinez, Responsable &#8211; Bois de France C\u00e9line Laurence, D\u00e9l\u00e9gu\u00e9e G\u00e9n\u00e9rale &#8211; Fibois Ile-de-France Florian Lef\u00e9vre, Directeur G\u00e9n\u00e9ral &#8211; Cruard Charpente<\/p>\n","protected":false},"author":17,"featured_media":107483,"comment_status":"closed","ping_status":"closed","sticky":false,"template":"","format":"standard","meta":{"_et_pb_use_builder":"","_et_pb_old_content":"","_et_gb_content_width":"","footnotes":""},"categories":[10736,10530,11200,6345,10769,10764],"tags":[11505,12974,46,13106],"class_list":["post-107482","post","type-post","status-publish","format-standard","has-post-thumbnail","hentry","category-a-la-une","category-actualites","category-batijournal-tv","category-economie-marches","category-publications","category-woodsurfer","tag-batijournal-tv","tag-bois-de-france","tag-carrefour-du-bois","tag-carrefour-international-du-bois-2022"],"yoast_head":"<!-- This site is optimized with the Yoast SEO plugin v27.4 - https:\/\/yoast.com\/product\/yoast-seo-wordpress\/ -->\n<title>Bois de France : des march\u00e9s en forte croissance - Carrefour International du Bois 2022<\/title>\n<meta name=\"robots\" content=\"index, follow, max-snippet:-1, max-image-preview:large, max-video-preview:-1\" \/>\n<link rel=\"canonical\" href=\"https:\/\/batijournal.com\/index.php\/bois-de-france-des-marches-en-forte-croissance-carrefour-international-du-bois-2022\/107482\/\" \/>\n<meta property=\"og:locale\" content=\"fr_FR\" \/>\n<meta property=\"og:type\" content=\"article\" \/>\n<meta property=\"og:title\" content=\"Bois de France : des march\u00e9s en forte croissance - Carrefour International du Bois 2022\" \/>\n<meta property=\"og:description\" content=\"Avec J\u00e9rome Martinez, Responsable &#8211; Bois de France C\u00e9line Laurence, D\u00e9l\u00e9gu\u00e9e G\u00e9n\u00e9rale &#8211; Fibois Ile-de-France Florian Lef\u00e9vre, Directeur G\u00e9n\u00e9ral &#8211; Cruard Charpente\" \/>\n<meta property=\"og:url\" content=\"https:\/\/batijournal.com\/index.php\/bois-de-france-des-marches-en-forte-croissance-carrefour-international-du-bois-2022\/107482\/\" \/>\n<meta property=\"og:site_name\" content=\"Batijournal\" \/>\n<meta property=\"article:published_time\" content=\"2022-06-06T13:59:32+00:00\" \/>\n<meta property=\"og:image\" content=\"https:\/\/batijournal.com\/wp-content\/uploads\/2022\/06\/bois-de-france-carrefour-international-du-bois-2022.png\" \/>\n\t<meta property=\"og:image:width\" content=\"897\" \/>\n\t<meta property=\"og:image:height\" content=\"503\" \/>\n\t<meta property=\"og:image:type\" content=\"image\/png\" \/>\n<meta name=\"author\" content=\"St\u00e9phane Miget\" \/>\n<meta name=\"twitter:card\" content=\"summary_large_image\" \/>\n<meta name=\"twitter:creator\" content=\"@bati_journal\" \/>\n<meta name=\"twitter:site\" content=\"@bati_journal\" \/>\n<meta name=\"twitter:label1\" content=\"\u00c9crit par\" \/>\n\t<meta name=\"twitter:data1\" content=\"St\u00e9phane Miget\" \/>\n<script type=\"application\/ld+json\" class=\"yoast-schema-graph\">{\"@context\":\"https:\\\/\\\/schema.org\",\"@graph\":[{\"@type\":\"Article\",\"@id\":\"https:\\\/\\\/batijournal.com\\\/index.php\\\/bois-de-france-des-marches-en-forte-croissance-carrefour-international-du-bois-2022\\\/107482\\\/#article\",\"isPartOf\":{\"@id\":\"https:\\\/\\\/batijournal.com\\\/index.php\\\/bois-de-france-des-marches-en-forte-croissance-carrefour-international-du-bois-2022\\\/107482\\\/\"},\"author\":{\"name\":\"St\u00e9phane Miget\",\"@id\":\"https:\\\/\\\/batijournal.com\\\/#\\\/schema\\\/person\\\/1dc96ec6957aa1ccb25ebe78bb19f100\"},\"headline\":\"Bois de France : des march\u00e9s en forte croissance &#8211; Carrefour International du Bois 2022\",\"datePublished\":\"2022-06-06T13:59:32+00:00\",\"mainEntityOfPage\":{\"@id\":\"https:\\\/\\\/batijournal.com\\\/index.php\\\/bois-de-france-des-marches-en-forte-croissance-carrefour-international-du-bois-2022\\\/107482\\\/\"},\"wordCount\":46,\"image\":{\"@id\":\"https:\\\/\\\/batijournal.com\\\/index.php\\\/bois-de-france-des-marches-en-forte-croissance-carrefour-international-du-bois-2022\\\/107482\\\/#primaryimage\"},\"thumbnailUrl\":\"https:\\\/\\\/batijournal.com\\\/wp-content\\\/uploads\\\/2022\\\/06\\\/bois-de-france-carrefour-international-du-bois-2022.png\",\"keywords\":[\"batijournal TV\",\"bois de france\",\"carrefour du bois\",\"Carrefour International du Bois 2022\"],\"articleSection\":[\"A la Une\",\"Actualit\u00e9s\",\"batijournal TV\",\"\u00c9conomie &amp; March\u00e9s\",\"zz_Actualit\u00e9s - Woodsurfer\",\"zz_Woodsurfer\"],\"inLanguage\":\"fr-FR\"},{\"@type\":\"WebPage\",\"@id\":\"https:\\\/\\\/batijournal.com\\\/index.php\\\/bois-de-france-des-marches-en-forte-croissance-carrefour-international-du-bois-2022\\\/107482\\\/\",\"url\":\"https:\\\/\\\/batijournal.com\\\/index.php\\\/bois-de-france-des-marches-en-forte-croissance-carrefour-international-du-bois-2022\\\/107482\\\/\",\"name\":\"Bois de France : des march\u00e9s en forte croissance - Carrefour International du Bois 2022\",\"isPartOf\":{\"@id\":\"https:\\\/\\\/batijournal.com\\\/#website\"},\"primaryImageOfPage\":{\"@id\":\"https:\\\/\\\/batijournal.com\\\/index.php\\\/bois-de-france-des-marches-en-forte-croissance-carrefour-international-du-bois-2022\\\/107482\\\/#primaryimage\"},\"image\":{\"@id\":\"https:\\\/\\\/batijournal.com\\\/index.php\\\/bois-de-france-des-marches-en-forte-croissance-carrefour-international-du-bois-2022\\\/107482\\\/#primaryimage\"},\"thumbnailUrl\":\"https:\\\/\\\/batijournal.com\\\/wp-content\\\/uploads\\\/2022\\\/06\\\/bois-de-france-carrefour-international-du-bois-2022.png\",\"datePublished\":\"2022-06-06T13:59:32+00:00\",\"author\":{\"@id\":\"https:\\\/\\\/batijournal.com\\\/#\\\/schema\\\/person\\\/1dc96ec6957aa1ccb25ebe78bb19f100\"},\"breadcrumb\":{\"@id\":\"https:\\\/\\\/batijournal.com\\\/index.php\\\/bois-de-france-des-marches-en-forte-croissance-carrefour-international-du-bois-2022\\\/107482\\\/#breadcrumb\"},\"inLanguage\":\"fr-FR\",\"potentialAction\":[{\"@type\":\"ReadAction\",\"target\":[\"https:\\\/\\\/batijournal.com\\\/index.php\\\/bois-de-france-des-marches-en-forte-croissance-carrefour-international-du-bois-2022\\\/107482\\\/\"]}]},{\"@type\":\"ImageObject\",\"inLanguage\":\"fr-FR\",\"@id\":\"https:\\\/\\\/batijournal.com\\\/index.php\\\/bois-de-france-des-marches-en-forte-croissance-carrefour-international-du-bois-2022\\\/107482\\\/#primaryimage\",\"url\":\"https:\\\/\\\/batijournal.com\\\/wp-content\\\/uploads\\\/2022\\\/06\\\/bois-de-france-carrefour-international-du-bois-2022.png\",\"contentUrl\":\"https:\\\/\\\/batijournal.com\\\/wp-content\\\/uploads\\\/2022\\\/06\\\/bois-de-france-carrefour-international-du-bois-2022.png\",\"width\":897,\"height\":503},{\"@type\":\"BreadcrumbList\",\"@id\":\"https:\\\/\\\/batijournal.com\\\/index.php\\\/bois-de-france-des-marches-en-forte-croissance-carrefour-international-du-bois-2022\\\/107482\\\/#breadcrumb\",\"itemListElement\":[{\"@type\":\"ListItem\",\"position\":1,\"name\":\"Accueil\",\"item\":\"https:\\\/\\\/batijournal.com\\\/\"},{\"@type\":\"ListItem\",\"position\":2,\"name\":\"Actualit\u00e9s\",\"item\":\"https:\\\/\\\/batijournal.com\\\/index.php\\\/category\\\/actualites\\\/\"},{\"@type\":\"ListItem\",\"position\":3,\"name\":\"Bois de France : des march\u00e9s en forte croissance &#8211; Carrefour International du Bois 2022\"}]},{\"@type\":\"WebSite\",\"@id\":\"https:\\\/\\\/batijournal.com\\\/#website\",\"url\":\"https:\\\/\\\/batijournal.com\\\/\",\"name\":\"Batijournal\",\"description\":\"L&#039;actualit\u00e9 du b\u00e2timent\",\"potentialAction\":[{\"@type\":\"SearchAction\",\"target\":{\"@type\":\"EntryPoint\",\"urlTemplate\":\"https:\\\/\\\/batijournal.com\\\/?s={search_term_string}\"},\"query-input\":{\"@type\":\"PropertyValueSpecification\",\"valueRequired\":true,\"valueName\":\"search_term_string\"}}],\"inLanguage\":\"fr-FR\"},{\"@type\":\"Person\",\"@id\":\"https:\\\/\\\/batijournal.com\\\/#\\\/schema\\\/person\\\/1dc96ec6957aa1ccb25ebe78bb19f100\",\"name\":\"St\u00e9phane Miget\",\"image\":{\"@type\":\"ImageObject\",\"inLanguage\":\"fr-FR\",\"@id\":\"https:\\\/\\\/secure.gravatar.com\\\/avatar\\\/89915563d925342126b8ef0281b93d9d7fc337043e8df017f780908eb9644451?s=96&d=mm&r=g\",\"url\":\"https:\\\/\\\/secure.gravatar.com\\\/avatar\\\/89915563d925342126b8ef0281b93d9d7fc337043e8df017f780908eb9644451?s=96&d=mm&r=g\",\"contentUrl\":\"https:\\\/\\\/secure.gravatar.com\\\/avatar\\\/89915563d925342126b8ef0281b93d9d7fc337043e8df017f780908eb9644451?s=96&d=mm&r=g\",\"caption\":\"St\u00e9phane Miget\"},\"url\":\"https:\\\/\\\/batijournal.com\\\/index.php\\\/author\\\/stephane\\\/\"}]}<\/script>\n<!-- \/ Yoast SEO plugin. -->","yoast_head_json":{"title":"Bois de France : des march\u00e9s en forte croissance - Carrefour International du Bois 2022","robots":{"index":"index","follow":"follow","max-snippet":"max-snippet:-1","max-image-preview":"max-image-preview:large","max-video-preview":"max-video-preview:-1"},"canonical":"https:\/\/batijournal.com\/index.php\/bois-de-france-des-marches-en-forte-croissance-carrefour-international-du-bois-2022\/107482\/","og_locale":"fr_FR","og_type":"article","og_title":"Bois de France : des march\u00e9s en forte croissance - Carrefour International du Bois 2022","og_description":"Avec J\u00e9rome Martinez, Responsable &#8211; Bois de France C\u00e9line Laurence, D\u00e9l\u00e9gu\u00e9e G\u00e9n\u00e9rale &#8211; Fibois Ile-de-France Florian Lef\u00e9vre, Directeur G\u00e9n\u00e9ral &#8211; Cruard Charpente","og_url":"https:\/\/batijournal.com\/index.php\/bois-de-france-des-marches-en-forte-croissance-carrefour-international-du-bois-2022\/107482\/","og_site_name":"Batijournal","article_published_time":"2022-06-06T13:59:32+00:00","og_image":[{"width":897,"height":503,"url":"https:\/\/batijournal.com\/wp-content\/uploads\/2022\/06\/bois-de-france-carrefour-international-du-bois-2022.png","type":"image\/png"}],"author":"St\u00e9phane Miget","twitter_card":"summary_large_image","twitter_creator":"@bati_journal","twitter_site":"@bati_journal","twitter_misc":{"\u00c9crit par":"St\u00e9phane Miget"},"schema":{"@context":"https:\/\/schema.org","@graph":[{"@type":"Article","@id":"https:\/\/batijournal.com\/index.php\/bois-de-france-des-marches-en-forte-croissance-carrefour-international-du-bois-2022\/107482\/#article","isPartOf":{"@id":"https:\/\/batijournal.com\/index.php\/bois-de-france-des-marches-en-forte-croissance-carrefour-international-du-bois-2022\/107482\/"},"author":{"name":"St\u00e9phane Miget","@id":"https:\/\/batijournal.com\/#\/schema\/person\/1dc96ec6957aa1ccb25ebe78bb19f100"},"headline":"Bois de France : des march\u00e9s en forte croissance &#8211; Carrefour International du Bois 2022","datePublished":"2022-06-06T13:59:32+00:00","mainEntityOfPage":{"@id":"https:\/\/batijournal.com\/index.php\/bois-de-france-des-marches-en-forte-croissance-carrefour-international-du-bois-2022\/107482\/"},"wordCount":46,"image":{"@id":"https:\/\/batijournal.com\/index.php\/bois-de-france-des-marches-en-forte-croissance-carrefour-international-du-bois-2022\/107482\/#primaryimage"},"thumbnailUrl":"https:\/\/batijournal.com\/wp-content\/uploads\/2022\/06\/bois-de-france-carrefour-international-du-bois-2022.png","keywords":["batijournal TV","bois de france","carrefour du bois","Carrefour International du Bois 2022"],"articleSection":["A la Une","Actualit\u00e9s","batijournal TV","\u00c9conomie &amp; March\u00e9s","zz_Actualit\u00e9s - Woodsurfer","zz_Woodsurfer"],"inLanguage":"fr-FR"},{"@type":"WebPage","@id":"https:\/\/batijournal.com\/index.php\/bois-de-france-des-marches-en-forte-croissance-carrefour-international-du-bois-2022\/107482\/","url":"https:\/\/batijournal.com\/index.php\/bois-de-france-des-marches-en-forte-croissance-carrefour-international-du-bois-2022\/107482\/","name":"Bois de France : des march\u00e9s en forte croissance - Carrefour International du Bois 2022","isPartOf":{"@id":"https:\/\/batijournal.com\/#website"},"primaryImageOfPage":{"@id":"https:\/\/batijournal.com\/index.php\/bois-de-france-des-marches-en-forte-croissance-carrefour-international-du-bois-2022\/107482\/#primaryimage"},"image":{"@id":"https:\/\/batijournal.com\/index.php\/bois-de-france-des-marches-en-forte-croissance-carrefour-international-du-bois-2022\/107482\/#primaryimage"},"thumbnailUrl":"https:\/\/batijournal.com\/wp-content\/uploads\/2022\/06\/bois-de-france-carrefour-international-du-bois-2022.png","datePublished":"2022-06-06T13:59:32+00:00","author":{"@id":"https:\/\/batijournal.com\/#\/schema\/person\/1dc96ec6957aa1ccb25ebe78bb19f100"},"breadcrumb":{"@id":"https:\/\/batijournal.com\/index.php\/bois-de-france-des-marches-en-forte-croissance-carrefour-international-du-bois-2022\/107482\/#breadcrumb"},"inLanguage":"fr-FR","potentialAction":[{"@type":"ReadAction","target":["https:\/\/batijournal.com\/index.php\/bois-de-france-des-marches-en-forte-croissance-carrefour-international-du-bois-2022\/107482\/"]}]},{"@type":"ImageObject","inLanguage":"fr-FR","@id":"https:\/\/batijournal.com\/index.php\/bois-de-france-des-marches-en-forte-croissance-carrefour-international-du-bois-2022\/107482\/#primaryimage","url":"https:\/\/batijournal.com\/wp-content\/uploads\/2022\/06\/bois-de-france-carrefour-international-du-bois-2022.png","contentUrl":"https:\/\/batijournal.com\/wp-content\/uploads\/2022\/06\/bois-de-france-carrefour-international-du-bois-2022.png","width":897,"height":503},{"@type":"BreadcrumbList","@id":"https:\/\/batijournal.com\/index.php\/bois-de-france-des-marches-en-forte-croissance-carrefour-international-du-bois-2022\/107482\/#breadcrumb","itemListElement":[{"@type":"ListItem","position":1,"name":"Accueil","item":"https:\/\/batijournal.com\/"},{"@type":"ListItem","position":2,"name":"Actualit\u00e9s","item":"https:\/\/batijournal.com\/index.php\/category\/actualites\/"},{"@type":"ListItem","position":3,"name":"Bois de France : des march\u00e9s en forte croissance &#8211; Carrefour International du Bois 2022"}]},{"@type":"WebSite","@id":"https:\/\/batijournal.com\/#website","url":"https:\/\/batijournal.com\/","name":"Batijournal","description":"L&#039;actualit\u00e9 du b\u00e2timent","potentialAction":[{"@type":"SearchAction","target":{"@type":"EntryPoint","urlTemplate":"https:\/\/batijournal.com\/?s={search_term_string}"},"query-input":{"@type":"PropertyValueSpecification","valueRequired":true,"valueName":"search_term_string"}}],"inLanguage":"fr-FR"},{"@type":"Person","@id":"https:\/\/batijournal.com\/#\/schema\/person\/1dc96ec6957aa1ccb25ebe78bb19f100","name":"St\u00e9phane Miget","image":{"@type":"ImageObject","inLanguage":"fr-FR","@id":"https:\/\/secure.gravatar.com\/avatar\/89915563d925342126b8ef0281b93d9d7fc337043e8df017f780908eb9644451?s=96&d=mm&r=g","url":"https:\/\/secure.gravatar.com\/avatar\/89915563d925342126b8ef0281b93d9d7fc337043e8df017f780908eb9644451?s=96&d=mm&r=g","contentUrl":"https:\/\/secure.gravatar.com\/avatar\/89915563d925342126b8ef0281b93d9d7fc337043e8df017f780908eb9644451?s=96&d=mm&r=g","caption":"St\u00e9phane Miget"},"url":"https:\/\/batijournal.com\/index.php\/author\/stephane\/"}]}},"_links":{"self":[{"href":"https:\/\/batijournal.com\/index.php\/wp-json\/wp\/v2\/posts\/107482","targetHints":{"allow":["GET"]}}],"collection":[{"href":"https:\/\/batijournal.com\/index.php\/wp-json\/wp\/v2\/posts"}],"about":[{"href":"https:\/\/batijournal.com\/index.php\/wp-json\/wp\/v2\/types\/post"}],"author":[{"embeddable":true,"href":"https:\/\/batijournal.com\/index.php\/wp-json\/wp\/v2\/users\/17"}],"replies":[{"embeddable":true,"href":"https:\/\/batijournal.com\/index.php\/wp-json\/wp\/v2\/comments?post=107482"}],"version-history":[{"count":0,"href":"https:\/\/batijournal.com\/index.php\/wp-json\/wp\/v2\/posts\/107482\/revisions"}],"wp:featuredmedia":[{"embeddable":true,"href":"https:\/\/batijournal.com\/index.php\/wp-json\/wp\/v2\/media\/107483"}],"wp:attachment":[{"href":"https:\/\/batijournal.com\/index.php\/wp-json\/wp\/v2\/media?parent=107482"}],"wp:term":[{"taxonomy":"category","embeddable":true,"href":"https:\/\/batijournal.com\/index.php\/wp-json\/wp\/v2\/categories?post=107482"},{"taxonomy":"post_tag","embeddable":true,"href":"https:\/\/batijournal.com\/index.php\/wp-json\/wp\/v2\/tags?post=107482"}],"curies":[{"name":"wp","href":"https:\/\/api.w.org\/{rel}","templated":true}]}}