{"id":107491,"date":"2022-06-08T15:13:40","date_gmt":"2022-06-08T13:13:40","guid":{"rendered":"https:\/\/batijournal.com\/?p=107491"},"modified":"2022-06-14T15:41:09","modified_gmt":"2022-06-14T13:41:09","slug":"bati-journal-et-son-plateau-tv-seront-a-eurobois-2022","status":"publish","type":"post","link":"https:\/\/batijournal.com\/index.php\/bati-journal-et-son-plateau-tv-seront-a-eurobois-2022\/107491\/","title":{"rendered":"Bati-Journal et son plateau TV seront \u00e0 Eurobois 2022 !"},"content":{"rendered":"<div>\u00c0 l\u2019occasion du salon <a href=\"https:\/\/www.eurobois.net\/fr\" target=\"_blank\" rel=\"noopener\">Eurobois<\/a>, qui se tiendra \u00e0 Eurexpo Lyon du 14 au 17 juin, les \u00e9quipes de Bati-Journal seront pr\u00e9sentes avec une nouvelle \u00e9dition de son plateau TV.<\/div>\n<div>Cet \u00e9v\u00e9nement est organis\u00e9 par <a href=\"https:\/\/www.woodsurfer.com\" target=\"_blank\" rel=\"noopener\">Wood Surfer<\/a> et <a href=\"https:\/\/www.eurobois.net\/fr\" target=\"_blank\" rel=\"noopener\">Eurobois<\/a>, avec le soutien de l\u2019Interprofession nationale <a href=\"https:\/\/www.franceboisforet.fr\">France Bois For\u00ea<\/a>t.<\/div>\n<div>Ce plateau sera anim\u00e9 par St\u00e9phane Miget (r\u00e9dacteur en chef des magazines <a href=\"https:\/\/www.planete-batiment.com\" target=\"_blank\" rel=\"noopener\">Plan\u00e8te B\u00e2timent<\/a> et <a href=\"https:\/\/www.5facades.com\" target=\"_blank\" rel=\"noopener\">5fa\u00e7ades<\/a>). Plus de 20 \u00e9missions seront organis\u00e9es autours des grandes th\u00e9matiques de l\u2019\u00e9v\u00e9nement : agencement &amp; design, innovation, formation &amp; emploi, outillage, construction bois, 1\u00e8re et 2nd transformation.<\/div>\n<div><\/div>\n<div><strong>D\u00e9couvrez le programme du plateau TV Bati-Journal :\u00a0<\/strong><\/div>\n<p><strong>Mardi 14 juin :<\/strong><\/p>\n<ul>\n<li>10h00 &#8211;\u00a0<strong>Pitch innovation Eurobois Awards<\/strong><\/li>\n<li>12h30 &#8211;<strong>Inauguration Eurobois<\/strong><\/li>\n<li>14h30 &#8211;\u00a0<strong>La parole \u00e0 Eco-Mobilier\u00a0<\/strong>avec Dominique Mignon (Pr\u00e9sidente &#8211; Eco-Mobilier)<\/li>\n<li>16h45 &#8211;\u00a0<strong>Usages du sapin en construction et am\u00e9nagement\u00a0<\/strong>avec Ana\u00efs Laffont (Responsable p\u00f4le Auvergne &#8211; Fibois AuRa), Cyrille Ducret (Dirigeant &#8211; Scierie Ducret) et Ga\u00eblle Goutadier (Architecte &#8211; Agence MTA)<\/li>\n<\/ul>\n<p>&nbsp;<\/p>\n<p><strong>Mercredi 15 juin :<\/strong><\/p>\n<ul>\n<li>09h30 &#8211;\u00a0<strong>Emploi : quelles solutions pour recruter ?\u00a0<\/strong>avec B\u00e9n\u00e9dicte Muller (Charg\u00e9e de mission emploi\/formation &#8211; Fibois AuRa), Christelle Veyriere (Conseill\u00e8re &#8211; P\u00f4le Emploi) et St\u00e9phanie Langlet (Directrice RH &#8211; Groupe Bois du Dauphin\u00e9)<\/li>\n<li>10h30 &#8211;\u00a0<strong>CO-HOME <\/strong>avec Julie Millet (Responsable de march\u00e9s &#8211; L\u2019Ameublement Fran\u00e7ais), St\u00e9phane Veron (Dirigeant &#8211; MSA France), Carole P\u00e9ridier (Directrice G\u00e9n\u00e9rale Adjointe &#8211; Servitex), Yann Colfaux (Directeur national prescription &#8211; Pfleiderer) et R\u00e9gis Blandin (Directeur ventes &#8211; 2020 Technologies)<\/li>\n<li>11h30 &#8211;\u00a0<strong>La parole \u00e0 Cadwork\u00a0<\/strong>avec Denis Roblin (Directeur vente France &#8211; Cadwork)<\/li>\n<li>12h00 &#8211;\u00a0<strong>PRO-A : agenceurs et responsables\u00a0<\/strong>avec Pascal There (Directeur &#8211; Grizard Agencement), Vincent Houot (Directeur &#8211; Houot Agencement) et Vincent Bl\u00e9con (Responsable activit\u00e9 Agencement &#8211; Rousseau Agencement)<\/li>\n<li>13h45 &#8211;\u00a0<strong>Agenceurs PRO-A : acteurs et soutien de la formation \u00e0 l\u2019agencement\u00a0<\/strong>avec Pierre Haesebrouck (Pr\u00e9sident &#8211; Groupe Hasap)<\/li>\n<li>15h00 &#8211;\u00a0<strong>Les scieries de service\u00a0par Maurice Chalayer<\/strong><\/li>\n<li>16h00 &#8211;\u00a0<strong>La parole au SECIMPAC\u00a0<\/strong>avec Pierrick Auboiron (Pr\u00e9sident &#8211; SECIMPAC)<\/li>\n<li>16h30 &#8211;\u00a0<strong>Remise des Troph\u00e9es Eurobois Awards<\/strong><\/li>\n<\/ul>\n<p>&nbsp;<\/p>\n<p><strong>Jeudi 16 juin :<\/strong><\/p>\n<ul>\n<li>09h30 &#8211;\u00a0<strong>Solutions bois en acoustique\u00a0<\/strong>avec Benjamin Mermet (Prescripteur bois construction &#8211; Fibois AuRa)<\/li>\n<li>10h45 &#8211;\u00a0<strong>Renouveler nos for\u00eats et promouvoir l\u2019utilisation du bois pour lutter contre le changement climatique : une cause d\u2019int\u00e9r\u00eat g\u00e9n\u00e9ral !\u00a0<\/strong>avec Christian Lallia (Directeur de Finnso Bois et M\u00e9c\u00e8ne de Plantons pour l\u2019Avenir), Jean-Philippe Bazot (Dirigeant de la scierie Bazot-Bongard, Pr\u00e9sident de Fibois Bourgogne Franche-Comt\u00e9 et administrateur de Plantons pour l\u2019Avenir) et Tancr\u00e8de Neveu (Directeur d\u00e9l\u00e9gu\u00e9 de Plantons pour l\u2019Avenir)<\/li>\n<li>12h00 &#8211;\u00a0<strong>Valorisation innovante du ch\u00e2taignier\u00a0<\/strong>avec Alain Feougier (Pr\u00e9sident des Communes Foresti\u00e8res de l\u2019Ard\u00e8che) et Pierre Gay (Consultant &#8211; Ceribois)<\/li>\n<li>14h30 &#8211;\u00a0\u00a0<strong>La parole \u00e0 BLUM\u00a0<\/strong>avec Rachel Mugnier (Directrice g\u00e9n\u00e9rale de Blum France)<\/li>\n<li>15h00 &#8211;\u00a0\u00a0<strong>La formation SMARTISAN\u00a0<\/strong>avec Diana Gonzalez (Pr\u00e9sidente de ConstructeurvClub) et Ara Shahnazaryan (Fondateur de S.H. Conseil)<\/li>\n<li>16h15 &#8211;\u00a0<strong>La main et le num\u00e9rique\u00a0<\/strong>avec Mathieu Hugon (Responsable de l\u2019Institut Europ\u00e9en de la Menuiserie, de l\u2019Agencement et de l\u2019\u00c9b\u00e9nisterie &#8211; Les Compagnons du Devoir) et Laurent Mazies (Directeur G\u00e9n\u00e9ral &#8211; Biesse France)<\/li>\n<\/ul>\n<p>&nbsp;<\/p>\n<p><strong>Vendredi 17 juin :<\/strong><\/p>\n<ul>\n<li>09h30 &#8211;\u00a0<strong>Pr\u00e9vention s\u00e9curit\u00e9 au travail\u00a0<\/strong>avec Fr\u00e9d\u00e9ric Fayard (Ing\u00e9nieur Conseil &#8211; Carsat), Chrystel Medina (Directrice des sites &#8211; Entreprise Minot) et V\u00e9ronique Berraud (Responsable QSE &amp; Am\u00e9lioration &#8211; Entreprise Ossabois)<\/li>\n<li>10h45 &#8211;\u00a0<strong>La parole au SNAFOT\u00a0<\/strong>avec J\u00e9r\u00f4me Henry (Pr\u00e9sident &#8211; SNAFOT)<\/li>\n<li>12h00 &#8211;\u00a0<strong>Les nouveaux outils de l\u2019innovation\u00a0avec Xylofutur <\/strong>avec Marc Vincent (Directeur de Xylofutur)<\/li>\n<li>13h45 &#8211;\u00a0<strong>Plateforme\u00a0<a href=\"http:\/\/dumetier.org\/\" target=\"_blank\" rel=\"noopener\" data-saferedirecturl=\"https:\/\/www.google.com\/url?q=http:\/\/dumetier.org\/&amp;source=gmail&amp;ust=1654777242022000&amp;usg=AOvVaw1RA9ZZQHcA3aUtQWU4MSAh\">Dumetier.org<\/a><\/strong>avec\u00a0Mathieu Hugon (Responsable de l\u2019Institut Europ\u00e9en de la Menuiserie, de l\u2019Agencement et de l\u2019\u00c9b\u00e9nisterie &#8211; Les Compagnons du Devoir) et Fabien Le Quellec (Coordinateur de projet &#8211; Les Compagnons du Devoir)<\/li>\n<\/ul>\n<div><\/div>\n<div><strong>Toutes les vid\u00e9os seront \u00e0 retrouver d\u00e8s le 14 juin sur\u00a0<a href=\"http:\/\/bati-journal.com\/\" target=\"_blank\" rel=\"noopener\" data-saferedirecturl=\"https:\/\/www.google.com\/url?q=http:\/\/bati-journal.com&amp;source=gmail&amp;ust=1654777242022000&amp;usg=AOvVaw04IfmfUDxqROGJT9nz63_O\">bati-journal.com<\/a>,\u00a0<a href=\"http:\/\/woodsurfer.com\/\" target=\"_blank\" rel=\"noopener\" data-saferedirecturl=\"https:\/\/www.google.com\/url?q=http:\/\/woodsurfer.com&amp;source=gmail&amp;ust=1654777242022000&amp;usg=AOvVaw30xPqlAcKGIc_PWx6FpQtD\">woodsurfer.com<\/a>\u00a0et sur le site de\u00a0<a href=\"http:\/\/xn--franceboisfort-2kb.fr\/\" target=\"_blank\" rel=\"noopener\" data-saferedirecturl=\"https:\/\/www.google.com\/url?q=http:\/\/xn--franceboisfort-2kb.fr&amp;source=gmail&amp;ust=1654777242022000&amp;usg=AOvVaw0YD6_ZXY0uNgoAbNtDIk3E\">franceboisfor\u00eat.fr<\/a><\/strong><\/div>\n<div><\/div>\n<div><strong>&gt; Obtenez votre entr\u00e9e gratuite pour assister aux \u00e9missions et visiter le salon avec le code : PMSTP sur <a href=\"https:\/\/pass.eurobois.net\/visiteur.htm\">le site d\u2019Eurobois.<\/a><\/strong><\/div>\n<div><strong>&gt; Retrouvez <a href=\"https:\/\/www.eurobois.net\/fr\/programme\">le programme des animations d\u2019Eurobois<\/a> en int\u00e9gralit\u00e9.<\/strong><\/div>\n<p>&nbsp;<\/p>\n","protected":false},"excerpt":{"rendered":"<p>\u00c0 l\u2019occasion du salon Eurobois, qui se tiendra \u00e0 Eurexpo Lyon du 14 au 17 juin, les \u00e9quipes de Bati-Journal seront pr\u00e9sentes avec une nouvelle \u00e9dition de son plateau TV. Cet \u00e9v\u00e9nement est organis\u00e9 par Wood Surfer et Eurobois, avec le soutien de l\u2019Interprofession nationale France Bois For\u00eat. Ce plateau sera anim\u00e9 par St\u00e9phane Miget [&hellip;]<\/p>\n","protected":false},"author":17,"featured_media":107493,"comment_status":"closed","ping_status":"closed","sticky":false,"template":"","format":"standard","meta":{"_et_pb_use_builder":"","_et_pb_old_content":"","_et_gb_content_width":"","footnotes":""},"categories":[10530,10764],"tags":[],"class_list":["post-107491","post","type-post","status-publish","format-standard","has-post-thumbnail","hentry","category-actualites","category-woodsurfer"],"yoast_head":"<!-- This site is optimized with the Yoast SEO plugin v27.4 - https:\/\/yoast.com\/product\/yoast-seo-wordpress\/ -->\n<title>Bati-Journal et son plateau TV seront \u00e0 Eurobois 2022 !<\/title>\n<meta name=\"robots\" content=\"index, follow, max-snippet:-1, max-image-preview:large, max-video-preview:-1\" \/>\n<link rel=\"canonical\" href=\"https:\/\/batijournal.com\/index.php\/bati-journal-et-son-plateau-tv-seront-a-eurobois-2022\/107491\/\" \/>\n<meta property=\"og:locale\" content=\"fr_FR\" \/>\n<meta property=\"og:type\" content=\"article\" \/>\n<meta property=\"og:title\" content=\"Bati-Journal et son plateau TV seront \u00e0 Eurobois 2022 !\" \/>\n<meta property=\"og:description\" content=\"\u00c0 l\u2019occasion du salon Eurobois, qui se tiendra \u00e0 Eurexpo Lyon du 14 au 17 juin, les \u00e9quipes de Bati-Journal seront pr\u00e9sentes avec une nouvelle \u00e9dition de son plateau TV. Cet \u00e9v\u00e9nement est organis\u00e9 par Wood Surfer et Eurobois, avec le soutien de l\u2019Interprofession nationale France Bois For\u00eat. Ce plateau sera anim\u00e9 par St\u00e9phane Miget [&hellip;]\" \/>\n<meta property=\"og:url\" content=\"https:\/\/batijournal.com\/index.php\/bati-journal-et-son-plateau-tv-seront-a-eurobois-2022\/107491\/\" \/>\n<meta property=\"og:site_name\" content=\"Batijournal\" \/>\n<meta property=\"article:published_time\" content=\"2022-06-08T13:13:40+00:00\" \/>\n<meta property=\"article:modified_time\" content=\"2022-06-14T13:41:09+00:00\" \/>\n<meta property=\"og:image\" content=\"https:\/\/batijournal.com\/wp-content\/uploads\/2022\/06\/EUROBOIS18_8-1.jpeg\" \/>\n\t<meta property=\"og:image:width\" content=\"1024\" \/>\n\t<meta property=\"og:image:height\" content=\"768\" \/>\n\t<meta property=\"og:image:type\" content=\"image\/jpeg\" \/>\n<meta name=\"author\" content=\"St\u00e9phane Miget\" \/>\n<meta name=\"twitter:card\" content=\"summary_large_image\" \/>\n<meta name=\"twitter:creator\" content=\"@bati_journal\" \/>\n<meta name=\"twitter:site\" content=\"@bati_journal\" \/>\n<meta name=\"twitter:label1\" content=\"\u00c9crit par\" \/>\n\t<meta name=\"twitter:data1\" content=\"St\u00e9phane Miget\" \/>\n\t<meta name=\"twitter:label2\" content=\"Dur\u00e9e de lecture estim\u00e9e\" \/>\n\t<meta name=\"twitter:data2\" content=\"4 minutes\" \/>\n<script type=\"application\/ld+json\" class=\"yoast-schema-graph\">{\"@context\":\"https:\\\/\\\/schema.org\",\"@graph\":[{\"@type\":\"Article\",\"@id\":\"https:\\\/\\\/batijournal.com\\\/index.php\\\/bati-journal-et-son-plateau-tv-seront-a-eurobois-2022\\\/107491\\\/#article\",\"isPartOf\":{\"@id\":\"https:\\\/\\\/batijournal.com\\\/index.php\\\/bati-journal-et-son-plateau-tv-seront-a-eurobois-2022\\\/107491\\\/\"},\"author\":{\"name\":\"St\u00e9phane Miget\",\"@id\":\"https:\\\/\\\/batijournal.com\\\/#\\\/schema\\\/person\\\/1dc96ec6957aa1ccb25ebe78bb19f100\"},\"headline\":\"Bati-Journal et son plateau TV seront \u00e0 Eurobois 2022 !\",\"datePublished\":\"2022-06-08T13:13:40+00:00\",\"dateModified\":\"2022-06-14T13:41:09+00:00\",\"mainEntityOfPage\":{\"@id\":\"https:\\\/\\\/batijournal.com\\\/index.php\\\/bati-journal-et-son-plateau-tv-seront-a-eurobois-2022\\\/107491\\\/\"},\"wordCount\":724,\"image\":{\"@id\":\"https:\\\/\\\/batijournal.com\\\/index.php\\\/bati-journal-et-son-plateau-tv-seront-a-eurobois-2022\\\/107491\\\/#primaryimage\"},\"thumbnailUrl\":\"https:\\\/\\\/batijournal.com\\\/wp-content\\\/uploads\\\/2022\\\/06\\\/EUROBOIS18_8-1.jpeg\",\"articleSection\":[\"Actualit\u00e9s\",\"zz_Woodsurfer\"],\"inLanguage\":\"fr-FR\"},{\"@type\":\"WebPage\",\"@id\":\"https:\\\/\\\/batijournal.com\\\/index.php\\\/bati-journal-et-son-plateau-tv-seront-a-eurobois-2022\\\/107491\\\/\",\"url\":\"https:\\\/\\\/batijournal.com\\\/index.php\\\/bati-journal-et-son-plateau-tv-seront-a-eurobois-2022\\\/107491\\\/\",\"name\":\"Bati-Journal et son plateau TV seront \u00e0 Eurobois 2022 !\",\"isPartOf\":{\"@id\":\"https:\\\/\\\/batijournal.com\\\/#website\"},\"primaryImageOfPage\":{\"@id\":\"https:\\\/\\\/batijournal.com\\\/index.php\\\/bati-journal-et-son-plateau-tv-seront-a-eurobois-2022\\\/107491\\\/#primaryimage\"},\"image\":{\"@id\":\"https:\\\/\\\/batijournal.com\\\/index.php\\\/bati-journal-et-son-plateau-tv-seront-a-eurobois-2022\\\/107491\\\/#primaryimage\"},\"thumbnailUrl\":\"https:\\\/\\\/batijournal.com\\\/wp-content\\\/uploads\\\/2022\\\/06\\\/EUROBOIS18_8-1.jpeg\",\"datePublished\":\"2022-06-08T13:13:40+00:00\",\"dateModified\":\"2022-06-14T13:41:09+00:00\",\"author\":{\"@id\":\"https:\\\/\\\/batijournal.com\\\/#\\\/schema\\\/person\\\/1dc96ec6957aa1ccb25ebe78bb19f100\"},\"breadcrumb\":{\"@id\":\"https:\\\/\\\/batijournal.com\\\/index.php\\\/bati-journal-et-son-plateau-tv-seront-a-eurobois-2022\\\/107491\\\/#breadcrumb\"},\"inLanguage\":\"fr-FR\",\"potentialAction\":[{\"@type\":\"ReadAction\",\"target\":[\"https:\\\/\\\/batijournal.com\\\/index.php\\\/bati-journal-et-son-plateau-tv-seront-a-eurobois-2022\\\/107491\\\/\"]}]},{\"@type\":\"ImageObject\",\"inLanguage\":\"fr-FR\",\"@id\":\"https:\\\/\\\/batijournal.com\\\/index.php\\\/bati-journal-et-son-plateau-tv-seront-a-eurobois-2022\\\/107491\\\/#primaryimage\",\"url\":\"https:\\\/\\\/batijournal.com\\\/wp-content\\\/uploads\\\/2022\\\/06\\\/EUROBOIS18_8-1.jpeg\",\"contentUrl\":\"https:\\\/\\\/batijournal.com\\\/wp-content\\\/uploads\\\/2022\\\/06\\\/EUROBOIS18_8-1.jpeg\",\"width\":1024,\"height\":768},{\"@type\":\"BreadcrumbList\",\"@id\":\"https:\\\/\\\/batijournal.com\\\/index.php\\\/bati-journal-et-son-plateau-tv-seront-a-eurobois-2022\\\/107491\\\/#breadcrumb\",\"itemListElement\":[{\"@type\":\"ListItem\",\"position\":1,\"name\":\"Accueil\",\"item\":\"https:\\\/\\\/batijournal.com\\\/\"},{\"@type\":\"ListItem\",\"position\":2,\"name\":\"Actualit\u00e9s\",\"item\":\"https:\\\/\\\/batijournal.com\\\/index.php\\\/category\\\/actualites\\\/\"},{\"@type\":\"ListItem\",\"position\":3,\"name\":\"Bati-Journal et son plateau TV seront \u00e0 Eurobois 2022 !\"}]},{\"@type\":\"WebSite\",\"@id\":\"https:\\\/\\\/batijournal.com\\\/#website\",\"url\":\"https:\\\/\\\/batijournal.com\\\/\",\"name\":\"Batijournal\",\"description\":\"L&#039;actualit\u00e9 du b\u00e2timent\",\"potentialAction\":[{\"@type\":\"SearchAction\",\"target\":{\"@type\":\"EntryPoint\",\"urlTemplate\":\"https:\\\/\\\/batijournal.com\\\/?s={search_term_string}\"},\"query-input\":{\"@type\":\"PropertyValueSpecification\",\"valueRequired\":true,\"valueName\":\"search_term_string\"}}],\"inLanguage\":\"fr-FR\"},{\"@type\":\"Person\",\"@id\":\"https:\\\/\\\/batijournal.com\\\/#\\\/schema\\\/person\\\/1dc96ec6957aa1ccb25ebe78bb19f100\",\"name\":\"St\u00e9phane Miget\",\"image\":{\"@type\":\"ImageObject\",\"inLanguage\":\"fr-FR\",\"@id\":\"https:\\\/\\\/secure.gravatar.com\\\/avatar\\\/89915563d925342126b8ef0281b93d9d7fc337043e8df017f780908eb9644451?s=96&d=mm&r=g\",\"url\":\"https:\\\/\\\/secure.gravatar.com\\\/avatar\\\/89915563d925342126b8ef0281b93d9d7fc337043e8df017f780908eb9644451?s=96&d=mm&r=g\",\"contentUrl\":\"https:\\\/\\\/secure.gravatar.com\\\/avatar\\\/89915563d925342126b8ef0281b93d9d7fc337043e8df017f780908eb9644451?s=96&d=mm&r=g\",\"caption\":\"St\u00e9phane Miget\"},\"url\":\"https:\\\/\\\/batijournal.com\\\/index.php\\\/author\\\/stephane\\\/\"}]}<\/script>\n<!-- \/ Yoast SEO plugin. -->","yoast_head_json":{"title":"Bati-Journal et son plateau TV seront \u00e0 Eurobois 2022 !","robots":{"index":"index","follow":"follow","max-snippet":"max-snippet:-1","max-image-preview":"max-image-preview:large","max-video-preview":"max-video-preview:-1"},"canonical":"https:\/\/batijournal.com\/index.php\/bati-journal-et-son-plateau-tv-seront-a-eurobois-2022\/107491\/","og_locale":"fr_FR","og_type":"article","og_title":"Bati-Journal et son plateau TV seront \u00e0 Eurobois 2022 !","og_description":"\u00c0 l\u2019occasion du salon Eurobois, qui se tiendra \u00e0 Eurexpo Lyon du 14 au 17 juin, les \u00e9quipes de Bati-Journal seront pr\u00e9sentes avec une nouvelle \u00e9dition de son plateau TV. Cet \u00e9v\u00e9nement est organis\u00e9 par Wood Surfer et Eurobois, avec le soutien de l\u2019Interprofession nationale France Bois For\u00eat. Ce plateau sera anim\u00e9 par St\u00e9phane Miget [&hellip;]","og_url":"https:\/\/batijournal.com\/index.php\/bati-journal-et-son-plateau-tv-seront-a-eurobois-2022\/107491\/","og_site_name":"Batijournal","article_published_time":"2022-06-08T13:13:40+00:00","article_modified_time":"2022-06-14T13:41:09+00:00","og_image":[{"width":1024,"height":768,"url":"https:\/\/batijournal.com\/wp-content\/uploads\/2022\/06\/EUROBOIS18_8-1.jpeg","type":"image\/jpeg"}],"author":"St\u00e9phane Miget","twitter_card":"summary_large_image","twitter_creator":"@bati_journal","twitter_site":"@bati_journal","twitter_misc":{"\u00c9crit par":"St\u00e9phane Miget","Dur\u00e9e de lecture estim\u00e9e":"4 minutes"},"schema":{"@context":"https:\/\/schema.org","@graph":[{"@type":"Article","@id":"https:\/\/batijournal.com\/index.php\/bati-journal-et-son-plateau-tv-seront-a-eurobois-2022\/107491\/#article","isPartOf":{"@id":"https:\/\/batijournal.com\/index.php\/bati-journal-et-son-plateau-tv-seront-a-eurobois-2022\/107491\/"},"author":{"name":"St\u00e9phane Miget","@id":"https:\/\/batijournal.com\/#\/schema\/person\/1dc96ec6957aa1ccb25ebe78bb19f100"},"headline":"Bati-Journal et son plateau TV seront \u00e0 Eurobois 2022 !","datePublished":"2022-06-08T13:13:40+00:00","dateModified":"2022-06-14T13:41:09+00:00","mainEntityOfPage":{"@id":"https:\/\/batijournal.com\/index.php\/bati-journal-et-son-plateau-tv-seront-a-eurobois-2022\/107491\/"},"wordCount":724,"image":{"@id":"https:\/\/batijournal.com\/index.php\/bati-journal-et-son-plateau-tv-seront-a-eurobois-2022\/107491\/#primaryimage"},"thumbnailUrl":"https:\/\/batijournal.com\/wp-content\/uploads\/2022\/06\/EUROBOIS18_8-1.jpeg","articleSection":["Actualit\u00e9s","zz_Woodsurfer"],"inLanguage":"fr-FR"},{"@type":"WebPage","@id":"https:\/\/batijournal.com\/index.php\/bati-journal-et-son-plateau-tv-seront-a-eurobois-2022\/107491\/","url":"https:\/\/batijournal.com\/index.php\/bati-journal-et-son-plateau-tv-seront-a-eurobois-2022\/107491\/","name":"Bati-Journal et son plateau TV seront \u00e0 Eurobois 2022 !","isPartOf":{"@id":"https:\/\/batijournal.com\/#website"},"primaryImageOfPage":{"@id":"https:\/\/batijournal.com\/index.php\/bati-journal-et-son-plateau-tv-seront-a-eurobois-2022\/107491\/#primaryimage"},"image":{"@id":"https:\/\/batijournal.com\/index.php\/bati-journal-et-son-plateau-tv-seront-a-eurobois-2022\/107491\/#primaryimage"},"thumbnailUrl":"https:\/\/batijournal.com\/wp-content\/uploads\/2022\/06\/EUROBOIS18_8-1.jpeg","datePublished":"2022-06-08T13:13:40+00:00","dateModified":"2022-06-14T13:41:09+00:00","author":{"@id":"https:\/\/batijournal.com\/#\/schema\/person\/1dc96ec6957aa1ccb25ebe78bb19f100"},"breadcrumb":{"@id":"https:\/\/batijournal.com\/index.php\/bati-journal-et-son-plateau-tv-seront-a-eurobois-2022\/107491\/#breadcrumb"},"inLanguage":"fr-FR","potentialAction":[{"@type":"ReadAction","target":["https:\/\/batijournal.com\/index.php\/bati-journal-et-son-plateau-tv-seront-a-eurobois-2022\/107491\/"]}]},{"@type":"ImageObject","inLanguage":"fr-FR","@id":"https:\/\/batijournal.com\/index.php\/bati-journal-et-son-plateau-tv-seront-a-eurobois-2022\/107491\/#primaryimage","url":"https:\/\/batijournal.com\/wp-content\/uploads\/2022\/06\/EUROBOIS18_8-1.jpeg","contentUrl":"https:\/\/batijournal.com\/wp-content\/uploads\/2022\/06\/EUROBOIS18_8-1.jpeg","width":1024,"height":768},{"@type":"BreadcrumbList","@id":"https:\/\/batijournal.com\/index.php\/bati-journal-et-son-plateau-tv-seront-a-eurobois-2022\/107491\/#breadcrumb","itemListElement":[{"@type":"ListItem","position":1,"name":"Accueil","item":"https:\/\/batijournal.com\/"},{"@type":"ListItem","position":2,"name":"Actualit\u00e9s","item":"https:\/\/batijournal.com\/index.php\/category\/actualites\/"},{"@type":"ListItem","position":3,"name":"Bati-Journal et son plateau TV seront \u00e0 Eurobois 2022 !"}]},{"@type":"WebSite","@id":"https:\/\/batijournal.com\/#website","url":"https:\/\/batijournal.com\/","name":"Batijournal","description":"L&#039;actualit\u00e9 du b\u00e2timent","potentialAction":[{"@type":"SearchAction","target":{"@type":"EntryPoint","urlTemplate":"https:\/\/batijournal.com\/?s={search_term_string}"},"query-input":{"@type":"PropertyValueSpecification","valueRequired":true,"valueName":"search_term_string"}}],"inLanguage":"fr-FR"},{"@type":"Person","@id":"https:\/\/batijournal.com\/#\/schema\/person\/1dc96ec6957aa1ccb25ebe78bb19f100","name":"St\u00e9phane Miget","image":{"@type":"ImageObject","inLanguage":"fr-FR","@id":"https:\/\/secure.gravatar.com\/avatar\/89915563d925342126b8ef0281b93d9d7fc337043e8df017f780908eb9644451?s=96&d=mm&r=g","url":"https:\/\/secure.gravatar.com\/avatar\/89915563d925342126b8ef0281b93d9d7fc337043e8df017f780908eb9644451?s=96&d=mm&r=g","contentUrl":"https:\/\/secure.gravatar.com\/avatar\/89915563d925342126b8ef0281b93d9d7fc337043e8df017f780908eb9644451?s=96&d=mm&r=g","caption":"St\u00e9phane Miget"},"url":"https:\/\/batijournal.com\/index.php\/author\/stephane\/"}]}},"_links":{"self":[{"href":"https:\/\/batijournal.com\/index.php\/wp-json\/wp\/v2\/posts\/107491","targetHints":{"allow":["GET"]}}],"collection":[{"href":"https:\/\/batijournal.com\/index.php\/wp-json\/wp\/v2\/posts"}],"about":[{"href":"https:\/\/batijournal.com\/index.php\/wp-json\/wp\/v2\/types\/post"}],"author":[{"embeddable":true,"href":"https:\/\/batijournal.com\/index.php\/wp-json\/wp\/v2\/users\/17"}],"replies":[{"embeddable":true,"href":"https:\/\/batijournal.com\/index.php\/wp-json\/wp\/v2\/comments?post=107491"}],"version-history":[{"count":0,"href":"https:\/\/batijournal.com\/index.php\/wp-json\/wp\/v2\/posts\/107491\/revisions"}],"wp:featuredmedia":[{"embeddable":true,"href":"https:\/\/batijournal.com\/index.php\/wp-json\/wp\/v2\/media\/107493"}],"wp:attachment":[{"href":"https:\/\/batijournal.com\/index.php\/wp-json\/wp\/v2\/media?parent=107491"}],"wp:term":[{"taxonomy":"category","embeddable":true,"href":"https:\/\/batijournal.com\/index.php\/wp-json\/wp\/v2\/categories?post=107491"},{"taxonomy":"post_tag","embeddable":true,"href":"https:\/\/batijournal.com\/index.php\/wp-json\/wp\/v2\/tags?post=107491"}],"curies":[{"name":"wp","href":"https:\/\/api.w.org\/{rel}","templated":true}]}}