{"id":107518,"date":"2022-06-13T16:28:52","date_gmt":"2022-06-13T14:28:52","guid":{"rendered":"https:\/\/batijournal.com\/?p=107518"},"modified":"2022-06-13T16:28:52","modified_gmt":"2022-06-13T14:28:52","slug":"sto-investit-dans-son-usine-vendeenne-pour-repondre-a-la-croissance-du-marche","status":"publish","type":"post","link":"https:\/\/batijournal.com\/index.php\/sto-investit-dans-son-usine-vendeenne-pour-repondre-a-la-croissance-du-marche\/107518\/","title":{"rendered":"Sto investit dans son usine vend\u00e9enne pour r\u00e9pondre \u00e0 la croissance du march\u00e9"},"content":{"rendered":"<p>L&rsquo;usine de La Copechagni\u00e8re de Sto b\u00e9n\u00e9ficie d&rsquo;une extension de 130 m2 avec 3 nouveaux quais niveleurs et un parking de 2 400 m2. Cet investissement de 400 000 \u20ac permet au site de se doter d&rsquo;un parking priv\u00e9 de stationnement pour 10 camions et d&rsquo;augmenter sa capacit\u00e9 de traitement de 8 jusqu&rsquo;\u00e0 12 v\u00e9hicules par jour. Les quais niveleurs facilitent le chargement de marchandises sur les camions et le d\u00e9chargement : les chauffeurs ne sont plus sollicit\u00e9s pour la manutention et le traitement se fait plus rapidement. \u00ab Avec une production annuelle qui va d\u00e9passer cette ann\u00e9e les 30 000 tonnes de peintures de fa\u00e7ade pour pr\u00e8s de 90 r\u00e9f\u00e9rences, soit l&rsquo;\u00e9quivalent de 55 000 palettes et 2 000 camions, il \u00e9tait primordial d&rsquo;investir dans notre usine de La Copechagni\u00e8re pour accompagner notre strat\u00e9gie de d\u00e9veloppement et r\u00e9pondre aux besoins grandissants du secteur de la construction et de la r\u00e9novation des b\u00e2timents \u00bb, pr\u00e9cise Didier Sager, directeur de l&rsquo;usine de La Copechagni\u00e8re.<\/p>\n","protected":false},"excerpt":{"rendered":"<p>L&rsquo;usine de La Copechagni\u00e8re de Sto b\u00e9n\u00e9ficie d&rsquo;une extension de 130 m2 avec 3 nouveaux quais niveleurs et un parking de 2 400 m2. Cet investissement de 400 000 \u20ac permet au site de se doter d&rsquo;un parking priv\u00e9 de stationnement pour 10 camions et d&rsquo;augmenter sa capacit\u00e9 de traitement de 8 jusqu&rsquo;\u00e0 12 v\u00e9hicules [&hellip;]<\/p>\n","protected":false},"author":17,"featured_media":107519,"comment_status":"closed","ping_status":"closed","sticky":false,"template":"","format":"standard","meta":{"_et_pb_use_builder":"","_et_pb_old_content":"","_et_gb_content_width":"","footnotes":""},"categories":[10530,6345,10771,10775],"tags":[126,70],"class_list":["post-107518","post","type-post","status-publish","format-standard","has-post-thumbnail","hentry","category-actualites","category-economie-marches","category-5facades","category-actualites-5facades","tag-facade","tag-ite"],"yoast_head":"<!-- This site is optimized with the Yoast SEO plugin v27.4 - https:\/\/yoast.com\/product\/yoast-seo-wordpress\/ -->\n<title>Sto investit dans son usine vend\u00e9enne pour r\u00e9pondre \u00e0 la croissance du march\u00e9<\/title>\n<meta name=\"robots\" content=\"index, follow, max-snippet:-1, max-image-preview:large, max-video-preview:-1\" \/>\n<link rel=\"canonical\" href=\"https:\/\/batijournal.com\/index.php\/sto-investit-dans-son-usine-vendeenne-pour-repondre-a-la-croissance-du-marche\/107518\/\" \/>\n<meta property=\"og:locale\" content=\"fr_FR\" \/>\n<meta property=\"og:type\" content=\"article\" \/>\n<meta property=\"og:title\" content=\"Sto investit dans son usine vend\u00e9enne pour r\u00e9pondre \u00e0 la croissance du march\u00e9\" \/>\n<meta property=\"og:description\" content=\"L&rsquo;usine de La Copechagni\u00e8re de Sto b\u00e9n\u00e9ficie d&rsquo;une extension de 130 m2 avec 3 nouveaux quais niveleurs et un parking de 2 400 m2. Cet investissement de 400 000 \u20ac permet au site de se doter d&rsquo;un parking priv\u00e9 de stationnement pour 10 camions et d&rsquo;augmenter sa capacit\u00e9 de traitement de 8 jusqu&rsquo;\u00e0 12 v\u00e9hicules [&hellip;]\" \/>\n<meta property=\"og:url\" content=\"https:\/\/batijournal.com\/index.php\/sto-investit-dans-son-usine-vendeenne-pour-repondre-a-la-croissance-du-marche\/107518\/\" \/>\n<meta property=\"og:site_name\" content=\"Batijournal\" \/>\n<meta property=\"article:published_time\" content=\"2022-06-13T14:28:52+00:00\" \/>\n<meta property=\"og:image\" content=\"https:\/\/batijournal.com\/wp-content\/uploads\/2022\/06\/sto-usine-vendee.jpg\" \/>\n\t<meta property=\"og:image:width\" content=\"1200\" \/>\n\t<meta property=\"og:image:height\" content=\"900\" \/>\n\t<meta property=\"og:image:type\" content=\"image\/jpeg\" \/>\n<meta name=\"author\" content=\"St\u00e9phane Miget\" \/>\n<meta name=\"twitter:card\" content=\"summary_large_image\" \/>\n<meta name=\"twitter:creator\" content=\"@bati_journal\" \/>\n<meta name=\"twitter:site\" content=\"@bati_journal\" \/>\n<meta name=\"twitter:label1\" content=\"\u00c9crit par\" \/>\n\t<meta name=\"twitter:data1\" content=\"St\u00e9phane Miget\" \/>\n\t<meta name=\"twitter:label2\" content=\"Dur\u00e9e de lecture estim\u00e9e\" \/>\n\t<meta name=\"twitter:data2\" content=\"1 minute\" \/>\n<script type=\"application\/ld+json\" class=\"yoast-schema-graph\">{\"@context\":\"https:\\\/\\\/schema.org\",\"@graph\":[{\"@type\":\"Article\",\"@id\":\"https:\\\/\\\/batijournal.com\\\/index.php\\\/sto-investit-dans-son-usine-vendeenne-pour-repondre-a-la-croissance-du-marche\\\/107518\\\/#article\",\"isPartOf\":{\"@id\":\"https:\\\/\\\/batijournal.com\\\/index.php\\\/sto-investit-dans-son-usine-vendeenne-pour-repondre-a-la-croissance-du-marche\\\/107518\\\/\"},\"author\":{\"name\":\"St\u00e9phane Miget\",\"@id\":\"https:\\\/\\\/batijournal.com\\\/#\\\/schema\\\/person\\\/1dc96ec6957aa1ccb25ebe78bb19f100\"},\"headline\":\"Sto investit dans son usine vend\u00e9enne pour r\u00e9pondre \u00e0 la croissance du march\u00e9\",\"datePublished\":\"2022-06-13T14:28:52+00:00\",\"mainEntityOfPage\":{\"@id\":\"https:\\\/\\\/batijournal.com\\\/index.php\\\/sto-investit-dans-son-usine-vendeenne-pour-repondre-a-la-croissance-du-marche\\\/107518\\\/\"},\"wordCount\":184,\"image\":{\"@id\":\"https:\\\/\\\/batijournal.com\\\/index.php\\\/sto-investit-dans-son-usine-vendeenne-pour-repondre-a-la-croissance-du-marche\\\/107518\\\/#primaryimage\"},\"thumbnailUrl\":\"https:\\\/\\\/batijournal.com\\\/wp-content\\\/uploads\\\/2022\\\/06\\\/sto-usine-vendee.jpg\",\"keywords\":[\"fa\u00e7ade\",\"ITE\"],\"articleSection\":[\"Actualit\u00e9s\",\"\u00c9conomie &amp; March\u00e9s\",\"zz_5fa\u00e7ades\",\"zz_Actualit\u00e9s - 5fa\u00e7ades\"],\"inLanguage\":\"fr-FR\"},{\"@type\":\"WebPage\",\"@id\":\"https:\\\/\\\/batijournal.com\\\/index.php\\\/sto-investit-dans-son-usine-vendeenne-pour-repondre-a-la-croissance-du-marche\\\/107518\\\/\",\"url\":\"https:\\\/\\\/batijournal.com\\\/index.php\\\/sto-investit-dans-son-usine-vendeenne-pour-repondre-a-la-croissance-du-marche\\\/107518\\\/\",\"name\":\"Sto investit dans son usine vend\u00e9enne pour r\u00e9pondre \u00e0 la croissance du march\u00e9\",\"isPartOf\":{\"@id\":\"https:\\\/\\\/batijournal.com\\\/#website\"},\"primaryImageOfPage\":{\"@id\":\"https:\\\/\\\/batijournal.com\\\/index.php\\\/sto-investit-dans-son-usine-vendeenne-pour-repondre-a-la-croissance-du-marche\\\/107518\\\/#primaryimage\"},\"image\":{\"@id\":\"https:\\\/\\\/batijournal.com\\\/index.php\\\/sto-investit-dans-son-usine-vendeenne-pour-repondre-a-la-croissance-du-marche\\\/107518\\\/#primaryimage\"},\"thumbnailUrl\":\"https:\\\/\\\/batijournal.com\\\/wp-content\\\/uploads\\\/2022\\\/06\\\/sto-usine-vendee.jpg\",\"datePublished\":\"2022-06-13T14:28:52+00:00\",\"author\":{\"@id\":\"https:\\\/\\\/batijournal.com\\\/#\\\/schema\\\/person\\\/1dc96ec6957aa1ccb25ebe78bb19f100\"},\"breadcrumb\":{\"@id\":\"https:\\\/\\\/batijournal.com\\\/index.php\\\/sto-investit-dans-son-usine-vendeenne-pour-repondre-a-la-croissance-du-marche\\\/107518\\\/#breadcrumb\"},\"inLanguage\":\"fr-FR\",\"potentialAction\":[{\"@type\":\"ReadAction\",\"target\":[\"https:\\\/\\\/batijournal.com\\\/index.php\\\/sto-investit-dans-son-usine-vendeenne-pour-repondre-a-la-croissance-du-marche\\\/107518\\\/\"]}]},{\"@type\":\"ImageObject\",\"inLanguage\":\"fr-FR\",\"@id\":\"https:\\\/\\\/batijournal.com\\\/index.php\\\/sto-investit-dans-son-usine-vendeenne-pour-repondre-a-la-croissance-du-marche\\\/107518\\\/#primaryimage\",\"url\":\"https:\\\/\\\/batijournal.com\\\/wp-content\\\/uploads\\\/2022\\\/06\\\/sto-usine-vendee.jpg\",\"contentUrl\":\"https:\\\/\\\/batijournal.com\\\/wp-content\\\/uploads\\\/2022\\\/06\\\/sto-usine-vendee.jpg\",\"width\":1200,\"height\":900,\"caption\":\"default\"},{\"@type\":\"BreadcrumbList\",\"@id\":\"https:\\\/\\\/batijournal.com\\\/index.php\\\/sto-investit-dans-son-usine-vendeenne-pour-repondre-a-la-croissance-du-marche\\\/107518\\\/#breadcrumb\",\"itemListElement\":[{\"@type\":\"ListItem\",\"position\":1,\"name\":\"Accueil\",\"item\":\"https:\\\/\\\/batijournal.com\\\/\"},{\"@type\":\"ListItem\",\"position\":2,\"name\":\"Actualit\u00e9s\",\"item\":\"https:\\\/\\\/batijournal.com\\\/index.php\\\/category\\\/actualites\\\/\"},{\"@type\":\"ListItem\",\"position\":3,\"name\":\"Sto investit dans son usine vend\u00e9enne pour r\u00e9pondre \u00e0 la croissance du march\u00e9\"}]},{\"@type\":\"WebSite\",\"@id\":\"https:\\\/\\\/batijournal.com\\\/#website\",\"url\":\"https:\\\/\\\/batijournal.com\\\/\",\"name\":\"Batijournal\",\"description\":\"L&#039;actualit\u00e9 du b\u00e2timent\",\"potentialAction\":[{\"@type\":\"SearchAction\",\"target\":{\"@type\":\"EntryPoint\",\"urlTemplate\":\"https:\\\/\\\/batijournal.com\\\/?s={search_term_string}\"},\"query-input\":{\"@type\":\"PropertyValueSpecification\",\"valueRequired\":true,\"valueName\":\"search_term_string\"}}],\"inLanguage\":\"fr-FR\"},{\"@type\":\"Person\",\"@id\":\"https:\\\/\\\/batijournal.com\\\/#\\\/schema\\\/person\\\/1dc96ec6957aa1ccb25ebe78bb19f100\",\"name\":\"St\u00e9phane Miget\",\"image\":{\"@type\":\"ImageObject\",\"inLanguage\":\"fr-FR\",\"@id\":\"https:\\\/\\\/secure.gravatar.com\\\/avatar\\\/89915563d925342126b8ef0281b93d9d7fc337043e8df017f780908eb9644451?s=96&d=mm&r=g\",\"url\":\"https:\\\/\\\/secure.gravatar.com\\\/avatar\\\/89915563d925342126b8ef0281b93d9d7fc337043e8df017f780908eb9644451?s=96&d=mm&r=g\",\"contentUrl\":\"https:\\\/\\\/secure.gravatar.com\\\/avatar\\\/89915563d925342126b8ef0281b93d9d7fc337043e8df017f780908eb9644451?s=96&d=mm&r=g\",\"caption\":\"St\u00e9phane Miget\"},\"url\":\"https:\\\/\\\/batijournal.com\\\/index.php\\\/author\\\/stephane\\\/\"}]}<\/script>\n<!-- \/ Yoast SEO plugin. -->","yoast_head_json":{"title":"Sto investit dans son usine vend\u00e9enne pour r\u00e9pondre \u00e0 la croissance du march\u00e9","robots":{"index":"index","follow":"follow","max-snippet":"max-snippet:-1","max-image-preview":"max-image-preview:large","max-video-preview":"max-video-preview:-1"},"canonical":"https:\/\/batijournal.com\/index.php\/sto-investit-dans-son-usine-vendeenne-pour-repondre-a-la-croissance-du-marche\/107518\/","og_locale":"fr_FR","og_type":"article","og_title":"Sto investit dans son usine vend\u00e9enne pour r\u00e9pondre \u00e0 la croissance du march\u00e9","og_description":"L&rsquo;usine de La Copechagni\u00e8re de Sto b\u00e9n\u00e9ficie d&rsquo;une extension de 130 m2 avec 3 nouveaux quais niveleurs et un parking de 2 400 m2. Cet investissement de 400 000 \u20ac permet au site de se doter d&rsquo;un parking priv\u00e9 de stationnement pour 10 camions et d&rsquo;augmenter sa capacit\u00e9 de traitement de 8 jusqu&rsquo;\u00e0 12 v\u00e9hicules [&hellip;]","og_url":"https:\/\/batijournal.com\/index.php\/sto-investit-dans-son-usine-vendeenne-pour-repondre-a-la-croissance-du-marche\/107518\/","og_site_name":"Batijournal","article_published_time":"2022-06-13T14:28:52+00:00","og_image":[{"width":1200,"height":900,"url":"https:\/\/batijournal.com\/wp-content\/uploads\/2022\/06\/sto-usine-vendee.jpg","type":"image\/jpeg"}],"author":"St\u00e9phane Miget","twitter_card":"summary_large_image","twitter_creator":"@bati_journal","twitter_site":"@bati_journal","twitter_misc":{"\u00c9crit par":"St\u00e9phane Miget","Dur\u00e9e de lecture estim\u00e9e":"1 minute"},"schema":{"@context":"https:\/\/schema.org","@graph":[{"@type":"Article","@id":"https:\/\/batijournal.com\/index.php\/sto-investit-dans-son-usine-vendeenne-pour-repondre-a-la-croissance-du-marche\/107518\/#article","isPartOf":{"@id":"https:\/\/batijournal.com\/index.php\/sto-investit-dans-son-usine-vendeenne-pour-repondre-a-la-croissance-du-marche\/107518\/"},"author":{"name":"St\u00e9phane Miget","@id":"https:\/\/batijournal.com\/#\/schema\/person\/1dc96ec6957aa1ccb25ebe78bb19f100"},"headline":"Sto investit dans son usine vend\u00e9enne pour r\u00e9pondre \u00e0 la croissance du march\u00e9","datePublished":"2022-06-13T14:28:52+00:00","mainEntityOfPage":{"@id":"https:\/\/batijournal.com\/index.php\/sto-investit-dans-son-usine-vendeenne-pour-repondre-a-la-croissance-du-marche\/107518\/"},"wordCount":184,"image":{"@id":"https:\/\/batijournal.com\/index.php\/sto-investit-dans-son-usine-vendeenne-pour-repondre-a-la-croissance-du-marche\/107518\/#primaryimage"},"thumbnailUrl":"https:\/\/batijournal.com\/wp-content\/uploads\/2022\/06\/sto-usine-vendee.jpg","keywords":["fa\u00e7ade","ITE"],"articleSection":["Actualit\u00e9s","\u00c9conomie &amp; March\u00e9s","zz_5fa\u00e7ades","zz_Actualit\u00e9s - 5fa\u00e7ades"],"inLanguage":"fr-FR"},{"@type":"WebPage","@id":"https:\/\/batijournal.com\/index.php\/sto-investit-dans-son-usine-vendeenne-pour-repondre-a-la-croissance-du-marche\/107518\/","url":"https:\/\/batijournal.com\/index.php\/sto-investit-dans-son-usine-vendeenne-pour-repondre-a-la-croissance-du-marche\/107518\/","name":"Sto investit dans son usine vend\u00e9enne pour r\u00e9pondre \u00e0 la croissance du march\u00e9","isPartOf":{"@id":"https:\/\/batijournal.com\/#website"},"primaryImageOfPage":{"@id":"https:\/\/batijournal.com\/index.php\/sto-investit-dans-son-usine-vendeenne-pour-repondre-a-la-croissance-du-marche\/107518\/#primaryimage"},"image":{"@id":"https:\/\/batijournal.com\/index.php\/sto-investit-dans-son-usine-vendeenne-pour-repondre-a-la-croissance-du-marche\/107518\/#primaryimage"},"thumbnailUrl":"https:\/\/batijournal.com\/wp-content\/uploads\/2022\/06\/sto-usine-vendee.jpg","datePublished":"2022-06-13T14:28:52+00:00","author":{"@id":"https:\/\/batijournal.com\/#\/schema\/person\/1dc96ec6957aa1ccb25ebe78bb19f100"},"breadcrumb":{"@id":"https:\/\/batijournal.com\/index.php\/sto-investit-dans-son-usine-vendeenne-pour-repondre-a-la-croissance-du-marche\/107518\/#breadcrumb"},"inLanguage":"fr-FR","potentialAction":[{"@type":"ReadAction","target":["https:\/\/batijournal.com\/index.php\/sto-investit-dans-son-usine-vendeenne-pour-repondre-a-la-croissance-du-marche\/107518\/"]}]},{"@type":"ImageObject","inLanguage":"fr-FR","@id":"https:\/\/batijournal.com\/index.php\/sto-investit-dans-son-usine-vendeenne-pour-repondre-a-la-croissance-du-marche\/107518\/#primaryimage","url":"https:\/\/batijournal.com\/wp-content\/uploads\/2022\/06\/sto-usine-vendee.jpg","contentUrl":"https:\/\/batijournal.com\/wp-content\/uploads\/2022\/06\/sto-usine-vendee.jpg","width":1200,"height":900,"caption":"default"},{"@type":"BreadcrumbList","@id":"https:\/\/batijournal.com\/index.php\/sto-investit-dans-son-usine-vendeenne-pour-repondre-a-la-croissance-du-marche\/107518\/#breadcrumb","itemListElement":[{"@type":"ListItem","position":1,"name":"Accueil","item":"https:\/\/batijournal.com\/"},{"@type":"ListItem","position":2,"name":"Actualit\u00e9s","item":"https:\/\/batijournal.com\/index.php\/category\/actualites\/"},{"@type":"ListItem","position":3,"name":"Sto investit dans son usine vend\u00e9enne pour r\u00e9pondre \u00e0 la croissance du march\u00e9"}]},{"@type":"WebSite","@id":"https:\/\/batijournal.com\/#website","url":"https:\/\/batijournal.com\/","name":"Batijournal","description":"L&#039;actualit\u00e9 du b\u00e2timent","potentialAction":[{"@type":"SearchAction","target":{"@type":"EntryPoint","urlTemplate":"https:\/\/batijournal.com\/?s={search_term_string}"},"query-input":{"@type":"PropertyValueSpecification","valueRequired":true,"valueName":"search_term_string"}}],"inLanguage":"fr-FR"},{"@type":"Person","@id":"https:\/\/batijournal.com\/#\/schema\/person\/1dc96ec6957aa1ccb25ebe78bb19f100","name":"St\u00e9phane Miget","image":{"@type":"ImageObject","inLanguage":"fr-FR","@id":"https:\/\/secure.gravatar.com\/avatar\/89915563d925342126b8ef0281b93d9d7fc337043e8df017f780908eb9644451?s=96&d=mm&r=g","url":"https:\/\/secure.gravatar.com\/avatar\/89915563d925342126b8ef0281b93d9d7fc337043e8df017f780908eb9644451?s=96&d=mm&r=g","contentUrl":"https:\/\/secure.gravatar.com\/avatar\/89915563d925342126b8ef0281b93d9d7fc337043e8df017f780908eb9644451?s=96&d=mm&r=g","caption":"St\u00e9phane Miget"},"url":"https:\/\/batijournal.com\/index.php\/author\/stephane\/"}]}},"_links":{"self":[{"href":"https:\/\/batijournal.com\/index.php\/wp-json\/wp\/v2\/posts\/107518","targetHints":{"allow":["GET"]}}],"collection":[{"href":"https:\/\/batijournal.com\/index.php\/wp-json\/wp\/v2\/posts"}],"about":[{"href":"https:\/\/batijournal.com\/index.php\/wp-json\/wp\/v2\/types\/post"}],"author":[{"embeddable":true,"href":"https:\/\/batijournal.com\/index.php\/wp-json\/wp\/v2\/users\/17"}],"replies":[{"embeddable":true,"href":"https:\/\/batijournal.com\/index.php\/wp-json\/wp\/v2\/comments?post=107518"}],"version-history":[{"count":0,"href":"https:\/\/batijournal.com\/index.php\/wp-json\/wp\/v2\/posts\/107518\/revisions"}],"wp:featuredmedia":[{"embeddable":true,"href":"https:\/\/batijournal.com\/index.php\/wp-json\/wp\/v2\/media\/107519"}],"wp:attachment":[{"href":"https:\/\/batijournal.com\/index.php\/wp-json\/wp\/v2\/media?parent=107518"}],"wp:term":[{"taxonomy":"category","embeddable":true,"href":"https:\/\/batijournal.com\/index.php\/wp-json\/wp\/v2\/categories?post=107518"},{"taxonomy":"post_tag","embeddable":true,"href":"https:\/\/batijournal.com\/index.php\/wp-json\/wp\/v2\/tags?post=107518"}],"curies":[{"name":"wp","href":"https:\/\/api.w.org\/{rel}","templated":true}]}}