{"id":107597,"date":"2022-06-27T13:24:40","date_gmt":"2022-06-27T11:24:40","guid":{"rendered":"https:\/\/batijournal.com\/?p=107597"},"modified":"2022-06-27T13:24:40","modified_gmt":"2022-06-27T11:24:40","slug":"la-hausse-de-lalternance-en-decalage-avec-linsertion-des-jeunes-les-moins-qualifies","status":"publish","type":"post","link":"https:\/\/batijournal.com\/index.php\/la-hausse-de-lalternance-en-decalage-avec-linsertion-des-jeunes-les-moins-qualifies\/107597\/","title":{"rendered":"La hausse de l&rsquo;alternance en d\u00e9calage avec l\u2019insertion des jeunes les moins qualifi\u00e9s"},"content":{"rendered":"<p>Depuis les ann\u00e9es 90, la formation en alternance constitue une mesure phare de lutte contre le ch\u00f4mage des jeunes, l\u2019apprentissage am\u00e9liorant l\u2019insertion professionnelle des moins qualifi\u00e9s. Cette voie de formation a fait l\u2019objet de r\u00e9formes r\u00e9guli\u00e8res dont la derni\u00e8re, qui r\u00e9sulte de la loi du 5 septembre 2018 pour la libert\u00e9 de choisir son avenir professionnel, en a profond\u00e9ment modifi\u00e9 le pilotage et le financement. La Cour des comptes examin\u00e9 les effets de cette r\u00e9forme apr\u00e8s trois ann\u00e9es de mise en \u0153uvre. La hausse des effectifs s\u2019est accompagn\u00e9e d\u2019une \u00e9volution du profil des apprentis : en 2016, la part des apprentis pr\u00e9parant un dipl\u00f4me d\u2019un niveau inf\u00e9rieur ou \u00e9quivalent au baccalaur\u00e9at professionnel repr\u00e9sentait 63 % du total des apprentis ; en 2020, ils n\u2019en repr\u00e9sentent plus que 49 %. Parall\u00e8lement, les effectifs se concentrent sur le secteur tertiaire, plut\u00f4t que sur les secteurs traditionnellement concern\u00e9s, comme l\u2019artisanat, l\u2019industrie, la construction ou l\u2019agriculture. L\u2019apprentissage est d\u00e9sormais per\u00e7u comme une voie d\u2019acc\u00e8s \u00e0 des niveaux \u00e9lev\u00e9s de qualification. Cette recomposition ne correspond pas aux objectifs historiquement associ\u00e9s \u00e0 la politique de l\u2019apprentissage, qui jusqu\u2019\u00e0 pr\u00e9sent visait \u00e0 am\u00e9liorer l\u2019insertion professionnelle des jeunes pr\u00e9sentant les plus bas niveaux de qualification (CAP, baccalaur\u00e9at professionnel), ceux qui rencontrent le plus de difficult\u00e9 \u00e0 s\u2019ins\u00e9rer sur le march\u00e9 du travail. \u00c0 partir du niveau de la licence, la plus-value sur l\u2019insertion professionnelle est faible.<br \/>Parall\u00e8lement, la Cour a contr\u00f4l\u00e9 France comp\u00e9tences, \u00e9tablissement public cr\u00e9\u00e9 en 2019, pour assurer la r\u00e9gulation et le financement de la formation professionnelle et de l&rsquo;alternance. Le r\u00e9f\u00e9r\u00e9 issu de ce contr\u00f4le, compl\u00e9t\u00e9 par des observations d\u00e9finitives, met en particulier l\u2019accent sur la situation financi\u00e8re pr\u00e9occupante de cet \u00e9tablissement, qui appelle des mesures p\u00e9rennes concernant l\u2019alternance et le compte personnel de formation.<\/p>\n","protected":false},"excerpt":{"rendered":"<p>Depuis les ann\u00e9es 90, la formation en alternance constitue une mesure phare de lutte contre le ch\u00f4mage des jeunes, l\u2019apprentissage am\u00e9liorant l\u2019insertion professionnelle des moins qualifi\u00e9s. Cette voie de formation a fait l\u2019objet de r\u00e9formes r\u00e9guli\u00e8res dont la derni\u00e8re, qui r\u00e9sulte de la loi du 5 septembre 2018 pour la libert\u00e9 de choisir son avenir [&hellip;]<\/p>\n","protected":false},"author":17,"featured_media":96720,"comment_status":"closed","ping_status":"closed","sticky":false,"template":"","format":"standard","meta":{"_et_pb_use_builder":"","_et_pb_old_content":"","_et_gb_content_width":"","footnotes":""},"categories":[10530,6345],"tags":[12896,517],"class_list":["post-107597","post","type-post","status-publish","format-standard","has-post-thumbnail","hentry","category-actualites","category-economie-marches","tag-apprentissage","tag-formation"],"yoast_head":"<!-- This site is optimized with the Yoast SEO plugin v27.4 - https:\/\/yoast.com\/product\/yoast-seo-wordpress\/ -->\n<title>La hausse de l&#039;alternance en d\u00e9calage avec l\u2019insertion des jeunes les moins qualifi\u00e9s<\/title>\n<meta name=\"robots\" content=\"index, follow, max-snippet:-1, max-image-preview:large, max-video-preview:-1\" \/>\n<link rel=\"canonical\" href=\"https:\/\/batijournal.com\/index.php\/la-hausse-de-lalternance-en-decalage-avec-linsertion-des-jeunes-les-moins-qualifies\/107597\/\" \/>\n<meta property=\"og:locale\" content=\"fr_FR\" \/>\n<meta property=\"og:type\" content=\"article\" \/>\n<meta property=\"og:title\" content=\"La hausse de l&#039;alternance en d\u00e9calage avec l\u2019insertion des jeunes les moins qualifi\u00e9s\" \/>\n<meta property=\"og:description\" content=\"Depuis les ann\u00e9es 90, la formation en alternance constitue une mesure phare de lutte contre le ch\u00f4mage des jeunes, l\u2019apprentissage am\u00e9liorant l\u2019insertion professionnelle des moins qualifi\u00e9s. Cette voie de formation a fait l\u2019objet de r\u00e9formes r\u00e9guli\u00e8res dont la derni\u00e8re, qui r\u00e9sulte de la loi du 5 septembre 2018 pour la libert\u00e9 de choisir son avenir [&hellip;]\" \/>\n<meta property=\"og:url\" content=\"https:\/\/batijournal.com\/index.php\/la-hausse-de-lalternance-en-decalage-avec-linsertion-des-jeunes-les-moins-qualifies\/107597\/\" \/>\n<meta property=\"og:site_name\" content=\"Batijournal\" \/>\n<meta property=\"article:published_time\" content=\"2022-06-27T11:24:40+00:00\" \/>\n<meta property=\"og:image\" content=\"https:\/\/batijournal.com\/wp-content\/uploads\/2017\/09\/apprentissage-batiment-peinture.jpg\" \/>\n\t<meta property=\"og:image:width\" content=\"1200\" \/>\n\t<meta property=\"og:image:height\" content=\"743\" \/>\n\t<meta property=\"og:image:type\" content=\"image\/jpeg\" \/>\n<meta name=\"author\" content=\"St\u00e9phane Miget\" \/>\n<meta name=\"twitter:card\" content=\"summary_large_image\" \/>\n<meta name=\"twitter:creator\" content=\"@bati_journal\" \/>\n<meta name=\"twitter:site\" content=\"@bati_journal\" \/>\n<meta name=\"twitter:label1\" content=\"\u00c9crit par\" \/>\n\t<meta name=\"twitter:data1\" content=\"St\u00e9phane Miget\" \/>\n\t<meta name=\"twitter:label2\" content=\"Dur\u00e9e de lecture estim\u00e9e\" \/>\n\t<meta name=\"twitter:data2\" content=\"2 minutes\" \/>\n<script type=\"application\/ld+json\" class=\"yoast-schema-graph\">{\"@context\":\"https:\\\/\\\/schema.org\",\"@graph\":[{\"@type\":\"Article\",\"@id\":\"https:\\\/\\\/batijournal.com\\\/index.php\\\/la-hausse-de-lalternance-en-decalage-avec-linsertion-des-jeunes-les-moins-qualifies\\\/107597\\\/#article\",\"isPartOf\":{\"@id\":\"https:\\\/\\\/batijournal.com\\\/index.php\\\/la-hausse-de-lalternance-en-decalage-avec-linsertion-des-jeunes-les-moins-qualifies\\\/107597\\\/\"},\"author\":{\"name\":\"St\u00e9phane Miget\",\"@id\":\"https:\\\/\\\/batijournal.com\\\/#\\\/schema\\\/person\\\/1dc96ec6957aa1ccb25ebe78bb19f100\"},\"headline\":\"La hausse de l&rsquo;alternance en d\u00e9calage avec l\u2019insertion des jeunes les moins qualifi\u00e9s\",\"datePublished\":\"2022-06-27T11:24:40+00:00\",\"mainEntityOfPage\":{\"@id\":\"https:\\\/\\\/batijournal.com\\\/index.php\\\/la-hausse-de-lalternance-en-decalage-avec-linsertion-des-jeunes-les-moins-qualifies\\\/107597\\\/\"},\"wordCount\":354,\"image\":{\"@id\":\"https:\\\/\\\/batijournal.com\\\/index.php\\\/la-hausse-de-lalternance-en-decalage-avec-linsertion-des-jeunes-les-moins-qualifies\\\/107597\\\/#primaryimage\"},\"thumbnailUrl\":\"https:\\\/\\\/batijournal.com\\\/wp-content\\\/uploads\\\/2017\\\/09\\\/apprentissage-batiment-peinture.jpg\",\"keywords\":[\"apprentissage\",\"formation\"],\"articleSection\":[\"Actualit\u00e9s\",\"\u00c9conomie &amp; March\u00e9s\"],\"inLanguage\":\"fr-FR\"},{\"@type\":\"WebPage\",\"@id\":\"https:\\\/\\\/batijournal.com\\\/index.php\\\/la-hausse-de-lalternance-en-decalage-avec-linsertion-des-jeunes-les-moins-qualifies\\\/107597\\\/\",\"url\":\"https:\\\/\\\/batijournal.com\\\/index.php\\\/la-hausse-de-lalternance-en-decalage-avec-linsertion-des-jeunes-les-moins-qualifies\\\/107597\\\/\",\"name\":\"La hausse de l'alternance en d\u00e9calage avec l\u2019insertion des jeunes les moins qualifi\u00e9s\",\"isPartOf\":{\"@id\":\"https:\\\/\\\/batijournal.com\\\/#website\"},\"primaryImageOfPage\":{\"@id\":\"https:\\\/\\\/batijournal.com\\\/index.php\\\/la-hausse-de-lalternance-en-decalage-avec-linsertion-des-jeunes-les-moins-qualifies\\\/107597\\\/#primaryimage\"},\"image\":{\"@id\":\"https:\\\/\\\/batijournal.com\\\/index.php\\\/la-hausse-de-lalternance-en-decalage-avec-linsertion-des-jeunes-les-moins-qualifies\\\/107597\\\/#primaryimage\"},\"thumbnailUrl\":\"https:\\\/\\\/batijournal.com\\\/wp-content\\\/uploads\\\/2017\\\/09\\\/apprentissage-batiment-peinture.jpg\",\"datePublished\":\"2022-06-27T11:24:40+00:00\",\"author\":{\"@id\":\"https:\\\/\\\/batijournal.com\\\/#\\\/schema\\\/person\\\/1dc96ec6957aa1ccb25ebe78bb19f100\"},\"breadcrumb\":{\"@id\":\"https:\\\/\\\/batijournal.com\\\/index.php\\\/la-hausse-de-lalternance-en-decalage-avec-linsertion-des-jeunes-les-moins-qualifies\\\/107597\\\/#breadcrumb\"},\"inLanguage\":\"fr-FR\",\"potentialAction\":[{\"@type\":\"ReadAction\",\"target\":[\"https:\\\/\\\/batijournal.com\\\/index.php\\\/la-hausse-de-lalternance-en-decalage-avec-linsertion-des-jeunes-les-moins-qualifies\\\/107597\\\/\"]}]},{\"@type\":\"ImageObject\",\"inLanguage\":\"fr-FR\",\"@id\":\"https:\\\/\\\/batijournal.com\\\/index.php\\\/la-hausse-de-lalternance-en-decalage-avec-linsertion-des-jeunes-les-moins-qualifies\\\/107597\\\/#primaryimage\",\"url\":\"https:\\\/\\\/batijournal.com\\\/wp-content\\\/uploads\\\/2017\\\/09\\\/apprentissage-batiment-peinture.jpg\",\"contentUrl\":\"https:\\\/\\\/batijournal.com\\\/wp-content\\\/uploads\\\/2017\\\/09\\\/apprentissage-batiment-peinture.jpg\",\"width\":1200,\"height\":743},{\"@type\":\"BreadcrumbList\",\"@id\":\"https:\\\/\\\/batijournal.com\\\/index.php\\\/la-hausse-de-lalternance-en-decalage-avec-linsertion-des-jeunes-les-moins-qualifies\\\/107597\\\/#breadcrumb\",\"itemListElement\":[{\"@type\":\"ListItem\",\"position\":1,\"name\":\"Accueil\",\"item\":\"https:\\\/\\\/batijournal.com\\\/\"},{\"@type\":\"ListItem\",\"position\":2,\"name\":\"Actualit\u00e9s\",\"item\":\"https:\\\/\\\/batijournal.com\\\/index.php\\\/category\\\/actualites\\\/\"},{\"@type\":\"ListItem\",\"position\":3,\"name\":\"La hausse de l&rsquo;alternance en d\u00e9calage avec l\u2019insertion des jeunes les moins qualifi\u00e9s\"}]},{\"@type\":\"WebSite\",\"@id\":\"https:\\\/\\\/batijournal.com\\\/#website\",\"url\":\"https:\\\/\\\/batijournal.com\\\/\",\"name\":\"Batijournal\",\"description\":\"L&#039;actualit\u00e9 du b\u00e2timent\",\"potentialAction\":[{\"@type\":\"SearchAction\",\"target\":{\"@type\":\"EntryPoint\",\"urlTemplate\":\"https:\\\/\\\/batijournal.com\\\/?s={search_term_string}\"},\"query-input\":{\"@type\":\"PropertyValueSpecification\",\"valueRequired\":true,\"valueName\":\"search_term_string\"}}],\"inLanguage\":\"fr-FR\"},{\"@type\":\"Person\",\"@id\":\"https:\\\/\\\/batijournal.com\\\/#\\\/schema\\\/person\\\/1dc96ec6957aa1ccb25ebe78bb19f100\",\"name\":\"St\u00e9phane Miget\",\"image\":{\"@type\":\"ImageObject\",\"inLanguage\":\"fr-FR\",\"@id\":\"https:\\\/\\\/secure.gravatar.com\\\/avatar\\\/89915563d925342126b8ef0281b93d9d7fc337043e8df017f780908eb9644451?s=96&d=mm&r=g\",\"url\":\"https:\\\/\\\/secure.gravatar.com\\\/avatar\\\/89915563d925342126b8ef0281b93d9d7fc337043e8df017f780908eb9644451?s=96&d=mm&r=g\",\"contentUrl\":\"https:\\\/\\\/secure.gravatar.com\\\/avatar\\\/89915563d925342126b8ef0281b93d9d7fc337043e8df017f780908eb9644451?s=96&d=mm&r=g\",\"caption\":\"St\u00e9phane Miget\"},\"url\":\"https:\\\/\\\/batijournal.com\\\/index.php\\\/author\\\/stephane\\\/\"}]}<\/script>\n<!-- \/ Yoast SEO plugin. -->","yoast_head_json":{"title":"La hausse de l'alternance en d\u00e9calage avec l\u2019insertion des jeunes les moins qualifi\u00e9s","robots":{"index":"index","follow":"follow","max-snippet":"max-snippet:-1","max-image-preview":"max-image-preview:large","max-video-preview":"max-video-preview:-1"},"canonical":"https:\/\/batijournal.com\/index.php\/la-hausse-de-lalternance-en-decalage-avec-linsertion-des-jeunes-les-moins-qualifies\/107597\/","og_locale":"fr_FR","og_type":"article","og_title":"La hausse de l'alternance en d\u00e9calage avec l\u2019insertion des jeunes les moins qualifi\u00e9s","og_description":"Depuis les ann\u00e9es 90, la formation en alternance constitue une mesure phare de lutte contre le ch\u00f4mage des jeunes, l\u2019apprentissage am\u00e9liorant l\u2019insertion professionnelle des moins qualifi\u00e9s. Cette voie de formation a fait l\u2019objet de r\u00e9formes r\u00e9guli\u00e8res dont la derni\u00e8re, qui r\u00e9sulte de la loi du 5 septembre 2018 pour la libert\u00e9 de choisir son avenir [&hellip;]","og_url":"https:\/\/batijournal.com\/index.php\/la-hausse-de-lalternance-en-decalage-avec-linsertion-des-jeunes-les-moins-qualifies\/107597\/","og_site_name":"Batijournal","article_published_time":"2022-06-27T11:24:40+00:00","og_image":[{"width":1200,"height":743,"url":"https:\/\/batijournal.com\/wp-content\/uploads\/2017\/09\/apprentissage-batiment-peinture.jpg","type":"image\/jpeg"}],"author":"St\u00e9phane Miget","twitter_card":"summary_large_image","twitter_creator":"@bati_journal","twitter_site":"@bati_journal","twitter_misc":{"\u00c9crit par":"St\u00e9phane Miget","Dur\u00e9e de lecture estim\u00e9e":"2 minutes"},"schema":{"@context":"https:\/\/schema.org","@graph":[{"@type":"Article","@id":"https:\/\/batijournal.com\/index.php\/la-hausse-de-lalternance-en-decalage-avec-linsertion-des-jeunes-les-moins-qualifies\/107597\/#article","isPartOf":{"@id":"https:\/\/batijournal.com\/index.php\/la-hausse-de-lalternance-en-decalage-avec-linsertion-des-jeunes-les-moins-qualifies\/107597\/"},"author":{"name":"St\u00e9phane Miget","@id":"https:\/\/batijournal.com\/#\/schema\/person\/1dc96ec6957aa1ccb25ebe78bb19f100"},"headline":"La hausse de l&rsquo;alternance en d\u00e9calage avec l\u2019insertion des jeunes les moins qualifi\u00e9s","datePublished":"2022-06-27T11:24:40+00:00","mainEntityOfPage":{"@id":"https:\/\/batijournal.com\/index.php\/la-hausse-de-lalternance-en-decalage-avec-linsertion-des-jeunes-les-moins-qualifies\/107597\/"},"wordCount":354,"image":{"@id":"https:\/\/batijournal.com\/index.php\/la-hausse-de-lalternance-en-decalage-avec-linsertion-des-jeunes-les-moins-qualifies\/107597\/#primaryimage"},"thumbnailUrl":"https:\/\/batijournal.com\/wp-content\/uploads\/2017\/09\/apprentissage-batiment-peinture.jpg","keywords":["apprentissage","formation"],"articleSection":["Actualit\u00e9s","\u00c9conomie &amp; March\u00e9s"],"inLanguage":"fr-FR"},{"@type":"WebPage","@id":"https:\/\/batijournal.com\/index.php\/la-hausse-de-lalternance-en-decalage-avec-linsertion-des-jeunes-les-moins-qualifies\/107597\/","url":"https:\/\/batijournal.com\/index.php\/la-hausse-de-lalternance-en-decalage-avec-linsertion-des-jeunes-les-moins-qualifies\/107597\/","name":"La hausse de l'alternance en d\u00e9calage avec l\u2019insertion des jeunes les moins qualifi\u00e9s","isPartOf":{"@id":"https:\/\/batijournal.com\/#website"},"primaryImageOfPage":{"@id":"https:\/\/batijournal.com\/index.php\/la-hausse-de-lalternance-en-decalage-avec-linsertion-des-jeunes-les-moins-qualifies\/107597\/#primaryimage"},"image":{"@id":"https:\/\/batijournal.com\/index.php\/la-hausse-de-lalternance-en-decalage-avec-linsertion-des-jeunes-les-moins-qualifies\/107597\/#primaryimage"},"thumbnailUrl":"https:\/\/batijournal.com\/wp-content\/uploads\/2017\/09\/apprentissage-batiment-peinture.jpg","datePublished":"2022-06-27T11:24:40+00:00","author":{"@id":"https:\/\/batijournal.com\/#\/schema\/person\/1dc96ec6957aa1ccb25ebe78bb19f100"},"breadcrumb":{"@id":"https:\/\/batijournal.com\/index.php\/la-hausse-de-lalternance-en-decalage-avec-linsertion-des-jeunes-les-moins-qualifies\/107597\/#breadcrumb"},"inLanguage":"fr-FR","potentialAction":[{"@type":"ReadAction","target":["https:\/\/batijournal.com\/index.php\/la-hausse-de-lalternance-en-decalage-avec-linsertion-des-jeunes-les-moins-qualifies\/107597\/"]}]},{"@type":"ImageObject","inLanguage":"fr-FR","@id":"https:\/\/batijournal.com\/index.php\/la-hausse-de-lalternance-en-decalage-avec-linsertion-des-jeunes-les-moins-qualifies\/107597\/#primaryimage","url":"https:\/\/batijournal.com\/wp-content\/uploads\/2017\/09\/apprentissage-batiment-peinture.jpg","contentUrl":"https:\/\/batijournal.com\/wp-content\/uploads\/2017\/09\/apprentissage-batiment-peinture.jpg","width":1200,"height":743},{"@type":"BreadcrumbList","@id":"https:\/\/batijournal.com\/index.php\/la-hausse-de-lalternance-en-decalage-avec-linsertion-des-jeunes-les-moins-qualifies\/107597\/#breadcrumb","itemListElement":[{"@type":"ListItem","position":1,"name":"Accueil","item":"https:\/\/batijournal.com\/"},{"@type":"ListItem","position":2,"name":"Actualit\u00e9s","item":"https:\/\/batijournal.com\/index.php\/category\/actualites\/"},{"@type":"ListItem","position":3,"name":"La hausse de l&rsquo;alternance en d\u00e9calage avec l\u2019insertion des jeunes les moins qualifi\u00e9s"}]},{"@type":"WebSite","@id":"https:\/\/batijournal.com\/#website","url":"https:\/\/batijournal.com\/","name":"Batijournal","description":"L&#039;actualit\u00e9 du b\u00e2timent","potentialAction":[{"@type":"SearchAction","target":{"@type":"EntryPoint","urlTemplate":"https:\/\/batijournal.com\/?s={search_term_string}"},"query-input":{"@type":"PropertyValueSpecification","valueRequired":true,"valueName":"search_term_string"}}],"inLanguage":"fr-FR"},{"@type":"Person","@id":"https:\/\/batijournal.com\/#\/schema\/person\/1dc96ec6957aa1ccb25ebe78bb19f100","name":"St\u00e9phane Miget","image":{"@type":"ImageObject","inLanguage":"fr-FR","@id":"https:\/\/secure.gravatar.com\/avatar\/89915563d925342126b8ef0281b93d9d7fc337043e8df017f780908eb9644451?s=96&d=mm&r=g","url":"https:\/\/secure.gravatar.com\/avatar\/89915563d925342126b8ef0281b93d9d7fc337043e8df017f780908eb9644451?s=96&d=mm&r=g","contentUrl":"https:\/\/secure.gravatar.com\/avatar\/89915563d925342126b8ef0281b93d9d7fc337043e8df017f780908eb9644451?s=96&d=mm&r=g","caption":"St\u00e9phane Miget"},"url":"https:\/\/batijournal.com\/index.php\/author\/stephane\/"}]}},"_links":{"self":[{"href":"https:\/\/batijournal.com\/index.php\/wp-json\/wp\/v2\/posts\/107597","targetHints":{"allow":["GET"]}}],"collection":[{"href":"https:\/\/batijournal.com\/index.php\/wp-json\/wp\/v2\/posts"}],"about":[{"href":"https:\/\/batijournal.com\/index.php\/wp-json\/wp\/v2\/types\/post"}],"author":[{"embeddable":true,"href":"https:\/\/batijournal.com\/index.php\/wp-json\/wp\/v2\/users\/17"}],"replies":[{"embeddable":true,"href":"https:\/\/batijournal.com\/index.php\/wp-json\/wp\/v2\/comments?post=107597"}],"version-history":[{"count":0,"href":"https:\/\/batijournal.com\/index.php\/wp-json\/wp\/v2\/posts\/107597\/revisions"}],"wp:featuredmedia":[{"embeddable":true,"href":"https:\/\/batijournal.com\/index.php\/wp-json\/wp\/v2\/media\/96720"}],"wp:attachment":[{"href":"https:\/\/batijournal.com\/index.php\/wp-json\/wp\/v2\/media?parent=107597"}],"wp:term":[{"taxonomy":"category","embeddable":true,"href":"https:\/\/batijournal.com\/index.php\/wp-json\/wp\/v2\/categories?post=107597"},{"taxonomy":"post_tag","embeddable":true,"href":"https:\/\/batijournal.com\/index.php\/wp-json\/wp\/v2\/tags?post=107597"}],"curies":[{"name":"wp","href":"https:\/\/api.w.org\/{rel}","templated":true}]}}