{"id":107641,"date":"2022-07-08T05:54:26","date_gmt":"2022-07-08T03:54:26","guid":{"rendered":"https:\/\/batijournal.com\/?p=107641"},"modified":"2022-07-08T05:54:26","modified_gmt":"2022-07-08T03:54:26","slug":"gregoire-poux-guillaume-prochain-ceo-dakzonobel","status":"publish","type":"post","link":"https:\/\/batijournal.com\/index.php\/gregoire-poux-guillaume-prochain-ceo-dakzonobel\/107641\/","title":{"rendered":"Gr\u00e9goire Poux-Guillaume prochain CEO d&rsquo;AkzoNobel"},"content":{"rendered":"<p>AkzoNobel a annonc\u00e9 que Gr\u00e9goire Poux-Guillaume deviendra le nouveau CEO de l\u2019entreprise au 1er novembre 2022. Il succ\u00e9dera \u00e0 Thierry Vanlancker, actuellement CEO et membre du Conseil d&rsquo;Administration depuis 2017, dont le mandat s&rsquo;ach\u00e8ve. Gr\u00e9goire Poux-Guillaume (52 ans), de nationalit\u00e9 fran\u00e7aise, est un dirigeant international comptant 25 ann\u00e9es d\u2019exp\u00e9rience. Il s\u2019est distingu\u00e9 en assurant la r\u00e9ussite et la rentabilit\u00e9 d\u2019entreprises dans des environnements difficiles, o\u00f9 il a su acc\u00e9l\u00e9rer la croissance et am\u00e9liorer les marges. Pr\u00e9c\u00e9demment, il a \u00e9t\u00e9 CEO de Sulzer, CEO de GE Grid Solutions (anciennement Alstom Grid) et Directeur G\u00e9n\u00e9ral de CVC Capital Partners.<\/p>\n","protected":false},"excerpt":{"rendered":"<p>AkzoNobel a annonc\u00e9 que Gr\u00e9goire Poux-Guillaume deviendra le nouveau CEO de l\u2019entreprise au 1er novembre 2022. Il succ\u00e9dera \u00e0 Thierry Vanlancker, actuellement CEO et membre du Conseil d&rsquo;Administration depuis 2017, dont le mandat s&rsquo;ach\u00e8ve. Gr\u00e9goire Poux-Guillaume (52 ans), de nationalit\u00e9 fran\u00e7aise, est un dirigeant international comptant 25 ann\u00e9es d\u2019exp\u00e9rience. Il s\u2019est distingu\u00e9 en assurant la [&hellip;]<\/p>\n","protected":false},"author":17,"featured_media":107642,"comment_status":"closed","ping_status":"closed","sticky":false,"template":"","format":"standard","meta":{"_et_pb_use_builder":"","_et_pb_old_content":"","_et_gb_content_width":"","footnotes":""},"categories":[10530,6362,10771,10775,10769,10764],"tags":[193],"class_list":["post-107641","post","type-post","status-publish","format-standard","has-post-thumbnail","hentry","category-actualites","category-services-equipements","category-5facades","category-actualites-5facades","category-publications","category-woodsurfer","tag-peinture-2"],"yoast_head":"<!-- This site is optimized with the Yoast SEO plugin v27.4 - https:\/\/yoast.com\/product\/yoast-seo-wordpress\/ -->\n<title>Gr\u00e9goire Poux-Guillaume prochain CEO d&#039;AkzoNobel<\/title>\n<meta name=\"robots\" content=\"index, follow, max-snippet:-1, max-image-preview:large, max-video-preview:-1\" \/>\n<link rel=\"canonical\" href=\"https:\/\/batijournal.com\/index.php\/gregoire-poux-guillaume-prochain-ceo-dakzonobel\/107641\/\" \/>\n<meta property=\"og:locale\" content=\"fr_FR\" \/>\n<meta property=\"og:type\" content=\"article\" \/>\n<meta property=\"og:title\" content=\"Gr\u00e9goire Poux-Guillaume prochain CEO d&#039;AkzoNobel\" \/>\n<meta property=\"og:description\" content=\"AkzoNobel a annonc\u00e9 que Gr\u00e9goire Poux-Guillaume deviendra le nouveau CEO de l\u2019entreprise au 1er novembre 2022. Il succ\u00e9dera \u00e0 Thierry Vanlancker, actuellement CEO et membre du Conseil d&rsquo;Administration depuis 2017, dont le mandat s&rsquo;ach\u00e8ve. Gr\u00e9goire Poux-Guillaume (52 ans), de nationalit\u00e9 fran\u00e7aise, est un dirigeant international comptant 25 ann\u00e9es d\u2019exp\u00e9rience. Il s\u2019est distingu\u00e9 en assurant la [&hellip;]\" \/>\n<meta property=\"og:url\" content=\"https:\/\/batijournal.com\/index.php\/gregoire-poux-guillaume-prochain-ceo-dakzonobel\/107641\/\" \/>\n<meta property=\"og:site_name\" content=\"Batijournal\" \/>\n<meta property=\"article:published_time\" content=\"2022-07-08T03:54:26+00:00\" \/>\n<meta property=\"og:image\" content=\"https:\/\/batijournal.com\/wp-content\/uploads\/2022\/07\/809_637922619191433325.jpg\" \/>\n\t<meta property=\"og:image:width\" content=\"1542\" \/>\n\t<meta property=\"og:image:height\" content=\"1027\" \/>\n\t<meta property=\"og:image:type\" content=\"image\/jpeg\" \/>\n<meta name=\"author\" content=\"St\u00e9phane Miget\" \/>\n<meta name=\"twitter:card\" content=\"summary_large_image\" \/>\n<meta name=\"twitter:creator\" content=\"@bati_journal\" \/>\n<meta name=\"twitter:site\" content=\"@bati_journal\" \/>\n<meta name=\"twitter:label1\" content=\"\u00c9crit par\" \/>\n\t<meta name=\"twitter:data1\" content=\"St\u00e9phane Miget\" \/>\n\t<meta name=\"twitter:label2\" content=\"Dur\u00e9e de lecture estim\u00e9e\" \/>\n\t<meta name=\"twitter:data2\" content=\"1 minute\" \/>\n<script type=\"application\/ld+json\" class=\"yoast-schema-graph\">{\"@context\":\"https:\\\/\\\/schema.org\",\"@graph\":[{\"@type\":\"Article\",\"@id\":\"https:\\\/\\\/batijournal.com\\\/index.php\\\/gregoire-poux-guillaume-prochain-ceo-dakzonobel\\\/107641\\\/#article\",\"isPartOf\":{\"@id\":\"https:\\\/\\\/batijournal.com\\\/index.php\\\/gregoire-poux-guillaume-prochain-ceo-dakzonobel\\\/107641\\\/\"},\"author\":{\"name\":\"St\u00e9phane Miget\",\"@id\":\"https:\\\/\\\/batijournal.com\\\/#\\\/schema\\\/person\\\/1dc96ec6957aa1ccb25ebe78bb19f100\"},\"headline\":\"Gr\u00e9goire Poux-Guillaume prochain CEO d&rsquo;AkzoNobel\",\"datePublished\":\"2022-07-08T03:54:26+00:00\",\"mainEntityOfPage\":{\"@id\":\"https:\\\/\\\/batijournal.com\\\/index.php\\\/gregoire-poux-guillaume-prochain-ceo-dakzonobel\\\/107641\\\/\"},\"wordCount\":120,\"image\":{\"@id\":\"https:\\\/\\\/batijournal.com\\\/index.php\\\/gregoire-poux-guillaume-prochain-ceo-dakzonobel\\\/107641\\\/#primaryimage\"},\"thumbnailUrl\":\"https:\\\/\\\/batijournal.com\\\/wp-content\\\/uploads\\\/2022\\\/07\\\/809_637922619191433325.jpg\",\"keywords\":[\"peinture\"],\"articleSection\":[\"Actualit\u00e9s\",\"Divers\",\"zz_5fa\u00e7ades\",\"zz_Actualit\u00e9s - 5fa\u00e7ades\",\"zz_Actualit\u00e9s - Woodsurfer\",\"zz_Woodsurfer\"],\"inLanguage\":\"fr-FR\"},{\"@type\":\"WebPage\",\"@id\":\"https:\\\/\\\/batijournal.com\\\/index.php\\\/gregoire-poux-guillaume-prochain-ceo-dakzonobel\\\/107641\\\/\",\"url\":\"https:\\\/\\\/batijournal.com\\\/index.php\\\/gregoire-poux-guillaume-prochain-ceo-dakzonobel\\\/107641\\\/\",\"name\":\"Gr\u00e9goire Poux-Guillaume prochain CEO d'AkzoNobel\",\"isPartOf\":{\"@id\":\"https:\\\/\\\/batijournal.com\\\/#website\"},\"primaryImageOfPage\":{\"@id\":\"https:\\\/\\\/batijournal.com\\\/index.php\\\/gregoire-poux-guillaume-prochain-ceo-dakzonobel\\\/107641\\\/#primaryimage\"},\"image\":{\"@id\":\"https:\\\/\\\/batijournal.com\\\/index.php\\\/gregoire-poux-guillaume-prochain-ceo-dakzonobel\\\/107641\\\/#primaryimage\"},\"thumbnailUrl\":\"https:\\\/\\\/batijournal.com\\\/wp-content\\\/uploads\\\/2022\\\/07\\\/809_637922619191433325.jpg\",\"datePublished\":\"2022-07-08T03:54:26+00:00\",\"author\":{\"@id\":\"https:\\\/\\\/batijournal.com\\\/#\\\/schema\\\/person\\\/1dc96ec6957aa1ccb25ebe78bb19f100\"},\"breadcrumb\":{\"@id\":\"https:\\\/\\\/batijournal.com\\\/index.php\\\/gregoire-poux-guillaume-prochain-ceo-dakzonobel\\\/107641\\\/#breadcrumb\"},\"inLanguage\":\"fr-FR\",\"potentialAction\":[{\"@type\":\"ReadAction\",\"target\":[\"https:\\\/\\\/batijournal.com\\\/index.php\\\/gregoire-poux-guillaume-prochain-ceo-dakzonobel\\\/107641\\\/\"]}]},{\"@type\":\"ImageObject\",\"inLanguage\":\"fr-FR\",\"@id\":\"https:\\\/\\\/batijournal.com\\\/index.php\\\/gregoire-poux-guillaume-prochain-ceo-dakzonobel\\\/107641\\\/#primaryimage\",\"url\":\"https:\\\/\\\/batijournal.com\\\/wp-content\\\/uploads\\\/2022\\\/07\\\/809_637922619191433325.jpg\",\"contentUrl\":\"https:\\\/\\\/batijournal.com\\\/wp-content\\\/uploads\\\/2022\\\/07\\\/809_637922619191433325.jpg\",\"width\":1542,\"height\":1027},{\"@type\":\"BreadcrumbList\",\"@id\":\"https:\\\/\\\/batijournal.com\\\/index.php\\\/gregoire-poux-guillaume-prochain-ceo-dakzonobel\\\/107641\\\/#breadcrumb\",\"itemListElement\":[{\"@type\":\"ListItem\",\"position\":1,\"name\":\"Accueil\",\"item\":\"https:\\\/\\\/batijournal.com\\\/\"},{\"@type\":\"ListItem\",\"position\":2,\"name\":\"Actualit\u00e9s\",\"item\":\"https:\\\/\\\/batijournal.com\\\/index.php\\\/category\\\/actualites\\\/\"},{\"@type\":\"ListItem\",\"position\":3,\"name\":\"Gr\u00e9goire Poux-Guillaume prochain CEO d&rsquo;AkzoNobel\"}]},{\"@type\":\"WebSite\",\"@id\":\"https:\\\/\\\/batijournal.com\\\/#website\",\"url\":\"https:\\\/\\\/batijournal.com\\\/\",\"name\":\"Batijournal\",\"description\":\"L&#039;actualit\u00e9 du b\u00e2timent\",\"potentialAction\":[{\"@type\":\"SearchAction\",\"target\":{\"@type\":\"EntryPoint\",\"urlTemplate\":\"https:\\\/\\\/batijournal.com\\\/?s={search_term_string}\"},\"query-input\":{\"@type\":\"PropertyValueSpecification\",\"valueRequired\":true,\"valueName\":\"search_term_string\"}}],\"inLanguage\":\"fr-FR\"},{\"@type\":\"Person\",\"@id\":\"https:\\\/\\\/batijournal.com\\\/#\\\/schema\\\/person\\\/1dc96ec6957aa1ccb25ebe78bb19f100\",\"name\":\"St\u00e9phane Miget\",\"image\":{\"@type\":\"ImageObject\",\"inLanguage\":\"fr-FR\",\"@id\":\"https:\\\/\\\/secure.gravatar.com\\\/avatar\\\/89915563d925342126b8ef0281b93d9d7fc337043e8df017f780908eb9644451?s=96&d=mm&r=g\",\"url\":\"https:\\\/\\\/secure.gravatar.com\\\/avatar\\\/89915563d925342126b8ef0281b93d9d7fc337043e8df017f780908eb9644451?s=96&d=mm&r=g\",\"contentUrl\":\"https:\\\/\\\/secure.gravatar.com\\\/avatar\\\/89915563d925342126b8ef0281b93d9d7fc337043e8df017f780908eb9644451?s=96&d=mm&r=g\",\"caption\":\"St\u00e9phane Miget\"},\"url\":\"https:\\\/\\\/batijournal.com\\\/index.php\\\/author\\\/stephane\\\/\"}]}<\/script>\n<!-- \/ Yoast SEO plugin. -->","yoast_head_json":{"title":"Gr\u00e9goire Poux-Guillaume prochain CEO d'AkzoNobel","robots":{"index":"index","follow":"follow","max-snippet":"max-snippet:-1","max-image-preview":"max-image-preview:large","max-video-preview":"max-video-preview:-1"},"canonical":"https:\/\/batijournal.com\/index.php\/gregoire-poux-guillaume-prochain-ceo-dakzonobel\/107641\/","og_locale":"fr_FR","og_type":"article","og_title":"Gr\u00e9goire Poux-Guillaume prochain CEO d'AkzoNobel","og_description":"AkzoNobel a annonc\u00e9 que Gr\u00e9goire Poux-Guillaume deviendra le nouveau CEO de l\u2019entreprise au 1er novembre 2022. Il succ\u00e9dera \u00e0 Thierry Vanlancker, actuellement CEO et membre du Conseil d&rsquo;Administration depuis 2017, dont le mandat s&rsquo;ach\u00e8ve. Gr\u00e9goire Poux-Guillaume (52 ans), de nationalit\u00e9 fran\u00e7aise, est un dirigeant international comptant 25 ann\u00e9es d\u2019exp\u00e9rience. Il s\u2019est distingu\u00e9 en assurant la [&hellip;]","og_url":"https:\/\/batijournal.com\/index.php\/gregoire-poux-guillaume-prochain-ceo-dakzonobel\/107641\/","og_site_name":"Batijournal","article_published_time":"2022-07-08T03:54:26+00:00","og_image":[{"width":1542,"height":1027,"url":"https:\/\/batijournal.com\/wp-content\/uploads\/2022\/07\/809_637922619191433325.jpg","type":"image\/jpeg"}],"author":"St\u00e9phane Miget","twitter_card":"summary_large_image","twitter_creator":"@bati_journal","twitter_site":"@bati_journal","twitter_misc":{"\u00c9crit par":"St\u00e9phane Miget","Dur\u00e9e de lecture estim\u00e9e":"1 minute"},"schema":{"@context":"https:\/\/schema.org","@graph":[{"@type":"Article","@id":"https:\/\/batijournal.com\/index.php\/gregoire-poux-guillaume-prochain-ceo-dakzonobel\/107641\/#article","isPartOf":{"@id":"https:\/\/batijournal.com\/index.php\/gregoire-poux-guillaume-prochain-ceo-dakzonobel\/107641\/"},"author":{"name":"St\u00e9phane Miget","@id":"https:\/\/batijournal.com\/#\/schema\/person\/1dc96ec6957aa1ccb25ebe78bb19f100"},"headline":"Gr\u00e9goire Poux-Guillaume prochain CEO d&rsquo;AkzoNobel","datePublished":"2022-07-08T03:54:26+00:00","mainEntityOfPage":{"@id":"https:\/\/batijournal.com\/index.php\/gregoire-poux-guillaume-prochain-ceo-dakzonobel\/107641\/"},"wordCount":120,"image":{"@id":"https:\/\/batijournal.com\/index.php\/gregoire-poux-guillaume-prochain-ceo-dakzonobel\/107641\/#primaryimage"},"thumbnailUrl":"https:\/\/batijournal.com\/wp-content\/uploads\/2022\/07\/809_637922619191433325.jpg","keywords":["peinture"],"articleSection":["Actualit\u00e9s","Divers","zz_5fa\u00e7ades","zz_Actualit\u00e9s - 5fa\u00e7ades","zz_Actualit\u00e9s - Woodsurfer","zz_Woodsurfer"],"inLanguage":"fr-FR"},{"@type":"WebPage","@id":"https:\/\/batijournal.com\/index.php\/gregoire-poux-guillaume-prochain-ceo-dakzonobel\/107641\/","url":"https:\/\/batijournal.com\/index.php\/gregoire-poux-guillaume-prochain-ceo-dakzonobel\/107641\/","name":"Gr\u00e9goire Poux-Guillaume prochain CEO d'AkzoNobel","isPartOf":{"@id":"https:\/\/batijournal.com\/#website"},"primaryImageOfPage":{"@id":"https:\/\/batijournal.com\/index.php\/gregoire-poux-guillaume-prochain-ceo-dakzonobel\/107641\/#primaryimage"},"image":{"@id":"https:\/\/batijournal.com\/index.php\/gregoire-poux-guillaume-prochain-ceo-dakzonobel\/107641\/#primaryimage"},"thumbnailUrl":"https:\/\/batijournal.com\/wp-content\/uploads\/2022\/07\/809_637922619191433325.jpg","datePublished":"2022-07-08T03:54:26+00:00","author":{"@id":"https:\/\/batijournal.com\/#\/schema\/person\/1dc96ec6957aa1ccb25ebe78bb19f100"},"breadcrumb":{"@id":"https:\/\/batijournal.com\/index.php\/gregoire-poux-guillaume-prochain-ceo-dakzonobel\/107641\/#breadcrumb"},"inLanguage":"fr-FR","potentialAction":[{"@type":"ReadAction","target":["https:\/\/batijournal.com\/index.php\/gregoire-poux-guillaume-prochain-ceo-dakzonobel\/107641\/"]}]},{"@type":"ImageObject","inLanguage":"fr-FR","@id":"https:\/\/batijournal.com\/index.php\/gregoire-poux-guillaume-prochain-ceo-dakzonobel\/107641\/#primaryimage","url":"https:\/\/batijournal.com\/wp-content\/uploads\/2022\/07\/809_637922619191433325.jpg","contentUrl":"https:\/\/batijournal.com\/wp-content\/uploads\/2022\/07\/809_637922619191433325.jpg","width":1542,"height":1027},{"@type":"BreadcrumbList","@id":"https:\/\/batijournal.com\/index.php\/gregoire-poux-guillaume-prochain-ceo-dakzonobel\/107641\/#breadcrumb","itemListElement":[{"@type":"ListItem","position":1,"name":"Accueil","item":"https:\/\/batijournal.com\/"},{"@type":"ListItem","position":2,"name":"Actualit\u00e9s","item":"https:\/\/batijournal.com\/index.php\/category\/actualites\/"},{"@type":"ListItem","position":3,"name":"Gr\u00e9goire Poux-Guillaume prochain CEO d&rsquo;AkzoNobel"}]},{"@type":"WebSite","@id":"https:\/\/batijournal.com\/#website","url":"https:\/\/batijournal.com\/","name":"Batijournal","description":"L&#039;actualit\u00e9 du b\u00e2timent","potentialAction":[{"@type":"SearchAction","target":{"@type":"EntryPoint","urlTemplate":"https:\/\/batijournal.com\/?s={search_term_string}"},"query-input":{"@type":"PropertyValueSpecification","valueRequired":true,"valueName":"search_term_string"}}],"inLanguage":"fr-FR"},{"@type":"Person","@id":"https:\/\/batijournal.com\/#\/schema\/person\/1dc96ec6957aa1ccb25ebe78bb19f100","name":"St\u00e9phane Miget","image":{"@type":"ImageObject","inLanguage":"fr-FR","@id":"https:\/\/secure.gravatar.com\/avatar\/89915563d925342126b8ef0281b93d9d7fc337043e8df017f780908eb9644451?s=96&d=mm&r=g","url":"https:\/\/secure.gravatar.com\/avatar\/89915563d925342126b8ef0281b93d9d7fc337043e8df017f780908eb9644451?s=96&d=mm&r=g","contentUrl":"https:\/\/secure.gravatar.com\/avatar\/89915563d925342126b8ef0281b93d9d7fc337043e8df017f780908eb9644451?s=96&d=mm&r=g","caption":"St\u00e9phane Miget"},"url":"https:\/\/batijournal.com\/index.php\/author\/stephane\/"}]}},"_links":{"self":[{"href":"https:\/\/batijournal.com\/index.php\/wp-json\/wp\/v2\/posts\/107641","targetHints":{"allow":["GET"]}}],"collection":[{"href":"https:\/\/batijournal.com\/index.php\/wp-json\/wp\/v2\/posts"}],"about":[{"href":"https:\/\/batijournal.com\/index.php\/wp-json\/wp\/v2\/types\/post"}],"author":[{"embeddable":true,"href":"https:\/\/batijournal.com\/index.php\/wp-json\/wp\/v2\/users\/17"}],"replies":[{"embeddable":true,"href":"https:\/\/batijournal.com\/index.php\/wp-json\/wp\/v2\/comments?post=107641"}],"version-history":[{"count":0,"href":"https:\/\/batijournal.com\/index.php\/wp-json\/wp\/v2\/posts\/107641\/revisions"}],"wp:featuredmedia":[{"embeddable":true,"href":"https:\/\/batijournal.com\/index.php\/wp-json\/wp\/v2\/media\/107642"}],"wp:attachment":[{"href":"https:\/\/batijournal.com\/index.php\/wp-json\/wp\/v2\/media?parent=107641"}],"wp:term":[{"taxonomy":"category","embeddable":true,"href":"https:\/\/batijournal.com\/index.php\/wp-json\/wp\/v2\/categories?post=107641"},{"taxonomy":"post_tag","embeddable":true,"href":"https:\/\/batijournal.com\/index.php\/wp-json\/wp\/v2\/tags?post=107641"}],"curies":[{"name":"wp","href":"https:\/\/api.w.org\/{rel}","templated":true}]}}