{"id":107676,"date":"2022-08-31T15:20:51","date_gmt":"2022-08-31T13:20:51","guid":{"rendered":"https:\/\/batijournal.com\/?p=107676"},"modified":"2022-09-01T18:53:17","modified_gmt":"2022-09-01T16:53:17","slug":"les-tuiles-terre-cuite-solaire-dedilians-un-compromis-ideal-entre-esthetique-et-production-energetique","status":"publish","type":"post","link":"https:\/\/batijournal.com\/index.php\/les-tuiles-terre-cuite-solaire-dedilians-un-compromis-ideal-entre-esthetique-et-production-energetique\/107676\/","title":{"rendered":"Les tuiles terre cuite solaire d\u2019Edilians, un compromis id\u00e9al entre esth\u00e9tique et production \u00e9nerg\u00e9tique"},"content":{"rendered":"<p>[et_pb_section fb_built=\u00a0\u00bb1&Prime; _builder_version=\u00a0\u00bb4.17.4&Prime; _module_preset=\u00a0\u00bbdefault\u00a0\u00bb global_colors_info=\u00a0\u00bb{}\u00a0\u00bb][et_pb_row _builder_version=\u00a0\u00bb4.17.4&Prime; _module_preset=\u00a0\u00bbdefault\u00a0\u00bb global_colors_info=\u00a0\u00bb{}\u00a0\u00bb][et_pb_column type=\u00a0\u00bb4_4&Prime; _builder_version=\u00a0\u00bb4.17.4&Prime; _module_preset=\u00a0\u00bbdefault\u00a0\u00bb global_colors_info=\u00a0\u00bb{}\u00a0\u00bb][et_pb_text _builder_version=\u00a0\u00bb4.17.4&Prime; _module_preset=\u00a0\u00bbdefault\u00a0\u00bb global_colors_info=\u00a0\u00bb{}\u00a0\u00bb]<\/p>\n<p><span style=\"font-weight: 400\">Pionnier sur le segment des tuiles photovolta\u00efques en terre cuite, nous vous proposons aujourd\u2019hui de d\u00e9couvrir notre gamme de tuiles en terre cuite solaire, pour une affinit\u00e9 esth\u00e9tique et des performances sans pareil.<\/span><\/p>\n<p>&nbsp;<\/p>\n<p>[\/et_pb_text][\/et_pb_column][\/et_pb_row][et_pb_row column_structure=\u00a0\u00bb1_2,1_2&Prime; _builder_version=\u00a0\u00bb4.17.4&Prime; _module_preset=\u00a0\u00bbdefault\u00a0\u00bb global_colors_info=\u00a0\u00bb{}\u00a0\u00bb][et_pb_column type=\u00a0\u00bb1_2&Prime; _builder_version=\u00a0\u00bb4.17.4&Prime; _module_preset=\u00a0\u00bbdefault\u00a0\u00bb global_colors_info=\u00a0\u00bb{}\u00a0\u00bb][et_pb_image src=\u00a0\u00bbhttps:\/\/batijournal.com\/wp-content\/uploads\/2022\/07\/Terre-cuite-1-1.png\u00a0\u00bb align=\u00a0\u00bbcenter\u00a0\u00bb _builder_version=\u00a0\u00bb4.17.4&Prime; _module_preset=\u00a0\u00bbdefault\u00a0\u00bb global_colors_info=\u00a0\u00bb{}\u00a0\u00bb][\/et_pb_image][\/et_pb_column][et_pb_column type=\u00a0\u00bb1_2&Prime; _builder_version=\u00a0\u00bb4.17.4&Prime; _module_preset=\u00a0\u00bbdefault\u00a0\u00bb global_colors_info=\u00a0\u00bb{}\u00a0\u00bb][et_pb_image src=\u00a0\u00bbhttps:\/\/batijournal.com\/wp-content\/uploads\/2022\/07\/Terre-cuite-.png\u00a0\u00bb _builder_version=\u00a0\u00bb4.17.4&Prime; _module_preset=\u00a0\u00bbdefault\u00a0\u00bb global_colors_info=\u00a0\u00bb{}\u00a0\u00bb][\/et_pb_image][\/et_pb_column][\/et_pb_row][et_pb_row _builder_version=\u00a0\u00bb4.17.4&Prime; _module_preset=\u00a0\u00bbdefault\u00a0\u00bb global_colors_info=\u00a0\u00bb{}\u00a0\u00bb][et_pb_column type=\u00a0\u00bb4_4&Prime; _builder_version=\u00a0\u00bb4.17.4&Prime; _module_preset=\u00a0\u00bbdefault\u00a0\u00bb global_colors_info=\u00a0\u00bb{}\u00a0\u00bb][et_pb_text _builder_version=\u00a0\u00bb4.17.4&Prime; _module_preset=\u00a0\u00bbdefault\u00a0\u00bb global_colors_info=\u00a0\u00bb{}\u00a0\u00bb]<\/p>\n<p><span style=\"font-weight: 400\">Les atouts de ces tuiles en terre cuite solaire sont nombreux\u00a0:<\/span><\/p>\n<p>[\/et_pb_text][et_pb_text _builder_version=\u00a0\u00bb4.17.4&Prime; _module_preset=\u00a0\u00bbdefault\u00a0\u00bb global_colors_info=\u00a0\u00bb{}\u00a0\u00bb]<\/p>\n<ul>\n<li style=\"font-weight: 400\"><b>Un esth\u00e9tisme in\u00e9gal\u00e9<\/b><span style=\"font-weight: 400\"> : avec une int\u00e9gration parfaite et discr\u00e8te, l\u2019identit\u00e9 architecturale est pr\u00e9serv\u00e9e\u00a0<\/span><\/li>\n<li style=\"font-weight: 400\"><b>Une simplicit\u00e9 de pose<\/b><span style=\"font-weight: 400\"> : forme et caract\u00e9ristiques de mise en \u0153uvre identiques \u00e0 leurs \u00e9quivalents en terre cuite traditionnels\u00a0<\/span><\/li>\n<li style=\"font-weight: 400\"><b>Un v\u00e9ritable gain de temps et de rentabilit\u00e9<\/b><span style=\"font-weight: 400\"> pour les professionnels de la toiture<\/span><\/li>\n<li style=\"font-weight: 400\"><b>Une \u00e9tanch\u00e9it\u00e9 irr\u00e9prochable<\/b><span style=\"font-weight: 400\"> h\u00e9rit\u00e9e des propri\u00e9t\u00e9s inh\u00e9rentes \u00e0 la terre cuite<\/span><\/li>\n<li style=\"font-weight: 400\"><span style=\"font-weight: 400\">Une <\/span><b>performance \u00e9nerg\u00e9tique<\/b><span style=\"font-weight: 400\"> \u00e0 haut rendement avec une autoconsommation solaire imm\u00e9diate<\/span><\/li>\n<li style=\"font-weight: 400\"><b>Une solution \u00e9volutive dans le temps<\/b><span style=\"font-weight: 400\"> : les tuiles en terre cuite solaire s\u2019adaptent \u00e0 une toiture existante en toute facilit\u00e9<\/span><\/li>\n<\/ul>\n<p>[\/et_pb_text][et_pb_text _builder_version=\u00a0\u00bb4.17.4&Prime; _module_preset=\u00a0\u00bbdefault\u00a0\u00bb global_colors_info=\u00a0\u00bb{}\u00a0\u00bb]<\/p>\n<p><span style=\"font-weight: 400\">*L\u2019\u00e9tanch\u00e9it\u00e9 de nos tuiles en terre cuite solaire Max est garantie 20 ans, et extensible jusqu\u2019\u00e0 30 ans pour des toitures r\u00e9alis\u00e9es avec des tuiles terre cuite <a href=\"https:\/\/edilians.com\/nos-produits\/produits-solaires\/solaire-toiture-tuiles-ardoises\/solaire-integre-au-bati.html?utm_source=batijournal&amp;utm_medium=publi&amp;utm_campaign=tuile-terre-cuite-solaire\">d\u2019EDILIANS<\/a> neuves et compatibles.<\/span><\/p>\n<p>[\/et_pb_text][et_pb_text _builder_version=\u00a0\u00bb4.17.4&Prime; _module_preset=\u00a0\u00bbdefault\u00a0\u00bb hover_enabled=\u00a0\u00bb0&Prime; global_colors_info=\u00a0\u00bb{}\u00a0\u00bb sticky_enabled=\u00a0\u00bb0&Prime;]<\/p>\n<p>Retrouvez l&rsquo;ensemble des produits solaires sur le site de <a href=\"https:\/\/edilians.com\/nos-produits\/produits-solaires\/solaire-toiture-tuiles-ardoises\/solaire-integre-au-bati.html?utm_source=batijournal&amp;utm_medium=publi&amp;utm_campaign=tuile-terre-cuite-solaire\">Edilians<\/a><\/p>\n<p>[\/et_pb_text][\/et_pb_column][\/et_pb_row][et_pb_row column_structure=\u00a0\u00bb1_2,1_2&Prime; _builder_version=\u00a0\u00bb4.17.4&Prime; _module_preset=\u00a0\u00bbdefault\u00a0\u00bb global_colors_info=\u00a0\u00bb{}\u00a0\u00bb][et_pb_column type=\u00a0\u00bb1_2&Prime; _builder_version=\u00a0\u00bb4.17.4&Prime; _module_preset=\u00a0\u00bbdefault\u00a0\u00bb global_colors_info=\u00a0\u00bb{}\u00a0\u00bb][\/et_pb_column][et_pb_column type=\u00a0\u00bb1_2&Prime; _builder_version=\u00a0\u00bb4.17.4&Prime; _module_preset=\u00a0\u00bbdefault\u00a0\u00bb global_colors_info=\u00a0\u00bb{}\u00a0\u00bb][et_pb_image src=\u00a0\u00bbhttps:\/\/batijournal.com\/wp-content\/uploads\/2022\/07\/image001.png\u00a0\u00bb title_text=\u00a0\u00bbimage001&Prime; _builder_version=\u00a0\u00bb4.17.4&Prime; _module_preset=\u00a0\u00bbdefault\u00a0\u00bb hover_enabled=\u00a0\u00bb0&Prime; global_colors_info=\u00a0\u00bb{}\u00a0\u00bb url=\u00a0\u00bbhttps:\/\/edilians.com\/nos-produits\/produits-solaires\/solaire-toiture-tuiles-ardoises\/solaire-integre-au-bati.html?utm_source=batijournal&#038;utm_medium=publi&#038;utm_campaign=tuile-terre-cuite-solaire\u00a0\u00bb sticky_enabled=\u00a0\u00bb0&Prime;][\/et_pb_image][\/et_pb_column][\/et_pb_row][\/et_pb_section]<\/p>\n","protected":false},"excerpt":{"rendered":"<p>Pionnier sur le segment des tuiles photovolta\u00efques en terre cuite, nous vous proposons aujourd\u2019hui de d\u00e9couvrir notre gamme de tuiles en terre cuite solaire, pour une affinit\u00e9 esth\u00e9tique et des performances sans pareil. &nbsp; Les atouts de ces tuiles en terre cuite solaire sont nombreux\u00a0: Un esth\u00e9tisme in\u00e9gal\u00e9 : avec une int\u00e9gration parfaite et discr\u00e8te, [&hellip;]<\/p>\n","protected":false},"author":17,"featured_media":107726,"comment_status":"closed","ping_status":"closed","sticky":false,"template":"","format":"standard","meta":{"_et_pb_use_builder":"on","_et_pb_old_content":"","_et_gb_content_width":"","footnotes":""},"categories":[10530,10903,10771,10775],"tags":[],"class_list":["post-107676","post","type-post","status-publish","format-standard","has-post-thumbnail","hentry","category-actualites","category-publi-info","category-5facades","category-actualites-5facades"],"yoast_head":"<!-- This site is optimized with the Yoast SEO plugin v27.4 - https:\/\/yoast.com\/product\/yoast-seo-wordpress\/ -->\n<title>Les tuiles terre cuite solaire d\u2019Edilians, un compromis id\u00e9al entre esth\u00e9tique et production \u00e9nerg\u00e9tique<\/title>\n<meta name=\"robots\" content=\"index, follow, max-snippet:-1, max-image-preview:large, max-video-preview:-1\" \/>\n<link rel=\"canonical\" href=\"https:\/\/batijournal.com\/index.php\/les-tuiles-terre-cuite-solaire-dedilians-un-compromis-ideal-entre-esthetique-et-production-energetique\/107676\/\" \/>\n<meta property=\"og:locale\" content=\"fr_FR\" \/>\n<meta property=\"og:type\" content=\"article\" \/>\n<meta property=\"og:title\" content=\"Les tuiles terre cuite solaire d\u2019Edilians, un compromis id\u00e9al entre esth\u00e9tique et production \u00e9nerg\u00e9tique\" \/>\n<meta property=\"og:description\" content=\"Pionnier sur le segment des tuiles photovolta\u00efques en terre cuite, nous vous proposons aujourd\u2019hui de d\u00e9couvrir notre gamme de tuiles en terre cuite solaire, pour une affinit\u00e9 esth\u00e9tique et des performances sans pareil. &nbsp; Les atouts de ces tuiles en terre cuite solaire sont nombreux\u00a0: Un esth\u00e9tisme in\u00e9gal\u00e9 : avec une int\u00e9gration parfaite et discr\u00e8te, [&hellip;]\" \/>\n<meta property=\"og:url\" content=\"https:\/\/batijournal.com\/index.php\/les-tuiles-terre-cuite-solaire-dedilians-un-compromis-ideal-entre-esthetique-et-production-energetique\/107676\/\" \/>\n<meta property=\"og:site_name\" content=\"Batijournal\" \/>\n<meta property=\"article:published_time\" content=\"2022-08-31T13:20:51+00:00\" \/>\n<meta property=\"article:modified_time\" content=\"2022-09-01T16:53:17+00:00\" \/>\n<meta property=\"og:image\" content=\"https:\/\/batijournal.com\/wp-content\/uploads\/2022\/08\/edilians-ardoises-photovoltaique.jpg\" \/>\n\t<meta property=\"og:image:width\" content=\"800\" \/>\n\t<meta property=\"og:image:height\" content=\"800\" \/>\n\t<meta property=\"og:image:type\" content=\"image\/jpeg\" \/>\n<meta name=\"author\" content=\"St\u00e9phane Miget\" \/>\n<meta name=\"twitter:card\" content=\"summary_large_image\" \/>\n<meta name=\"twitter:creator\" content=\"@bati_journal\" \/>\n<meta name=\"twitter:site\" content=\"@bati_journal\" \/>\n<meta name=\"twitter:label1\" content=\"\u00c9crit par\" \/>\n\t<meta name=\"twitter:data1\" content=\"St\u00e9phane Miget\" \/>\n\t<meta name=\"twitter:label2\" content=\"Dur\u00e9e de lecture estim\u00e9e\" \/>\n\t<meta name=\"twitter:data2\" content=\"3 minutes\" \/>\n<script type=\"application\/ld+json\" class=\"yoast-schema-graph\">{\"@context\":\"https:\\\/\\\/schema.org\",\"@graph\":[{\"@type\":\"Article\",\"@id\":\"https:\\\/\\\/batijournal.com\\\/index.php\\\/les-tuiles-terre-cuite-solaire-dedilians-un-compromis-ideal-entre-esthetique-et-production-energetique\\\/107676\\\/#article\",\"isPartOf\":{\"@id\":\"https:\\\/\\\/batijournal.com\\\/index.php\\\/les-tuiles-terre-cuite-solaire-dedilians-un-compromis-ideal-entre-esthetique-et-production-energetique\\\/107676\\\/\"},\"author\":{\"name\":\"St\u00e9phane Miget\",\"@id\":\"https:\\\/\\\/batijournal.com\\\/#\\\/schema\\\/person\\\/1dc96ec6957aa1ccb25ebe78bb19f100\"},\"headline\":\"Les tuiles terre cuite solaire d\u2019Edilians, un compromis id\u00e9al entre esth\u00e9tique et production \u00e9nerg\u00e9tique\",\"datePublished\":\"2022-08-31T13:20:51+00:00\",\"dateModified\":\"2022-09-01T16:53:17+00:00\",\"mainEntityOfPage\":{\"@id\":\"https:\\\/\\\/batijournal.com\\\/index.php\\\/les-tuiles-terre-cuite-solaire-dedilians-un-compromis-ideal-entre-esthetique-et-production-energetique\\\/107676\\\/\"},\"wordCount\":549,\"image\":{\"@id\":\"https:\\\/\\\/batijournal.com\\\/index.php\\\/les-tuiles-terre-cuite-solaire-dedilians-un-compromis-ideal-entre-esthetique-et-production-energetique\\\/107676\\\/#primaryimage\"},\"thumbnailUrl\":\"https:\\\/\\\/batijournal.com\\\/wp-content\\\/uploads\\\/2022\\\/08\\\/edilians-ardoises-photovoltaique.jpg\",\"articleSection\":[\"Actualit\u00e9s\",\"Publi-info\",\"zz_5fa\u00e7ades\",\"zz_Actualit\u00e9s - 5fa\u00e7ades\"],\"inLanguage\":\"fr-FR\"},{\"@type\":\"WebPage\",\"@id\":\"https:\\\/\\\/batijournal.com\\\/index.php\\\/les-tuiles-terre-cuite-solaire-dedilians-un-compromis-ideal-entre-esthetique-et-production-energetique\\\/107676\\\/\",\"url\":\"https:\\\/\\\/batijournal.com\\\/index.php\\\/les-tuiles-terre-cuite-solaire-dedilians-un-compromis-ideal-entre-esthetique-et-production-energetique\\\/107676\\\/\",\"name\":\"Les tuiles terre cuite solaire d\u2019Edilians, un compromis id\u00e9al entre esth\u00e9tique et production \u00e9nerg\u00e9tique\",\"isPartOf\":{\"@id\":\"https:\\\/\\\/batijournal.com\\\/#website\"},\"primaryImageOfPage\":{\"@id\":\"https:\\\/\\\/batijournal.com\\\/index.php\\\/les-tuiles-terre-cuite-solaire-dedilians-un-compromis-ideal-entre-esthetique-et-production-energetique\\\/107676\\\/#primaryimage\"},\"image\":{\"@id\":\"https:\\\/\\\/batijournal.com\\\/index.php\\\/les-tuiles-terre-cuite-solaire-dedilians-un-compromis-ideal-entre-esthetique-et-production-energetique\\\/107676\\\/#primaryimage\"},\"thumbnailUrl\":\"https:\\\/\\\/batijournal.com\\\/wp-content\\\/uploads\\\/2022\\\/08\\\/edilians-ardoises-photovoltaique.jpg\",\"datePublished\":\"2022-08-31T13:20:51+00:00\",\"dateModified\":\"2022-09-01T16:53:17+00:00\",\"author\":{\"@id\":\"https:\\\/\\\/batijournal.com\\\/#\\\/schema\\\/person\\\/1dc96ec6957aa1ccb25ebe78bb19f100\"},\"breadcrumb\":{\"@id\":\"https:\\\/\\\/batijournal.com\\\/index.php\\\/les-tuiles-terre-cuite-solaire-dedilians-un-compromis-ideal-entre-esthetique-et-production-energetique\\\/107676\\\/#breadcrumb\"},\"inLanguage\":\"fr-FR\",\"potentialAction\":[{\"@type\":\"ReadAction\",\"target\":[\"https:\\\/\\\/batijournal.com\\\/index.php\\\/les-tuiles-terre-cuite-solaire-dedilians-un-compromis-ideal-entre-esthetique-et-production-energetique\\\/107676\\\/\"]}]},{\"@type\":\"ImageObject\",\"inLanguage\":\"fr-FR\",\"@id\":\"https:\\\/\\\/batijournal.com\\\/index.php\\\/les-tuiles-terre-cuite-solaire-dedilians-un-compromis-ideal-entre-esthetique-et-production-energetique\\\/107676\\\/#primaryimage\",\"url\":\"https:\\\/\\\/batijournal.com\\\/wp-content\\\/uploads\\\/2022\\\/08\\\/edilians-ardoises-photovoltaique.jpg\",\"contentUrl\":\"https:\\\/\\\/batijournal.com\\\/wp-content\\\/uploads\\\/2022\\\/08\\\/edilians-ardoises-photovoltaique.jpg\",\"width\":800,\"height\":800},{\"@type\":\"BreadcrumbList\",\"@id\":\"https:\\\/\\\/batijournal.com\\\/index.php\\\/les-tuiles-terre-cuite-solaire-dedilians-un-compromis-ideal-entre-esthetique-et-production-energetique\\\/107676\\\/#breadcrumb\",\"itemListElement\":[{\"@type\":\"ListItem\",\"position\":1,\"name\":\"Accueil\",\"item\":\"https:\\\/\\\/batijournal.com\\\/\"},{\"@type\":\"ListItem\",\"position\":2,\"name\":\"Actualit\u00e9s\",\"item\":\"https:\\\/\\\/batijournal.com\\\/index.php\\\/category\\\/actualites\\\/\"},{\"@type\":\"ListItem\",\"position\":3,\"name\":\"Les tuiles terre cuite solaire d\u2019Edilians, un compromis id\u00e9al entre esth\u00e9tique et production \u00e9nerg\u00e9tique\"}]},{\"@type\":\"WebSite\",\"@id\":\"https:\\\/\\\/batijournal.com\\\/#website\",\"url\":\"https:\\\/\\\/batijournal.com\\\/\",\"name\":\"Batijournal\",\"description\":\"L&#039;actualit\u00e9 du b\u00e2timent\",\"potentialAction\":[{\"@type\":\"SearchAction\",\"target\":{\"@type\":\"EntryPoint\",\"urlTemplate\":\"https:\\\/\\\/batijournal.com\\\/?s={search_term_string}\"},\"query-input\":{\"@type\":\"PropertyValueSpecification\",\"valueRequired\":true,\"valueName\":\"search_term_string\"}}],\"inLanguage\":\"fr-FR\"},{\"@type\":\"Person\",\"@id\":\"https:\\\/\\\/batijournal.com\\\/#\\\/schema\\\/person\\\/1dc96ec6957aa1ccb25ebe78bb19f100\",\"name\":\"St\u00e9phane Miget\",\"image\":{\"@type\":\"ImageObject\",\"inLanguage\":\"fr-FR\",\"@id\":\"https:\\\/\\\/secure.gravatar.com\\\/avatar\\\/89915563d925342126b8ef0281b93d9d7fc337043e8df017f780908eb9644451?s=96&d=mm&r=g\",\"url\":\"https:\\\/\\\/secure.gravatar.com\\\/avatar\\\/89915563d925342126b8ef0281b93d9d7fc337043e8df017f780908eb9644451?s=96&d=mm&r=g\",\"contentUrl\":\"https:\\\/\\\/secure.gravatar.com\\\/avatar\\\/89915563d925342126b8ef0281b93d9d7fc337043e8df017f780908eb9644451?s=96&d=mm&r=g\",\"caption\":\"St\u00e9phane Miget\"},\"url\":\"https:\\\/\\\/batijournal.com\\\/index.php\\\/author\\\/stephane\\\/\"}]}<\/script>\n<!-- \/ Yoast SEO plugin. -->","yoast_head_json":{"title":"Les tuiles terre cuite solaire d\u2019Edilians, un compromis id\u00e9al entre esth\u00e9tique et production \u00e9nerg\u00e9tique","robots":{"index":"index","follow":"follow","max-snippet":"max-snippet:-1","max-image-preview":"max-image-preview:large","max-video-preview":"max-video-preview:-1"},"canonical":"https:\/\/batijournal.com\/index.php\/les-tuiles-terre-cuite-solaire-dedilians-un-compromis-ideal-entre-esthetique-et-production-energetique\/107676\/","og_locale":"fr_FR","og_type":"article","og_title":"Les tuiles terre cuite solaire d\u2019Edilians, un compromis id\u00e9al entre esth\u00e9tique et production \u00e9nerg\u00e9tique","og_description":"Pionnier sur le segment des tuiles photovolta\u00efques en terre cuite, nous vous proposons aujourd\u2019hui de d\u00e9couvrir notre gamme de tuiles en terre cuite solaire, pour une affinit\u00e9 esth\u00e9tique et des performances sans pareil. &nbsp; Les atouts de ces tuiles en terre cuite solaire sont nombreux\u00a0: Un esth\u00e9tisme in\u00e9gal\u00e9 : avec une int\u00e9gration parfaite et discr\u00e8te, [&hellip;]","og_url":"https:\/\/batijournal.com\/index.php\/les-tuiles-terre-cuite-solaire-dedilians-un-compromis-ideal-entre-esthetique-et-production-energetique\/107676\/","og_site_name":"Batijournal","article_published_time":"2022-08-31T13:20:51+00:00","article_modified_time":"2022-09-01T16:53:17+00:00","og_image":[{"width":800,"height":800,"url":"https:\/\/batijournal.com\/wp-content\/uploads\/2022\/08\/edilians-ardoises-photovoltaique.jpg","type":"image\/jpeg"}],"author":"St\u00e9phane Miget","twitter_card":"summary_large_image","twitter_creator":"@bati_journal","twitter_site":"@bati_journal","twitter_misc":{"\u00c9crit par":"St\u00e9phane Miget","Dur\u00e9e de lecture estim\u00e9e":"3 minutes"},"schema":{"@context":"https:\/\/schema.org","@graph":[{"@type":"Article","@id":"https:\/\/batijournal.com\/index.php\/les-tuiles-terre-cuite-solaire-dedilians-un-compromis-ideal-entre-esthetique-et-production-energetique\/107676\/#article","isPartOf":{"@id":"https:\/\/batijournal.com\/index.php\/les-tuiles-terre-cuite-solaire-dedilians-un-compromis-ideal-entre-esthetique-et-production-energetique\/107676\/"},"author":{"name":"St\u00e9phane Miget","@id":"https:\/\/batijournal.com\/#\/schema\/person\/1dc96ec6957aa1ccb25ebe78bb19f100"},"headline":"Les tuiles terre cuite solaire d\u2019Edilians, un compromis id\u00e9al entre esth\u00e9tique et production \u00e9nerg\u00e9tique","datePublished":"2022-08-31T13:20:51+00:00","dateModified":"2022-09-01T16:53:17+00:00","mainEntityOfPage":{"@id":"https:\/\/batijournal.com\/index.php\/les-tuiles-terre-cuite-solaire-dedilians-un-compromis-ideal-entre-esthetique-et-production-energetique\/107676\/"},"wordCount":549,"image":{"@id":"https:\/\/batijournal.com\/index.php\/les-tuiles-terre-cuite-solaire-dedilians-un-compromis-ideal-entre-esthetique-et-production-energetique\/107676\/#primaryimage"},"thumbnailUrl":"https:\/\/batijournal.com\/wp-content\/uploads\/2022\/08\/edilians-ardoises-photovoltaique.jpg","articleSection":["Actualit\u00e9s","Publi-info","zz_5fa\u00e7ades","zz_Actualit\u00e9s - 5fa\u00e7ades"],"inLanguage":"fr-FR"},{"@type":"WebPage","@id":"https:\/\/batijournal.com\/index.php\/les-tuiles-terre-cuite-solaire-dedilians-un-compromis-ideal-entre-esthetique-et-production-energetique\/107676\/","url":"https:\/\/batijournal.com\/index.php\/les-tuiles-terre-cuite-solaire-dedilians-un-compromis-ideal-entre-esthetique-et-production-energetique\/107676\/","name":"Les tuiles terre cuite solaire d\u2019Edilians, un compromis id\u00e9al entre esth\u00e9tique et production \u00e9nerg\u00e9tique","isPartOf":{"@id":"https:\/\/batijournal.com\/#website"},"primaryImageOfPage":{"@id":"https:\/\/batijournal.com\/index.php\/les-tuiles-terre-cuite-solaire-dedilians-un-compromis-ideal-entre-esthetique-et-production-energetique\/107676\/#primaryimage"},"image":{"@id":"https:\/\/batijournal.com\/index.php\/les-tuiles-terre-cuite-solaire-dedilians-un-compromis-ideal-entre-esthetique-et-production-energetique\/107676\/#primaryimage"},"thumbnailUrl":"https:\/\/batijournal.com\/wp-content\/uploads\/2022\/08\/edilians-ardoises-photovoltaique.jpg","datePublished":"2022-08-31T13:20:51+00:00","dateModified":"2022-09-01T16:53:17+00:00","author":{"@id":"https:\/\/batijournal.com\/#\/schema\/person\/1dc96ec6957aa1ccb25ebe78bb19f100"},"breadcrumb":{"@id":"https:\/\/batijournal.com\/index.php\/les-tuiles-terre-cuite-solaire-dedilians-un-compromis-ideal-entre-esthetique-et-production-energetique\/107676\/#breadcrumb"},"inLanguage":"fr-FR","potentialAction":[{"@type":"ReadAction","target":["https:\/\/batijournal.com\/index.php\/les-tuiles-terre-cuite-solaire-dedilians-un-compromis-ideal-entre-esthetique-et-production-energetique\/107676\/"]}]},{"@type":"ImageObject","inLanguage":"fr-FR","@id":"https:\/\/batijournal.com\/index.php\/les-tuiles-terre-cuite-solaire-dedilians-un-compromis-ideal-entre-esthetique-et-production-energetique\/107676\/#primaryimage","url":"https:\/\/batijournal.com\/wp-content\/uploads\/2022\/08\/edilians-ardoises-photovoltaique.jpg","contentUrl":"https:\/\/batijournal.com\/wp-content\/uploads\/2022\/08\/edilians-ardoises-photovoltaique.jpg","width":800,"height":800},{"@type":"BreadcrumbList","@id":"https:\/\/batijournal.com\/index.php\/les-tuiles-terre-cuite-solaire-dedilians-un-compromis-ideal-entre-esthetique-et-production-energetique\/107676\/#breadcrumb","itemListElement":[{"@type":"ListItem","position":1,"name":"Accueil","item":"https:\/\/batijournal.com\/"},{"@type":"ListItem","position":2,"name":"Actualit\u00e9s","item":"https:\/\/batijournal.com\/index.php\/category\/actualites\/"},{"@type":"ListItem","position":3,"name":"Les tuiles terre cuite solaire d\u2019Edilians, un compromis id\u00e9al entre esth\u00e9tique et production \u00e9nerg\u00e9tique"}]},{"@type":"WebSite","@id":"https:\/\/batijournal.com\/#website","url":"https:\/\/batijournal.com\/","name":"Batijournal","description":"L&#039;actualit\u00e9 du b\u00e2timent","potentialAction":[{"@type":"SearchAction","target":{"@type":"EntryPoint","urlTemplate":"https:\/\/batijournal.com\/?s={search_term_string}"},"query-input":{"@type":"PropertyValueSpecification","valueRequired":true,"valueName":"search_term_string"}}],"inLanguage":"fr-FR"},{"@type":"Person","@id":"https:\/\/batijournal.com\/#\/schema\/person\/1dc96ec6957aa1ccb25ebe78bb19f100","name":"St\u00e9phane Miget","image":{"@type":"ImageObject","inLanguage":"fr-FR","@id":"https:\/\/secure.gravatar.com\/avatar\/89915563d925342126b8ef0281b93d9d7fc337043e8df017f780908eb9644451?s=96&d=mm&r=g","url":"https:\/\/secure.gravatar.com\/avatar\/89915563d925342126b8ef0281b93d9d7fc337043e8df017f780908eb9644451?s=96&d=mm&r=g","contentUrl":"https:\/\/secure.gravatar.com\/avatar\/89915563d925342126b8ef0281b93d9d7fc337043e8df017f780908eb9644451?s=96&d=mm&r=g","caption":"St\u00e9phane Miget"},"url":"https:\/\/batijournal.com\/index.php\/author\/stephane\/"}]}},"_links":{"self":[{"href":"https:\/\/batijournal.com\/index.php\/wp-json\/wp\/v2\/posts\/107676","targetHints":{"allow":["GET"]}}],"collection":[{"href":"https:\/\/batijournal.com\/index.php\/wp-json\/wp\/v2\/posts"}],"about":[{"href":"https:\/\/batijournal.com\/index.php\/wp-json\/wp\/v2\/types\/post"}],"author":[{"embeddable":true,"href":"https:\/\/batijournal.com\/index.php\/wp-json\/wp\/v2\/users\/17"}],"replies":[{"embeddable":true,"href":"https:\/\/batijournal.com\/index.php\/wp-json\/wp\/v2\/comments?post=107676"}],"version-history":[{"count":0,"href":"https:\/\/batijournal.com\/index.php\/wp-json\/wp\/v2\/posts\/107676\/revisions"}],"wp:featuredmedia":[{"embeddable":true,"href":"https:\/\/batijournal.com\/index.php\/wp-json\/wp\/v2\/media\/107726"}],"wp:attachment":[{"href":"https:\/\/batijournal.com\/index.php\/wp-json\/wp\/v2\/media?parent=107676"}],"wp:term":[{"taxonomy":"category","embeddable":true,"href":"https:\/\/batijournal.com\/index.php\/wp-json\/wp\/v2\/categories?post=107676"},{"taxonomy":"post_tag","embeddable":true,"href":"https:\/\/batijournal.com\/index.php\/wp-json\/wp\/v2\/tags?post=107676"}],"curies":[{"name":"wp","href":"https:\/\/api.w.org\/{rel}","templated":true}]}}