{"id":107687,"date":"2022-07-28T14:31:40","date_gmt":"2022-07-28T12:31:40","guid":{"rendered":"https:\/\/batijournal.com\/?p=107687"},"modified":"2022-08-03T05:50:18","modified_gmt":"2022-08-03T03:50:18","slug":"les-tanneries-du-puy-en-velay-soffrent-une-nouvelle-peau","status":"publish","type":"post","link":"https:\/\/batijournal.com\/index.php\/les-tanneries-du-puy-en-velay-soffrent-une-nouvelle-peau\/107687\/","title":{"rendered":"Les Tanneries du Puy-en-Velay s\u2019offrent une nouvelle peau"},"content":{"rendered":"<p>[et_pb_section fb_built=\u00a0\u00bb1&Prime; _builder_version=\u00a0\u00bb4.17.4&Prime; _module_preset=\u00a0\u00bbdefault\u00a0\u00bb global_colors_info=\u00a0\u00bb{}\u00a0\u00bb][et_pb_row _builder_version=\u00a0\u00bb4.17.4&Prime; _module_preset=\u00a0\u00bbdefault\u00a0\u00bb global_colors_info=\u00a0\u00bb{}\u00a0\u00bb][et_pb_column type=\u00a0\u00bb4_4&Prime; _builder_version=\u00a0\u00bb4.17.4&Prime; _module_preset=\u00a0\u00bbdefault\u00a0\u00bb global_colors_info=\u00a0\u00bb{}\u00a0\u00bb][et_pb_image src=\u00a0\u00bbhttps:\/\/batijournal.com\/wp-content\/uploads\/2022\/07\/image006.jpg\u00a0\u00bb align=\u00a0\u00bbcenter\u00a0\u00bb _builder_version=\u00a0\u00bb4.17.4&Prime; _module_preset=\u00a0\u00bbdefault\u00a0\u00bb global_colors_info=\u00a0\u00bb{}\u00a0\u00bb][\/et_pb_image][et_pb_text _builder_version=\u00a0\u00bb4.17.4&Prime; _module_preset=\u00a0\u00bbdefault\u00a0\u00bb global_colors_info=\u00a0\u00bb{}\u00a0\u00bb]<\/p>\n<p><strong>Une fa\u00e7ade embl\u00e9matique aux lignes \u00e9pur\u00e9es et structurantes<\/strong><\/p>\n<p>TIM Composites est fier d\u2019avoir habill\u00e9 la fa\u00e7ade de 1925 m2 en aluminium composite teinte rouille &#8211; Natural Copper 434 rappelant le tannage et la couleur du cuir.<\/p>\n<p>Les pignons sont valoris\u00e9s par une double fa\u00e7ade en Alucobond\u00ae ajour\u00e9e avec une trame r\u00e9guli\u00e8re jouant sur les effets cuivr\u00e9s et se prolongeant sur la rive cintr\u00e9e de la toiture sur plus de 150 m\u00e8tres de longueur. L\u2019habillage plein et perfor\u00e9 fait r\u00e9f\u00e9rence au grain de la peau et la dentelle du Velay.<\/p>\n<p>Ce dernier est mis en valeur par l\u2019\u00e9clairage naturel et l\u2019\u00e9clairage artificiel aux abords du b\u00e2timent.<\/p>\n<p>[\/et_pb_text][\/et_pb_column][\/et_pb_row][\/et_pb_section]<\/p>\n","protected":false},"excerpt":{"rendered":"<p>Une fa\u00e7ade embl\u00e9matique aux lignes \u00e9pur\u00e9es et structurantes TIM Composites est fier d\u2019avoir habill\u00e9 la fa\u00e7ade de 1925 m2 en aluminium composite teinte rouille &#8211; Natural Copper 434 rappelant le tannage et la couleur du cuir. Les pignons sont valoris\u00e9s par une double fa\u00e7ade en Alucobond\u00ae ajour\u00e9e avec une trame r\u00e9guli\u00e8re jouant sur les effets [&hellip;]<\/p>\n","protected":false},"author":17,"featured_media":107689,"comment_status":"closed","ping_status":"closed","sticky":false,"template":"","format":"standard","meta":{"_et_pb_use_builder":"on","_et_pb_old_content":"","_et_gb_content_width":"","footnotes":""},"categories":[10530,10771,10775],"tags":[],"class_list":["post-107687","post","type-post","status-publish","format-standard","has-post-thumbnail","hentry","category-actualites","category-5facades","category-actualites-5facades"],"yoast_head":"<!-- This site is optimized with the Yoast SEO plugin v27.4 - https:\/\/yoast.com\/product\/yoast-seo-wordpress\/ -->\n<title>Les Tanneries du Puy-en-Velay s\u2019offrent une nouvelle peau<\/title>\n<meta name=\"robots\" content=\"index, follow, max-snippet:-1, max-image-preview:large, max-video-preview:-1\" \/>\n<link rel=\"canonical\" href=\"https:\/\/batijournal.com\/index.php\/les-tanneries-du-puy-en-velay-soffrent-une-nouvelle-peau\/107687\/\" \/>\n<meta property=\"og:locale\" content=\"fr_FR\" \/>\n<meta property=\"og:type\" content=\"article\" \/>\n<meta property=\"og:title\" content=\"Les Tanneries du Puy-en-Velay s\u2019offrent une nouvelle peau\" \/>\n<meta property=\"og:description\" content=\"Une fa\u00e7ade embl\u00e9matique aux lignes \u00e9pur\u00e9es et structurantes TIM Composites est fier d\u2019avoir habill\u00e9 la fa\u00e7ade de 1925 m2 en aluminium composite teinte rouille - Natural Copper 434 rappelant le tannage et la couleur du cuir. Les pignons sont valoris\u00e9s par une double fa\u00e7ade en Alucobond\u00ae ajour\u00e9e avec une trame r\u00e9guli\u00e8re jouant sur les effets [&hellip;]\" \/>\n<meta property=\"og:url\" content=\"https:\/\/batijournal.com\/index.php\/les-tanneries-du-puy-en-velay-soffrent-une-nouvelle-peau\/107687\/\" \/>\n<meta property=\"og:site_name\" content=\"Batijournal\" \/>\n<meta property=\"article:published_time\" content=\"2022-07-28T12:31:40+00:00\" \/>\n<meta property=\"article:modified_time\" content=\"2022-08-03T03:50:18+00:00\" \/>\n<meta property=\"og:image\" content=\"https:\/\/batijournal.com\/wp-content\/uploads\/2022\/07\/image006.jpg\" \/>\n\t<meta property=\"og:image:width\" content=\"561\" \/>\n\t<meta property=\"og:image:height\" content=\"310\" \/>\n\t<meta property=\"og:image:type\" content=\"image\/jpeg\" \/>\n<meta name=\"author\" content=\"St\u00e9phane Miget\" \/>\n<meta name=\"twitter:card\" content=\"summary_large_image\" \/>\n<meta name=\"twitter:creator\" content=\"@bati_journal\" \/>\n<meta name=\"twitter:site\" content=\"@bati_journal\" \/>\n<meta name=\"twitter:label1\" content=\"\u00c9crit par\" \/>\n\t<meta name=\"twitter:data1\" content=\"St\u00e9phane Miget\" \/>\n\t<meta name=\"twitter:label2\" content=\"Dur\u00e9e de lecture estim\u00e9e\" \/>\n\t<meta name=\"twitter:data2\" content=\"1 minute\" \/>\n<script type=\"application\/ld+json\" class=\"yoast-schema-graph\">{\"@context\":\"https:\\\/\\\/schema.org\",\"@graph\":[{\"@type\":\"Article\",\"@id\":\"https:\\\/\\\/batijournal.com\\\/index.php\\\/les-tanneries-du-puy-en-velay-soffrent-une-nouvelle-peau\\\/107687\\\/#article\",\"isPartOf\":{\"@id\":\"https:\\\/\\\/batijournal.com\\\/index.php\\\/les-tanneries-du-puy-en-velay-soffrent-une-nouvelle-peau\\\/107687\\\/\"},\"author\":{\"name\":\"St\u00e9phane Miget\",\"@id\":\"https:\\\/\\\/batijournal.com\\\/#\\\/schema\\\/person\\\/1dc96ec6957aa1ccb25ebe78bb19f100\"},\"headline\":\"Les Tanneries du Puy-en-Velay s\u2019offrent une nouvelle peau\",\"datePublished\":\"2022-07-28T12:31:40+00:00\",\"dateModified\":\"2022-08-03T03:50:18+00:00\",\"mainEntityOfPage\":{\"@id\":\"https:\\\/\\\/batijournal.com\\\/index.php\\\/les-tanneries-du-puy-en-velay-soffrent-une-nouvelle-peau\\\/107687\\\/\"},\"wordCount\":213,\"image\":{\"@id\":\"https:\\\/\\\/batijournal.com\\\/index.php\\\/les-tanneries-du-puy-en-velay-soffrent-une-nouvelle-peau\\\/107687\\\/#primaryimage\"},\"thumbnailUrl\":\"https:\\\/\\\/batijournal.com\\\/wp-content\\\/uploads\\\/2022\\\/07\\\/image006.jpg\",\"articleSection\":[\"Actualit\u00e9s\",\"zz_5fa\u00e7ades\",\"zz_Actualit\u00e9s - 5fa\u00e7ades\"],\"inLanguage\":\"fr-FR\"},{\"@type\":\"WebPage\",\"@id\":\"https:\\\/\\\/batijournal.com\\\/index.php\\\/les-tanneries-du-puy-en-velay-soffrent-une-nouvelle-peau\\\/107687\\\/\",\"url\":\"https:\\\/\\\/batijournal.com\\\/index.php\\\/les-tanneries-du-puy-en-velay-soffrent-une-nouvelle-peau\\\/107687\\\/\",\"name\":\"Les Tanneries du Puy-en-Velay s\u2019offrent une nouvelle peau\",\"isPartOf\":{\"@id\":\"https:\\\/\\\/batijournal.com\\\/#website\"},\"primaryImageOfPage\":{\"@id\":\"https:\\\/\\\/batijournal.com\\\/index.php\\\/les-tanneries-du-puy-en-velay-soffrent-une-nouvelle-peau\\\/107687\\\/#primaryimage\"},\"image\":{\"@id\":\"https:\\\/\\\/batijournal.com\\\/index.php\\\/les-tanneries-du-puy-en-velay-soffrent-une-nouvelle-peau\\\/107687\\\/#primaryimage\"},\"thumbnailUrl\":\"https:\\\/\\\/batijournal.com\\\/wp-content\\\/uploads\\\/2022\\\/07\\\/image006.jpg\",\"datePublished\":\"2022-07-28T12:31:40+00:00\",\"dateModified\":\"2022-08-03T03:50:18+00:00\",\"author\":{\"@id\":\"https:\\\/\\\/batijournal.com\\\/#\\\/schema\\\/person\\\/1dc96ec6957aa1ccb25ebe78bb19f100\"},\"breadcrumb\":{\"@id\":\"https:\\\/\\\/batijournal.com\\\/index.php\\\/les-tanneries-du-puy-en-velay-soffrent-une-nouvelle-peau\\\/107687\\\/#breadcrumb\"},\"inLanguage\":\"fr-FR\",\"potentialAction\":[{\"@type\":\"ReadAction\",\"target\":[\"https:\\\/\\\/batijournal.com\\\/index.php\\\/les-tanneries-du-puy-en-velay-soffrent-une-nouvelle-peau\\\/107687\\\/\"]}]},{\"@type\":\"ImageObject\",\"inLanguage\":\"fr-FR\",\"@id\":\"https:\\\/\\\/batijournal.com\\\/index.php\\\/les-tanneries-du-puy-en-velay-soffrent-une-nouvelle-peau\\\/107687\\\/#primaryimage\",\"url\":\"https:\\\/\\\/batijournal.com\\\/wp-content\\\/uploads\\\/2022\\\/07\\\/image006.jpg\",\"contentUrl\":\"https:\\\/\\\/batijournal.com\\\/wp-content\\\/uploads\\\/2022\\\/07\\\/image006.jpg\",\"width\":561,\"height\":310},{\"@type\":\"BreadcrumbList\",\"@id\":\"https:\\\/\\\/batijournal.com\\\/index.php\\\/les-tanneries-du-puy-en-velay-soffrent-une-nouvelle-peau\\\/107687\\\/#breadcrumb\",\"itemListElement\":[{\"@type\":\"ListItem\",\"position\":1,\"name\":\"Accueil\",\"item\":\"https:\\\/\\\/batijournal.com\\\/\"},{\"@type\":\"ListItem\",\"position\":2,\"name\":\"Actualit\u00e9s\",\"item\":\"https:\\\/\\\/batijournal.com\\\/index.php\\\/category\\\/actualites\\\/\"},{\"@type\":\"ListItem\",\"position\":3,\"name\":\"Les Tanneries du Puy-en-Velay s\u2019offrent une nouvelle peau\"}]},{\"@type\":\"WebSite\",\"@id\":\"https:\\\/\\\/batijournal.com\\\/#website\",\"url\":\"https:\\\/\\\/batijournal.com\\\/\",\"name\":\"Batijournal\",\"description\":\"L&#039;actualit\u00e9 du b\u00e2timent\",\"potentialAction\":[{\"@type\":\"SearchAction\",\"target\":{\"@type\":\"EntryPoint\",\"urlTemplate\":\"https:\\\/\\\/batijournal.com\\\/?s={search_term_string}\"},\"query-input\":{\"@type\":\"PropertyValueSpecification\",\"valueRequired\":true,\"valueName\":\"search_term_string\"}}],\"inLanguage\":\"fr-FR\"},{\"@type\":\"Person\",\"@id\":\"https:\\\/\\\/batijournal.com\\\/#\\\/schema\\\/person\\\/1dc96ec6957aa1ccb25ebe78bb19f100\",\"name\":\"St\u00e9phane Miget\",\"image\":{\"@type\":\"ImageObject\",\"inLanguage\":\"fr-FR\",\"@id\":\"https:\\\/\\\/secure.gravatar.com\\\/avatar\\\/89915563d925342126b8ef0281b93d9d7fc337043e8df017f780908eb9644451?s=96&d=mm&r=g\",\"url\":\"https:\\\/\\\/secure.gravatar.com\\\/avatar\\\/89915563d925342126b8ef0281b93d9d7fc337043e8df017f780908eb9644451?s=96&d=mm&r=g\",\"contentUrl\":\"https:\\\/\\\/secure.gravatar.com\\\/avatar\\\/89915563d925342126b8ef0281b93d9d7fc337043e8df017f780908eb9644451?s=96&d=mm&r=g\",\"caption\":\"St\u00e9phane Miget\"},\"url\":\"https:\\\/\\\/batijournal.com\\\/index.php\\\/author\\\/stephane\\\/\"}]}<\/script>\n<!-- \/ Yoast SEO plugin. -->","yoast_head_json":{"title":"Les Tanneries du Puy-en-Velay s\u2019offrent une nouvelle peau","robots":{"index":"index","follow":"follow","max-snippet":"max-snippet:-1","max-image-preview":"max-image-preview:large","max-video-preview":"max-video-preview:-1"},"canonical":"https:\/\/batijournal.com\/index.php\/les-tanneries-du-puy-en-velay-soffrent-une-nouvelle-peau\/107687\/","og_locale":"fr_FR","og_type":"article","og_title":"Les Tanneries du Puy-en-Velay s\u2019offrent une nouvelle peau","og_description":"Une fa\u00e7ade embl\u00e9matique aux lignes \u00e9pur\u00e9es et structurantes TIM Composites est fier d\u2019avoir habill\u00e9 la fa\u00e7ade de 1925 m2 en aluminium composite teinte rouille - Natural Copper 434 rappelant le tannage et la couleur du cuir. Les pignons sont valoris\u00e9s par une double fa\u00e7ade en Alucobond\u00ae ajour\u00e9e avec une trame r\u00e9guli\u00e8re jouant sur les effets [&hellip;]","og_url":"https:\/\/batijournal.com\/index.php\/les-tanneries-du-puy-en-velay-soffrent-une-nouvelle-peau\/107687\/","og_site_name":"Batijournal","article_published_time":"2022-07-28T12:31:40+00:00","article_modified_time":"2022-08-03T03:50:18+00:00","og_image":[{"width":561,"height":310,"url":"https:\/\/batijournal.com\/wp-content\/uploads\/2022\/07\/image006.jpg","type":"image\/jpeg"}],"author":"St\u00e9phane Miget","twitter_card":"summary_large_image","twitter_creator":"@bati_journal","twitter_site":"@bati_journal","twitter_misc":{"\u00c9crit par":"St\u00e9phane Miget","Dur\u00e9e de lecture estim\u00e9e":"1 minute"},"schema":{"@context":"https:\/\/schema.org","@graph":[{"@type":"Article","@id":"https:\/\/batijournal.com\/index.php\/les-tanneries-du-puy-en-velay-soffrent-une-nouvelle-peau\/107687\/#article","isPartOf":{"@id":"https:\/\/batijournal.com\/index.php\/les-tanneries-du-puy-en-velay-soffrent-une-nouvelle-peau\/107687\/"},"author":{"name":"St\u00e9phane Miget","@id":"https:\/\/batijournal.com\/#\/schema\/person\/1dc96ec6957aa1ccb25ebe78bb19f100"},"headline":"Les Tanneries du Puy-en-Velay s\u2019offrent une nouvelle peau","datePublished":"2022-07-28T12:31:40+00:00","dateModified":"2022-08-03T03:50:18+00:00","mainEntityOfPage":{"@id":"https:\/\/batijournal.com\/index.php\/les-tanneries-du-puy-en-velay-soffrent-une-nouvelle-peau\/107687\/"},"wordCount":213,"image":{"@id":"https:\/\/batijournal.com\/index.php\/les-tanneries-du-puy-en-velay-soffrent-une-nouvelle-peau\/107687\/#primaryimage"},"thumbnailUrl":"https:\/\/batijournal.com\/wp-content\/uploads\/2022\/07\/image006.jpg","articleSection":["Actualit\u00e9s","zz_5fa\u00e7ades","zz_Actualit\u00e9s - 5fa\u00e7ades"],"inLanguage":"fr-FR"},{"@type":"WebPage","@id":"https:\/\/batijournal.com\/index.php\/les-tanneries-du-puy-en-velay-soffrent-une-nouvelle-peau\/107687\/","url":"https:\/\/batijournal.com\/index.php\/les-tanneries-du-puy-en-velay-soffrent-une-nouvelle-peau\/107687\/","name":"Les Tanneries du Puy-en-Velay s\u2019offrent une nouvelle peau","isPartOf":{"@id":"https:\/\/batijournal.com\/#website"},"primaryImageOfPage":{"@id":"https:\/\/batijournal.com\/index.php\/les-tanneries-du-puy-en-velay-soffrent-une-nouvelle-peau\/107687\/#primaryimage"},"image":{"@id":"https:\/\/batijournal.com\/index.php\/les-tanneries-du-puy-en-velay-soffrent-une-nouvelle-peau\/107687\/#primaryimage"},"thumbnailUrl":"https:\/\/batijournal.com\/wp-content\/uploads\/2022\/07\/image006.jpg","datePublished":"2022-07-28T12:31:40+00:00","dateModified":"2022-08-03T03:50:18+00:00","author":{"@id":"https:\/\/batijournal.com\/#\/schema\/person\/1dc96ec6957aa1ccb25ebe78bb19f100"},"breadcrumb":{"@id":"https:\/\/batijournal.com\/index.php\/les-tanneries-du-puy-en-velay-soffrent-une-nouvelle-peau\/107687\/#breadcrumb"},"inLanguage":"fr-FR","potentialAction":[{"@type":"ReadAction","target":["https:\/\/batijournal.com\/index.php\/les-tanneries-du-puy-en-velay-soffrent-une-nouvelle-peau\/107687\/"]}]},{"@type":"ImageObject","inLanguage":"fr-FR","@id":"https:\/\/batijournal.com\/index.php\/les-tanneries-du-puy-en-velay-soffrent-une-nouvelle-peau\/107687\/#primaryimage","url":"https:\/\/batijournal.com\/wp-content\/uploads\/2022\/07\/image006.jpg","contentUrl":"https:\/\/batijournal.com\/wp-content\/uploads\/2022\/07\/image006.jpg","width":561,"height":310},{"@type":"BreadcrumbList","@id":"https:\/\/batijournal.com\/index.php\/les-tanneries-du-puy-en-velay-soffrent-une-nouvelle-peau\/107687\/#breadcrumb","itemListElement":[{"@type":"ListItem","position":1,"name":"Accueil","item":"https:\/\/batijournal.com\/"},{"@type":"ListItem","position":2,"name":"Actualit\u00e9s","item":"https:\/\/batijournal.com\/index.php\/category\/actualites\/"},{"@type":"ListItem","position":3,"name":"Les Tanneries du Puy-en-Velay s\u2019offrent une nouvelle peau"}]},{"@type":"WebSite","@id":"https:\/\/batijournal.com\/#website","url":"https:\/\/batijournal.com\/","name":"Batijournal","description":"L&#039;actualit\u00e9 du b\u00e2timent","potentialAction":[{"@type":"SearchAction","target":{"@type":"EntryPoint","urlTemplate":"https:\/\/batijournal.com\/?s={search_term_string}"},"query-input":{"@type":"PropertyValueSpecification","valueRequired":true,"valueName":"search_term_string"}}],"inLanguage":"fr-FR"},{"@type":"Person","@id":"https:\/\/batijournal.com\/#\/schema\/person\/1dc96ec6957aa1ccb25ebe78bb19f100","name":"St\u00e9phane Miget","image":{"@type":"ImageObject","inLanguage":"fr-FR","@id":"https:\/\/secure.gravatar.com\/avatar\/89915563d925342126b8ef0281b93d9d7fc337043e8df017f780908eb9644451?s=96&d=mm&r=g","url":"https:\/\/secure.gravatar.com\/avatar\/89915563d925342126b8ef0281b93d9d7fc337043e8df017f780908eb9644451?s=96&d=mm&r=g","contentUrl":"https:\/\/secure.gravatar.com\/avatar\/89915563d925342126b8ef0281b93d9d7fc337043e8df017f780908eb9644451?s=96&d=mm&r=g","caption":"St\u00e9phane Miget"},"url":"https:\/\/batijournal.com\/index.php\/author\/stephane\/"}]}},"_links":{"self":[{"href":"https:\/\/batijournal.com\/index.php\/wp-json\/wp\/v2\/posts\/107687","targetHints":{"allow":["GET"]}}],"collection":[{"href":"https:\/\/batijournal.com\/index.php\/wp-json\/wp\/v2\/posts"}],"about":[{"href":"https:\/\/batijournal.com\/index.php\/wp-json\/wp\/v2\/types\/post"}],"author":[{"embeddable":true,"href":"https:\/\/batijournal.com\/index.php\/wp-json\/wp\/v2\/users\/17"}],"replies":[{"embeddable":true,"href":"https:\/\/batijournal.com\/index.php\/wp-json\/wp\/v2\/comments?post=107687"}],"version-history":[{"count":0,"href":"https:\/\/batijournal.com\/index.php\/wp-json\/wp\/v2\/posts\/107687\/revisions"}],"wp:featuredmedia":[{"embeddable":true,"href":"https:\/\/batijournal.com\/index.php\/wp-json\/wp\/v2\/media\/107689"}],"wp:attachment":[{"href":"https:\/\/batijournal.com\/index.php\/wp-json\/wp\/v2\/media?parent=107687"}],"wp:term":[{"taxonomy":"category","embeddable":true,"href":"https:\/\/batijournal.com\/index.php\/wp-json\/wp\/v2\/categories?post=107687"},{"taxonomy":"post_tag","embeddable":true,"href":"https:\/\/batijournal.com\/index.php\/wp-json\/wp\/v2\/tags?post=107687"}],"curies":[{"name":"wp","href":"https:\/\/api.w.org\/{rel}","templated":true}]}}