{"id":107730,"date":"2022-09-05T11:58:28","date_gmt":"2022-09-05T09:58:28","guid":{"rendered":"https:\/\/batijournal.com\/?p=107730"},"modified":"2022-09-05T11:58:28","modified_gmt":"2022-09-05T09:58:28","slug":"toujours-plus-dauto-entrepreneurs","status":"publish","type":"post","link":"https:\/\/batijournal.com\/index.php\/toujours-plus-dauto-entrepreneurs\/107730\/","title":{"rendered":"Toujours plus d\u2019auto-entrepreneurs"},"content":{"rendered":"<p>Selon les chiffres du r\u00e9seau des Urssaf, 2 229 millions d\u2019auto-entrepreneurs \u00e9taient d\u00e9nombr\u00e9s fin d\u00e9cembre 2021, soit 296 000 de plus sur un an. Cette augmentation s\u2019explique par celle des immatriculations, dont le niveau atteint 704 000 sur 12 mois, soit 16,1 % de plus que sur l\u2019ann\u00e9e pr\u00e9c\u00e9dente. Au quatri\u00e8me trimestre 2021, 1 287 000 auto-entrepreneurs d\u00e9clarent un chiffre d\u2019affaires (CA) positif, soit 17,8 % de plus qu\u2019au quatri\u00e8me trimestre 2020. En deux ans, le nombre d\u2019AE d\u00e9clarant un chiffre d\u2019affaires a augment\u00e9 de 30,1 %. La part des auto-entrepreneurs actifs atteint ainsi 57,8 %, en augmentation de 1,2 point par rapport \u00e0 la fin 2020. Au dernier trimestre 2021, le dynamisme du chiffre d\u2019affaires global est encore tr\u00e8s marqu\u00e9 (+ 26,5 %). Il franchit ainsi le seuil des 6 milliards d\u2019euros. Le CA trimestriel moyen s\u2019\u00e9tablit \u00e0 4 706 euros, soit 7,4 % de plus en un an. Il s\u2019agit du niveau le plus haut jamais atteint depuis la cr\u00e9ation du dispositif AE, en lien notamment avec le doublement en 2018 des plafonds y ouvrant droit.<\/p>\n","protected":false},"excerpt":{"rendered":"<p>Selon les chiffres du r\u00e9seau des Urssaf, 2 229 millions d\u2019auto-entrepreneurs \u00e9taient d\u00e9nombr\u00e9s fin d\u00e9cembre 2021, soit 296 000 de plus sur un an. Cette augmentation s\u2019explique par celle des immatriculations, dont le niveau atteint 704 000 sur 12 mois, soit 16,1 % de plus que sur l\u2019ann\u00e9e pr\u00e9c\u00e9dente. Au quatri\u00e8me trimestre 2021, 1 287 [&hellip;]<\/p>\n","protected":false},"author":17,"featured_media":96520,"comment_status":"closed","ping_status":"closed","sticky":false,"template":"","format":"standard","meta":{"_et_pb_use_builder":"","_et_pb_old_content":"","_et_gb_content_width":"","footnotes":""},"categories":[10736,10530,6345],"tags":[13117],"class_list":["post-107730","post","type-post","status-publish","format-standard","has-post-thumbnail","hentry","category-a-la-une","category-actualites","category-economie-marches","tag-auto-entrepreneurs"],"yoast_head":"<!-- This site is optimized with the Yoast SEO plugin v27.4 - https:\/\/yoast.com\/product\/yoast-seo-wordpress\/ -->\n<title>Toujours plus d\u2019auto-entrepreneurs<\/title>\n<meta name=\"robots\" content=\"index, follow, max-snippet:-1, max-image-preview:large, max-video-preview:-1\" \/>\n<link rel=\"canonical\" href=\"https:\/\/batijournal.com\/index.php\/toujours-plus-dauto-entrepreneurs\/107730\/\" \/>\n<meta property=\"og:locale\" content=\"fr_FR\" \/>\n<meta property=\"og:type\" content=\"article\" \/>\n<meta property=\"og:title\" content=\"Toujours plus d\u2019auto-entrepreneurs\" \/>\n<meta property=\"og:description\" content=\"Selon les chiffres du r\u00e9seau des Urssaf, 2 229 millions d\u2019auto-entrepreneurs \u00e9taient d\u00e9nombr\u00e9s fin d\u00e9cembre 2021, soit 296 000 de plus sur un an. Cette augmentation s\u2019explique par celle des immatriculations, dont le niveau atteint 704 000 sur 12 mois, soit 16,1 % de plus que sur l\u2019ann\u00e9e pr\u00e9c\u00e9dente. Au quatri\u00e8me trimestre 2021, 1 287 [&hellip;]\" \/>\n<meta property=\"og:url\" content=\"https:\/\/batijournal.com\/index.php\/toujours-plus-dauto-entrepreneurs\/107730\/\" \/>\n<meta property=\"og:site_name\" content=\"Batijournal\" \/>\n<meta property=\"article:published_time\" content=\"2022-09-05T09:58:28+00:00\" \/>\n<meta property=\"og:image\" content=\"https:\/\/batijournal.com\/wp-content\/uploads\/2017\/07\/artisan-peintre-plafond-e1761826526780.jpg\" \/>\n\t<meta property=\"og:image:width\" content=\"1000\" \/>\n\t<meta property=\"og:image:height\" content=\"667\" \/>\n\t<meta property=\"og:image:type\" content=\"image\/jpeg\" \/>\n<meta name=\"author\" content=\"St\u00e9phane Miget\" \/>\n<meta name=\"twitter:card\" content=\"summary_large_image\" \/>\n<meta name=\"twitter:creator\" content=\"@bati_journal\" \/>\n<meta name=\"twitter:site\" content=\"@bati_journal\" \/>\n<meta name=\"twitter:label1\" content=\"\u00c9crit par\" \/>\n\t<meta name=\"twitter:data1\" content=\"St\u00e9phane Miget\" \/>\n\t<meta name=\"twitter:label2\" content=\"Dur\u00e9e de lecture estim\u00e9e\" \/>\n\t<meta name=\"twitter:data2\" content=\"1 minute\" \/>\n<script type=\"application\/ld+json\" class=\"yoast-schema-graph\">{\"@context\":\"https:\\\/\\\/schema.org\",\"@graph\":[{\"@type\":\"Article\",\"@id\":\"https:\\\/\\\/batijournal.com\\\/index.php\\\/toujours-plus-dauto-entrepreneurs\\\/107730\\\/#article\",\"isPartOf\":{\"@id\":\"https:\\\/\\\/batijournal.com\\\/index.php\\\/toujours-plus-dauto-entrepreneurs\\\/107730\\\/\"},\"author\":{\"name\":\"St\u00e9phane Miget\",\"@id\":\"https:\\\/\\\/batijournal.com\\\/#\\\/schema\\\/person\\\/1dc96ec6957aa1ccb25ebe78bb19f100\"},\"headline\":\"Toujours plus d\u2019auto-entrepreneurs\",\"datePublished\":\"2022-09-05T09:58:28+00:00\",\"mainEntityOfPage\":{\"@id\":\"https:\\\/\\\/batijournal.com\\\/index.php\\\/toujours-plus-dauto-entrepreneurs\\\/107730\\\/\"},\"wordCount\":171,\"image\":{\"@id\":\"https:\\\/\\\/batijournal.com\\\/index.php\\\/toujours-plus-dauto-entrepreneurs\\\/107730\\\/#primaryimage\"},\"thumbnailUrl\":\"https:\\\/\\\/batijournal.com\\\/wp-content\\\/uploads\\\/2017\\\/07\\\/artisan-peintre-plafond-e1761826526780.jpg\",\"keywords\":[\"auto-entrepreneurs\"],\"articleSection\":[\"A la Une\",\"Actualit\u00e9s\",\"\u00c9conomie &amp; March\u00e9s\"],\"inLanguage\":\"fr-FR\"},{\"@type\":\"WebPage\",\"@id\":\"https:\\\/\\\/batijournal.com\\\/index.php\\\/toujours-plus-dauto-entrepreneurs\\\/107730\\\/\",\"url\":\"https:\\\/\\\/batijournal.com\\\/index.php\\\/toujours-plus-dauto-entrepreneurs\\\/107730\\\/\",\"name\":\"Toujours plus d\u2019auto-entrepreneurs\",\"isPartOf\":{\"@id\":\"https:\\\/\\\/batijournal.com\\\/#website\"},\"primaryImageOfPage\":{\"@id\":\"https:\\\/\\\/batijournal.com\\\/index.php\\\/toujours-plus-dauto-entrepreneurs\\\/107730\\\/#primaryimage\"},\"image\":{\"@id\":\"https:\\\/\\\/batijournal.com\\\/index.php\\\/toujours-plus-dauto-entrepreneurs\\\/107730\\\/#primaryimage\"},\"thumbnailUrl\":\"https:\\\/\\\/batijournal.com\\\/wp-content\\\/uploads\\\/2017\\\/07\\\/artisan-peintre-plafond-e1761826526780.jpg\",\"datePublished\":\"2022-09-05T09:58:28+00:00\",\"author\":{\"@id\":\"https:\\\/\\\/batijournal.com\\\/#\\\/schema\\\/person\\\/1dc96ec6957aa1ccb25ebe78bb19f100\"},\"breadcrumb\":{\"@id\":\"https:\\\/\\\/batijournal.com\\\/index.php\\\/toujours-plus-dauto-entrepreneurs\\\/107730\\\/#breadcrumb\"},\"inLanguage\":\"fr-FR\",\"potentialAction\":[{\"@type\":\"ReadAction\",\"target\":[\"https:\\\/\\\/batijournal.com\\\/index.php\\\/toujours-plus-dauto-entrepreneurs\\\/107730\\\/\"]}]},{\"@type\":\"ImageObject\",\"inLanguage\":\"fr-FR\",\"@id\":\"https:\\\/\\\/batijournal.com\\\/index.php\\\/toujours-plus-dauto-entrepreneurs\\\/107730\\\/#primaryimage\",\"url\":\"https:\\\/\\\/batijournal.com\\\/wp-content\\\/uploads\\\/2017\\\/07\\\/artisan-peintre-plafond-e1761826526780.jpg\",\"contentUrl\":\"https:\\\/\\\/batijournal.com\\\/wp-content\\\/uploads\\\/2017\\\/07\\\/artisan-peintre-plafond-e1761826526780.jpg\",\"width\":1000,\"height\":667,\"caption\":\"barometre-arti-sante-btp\"},{\"@type\":\"BreadcrumbList\",\"@id\":\"https:\\\/\\\/batijournal.com\\\/index.php\\\/toujours-plus-dauto-entrepreneurs\\\/107730\\\/#breadcrumb\",\"itemListElement\":[{\"@type\":\"ListItem\",\"position\":1,\"name\":\"Accueil\",\"item\":\"https:\\\/\\\/batijournal.com\\\/\"},{\"@type\":\"ListItem\",\"position\":2,\"name\":\"Actualit\u00e9s\",\"item\":\"https:\\\/\\\/batijournal.com\\\/index.php\\\/category\\\/actualites\\\/\"},{\"@type\":\"ListItem\",\"position\":3,\"name\":\"Toujours plus d\u2019auto-entrepreneurs\"}]},{\"@type\":\"WebSite\",\"@id\":\"https:\\\/\\\/batijournal.com\\\/#website\",\"url\":\"https:\\\/\\\/batijournal.com\\\/\",\"name\":\"Batijournal\",\"description\":\"L&#039;actualit\u00e9 du b\u00e2timent\",\"potentialAction\":[{\"@type\":\"SearchAction\",\"target\":{\"@type\":\"EntryPoint\",\"urlTemplate\":\"https:\\\/\\\/batijournal.com\\\/?s={search_term_string}\"},\"query-input\":{\"@type\":\"PropertyValueSpecification\",\"valueRequired\":true,\"valueName\":\"search_term_string\"}}],\"inLanguage\":\"fr-FR\"},{\"@type\":\"Person\",\"@id\":\"https:\\\/\\\/batijournal.com\\\/#\\\/schema\\\/person\\\/1dc96ec6957aa1ccb25ebe78bb19f100\",\"name\":\"St\u00e9phane Miget\",\"image\":{\"@type\":\"ImageObject\",\"inLanguage\":\"fr-FR\",\"@id\":\"https:\\\/\\\/secure.gravatar.com\\\/avatar\\\/89915563d925342126b8ef0281b93d9d7fc337043e8df017f780908eb9644451?s=96&d=mm&r=g\",\"url\":\"https:\\\/\\\/secure.gravatar.com\\\/avatar\\\/89915563d925342126b8ef0281b93d9d7fc337043e8df017f780908eb9644451?s=96&d=mm&r=g\",\"contentUrl\":\"https:\\\/\\\/secure.gravatar.com\\\/avatar\\\/89915563d925342126b8ef0281b93d9d7fc337043e8df017f780908eb9644451?s=96&d=mm&r=g\",\"caption\":\"St\u00e9phane Miget\"},\"url\":\"https:\\\/\\\/batijournal.com\\\/index.php\\\/author\\\/stephane\\\/\"}]}<\/script>\n<!-- \/ Yoast SEO plugin. -->","yoast_head_json":{"title":"Toujours plus d\u2019auto-entrepreneurs","robots":{"index":"index","follow":"follow","max-snippet":"max-snippet:-1","max-image-preview":"max-image-preview:large","max-video-preview":"max-video-preview:-1"},"canonical":"https:\/\/batijournal.com\/index.php\/toujours-plus-dauto-entrepreneurs\/107730\/","og_locale":"fr_FR","og_type":"article","og_title":"Toujours plus d\u2019auto-entrepreneurs","og_description":"Selon les chiffres du r\u00e9seau des Urssaf, 2 229 millions d\u2019auto-entrepreneurs \u00e9taient d\u00e9nombr\u00e9s fin d\u00e9cembre 2021, soit 296 000 de plus sur un an. Cette augmentation s\u2019explique par celle des immatriculations, dont le niveau atteint 704 000 sur 12 mois, soit 16,1 % de plus que sur l\u2019ann\u00e9e pr\u00e9c\u00e9dente. Au quatri\u00e8me trimestre 2021, 1 287 [&hellip;]","og_url":"https:\/\/batijournal.com\/index.php\/toujours-plus-dauto-entrepreneurs\/107730\/","og_site_name":"Batijournal","article_published_time":"2022-09-05T09:58:28+00:00","og_image":[{"width":1000,"height":667,"url":"https:\/\/batijournal.com\/wp-content\/uploads\/2017\/07\/artisan-peintre-plafond-e1761826526780.jpg","type":"image\/jpeg"}],"author":"St\u00e9phane Miget","twitter_card":"summary_large_image","twitter_creator":"@bati_journal","twitter_site":"@bati_journal","twitter_misc":{"\u00c9crit par":"St\u00e9phane Miget","Dur\u00e9e de lecture estim\u00e9e":"1 minute"},"schema":{"@context":"https:\/\/schema.org","@graph":[{"@type":"Article","@id":"https:\/\/batijournal.com\/index.php\/toujours-plus-dauto-entrepreneurs\/107730\/#article","isPartOf":{"@id":"https:\/\/batijournal.com\/index.php\/toujours-plus-dauto-entrepreneurs\/107730\/"},"author":{"name":"St\u00e9phane Miget","@id":"https:\/\/batijournal.com\/#\/schema\/person\/1dc96ec6957aa1ccb25ebe78bb19f100"},"headline":"Toujours plus d\u2019auto-entrepreneurs","datePublished":"2022-09-05T09:58:28+00:00","mainEntityOfPage":{"@id":"https:\/\/batijournal.com\/index.php\/toujours-plus-dauto-entrepreneurs\/107730\/"},"wordCount":171,"image":{"@id":"https:\/\/batijournal.com\/index.php\/toujours-plus-dauto-entrepreneurs\/107730\/#primaryimage"},"thumbnailUrl":"https:\/\/batijournal.com\/wp-content\/uploads\/2017\/07\/artisan-peintre-plafond-e1761826526780.jpg","keywords":["auto-entrepreneurs"],"articleSection":["A la Une","Actualit\u00e9s","\u00c9conomie &amp; March\u00e9s"],"inLanguage":"fr-FR"},{"@type":"WebPage","@id":"https:\/\/batijournal.com\/index.php\/toujours-plus-dauto-entrepreneurs\/107730\/","url":"https:\/\/batijournal.com\/index.php\/toujours-plus-dauto-entrepreneurs\/107730\/","name":"Toujours plus d\u2019auto-entrepreneurs","isPartOf":{"@id":"https:\/\/batijournal.com\/#website"},"primaryImageOfPage":{"@id":"https:\/\/batijournal.com\/index.php\/toujours-plus-dauto-entrepreneurs\/107730\/#primaryimage"},"image":{"@id":"https:\/\/batijournal.com\/index.php\/toujours-plus-dauto-entrepreneurs\/107730\/#primaryimage"},"thumbnailUrl":"https:\/\/batijournal.com\/wp-content\/uploads\/2017\/07\/artisan-peintre-plafond-e1761826526780.jpg","datePublished":"2022-09-05T09:58:28+00:00","author":{"@id":"https:\/\/batijournal.com\/#\/schema\/person\/1dc96ec6957aa1ccb25ebe78bb19f100"},"breadcrumb":{"@id":"https:\/\/batijournal.com\/index.php\/toujours-plus-dauto-entrepreneurs\/107730\/#breadcrumb"},"inLanguage":"fr-FR","potentialAction":[{"@type":"ReadAction","target":["https:\/\/batijournal.com\/index.php\/toujours-plus-dauto-entrepreneurs\/107730\/"]}]},{"@type":"ImageObject","inLanguage":"fr-FR","@id":"https:\/\/batijournal.com\/index.php\/toujours-plus-dauto-entrepreneurs\/107730\/#primaryimage","url":"https:\/\/batijournal.com\/wp-content\/uploads\/2017\/07\/artisan-peintre-plafond-e1761826526780.jpg","contentUrl":"https:\/\/batijournal.com\/wp-content\/uploads\/2017\/07\/artisan-peintre-plafond-e1761826526780.jpg","width":1000,"height":667,"caption":"barometre-arti-sante-btp"},{"@type":"BreadcrumbList","@id":"https:\/\/batijournal.com\/index.php\/toujours-plus-dauto-entrepreneurs\/107730\/#breadcrumb","itemListElement":[{"@type":"ListItem","position":1,"name":"Accueil","item":"https:\/\/batijournal.com\/"},{"@type":"ListItem","position":2,"name":"Actualit\u00e9s","item":"https:\/\/batijournal.com\/index.php\/category\/actualites\/"},{"@type":"ListItem","position":3,"name":"Toujours plus d\u2019auto-entrepreneurs"}]},{"@type":"WebSite","@id":"https:\/\/batijournal.com\/#website","url":"https:\/\/batijournal.com\/","name":"Batijournal","description":"L&#039;actualit\u00e9 du b\u00e2timent","potentialAction":[{"@type":"SearchAction","target":{"@type":"EntryPoint","urlTemplate":"https:\/\/batijournal.com\/?s={search_term_string}"},"query-input":{"@type":"PropertyValueSpecification","valueRequired":true,"valueName":"search_term_string"}}],"inLanguage":"fr-FR"},{"@type":"Person","@id":"https:\/\/batijournal.com\/#\/schema\/person\/1dc96ec6957aa1ccb25ebe78bb19f100","name":"St\u00e9phane Miget","image":{"@type":"ImageObject","inLanguage":"fr-FR","@id":"https:\/\/secure.gravatar.com\/avatar\/89915563d925342126b8ef0281b93d9d7fc337043e8df017f780908eb9644451?s=96&d=mm&r=g","url":"https:\/\/secure.gravatar.com\/avatar\/89915563d925342126b8ef0281b93d9d7fc337043e8df017f780908eb9644451?s=96&d=mm&r=g","contentUrl":"https:\/\/secure.gravatar.com\/avatar\/89915563d925342126b8ef0281b93d9d7fc337043e8df017f780908eb9644451?s=96&d=mm&r=g","caption":"St\u00e9phane Miget"},"url":"https:\/\/batijournal.com\/index.php\/author\/stephane\/"}]}},"_links":{"self":[{"href":"https:\/\/batijournal.com\/index.php\/wp-json\/wp\/v2\/posts\/107730","targetHints":{"allow":["GET"]}}],"collection":[{"href":"https:\/\/batijournal.com\/index.php\/wp-json\/wp\/v2\/posts"}],"about":[{"href":"https:\/\/batijournal.com\/index.php\/wp-json\/wp\/v2\/types\/post"}],"author":[{"embeddable":true,"href":"https:\/\/batijournal.com\/index.php\/wp-json\/wp\/v2\/users\/17"}],"replies":[{"embeddable":true,"href":"https:\/\/batijournal.com\/index.php\/wp-json\/wp\/v2\/comments?post=107730"}],"version-history":[{"count":0,"href":"https:\/\/batijournal.com\/index.php\/wp-json\/wp\/v2\/posts\/107730\/revisions"}],"wp:featuredmedia":[{"embeddable":true,"href":"https:\/\/batijournal.com\/index.php\/wp-json\/wp\/v2\/media\/96520"}],"wp:attachment":[{"href":"https:\/\/batijournal.com\/index.php\/wp-json\/wp\/v2\/media?parent=107730"}],"wp:term":[{"taxonomy":"category","embeddable":true,"href":"https:\/\/batijournal.com\/index.php\/wp-json\/wp\/v2\/categories?post=107730"},{"taxonomy":"post_tag","embeddable":true,"href":"https:\/\/batijournal.com\/index.php\/wp-json\/wp\/v2\/tags?post=107730"}],"curies":[{"name":"wp","href":"https:\/\/api.w.org\/{rel}","templated":true}]}}