{"id":107748,"date":"2022-09-08T17:34:46","date_gmt":"2022-09-08T15:34:46","guid":{"rendered":"https:\/\/batijournal.com\/?p=107748"},"modified":"2022-09-08T17:34:46","modified_gmt":"2022-09-08T15:34:46","slug":"ardoise-en-toiture-et-en-facade","status":"publish","type":"post","link":"https:\/\/batijournal.com\/index.php\/ardoise-en-toiture-et-en-facade\/107748\/","title":{"rendered":"Ardoise en toiture et en fa\u00e7ade"},"content":{"rendered":"<p>A Ville-sur-Lumes, dans les Ardennes, le cabinet Lecomte Perez Architectes a rendu hommage \u00e0 la tradition ardoisi\u00e8re du territoire, dans le cadre d&rsquo;un projet qui fait la part belle au schiste : 280 m2 en toiture et 80 m2 enfa\u00e7ade. Anne P\u00e9rez, en charge de la conception de cette maison, t\u00e9moigne.<\/p>\n<h2>Quelle \u00e9tait la commande ? Comment avez-vous construit ce projet ?<\/h2>\n<p>Nous avions un challenge \u00e0 relever, celui de cr\u00e9er une maison enti\u00e8rement accessible \u00e0 un handicap physique lourd. Les dimensions des pi\u00e8ces sont donc beaucoup plus grandes que celles d\u2019une maison \u201ctraditionnelle\u201d.<\/p>\n<p>Pour concevoir cette b\u00e2tisse sans effet massif, avec des pi\u00e8ces orient\u00e9es id\u00e9alement, et qui puisse int\u00e9grer l\u2019ensemble des surfaces souhait\u00e9es par le maitre d\u2019ouvrage, nous avons choisi de r\u00e9partir les pi\u00e8ces dans plusieurs ailes : celle des pi\u00e8ces de vie, celle du couple et celle des enfants. A l\u2019\u00e9tage, une grande mezzanine, vou\u00e9e aux loisirs (jeux et biblioth\u00e8que) est tourn\u00e9e vers le grand paysage.<\/p>\n<p>D\u2019autre part, le terrain pr\u00e9sentait un fort d\u00e9nivel\u00e9 ce qui nous a amen\u00e9s logiquement \u00e0 le traiter gr\u00e2ce aux diff\u00e9rents niveaux de la maison. Les pi\u00e8ces principales sont au niveau de la rue et ont un acc\u00e8s sur une grande terrasse et sur une partie du jardin.<\/p>\n<p>Les pi\u00e8ces techniques, comme le garage et la salle de remise en forme, sont au niveau du jardin le plus bas. Cela nous a permis de faire le moins de mouvement de terrain possible et de limiter l\u2019impact de cette maison, aux dimensions cons\u00e9quentes, sur son environnement proche et sur le paysage. En effet, elle se trouve dans un lotissement de maisons de constructeurs, qui ont toutes des dimensions plus modestes.<\/p>\n<h2>Quels \u00e9taient les objectifs \u00e9nerg\u00e9tiques attendus ?<\/h2>\n<p>Au-del\u00e0 de l\u2019obligation \u00e0 la r\u00e8glementation thermique, nous sommes tr\u00e8s sensibles dans notre agence \u00e0 la question environnementale. Un grand soin a \u00e9t\u00e9 apport\u00e9 \u00e0 l\u2019isolation et \u00e0 l\u2019\u00e9tanch\u00e9it\u00e9 \u00e0 l\u2019air.<\/p>\n<p>L\u2019orientation g\u00e9n\u00e9rale de la maison a \u00e9t\u00e9 pens\u00e9e au plus pr\u00e8s de la logique du bio climatisme et nous avons propos\u00e9 un syst\u00e8me de chauffage et de production d\u2019eau chaude durable, avec une pompe \u00e0 chaleur et des panneaux solaires. L\u2019orientation de la maison permettait de mettre en place 8 panneaux solaires orient\u00e9s plein sud.<\/p>\n<h2>Pourquoi avoir choisi l\u2019ardoise ?<\/h2>\n<p>La maison \u00e9tant tr\u00e8s grande, il fallait qu\u2019elle ait un caract\u00e8re \u00e0 la hauteur de ses volumes : l\u2019ardoise s\u2019est rapidement impos\u00e9e. D\u2019une part car l\u2019Ardenne est l\u2019une des plus grandes provinces ardoisi\u00e8res europ\u00e9ennes, et nous souhaitions que cette maison aux lignes contemporaines affirm\u00e9es garde un lien symbolique fort avec le patrimoine local.<\/p>\n<p>D\u2019autre part, car l\u2019ardoise est un mat\u00e9riau noble, qui impose un caract\u00e8re affirm\u00e9.<br \/>\nLe choix de l\u2019ardoise en fa\u00e7ade a \u00e9t\u00e9 fait pour cr\u00e9er de la profondeur et amener un effet de texture que nous n\u2019aurions jamais eu avec de l\u2019enduit. Pour que l\u2019ensemble ne soit pas trop sombre, et faire la transition entre l\u2019ardoise et l\u2019enduit clair, nous avons choisi de rev\u00eatir une partie des fa\u00e7ades avec de la pierre aux tons nuanc\u00e9s gris.<\/p>\n<p>C\u2019est la premi\u00e8re fois que nous proposions de l\u2019ardoise en fa\u00e7ade et nous sommes pleinement satisfaites, car le rendu r\u00e9pond tout \u00e0 fait \u00e0 la cr\u00e9ation architecturale que nous avions imagin\u00e9e. 80 m2 ont \u00e9t\u00e9 pos\u00e9s gr\u00e2ce au syst\u00e8me de bardage rapport\u00e9 CUPACLAD\u00ae 101 LOGIC.<\/p>\n<p>Leader mondial de l\u2019ardoise naturelle, Cupa Pizarras exporte chaque ann\u00e9e 80 000 tonnes de schiste vers la France, premier pays consommateur au monde. Fendue \u00e0 la main, l\u2019ardoise naturelle Cupa Pizarras est un mat\u00e9riau totalement inerte : elle ne subit aucune modification chimique durant sa transformation. Elle se distingue \u00e9galement par sa long\u00e9vit\u00e9 de 100 ans qui en fait le mat\u00e9riau de couverture le plus durable.<\/p>\n","protected":false},"excerpt":{"rendered":"<p>A Ville-sur-Lumes, dans les Ardennes, le cabinet Lecomte Perez Architectes a rendu hommage \u00e0 la tradition ardoisi\u00e8re du territoire, dans le cadre d&rsquo;un projet qui fait la part belle au schiste : 280 m2 en toiture et 80 m2 enfa\u00e7ade. Anne P\u00e9rez, en charge de la conception de cette maison, t\u00e9moigne. Quelle \u00e9tait la commande [&hellip;]<\/p>\n","protected":false},"author":17,"featured_media":107749,"comment_status":"closed","ping_status":"closed","sticky":false,"template":"","format":"standard","meta":{"_et_pb_use_builder":"","_et_pb_old_content":"","_et_gb_content_width":"","footnotes":""},"categories":[10530,6340,10771,10775],"tags":[12900],"class_list":["post-107748","post","type-post","status-publish","format-standard","has-post-thumbnail","hentry","category-actualites","category-architecture-conception","category-5facades","category-actualites-5facades","tag-ardoise"],"yoast_head":"<!-- This site is optimized with the Yoast SEO plugin v27.4 - https:\/\/yoast.com\/product\/yoast-seo-wordpress\/ -->\n<title>Ardoise en toiture et en fa\u00e7ade<\/title>\n<meta name=\"robots\" content=\"index, follow, max-snippet:-1, max-image-preview:large, max-video-preview:-1\" \/>\n<link rel=\"canonical\" href=\"https:\/\/batijournal.com\/index.php\/ardoise-en-toiture-et-en-facade\/107748\/\" \/>\n<meta property=\"og:locale\" content=\"fr_FR\" \/>\n<meta property=\"og:type\" content=\"article\" \/>\n<meta property=\"og:title\" content=\"Ardoise en toiture et en fa\u00e7ade\" \/>\n<meta property=\"og:description\" content=\"A Ville-sur-Lumes, dans les Ardennes, le cabinet Lecomte Perez Architectes a rendu hommage \u00e0 la tradition ardoisi\u00e8re du territoire, dans le cadre d&rsquo;un projet qui fait la part belle au schiste : 280 m2 en toiture et 80 m2 enfa\u00e7ade. Anne P\u00e9rez, en charge de la conception de cette maison, t\u00e9moigne. Quelle \u00e9tait la commande [&hellip;]\" \/>\n<meta property=\"og:url\" content=\"https:\/\/batijournal.com\/index.php\/ardoise-en-toiture-et-en-facade\/107748\/\" \/>\n<meta property=\"og:site_name\" content=\"Batijournal\" \/>\n<meta property=\"article:published_time\" content=\"2022-09-08T15:34:46+00:00\" \/>\n<meta property=\"og:image\" content=\"https:\/\/batijournal.com\/wp-content\/uploads\/2022\/09\/ardoise-en-toiture-et-en-facade.jpg\" \/>\n\t<meta property=\"og:image:width\" content=\"1000\" \/>\n\t<meta property=\"og:image:height\" content=\"668\" \/>\n\t<meta property=\"og:image:type\" content=\"image\/jpeg\" \/>\n<meta name=\"author\" content=\"St\u00e9phane Miget\" \/>\n<meta name=\"twitter:card\" content=\"summary_large_image\" \/>\n<meta name=\"twitter:creator\" content=\"@bati_journal\" \/>\n<meta name=\"twitter:site\" content=\"@bati_journal\" \/>\n<meta name=\"twitter:label1\" content=\"\u00c9crit par\" \/>\n\t<meta name=\"twitter:data1\" content=\"St\u00e9phane Miget\" \/>\n\t<meta name=\"twitter:label2\" content=\"Dur\u00e9e de lecture estim\u00e9e\" \/>\n\t<meta name=\"twitter:data2\" content=\"3 minutes\" \/>\n<script type=\"application\/ld+json\" class=\"yoast-schema-graph\">{\"@context\":\"https:\\\/\\\/schema.org\",\"@graph\":[{\"@type\":\"Article\",\"@id\":\"https:\\\/\\\/batijournal.com\\\/index.php\\\/ardoise-en-toiture-et-en-facade\\\/107748\\\/#article\",\"isPartOf\":{\"@id\":\"https:\\\/\\\/batijournal.com\\\/index.php\\\/ardoise-en-toiture-et-en-facade\\\/107748\\\/\"},\"author\":{\"name\":\"St\u00e9phane Miget\",\"@id\":\"https:\\\/\\\/batijournal.com\\\/#\\\/schema\\\/person\\\/1dc96ec6957aa1ccb25ebe78bb19f100\"},\"headline\":\"Ardoise en toiture et en fa\u00e7ade\",\"datePublished\":\"2022-09-08T15:34:46+00:00\",\"mainEntityOfPage\":{\"@id\":\"https:\\\/\\\/batijournal.com\\\/index.php\\\/ardoise-en-toiture-et-en-facade\\\/107748\\\/\"},\"wordCount\":686,\"image\":{\"@id\":\"https:\\\/\\\/batijournal.com\\\/index.php\\\/ardoise-en-toiture-et-en-facade\\\/107748\\\/#primaryimage\"},\"thumbnailUrl\":\"https:\\\/\\\/batijournal.com\\\/wp-content\\\/uploads\\\/2022\\\/09\\\/ardoise-en-toiture-et-en-facade.jpg\",\"keywords\":[\"ardoise\"],\"articleSection\":[\"Actualit\u00e9s\",\"Architecture &amp; Conception\",\"zz_5fa\u00e7ades\",\"zz_Actualit\u00e9s - 5fa\u00e7ades\"],\"inLanguage\":\"fr-FR\"},{\"@type\":\"WebPage\",\"@id\":\"https:\\\/\\\/batijournal.com\\\/index.php\\\/ardoise-en-toiture-et-en-facade\\\/107748\\\/\",\"url\":\"https:\\\/\\\/batijournal.com\\\/index.php\\\/ardoise-en-toiture-et-en-facade\\\/107748\\\/\",\"name\":\"Ardoise en toiture et en fa\u00e7ade\",\"isPartOf\":{\"@id\":\"https:\\\/\\\/batijournal.com\\\/#website\"},\"primaryImageOfPage\":{\"@id\":\"https:\\\/\\\/batijournal.com\\\/index.php\\\/ardoise-en-toiture-et-en-facade\\\/107748\\\/#primaryimage\"},\"image\":{\"@id\":\"https:\\\/\\\/batijournal.com\\\/index.php\\\/ardoise-en-toiture-et-en-facade\\\/107748\\\/#primaryimage\"},\"thumbnailUrl\":\"https:\\\/\\\/batijournal.com\\\/wp-content\\\/uploads\\\/2022\\\/09\\\/ardoise-en-toiture-et-en-facade.jpg\",\"datePublished\":\"2022-09-08T15:34:46+00:00\",\"author\":{\"@id\":\"https:\\\/\\\/batijournal.com\\\/#\\\/schema\\\/person\\\/1dc96ec6957aa1ccb25ebe78bb19f100\"},\"breadcrumb\":{\"@id\":\"https:\\\/\\\/batijournal.com\\\/index.php\\\/ardoise-en-toiture-et-en-facade\\\/107748\\\/#breadcrumb\"},\"inLanguage\":\"fr-FR\",\"potentialAction\":[{\"@type\":\"ReadAction\",\"target\":[\"https:\\\/\\\/batijournal.com\\\/index.php\\\/ardoise-en-toiture-et-en-facade\\\/107748\\\/\"]}]},{\"@type\":\"ImageObject\",\"inLanguage\":\"fr-FR\",\"@id\":\"https:\\\/\\\/batijournal.com\\\/index.php\\\/ardoise-en-toiture-et-en-facade\\\/107748\\\/#primaryimage\",\"url\":\"https:\\\/\\\/batijournal.com\\\/wp-content\\\/uploads\\\/2022\\\/09\\\/ardoise-en-toiture-et-en-facade.jpg\",\"contentUrl\":\"https:\\\/\\\/batijournal.com\\\/wp-content\\\/uploads\\\/2022\\\/09\\\/ardoise-en-toiture-et-en-facade.jpg\",\"width\":1000,\"height\":668},{\"@type\":\"BreadcrumbList\",\"@id\":\"https:\\\/\\\/batijournal.com\\\/index.php\\\/ardoise-en-toiture-et-en-facade\\\/107748\\\/#breadcrumb\",\"itemListElement\":[{\"@type\":\"ListItem\",\"position\":1,\"name\":\"Accueil\",\"item\":\"https:\\\/\\\/batijournal.com\\\/\"},{\"@type\":\"ListItem\",\"position\":2,\"name\":\"Actualit\u00e9s\",\"item\":\"https:\\\/\\\/batijournal.com\\\/index.php\\\/category\\\/actualites\\\/\"},{\"@type\":\"ListItem\",\"position\":3,\"name\":\"Ardoise en toiture et en fa\u00e7ade\"}]},{\"@type\":\"WebSite\",\"@id\":\"https:\\\/\\\/batijournal.com\\\/#website\",\"url\":\"https:\\\/\\\/batijournal.com\\\/\",\"name\":\"Batijournal\",\"description\":\"L&#039;actualit\u00e9 du b\u00e2timent\",\"potentialAction\":[{\"@type\":\"SearchAction\",\"target\":{\"@type\":\"EntryPoint\",\"urlTemplate\":\"https:\\\/\\\/batijournal.com\\\/?s={search_term_string}\"},\"query-input\":{\"@type\":\"PropertyValueSpecification\",\"valueRequired\":true,\"valueName\":\"search_term_string\"}}],\"inLanguage\":\"fr-FR\"},{\"@type\":\"Person\",\"@id\":\"https:\\\/\\\/batijournal.com\\\/#\\\/schema\\\/person\\\/1dc96ec6957aa1ccb25ebe78bb19f100\",\"name\":\"St\u00e9phane Miget\",\"image\":{\"@type\":\"ImageObject\",\"inLanguage\":\"fr-FR\",\"@id\":\"https:\\\/\\\/secure.gravatar.com\\\/avatar\\\/89915563d925342126b8ef0281b93d9d7fc337043e8df017f780908eb9644451?s=96&d=mm&r=g\",\"url\":\"https:\\\/\\\/secure.gravatar.com\\\/avatar\\\/89915563d925342126b8ef0281b93d9d7fc337043e8df017f780908eb9644451?s=96&d=mm&r=g\",\"contentUrl\":\"https:\\\/\\\/secure.gravatar.com\\\/avatar\\\/89915563d925342126b8ef0281b93d9d7fc337043e8df017f780908eb9644451?s=96&d=mm&r=g\",\"caption\":\"St\u00e9phane Miget\"},\"url\":\"https:\\\/\\\/batijournal.com\\\/index.php\\\/author\\\/stephane\\\/\"}]}<\/script>\n<!-- \/ Yoast SEO plugin. -->","yoast_head_json":{"title":"Ardoise en toiture et en fa\u00e7ade","robots":{"index":"index","follow":"follow","max-snippet":"max-snippet:-1","max-image-preview":"max-image-preview:large","max-video-preview":"max-video-preview:-1"},"canonical":"https:\/\/batijournal.com\/index.php\/ardoise-en-toiture-et-en-facade\/107748\/","og_locale":"fr_FR","og_type":"article","og_title":"Ardoise en toiture et en fa\u00e7ade","og_description":"A Ville-sur-Lumes, dans les Ardennes, le cabinet Lecomte Perez Architectes a rendu hommage \u00e0 la tradition ardoisi\u00e8re du territoire, dans le cadre d&rsquo;un projet qui fait la part belle au schiste : 280 m2 en toiture et 80 m2 enfa\u00e7ade. Anne P\u00e9rez, en charge de la conception de cette maison, t\u00e9moigne. Quelle \u00e9tait la commande [&hellip;]","og_url":"https:\/\/batijournal.com\/index.php\/ardoise-en-toiture-et-en-facade\/107748\/","og_site_name":"Batijournal","article_published_time":"2022-09-08T15:34:46+00:00","og_image":[{"width":1000,"height":668,"url":"https:\/\/batijournal.com\/wp-content\/uploads\/2022\/09\/ardoise-en-toiture-et-en-facade.jpg","type":"image\/jpeg"}],"author":"St\u00e9phane Miget","twitter_card":"summary_large_image","twitter_creator":"@bati_journal","twitter_site":"@bati_journal","twitter_misc":{"\u00c9crit par":"St\u00e9phane Miget","Dur\u00e9e de lecture estim\u00e9e":"3 minutes"},"schema":{"@context":"https:\/\/schema.org","@graph":[{"@type":"Article","@id":"https:\/\/batijournal.com\/index.php\/ardoise-en-toiture-et-en-facade\/107748\/#article","isPartOf":{"@id":"https:\/\/batijournal.com\/index.php\/ardoise-en-toiture-et-en-facade\/107748\/"},"author":{"name":"St\u00e9phane Miget","@id":"https:\/\/batijournal.com\/#\/schema\/person\/1dc96ec6957aa1ccb25ebe78bb19f100"},"headline":"Ardoise en toiture et en fa\u00e7ade","datePublished":"2022-09-08T15:34:46+00:00","mainEntityOfPage":{"@id":"https:\/\/batijournal.com\/index.php\/ardoise-en-toiture-et-en-facade\/107748\/"},"wordCount":686,"image":{"@id":"https:\/\/batijournal.com\/index.php\/ardoise-en-toiture-et-en-facade\/107748\/#primaryimage"},"thumbnailUrl":"https:\/\/batijournal.com\/wp-content\/uploads\/2022\/09\/ardoise-en-toiture-et-en-facade.jpg","keywords":["ardoise"],"articleSection":["Actualit\u00e9s","Architecture &amp; Conception","zz_5fa\u00e7ades","zz_Actualit\u00e9s - 5fa\u00e7ades"],"inLanguage":"fr-FR"},{"@type":"WebPage","@id":"https:\/\/batijournal.com\/index.php\/ardoise-en-toiture-et-en-facade\/107748\/","url":"https:\/\/batijournal.com\/index.php\/ardoise-en-toiture-et-en-facade\/107748\/","name":"Ardoise en toiture et en fa\u00e7ade","isPartOf":{"@id":"https:\/\/batijournal.com\/#website"},"primaryImageOfPage":{"@id":"https:\/\/batijournal.com\/index.php\/ardoise-en-toiture-et-en-facade\/107748\/#primaryimage"},"image":{"@id":"https:\/\/batijournal.com\/index.php\/ardoise-en-toiture-et-en-facade\/107748\/#primaryimage"},"thumbnailUrl":"https:\/\/batijournal.com\/wp-content\/uploads\/2022\/09\/ardoise-en-toiture-et-en-facade.jpg","datePublished":"2022-09-08T15:34:46+00:00","author":{"@id":"https:\/\/batijournal.com\/#\/schema\/person\/1dc96ec6957aa1ccb25ebe78bb19f100"},"breadcrumb":{"@id":"https:\/\/batijournal.com\/index.php\/ardoise-en-toiture-et-en-facade\/107748\/#breadcrumb"},"inLanguage":"fr-FR","potentialAction":[{"@type":"ReadAction","target":["https:\/\/batijournal.com\/index.php\/ardoise-en-toiture-et-en-facade\/107748\/"]}]},{"@type":"ImageObject","inLanguage":"fr-FR","@id":"https:\/\/batijournal.com\/index.php\/ardoise-en-toiture-et-en-facade\/107748\/#primaryimage","url":"https:\/\/batijournal.com\/wp-content\/uploads\/2022\/09\/ardoise-en-toiture-et-en-facade.jpg","contentUrl":"https:\/\/batijournal.com\/wp-content\/uploads\/2022\/09\/ardoise-en-toiture-et-en-facade.jpg","width":1000,"height":668},{"@type":"BreadcrumbList","@id":"https:\/\/batijournal.com\/index.php\/ardoise-en-toiture-et-en-facade\/107748\/#breadcrumb","itemListElement":[{"@type":"ListItem","position":1,"name":"Accueil","item":"https:\/\/batijournal.com\/"},{"@type":"ListItem","position":2,"name":"Actualit\u00e9s","item":"https:\/\/batijournal.com\/index.php\/category\/actualites\/"},{"@type":"ListItem","position":3,"name":"Ardoise en toiture et en fa\u00e7ade"}]},{"@type":"WebSite","@id":"https:\/\/batijournal.com\/#website","url":"https:\/\/batijournal.com\/","name":"Batijournal","description":"L&#039;actualit\u00e9 du b\u00e2timent","potentialAction":[{"@type":"SearchAction","target":{"@type":"EntryPoint","urlTemplate":"https:\/\/batijournal.com\/?s={search_term_string}"},"query-input":{"@type":"PropertyValueSpecification","valueRequired":true,"valueName":"search_term_string"}}],"inLanguage":"fr-FR"},{"@type":"Person","@id":"https:\/\/batijournal.com\/#\/schema\/person\/1dc96ec6957aa1ccb25ebe78bb19f100","name":"St\u00e9phane Miget","image":{"@type":"ImageObject","inLanguage":"fr-FR","@id":"https:\/\/secure.gravatar.com\/avatar\/89915563d925342126b8ef0281b93d9d7fc337043e8df017f780908eb9644451?s=96&d=mm&r=g","url":"https:\/\/secure.gravatar.com\/avatar\/89915563d925342126b8ef0281b93d9d7fc337043e8df017f780908eb9644451?s=96&d=mm&r=g","contentUrl":"https:\/\/secure.gravatar.com\/avatar\/89915563d925342126b8ef0281b93d9d7fc337043e8df017f780908eb9644451?s=96&d=mm&r=g","caption":"St\u00e9phane Miget"},"url":"https:\/\/batijournal.com\/index.php\/author\/stephane\/"}]}},"_links":{"self":[{"href":"https:\/\/batijournal.com\/index.php\/wp-json\/wp\/v2\/posts\/107748","targetHints":{"allow":["GET"]}}],"collection":[{"href":"https:\/\/batijournal.com\/index.php\/wp-json\/wp\/v2\/posts"}],"about":[{"href":"https:\/\/batijournal.com\/index.php\/wp-json\/wp\/v2\/types\/post"}],"author":[{"embeddable":true,"href":"https:\/\/batijournal.com\/index.php\/wp-json\/wp\/v2\/users\/17"}],"replies":[{"embeddable":true,"href":"https:\/\/batijournal.com\/index.php\/wp-json\/wp\/v2\/comments?post=107748"}],"version-history":[{"count":0,"href":"https:\/\/batijournal.com\/index.php\/wp-json\/wp\/v2\/posts\/107748\/revisions"}],"wp:featuredmedia":[{"embeddable":true,"href":"https:\/\/batijournal.com\/index.php\/wp-json\/wp\/v2\/media\/107749"}],"wp:attachment":[{"href":"https:\/\/batijournal.com\/index.php\/wp-json\/wp\/v2\/media?parent=107748"}],"wp:term":[{"taxonomy":"category","embeddable":true,"href":"https:\/\/batijournal.com\/index.php\/wp-json\/wp\/v2\/categories?post=107748"},{"taxonomy":"post_tag","embeddable":true,"href":"https:\/\/batijournal.com\/index.php\/wp-json\/wp\/v2\/tags?post=107748"}],"curies":[{"name":"wp","href":"https:\/\/api.w.org\/{rel}","templated":true}]}}