{"id":107789,"date":"2022-09-21T10:21:01","date_gmt":"2022-09-21T08:21:01","guid":{"rendered":"https:\/\/batijournal.com\/?p=107789"},"modified":"2022-09-21T10:21:01","modified_gmt":"2022-09-21T08:21:01","slug":"un-plan-strategique-pour-les-cci","status":"publish","type":"post","link":"https:\/\/batijournal.com\/index.php\/un-plan-strategique-pour-les-cci\/107789\/","title":{"rendered":"Un plan strat\u00e9gique pour les CCI"},"content":{"rendered":"<p>Les pr\u00e9sident(e)s des CCI de France, r\u00e9unis en assembl\u00e9e extraordinaire, ont adopt\u00e9, \u00e0 l&rsquo;unanimit\u00e9, le nouveau \u00ab Plan strat\u00e9gique du r\u00e9seau des CCI \u00bb. L\u2019ambition des CCI se r\u00e9sume en une phrase : \u00ab s\u2019affirmer comme le premier r\u00e9seau public de proximit\u00e9, acc\u00e9l\u00e9rateur de l\u2019\u00e9conomie et de la croissance durable des entreprises en France et \u00e0 l\u2019international \u00bb. Ce plan se veut une d\u00e9marche profond\u00e9ment entrepreneuriale qui s\u2019appuie sur les 122 CCI, les 4 400 chefs d\u2019entreprise et les 14 000 collaborateurs qui composent le r\u00e9seau. Il repose sur trois objectifs : faire de la France un pays d\u2019entrepreneurs forts et engag\u00e9s, agir pour des territoires intelligents, agiles et durables au service de l\u2019\u00e9conomie et \u00eatre r\u00e9seau pour inspirer et performer. ils sont traduits en 30 ENGAGEMENTS nourris par un portefeuille de plus de 70 PROJETS prioritaires. La sobri\u00e9t\u00e9 \u00e9nerg\u00e9tique est devenu une pr\u00e9occupation majeure, avec une premi\u00e8re publication de 20 conseils pour faire baisser la facture \u00e9nerg\u00e9tique, les CCI entendent mettre ce sujet en premi\u00e8re ligne.<\/p>\n<p><a href=\"https:\/\/www.cci.fr\/actualites\/entreprises-20-conseils-pour-faire-baisser-votre-facture-denergie\">https:\/\/www.cci.fr\/actualites\/entreprises-20-conseils-pour-faire-baisser-votre-facture-denergie<\/a><\/p>\n<p>&nbsp;<\/p>\n<p>&nbsp;<\/p>\n","protected":false},"excerpt":{"rendered":"<p>Les pr\u00e9sident(e)s des CCI de France, r\u00e9unis en assembl\u00e9e extraordinaire, ont adopt\u00e9, \u00e0 l&rsquo;unanimit\u00e9, le nouveau \u00ab Plan strat\u00e9gique du r\u00e9seau des CCI \u00bb. L\u2019ambition des CCI se r\u00e9sume en une phrase : \u00ab s\u2019affirmer comme le premier r\u00e9seau public de proximit\u00e9, acc\u00e9l\u00e9rateur de l\u2019\u00e9conomie et de la croissance durable des entreprises en France et [&hellip;]<\/p>\n","protected":false},"author":17,"featured_media":107790,"comment_status":"closed","ping_status":"closed","sticky":false,"template":"","format":"standard","meta":{"_et_pb_use_builder":"","_et_pb_old_content":"","_et_gb_content_width":"","footnotes":""},"categories":[10530,6362,10781,10778],"tags":[13122,60],"class_list":["post-107789","post","type-post","status-publish","format-standard","has-post-thumbnail","hentry","category-actualites","category-services-equipements","category-publications-planete","category-planete","tag-cci","tag-energie"],"yoast_head":"<!-- This site is optimized with the Yoast SEO plugin v27.4 - https:\/\/yoast.com\/product\/yoast-seo-wordpress\/ -->\n<title>Un plan strat\u00e9gique pour les CCI<\/title>\n<meta name=\"robots\" content=\"index, follow, max-snippet:-1, max-image-preview:large, max-video-preview:-1\" \/>\n<link rel=\"canonical\" href=\"https:\/\/batijournal.com\/index.php\/un-plan-strategique-pour-les-cci\/107789\/\" \/>\n<meta property=\"og:locale\" content=\"fr_FR\" \/>\n<meta property=\"og:type\" content=\"article\" \/>\n<meta property=\"og:title\" content=\"Un plan strat\u00e9gique pour les CCI\" \/>\n<meta property=\"og:description\" content=\"Les pr\u00e9sident(e)s des CCI de France, r\u00e9unis en assembl\u00e9e extraordinaire, ont adopt\u00e9, \u00e0 l&rsquo;unanimit\u00e9, le nouveau \u00ab Plan strat\u00e9gique du r\u00e9seau des CCI \u00bb. L\u2019ambition des CCI se r\u00e9sume en une phrase : \u00ab s\u2019affirmer comme le premier r\u00e9seau public de proximit\u00e9, acc\u00e9l\u00e9rateur de l\u2019\u00e9conomie et de la croissance durable des entreprises en France et [&hellip;]\" \/>\n<meta property=\"og:url\" content=\"https:\/\/batijournal.com\/index.php\/un-plan-strategique-pour-les-cci\/107789\/\" \/>\n<meta property=\"og:site_name\" content=\"Batijournal\" \/>\n<meta property=\"article:published_time\" content=\"2022-09-21T08:21:01+00:00\" \/>\n<meta property=\"og:image\" content=\"https:\/\/batijournal.com\/wp-content\/uploads\/2022\/09\/Sigle-CCI.jpg\" \/>\n\t<meta property=\"og:image:width\" content=\"1000\" \/>\n\t<meta property=\"og:image:height\" content=\"700\" \/>\n\t<meta property=\"og:image:type\" content=\"image\/jpeg\" \/>\n<meta name=\"author\" content=\"St\u00e9phane Miget\" \/>\n<meta name=\"twitter:card\" content=\"summary_large_image\" \/>\n<meta name=\"twitter:creator\" content=\"@bati_journal\" \/>\n<meta name=\"twitter:site\" content=\"@bati_journal\" \/>\n<meta name=\"twitter:label1\" content=\"\u00c9crit par\" \/>\n\t<meta name=\"twitter:data1\" content=\"St\u00e9phane Miget\" \/>\n\t<meta name=\"twitter:label2\" content=\"Dur\u00e9e de lecture estim\u00e9e\" \/>\n\t<meta name=\"twitter:data2\" content=\"1 minute\" \/>\n<script type=\"application\/ld+json\" class=\"yoast-schema-graph\">{\"@context\":\"https:\\\/\\\/schema.org\",\"@graph\":[{\"@type\":\"Article\",\"@id\":\"https:\\\/\\\/batijournal.com\\\/index.php\\\/un-plan-strategique-pour-les-cci\\\/107789\\\/#article\",\"isPartOf\":{\"@id\":\"https:\\\/\\\/batijournal.com\\\/index.php\\\/un-plan-strategique-pour-les-cci\\\/107789\\\/\"},\"author\":{\"name\":\"St\u00e9phane Miget\",\"@id\":\"https:\\\/\\\/batijournal.com\\\/#\\\/schema\\\/person\\\/1dc96ec6957aa1ccb25ebe78bb19f100\"},\"headline\":\"Un plan strat\u00e9gique pour les CCI\",\"datePublished\":\"2022-09-21T08:21:01+00:00\",\"mainEntityOfPage\":{\"@id\":\"https:\\\/\\\/batijournal.com\\\/index.php\\\/un-plan-strategique-pour-les-cci\\\/107789\\\/\"},\"wordCount\":198,\"image\":{\"@id\":\"https:\\\/\\\/batijournal.com\\\/index.php\\\/un-plan-strategique-pour-les-cci\\\/107789\\\/#primaryimage\"},\"thumbnailUrl\":\"https:\\\/\\\/batijournal.com\\\/wp-content\\\/uploads\\\/2022\\\/09\\\/Sigle-CCI.jpg\",\"keywords\":[\"cci\",\"\u00e9nergie\"],\"articleSection\":[\"Actualit\u00e9s\",\"Divers\",\"zz_Actualit\u00e9s - Plan\u00e8te\",\"zz_Plan\u00e8te B\u00e2timent\"],\"inLanguage\":\"fr-FR\"},{\"@type\":\"WebPage\",\"@id\":\"https:\\\/\\\/batijournal.com\\\/index.php\\\/un-plan-strategique-pour-les-cci\\\/107789\\\/\",\"url\":\"https:\\\/\\\/batijournal.com\\\/index.php\\\/un-plan-strategique-pour-les-cci\\\/107789\\\/\",\"name\":\"Un plan strat\u00e9gique pour les CCI\",\"isPartOf\":{\"@id\":\"https:\\\/\\\/batijournal.com\\\/#website\"},\"primaryImageOfPage\":{\"@id\":\"https:\\\/\\\/batijournal.com\\\/index.php\\\/un-plan-strategique-pour-les-cci\\\/107789\\\/#primaryimage\"},\"image\":{\"@id\":\"https:\\\/\\\/batijournal.com\\\/index.php\\\/un-plan-strategique-pour-les-cci\\\/107789\\\/#primaryimage\"},\"thumbnailUrl\":\"https:\\\/\\\/batijournal.com\\\/wp-content\\\/uploads\\\/2022\\\/09\\\/Sigle-CCI.jpg\",\"datePublished\":\"2022-09-21T08:21:01+00:00\",\"author\":{\"@id\":\"https:\\\/\\\/batijournal.com\\\/#\\\/schema\\\/person\\\/1dc96ec6957aa1ccb25ebe78bb19f100\"},\"breadcrumb\":{\"@id\":\"https:\\\/\\\/batijournal.com\\\/index.php\\\/un-plan-strategique-pour-les-cci\\\/107789\\\/#breadcrumb\"},\"inLanguage\":\"fr-FR\",\"potentialAction\":[{\"@type\":\"ReadAction\",\"target\":[\"https:\\\/\\\/batijournal.com\\\/index.php\\\/un-plan-strategique-pour-les-cci\\\/107789\\\/\"]}]},{\"@type\":\"ImageObject\",\"inLanguage\":\"fr-FR\",\"@id\":\"https:\\\/\\\/batijournal.com\\\/index.php\\\/un-plan-strategique-pour-les-cci\\\/107789\\\/#primaryimage\",\"url\":\"https:\\\/\\\/batijournal.com\\\/wp-content\\\/uploads\\\/2022\\\/09\\\/Sigle-CCI.jpg\",\"contentUrl\":\"https:\\\/\\\/batijournal.com\\\/wp-content\\\/uploads\\\/2022\\\/09\\\/Sigle-CCI.jpg\",\"width\":1000,\"height\":700},{\"@type\":\"BreadcrumbList\",\"@id\":\"https:\\\/\\\/batijournal.com\\\/index.php\\\/un-plan-strategique-pour-les-cci\\\/107789\\\/#breadcrumb\",\"itemListElement\":[{\"@type\":\"ListItem\",\"position\":1,\"name\":\"Accueil\",\"item\":\"https:\\\/\\\/batijournal.com\\\/\"},{\"@type\":\"ListItem\",\"position\":2,\"name\":\"Actualit\u00e9s\",\"item\":\"https:\\\/\\\/batijournal.com\\\/index.php\\\/category\\\/actualites\\\/\"},{\"@type\":\"ListItem\",\"position\":3,\"name\":\"Un plan strat\u00e9gique pour les CCI\"}]},{\"@type\":\"WebSite\",\"@id\":\"https:\\\/\\\/batijournal.com\\\/#website\",\"url\":\"https:\\\/\\\/batijournal.com\\\/\",\"name\":\"Batijournal\",\"description\":\"L&#039;actualit\u00e9 du b\u00e2timent\",\"potentialAction\":[{\"@type\":\"SearchAction\",\"target\":{\"@type\":\"EntryPoint\",\"urlTemplate\":\"https:\\\/\\\/batijournal.com\\\/?s={search_term_string}\"},\"query-input\":{\"@type\":\"PropertyValueSpecification\",\"valueRequired\":true,\"valueName\":\"search_term_string\"}}],\"inLanguage\":\"fr-FR\"},{\"@type\":\"Person\",\"@id\":\"https:\\\/\\\/batijournal.com\\\/#\\\/schema\\\/person\\\/1dc96ec6957aa1ccb25ebe78bb19f100\",\"name\":\"St\u00e9phane Miget\",\"image\":{\"@type\":\"ImageObject\",\"inLanguage\":\"fr-FR\",\"@id\":\"https:\\\/\\\/secure.gravatar.com\\\/avatar\\\/89915563d925342126b8ef0281b93d9d7fc337043e8df017f780908eb9644451?s=96&d=mm&r=g\",\"url\":\"https:\\\/\\\/secure.gravatar.com\\\/avatar\\\/89915563d925342126b8ef0281b93d9d7fc337043e8df017f780908eb9644451?s=96&d=mm&r=g\",\"contentUrl\":\"https:\\\/\\\/secure.gravatar.com\\\/avatar\\\/89915563d925342126b8ef0281b93d9d7fc337043e8df017f780908eb9644451?s=96&d=mm&r=g\",\"caption\":\"St\u00e9phane Miget\"},\"url\":\"https:\\\/\\\/batijournal.com\\\/index.php\\\/author\\\/stephane\\\/\"}]}<\/script>\n<!-- \/ Yoast SEO plugin. -->","yoast_head_json":{"title":"Un plan strat\u00e9gique pour les CCI","robots":{"index":"index","follow":"follow","max-snippet":"max-snippet:-1","max-image-preview":"max-image-preview:large","max-video-preview":"max-video-preview:-1"},"canonical":"https:\/\/batijournal.com\/index.php\/un-plan-strategique-pour-les-cci\/107789\/","og_locale":"fr_FR","og_type":"article","og_title":"Un plan strat\u00e9gique pour les CCI","og_description":"Les pr\u00e9sident(e)s des CCI de France, r\u00e9unis en assembl\u00e9e extraordinaire, ont adopt\u00e9, \u00e0 l&rsquo;unanimit\u00e9, le nouveau \u00ab Plan strat\u00e9gique du r\u00e9seau des CCI \u00bb. L\u2019ambition des CCI se r\u00e9sume en une phrase : \u00ab s\u2019affirmer comme le premier r\u00e9seau public de proximit\u00e9, acc\u00e9l\u00e9rateur de l\u2019\u00e9conomie et de la croissance durable des entreprises en France et [&hellip;]","og_url":"https:\/\/batijournal.com\/index.php\/un-plan-strategique-pour-les-cci\/107789\/","og_site_name":"Batijournal","article_published_time":"2022-09-21T08:21:01+00:00","og_image":[{"width":1000,"height":700,"url":"https:\/\/batijournal.com\/wp-content\/uploads\/2022\/09\/Sigle-CCI.jpg","type":"image\/jpeg"}],"author":"St\u00e9phane Miget","twitter_card":"summary_large_image","twitter_creator":"@bati_journal","twitter_site":"@bati_journal","twitter_misc":{"\u00c9crit par":"St\u00e9phane Miget","Dur\u00e9e de lecture estim\u00e9e":"1 minute"},"schema":{"@context":"https:\/\/schema.org","@graph":[{"@type":"Article","@id":"https:\/\/batijournal.com\/index.php\/un-plan-strategique-pour-les-cci\/107789\/#article","isPartOf":{"@id":"https:\/\/batijournal.com\/index.php\/un-plan-strategique-pour-les-cci\/107789\/"},"author":{"name":"St\u00e9phane Miget","@id":"https:\/\/batijournal.com\/#\/schema\/person\/1dc96ec6957aa1ccb25ebe78bb19f100"},"headline":"Un plan strat\u00e9gique pour les CCI","datePublished":"2022-09-21T08:21:01+00:00","mainEntityOfPage":{"@id":"https:\/\/batijournal.com\/index.php\/un-plan-strategique-pour-les-cci\/107789\/"},"wordCount":198,"image":{"@id":"https:\/\/batijournal.com\/index.php\/un-plan-strategique-pour-les-cci\/107789\/#primaryimage"},"thumbnailUrl":"https:\/\/batijournal.com\/wp-content\/uploads\/2022\/09\/Sigle-CCI.jpg","keywords":["cci","\u00e9nergie"],"articleSection":["Actualit\u00e9s","Divers","zz_Actualit\u00e9s - Plan\u00e8te","zz_Plan\u00e8te B\u00e2timent"],"inLanguage":"fr-FR"},{"@type":"WebPage","@id":"https:\/\/batijournal.com\/index.php\/un-plan-strategique-pour-les-cci\/107789\/","url":"https:\/\/batijournal.com\/index.php\/un-plan-strategique-pour-les-cci\/107789\/","name":"Un plan strat\u00e9gique pour les CCI","isPartOf":{"@id":"https:\/\/batijournal.com\/#website"},"primaryImageOfPage":{"@id":"https:\/\/batijournal.com\/index.php\/un-plan-strategique-pour-les-cci\/107789\/#primaryimage"},"image":{"@id":"https:\/\/batijournal.com\/index.php\/un-plan-strategique-pour-les-cci\/107789\/#primaryimage"},"thumbnailUrl":"https:\/\/batijournal.com\/wp-content\/uploads\/2022\/09\/Sigle-CCI.jpg","datePublished":"2022-09-21T08:21:01+00:00","author":{"@id":"https:\/\/batijournal.com\/#\/schema\/person\/1dc96ec6957aa1ccb25ebe78bb19f100"},"breadcrumb":{"@id":"https:\/\/batijournal.com\/index.php\/un-plan-strategique-pour-les-cci\/107789\/#breadcrumb"},"inLanguage":"fr-FR","potentialAction":[{"@type":"ReadAction","target":["https:\/\/batijournal.com\/index.php\/un-plan-strategique-pour-les-cci\/107789\/"]}]},{"@type":"ImageObject","inLanguage":"fr-FR","@id":"https:\/\/batijournal.com\/index.php\/un-plan-strategique-pour-les-cci\/107789\/#primaryimage","url":"https:\/\/batijournal.com\/wp-content\/uploads\/2022\/09\/Sigle-CCI.jpg","contentUrl":"https:\/\/batijournal.com\/wp-content\/uploads\/2022\/09\/Sigle-CCI.jpg","width":1000,"height":700},{"@type":"BreadcrumbList","@id":"https:\/\/batijournal.com\/index.php\/un-plan-strategique-pour-les-cci\/107789\/#breadcrumb","itemListElement":[{"@type":"ListItem","position":1,"name":"Accueil","item":"https:\/\/batijournal.com\/"},{"@type":"ListItem","position":2,"name":"Actualit\u00e9s","item":"https:\/\/batijournal.com\/index.php\/category\/actualites\/"},{"@type":"ListItem","position":3,"name":"Un plan strat\u00e9gique pour les CCI"}]},{"@type":"WebSite","@id":"https:\/\/batijournal.com\/#website","url":"https:\/\/batijournal.com\/","name":"Batijournal","description":"L&#039;actualit\u00e9 du b\u00e2timent","potentialAction":[{"@type":"SearchAction","target":{"@type":"EntryPoint","urlTemplate":"https:\/\/batijournal.com\/?s={search_term_string}"},"query-input":{"@type":"PropertyValueSpecification","valueRequired":true,"valueName":"search_term_string"}}],"inLanguage":"fr-FR"},{"@type":"Person","@id":"https:\/\/batijournal.com\/#\/schema\/person\/1dc96ec6957aa1ccb25ebe78bb19f100","name":"St\u00e9phane Miget","image":{"@type":"ImageObject","inLanguage":"fr-FR","@id":"https:\/\/secure.gravatar.com\/avatar\/89915563d925342126b8ef0281b93d9d7fc337043e8df017f780908eb9644451?s=96&d=mm&r=g","url":"https:\/\/secure.gravatar.com\/avatar\/89915563d925342126b8ef0281b93d9d7fc337043e8df017f780908eb9644451?s=96&d=mm&r=g","contentUrl":"https:\/\/secure.gravatar.com\/avatar\/89915563d925342126b8ef0281b93d9d7fc337043e8df017f780908eb9644451?s=96&d=mm&r=g","caption":"St\u00e9phane Miget"},"url":"https:\/\/batijournal.com\/index.php\/author\/stephane\/"}]}},"_links":{"self":[{"href":"https:\/\/batijournal.com\/index.php\/wp-json\/wp\/v2\/posts\/107789","targetHints":{"allow":["GET"]}}],"collection":[{"href":"https:\/\/batijournal.com\/index.php\/wp-json\/wp\/v2\/posts"}],"about":[{"href":"https:\/\/batijournal.com\/index.php\/wp-json\/wp\/v2\/types\/post"}],"author":[{"embeddable":true,"href":"https:\/\/batijournal.com\/index.php\/wp-json\/wp\/v2\/users\/17"}],"replies":[{"embeddable":true,"href":"https:\/\/batijournal.com\/index.php\/wp-json\/wp\/v2\/comments?post=107789"}],"version-history":[{"count":0,"href":"https:\/\/batijournal.com\/index.php\/wp-json\/wp\/v2\/posts\/107789\/revisions"}],"wp:featuredmedia":[{"embeddable":true,"href":"https:\/\/batijournal.com\/index.php\/wp-json\/wp\/v2\/media\/107790"}],"wp:attachment":[{"href":"https:\/\/batijournal.com\/index.php\/wp-json\/wp\/v2\/media?parent=107789"}],"wp:term":[{"taxonomy":"category","embeddable":true,"href":"https:\/\/batijournal.com\/index.php\/wp-json\/wp\/v2\/categories?post=107789"},{"taxonomy":"post_tag","embeddable":true,"href":"https:\/\/batijournal.com\/index.php\/wp-json\/wp\/v2\/tags?post=107789"}],"curies":[{"name":"wp","href":"https:\/\/api.w.org\/{rel}","templated":true}]}}