{"id":107822,"date":"2022-10-07T09:18:40","date_gmt":"2022-10-07T07:18:40","guid":{"rendered":"https:\/\/batijournal.com\/?p=107822"},"modified":"2022-10-07T09:18:45","modified_gmt":"2022-10-07T07:18:45","slug":"edilians-le-photovoltaique-rouge-une-solution-efficace-et-esthetique","status":"publish","type":"post","link":"https:\/\/batijournal.com\/index.php\/edilians-le-photovoltaique-rouge-une-solution-efficace-et-esthetique\/107822\/","title":{"rendered":"Edilians : Le photovolta\u00efque rouge, une solution efficace et esth\u00e9tique"},"content":{"rendered":"<p>[et_pb_section fb_built=\u00a0\u00bb1&Prime; _builder_version=\u00a0\u00bb4.17.4&Prime; _module_preset=\u00a0\u00bbdefault\u00a0\u00bb global_colors_info=\u00a0\u00bb{}\u00a0\u00bb][et_pb_row _builder_version=\u00a0\u00bb4.17.4&Prime; _module_preset=\u00a0\u00bbdefault\u00a0\u00bb global_colors_info=\u00a0\u00bb{}\u00a0\u00bb][et_pb_column type=\u00a0\u00bb4_4&Prime; _builder_version=\u00a0\u00bb4.17.4&Prime; _module_preset=\u00a0\u00bbdefault\u00a0\u00bb global_colors_info=\u00a0\u00bb{}\u00a0\u00bb][et_pb_text _builder_version=\u00a0\u00bb4.17.4&Prime; _module_preset=\u00a0\u00bbdefault\u00a0\u00bb global_colors_info=\u00a0\u00bb{}\u00a0\u00bb]<\/p>\n<p><strong>Pr\u00e9servez l\u2019esth\u00e9tisme de votre toiture<\/strong> <span style=\"font-weight: 400\">tout en produisant votre propre \u00e9nergie avec les tuiles solaire rouge d\u2019EDILIANS<\/span> <span style=\"font-weight: 400\">qui se divisent en 2 gammes avec la tuile solaire max et les tuiles terre cuite solaire que sont l\u2019Alpha Solaire, la HP 10 Solaire et la Rh\u00f4na Solaire.<\/span><\/p>\n<p><strong>Les tuiles terre cuite solaires\u00a0<\/strong><\/p>\n<p><span style=\"font-weight: 400\">Elles sont la solution id\u00e9ale qui allie le savoir-faire de la terre cuite d\u2019EDILIANS et l\u2019esth\u00e9tisme du rouge \u00e0 la technologie photovolta\u00efque. C\u2019est l\u2019accord parfait entre la qualit\u00e9 des argiles, l\u2019esth\u00e9tisme des toitures modernes et la performance \u00e9nerg\u00e9tique !<\/span><\/p>\n<p>&nbsp;<\/p>\n<p>[\/et_pb_text][\/et_pb_column][\/et_pb_row][et_pb_row column_structure=\u00a0\u00bb1_2,1_2&Prime; _builder_version=\u00a0\u00bb4.17.4&Prime; _module_preset=\u00a0\u00bbdefault\u00a0\u00bb global_colors_info=\u00a0\u00bb{}\u00a0\u00bb][et_pb_column type=\u00a0\u00bb1_2&Prime; _builder_version=\u00a0\u00bb4.17.4&Prime; _module_preset=\u00a0\u00bbdefault\u00a0\u00bb global_colors_info=\u00a0\u00bb{}\u00a0\u00bb][et_pb_text _builder_version=\u00a0\u00bb4.17.4&Prime; _module_preset=\u00a0\u00bbdefault\u00a0\u00bb global_colors_info=\u00a0\u00bb{}\u00a0\u00bb]<\/p>\n<p><strong>Les + des tuiles en terre cuite solaire\u00a0:<\/strong><\/p>\n<ul>\n<li style=\"font-weight: 400\"><strong>Un esth\u00e9tisme in\u00e9gal\u00e9<\/strong><span style=\"font-weight: 400\"> : avec une int\u00e9gration parfaite et discr\u00e8te\u00a0<\/span><\/li>\n<li style=\"font-weight: 400\"><strong>Une simplicit\u00e9 de pose<\/strong><b> :<\/b><span style=\"font-weight: 400\"> forme et caract\u00e9ristiques de mise en \u0153uvre identiques \u00e0 leurs \u00e9quivalents en terre cuite traditionnels\u00a0<\/span><\/li>\n<li style=\"font-weight: 400\"><span style=\"font-weight: 400\">Un v\u00e9ritable <\/span><strong>gain de temps<\/strong><span style=\"font-weight: 400\"> et de rentabilit\u00e9 pour les professionnels de la toiture<\/span><\/li>\n<li style=\"font-weight: 400\"><strong>Une \u00e9tanch\u00e9it\u00e9 irr\u00e9prochable<\/strong><span style=\"font-weight: 400\"> h\u00e9rit\u00e9e des propri\u00e9t\u00e9s inh\u00e9rentes \u00e0 la terre cuite<\/span><\/li>\n<li style=\"font-weight: 400\"><span style=\"font-weight: 400\">Une <\/span><strong>solution \u00e9volutive<\/strong><span style=\"font-weight: 400\"> dans le temps : les tuiles en terre cuite solaire s\u2019adaptent \u00e0 une toiture existante en toute facilit\u00e9<\/span><\/li>\n<li style=\"font-weight: 400\"><span style=\"font-weight: 400\">La <\/span><strong>long\u00e9vit\u00e9 et la fiabilit\u00e9<\/strong><span style=\"font-weight: 400\"> d\u2019un mat\u00e9riau durable garanti 30 ans*<\/span><\/li>\n<\/ul>\n<p>[\/et_pb_text][\/et_pb_column][et_pb_column type=\u00a0\u00bb1_2&Prime; _builder_version=\u00a0\u00bb4.17.4&Prime; _module_preset=\u00a0\u00bbdefault\u00a0\u00bb global_colors_info=\u00a0\u00bb{}\u00a0\u00bb][et_pb_image src=\u00a0\u00bbhttps:\/\/batijournal.com\/wp-content\/uploads\/2022\/09\/800-px-Batijournal.jpg\u00a0\u00bb title_text=\u00a0\u00bb800 px Batijournal\u00a0\u00bb align=\u00a0\u00bbcenter\u00a0\u00bb _builder_version=\u00a0\u00bb4.17.4&Prime; _module_preset=\u00a0\u00bbdefault\u00a0\u00bb width=\u00a0\u00bb100%\u00a0\u00bb height=\u00a0\u00bb321px\u00a0\u00bb global_colors_info=\u00a0\u00bb{}\u00a0\u00bb][\/et_pb_image][\/et_pb_column][\/et_pb_row][et_pb_row _builder_version=\u00a0\u00bb4.17.4&Prime; _module_preset=\u00a0\u00bbdefault\u00a0\u00bb global_colors_info=\u00a0\u00bb{}\u00a0\u00bb][et_pb_column type=\u00a0\u00bb4_4&Prime; _builder_version=\u00a0\u00bb4.17.4&Prime; _module_preset=\u00a0\u00bbdefault\u00a0\u00bb global_colors_info=\u00a0\u00bb{}\u00a0\u00bb][et_pb_text _builder_version=\u00a0\u00bb4.17.4&Prime; _module_preset=\u00a0\u00bbdefault\u00a0\u00bb global_colors_info=\u00a0\u00bb{}\u00a0\u00bb]<\/p>\n<p><strong>La Tuile Solaire Max\u00a0:<\/strong><\/p>\n<p><span style=\"font-weight: 400\">C\u2019est une solution sp\u00e9cialement con\u00e7ue pour allier performance \u00e9nerg\u00e9tique, \u00e9volutivit\u00e9 et facilit\u00e9 de pose, tout en respectant l\u2019esth\u00e9tisme de votre toiture !<\/span><\/p>\n<p>[\/et_pb_text][\/et_pb_column][\/et_pb_row][et_pb_row column_structure=\u00a0\u00bb1_2,1_2&Prime; _builder_version=\u00a0\u00bb4.17.4&Prime; _module_preset=\u00a0\u00bbdefault\u00a0\u00bb global_colors_info=\u00a0\u00bb{}\u00a0\u00bb][et_pb_column type=\u00a0\u00bb1_2&Prime; _builder_version=\u00a0\u00bb4.17.4&Prime; _module_preset=\u00a0\u00bbdefault\u00a0\u00bb global_colors_info=\u00a0\u00bb{}\u00a0\u00bb][et_pb_image src=\u00a0\u00bbhttps:\/\/batijournal.com\/wp-content\/uploads\/2022\/09\/800-px-Batijournal-TSM-1.jpg\u00a0\u00bb title_text=\u00a0\u00bb800 px Batijournal TSM (1)\u00a0\u00bb _builder_version=\u00a0\u00bb4.17.4&Prime; _module_preset=\u00a0\u00bbdefault\u00a0\u00bb global_colors_info=\u00a0\u00bb{}\u00a0\u00bb][\/et_pb_image][\/et_pb_column][et_pb_column type=\u00a0\u00bb1_2&Prime; _builder_version=\u00a0\u00bb4.17.4&Prime; _module_preset=\u00a0\u00bbdefault\u00a0\u00bb global_colors_info=\u00a0\u00bb{}\u00a0\u00bb][et_pb_text _builder_version=\u00a0\u00bb4.17.4&Prime; _module_preset=\u00a0\u00bbdefault\u00a0\u00bb global_colors_info=\u00a0\u00bb{}\u00a0\u00bb]<\/p>\n<p><strong>Les + de la Tuile Solaire Max\u00a0:<\/strong><\/p>\n<ul>\n<li style=\"font-weight: 400\"><span style=\"font-weight: 400\">Une <\/span><strong>durabilit\u00e9 optimale<\/strong><span style=\"font-weight: 400\">.\u00a0Imputrescible, anti-corrosion et\u00a0r\u00e9sistante\u00a0aux intemp\u00e9ries<\/span><\/li>\n<li style=\"font-weight: 400\"><span style=\"font-weight: 400\">Une <\/span><strong>imperm\u00e9abilit\u00e9 sans failles<\/strong><span style=\"font-weight: 400\"> depuis plus de 18 ans.<\/span><\/li>\n<li style=\"font-weight: 400\"><strong>Universelle<\/strong><span style=\"font-weight: 400\">, gr\u00e2ce \u00e0 son ch\u00e2ssis unique elle s\u2019int\u00e8gre parfaitement avec tous les mod\u00e8les de tuiles de couverture.<\/span><\/li>\n<li style=\"font-weight: 400\"><span style=\"font-weight: 400\">Une <\/span><strong>pose simplifi\u00e9e<\/strong> <span style=\"font-weight: 400\">en plein carr\u00e9 ou \u00e0 l\u2019\u00e9gout.<\/span><\/li>\n<\/ul>\n<p>&nbsp;<\/p>\n<p><span style=\"font-weight: 400\">*Garantie 30 ans lorsque pos\u00e9 avec des tuiles Edilians<\/span><\/p>\n<p>[\/et_pb_text][\/et_pb_column][\/et_pb_row][et_pb_row _builder_version=\u00a0\u00bb4.17.4&Prime; _module_preset=\u00a0\u00bbdefault\u00a0\u00bb global_colors_info=\u00a0\u00bb{}\u00a0\u00bb][et_pb_column type=\u00a0\u00bb4_4&Prime; _builder_version=\u00a0\u00bb4.17.4&Prime; _module_preset=\u00a0\u00bbdefault\u00a0\u00bb global_colors_info=\u00a0\u00bb{}\u00a0\u00bb][et_pb_image src=\u00a0\u00bbhttps:\/\/batijournal.com\/wp-content\/uploads\/2022\/09\/image001-2.png\u00a0\u00bb title_text=\u00a0\u00bbimage001 (2)\u00a0\u00bb url=\u00a0\u00bbhttps:\/\/edilians.com\/nos-produits\/produits-solaires\/solaire-toiture-tuiles-ardoises\/solaire-integre-au-bati.html?utm_source=batijournal&amp;utm_medium=publi&amp;utm_campaign=solaire-rouge%20&Prime; align=\u00a0\u00bbcenter\u00a0\u00bb _builder_version=\u00a0\u00bb4.17.4&Prime; _module_preset=\u00a0\u00bbdefault\u00a0\u00bb global_colors_info=\u00a0\u00bb{}\u00a0\u00bb][\/et_pb_image][\/et_pb_column][\/et_pb_row][\/et_pb_section]<\/p>\n","protected":false},"excerpt":{"rendered":"<p>Pr\u00e9servez l\u2019esth\u00e9tisme de votre toiture tout en produisant votre propre \u00e9nergie avec les tuiles solaire rouge d\u2019EDILIANS qui se divisent en 2 gammes avec la tuile solaire max et les tuiles terre cuite solaire que sont l\u2019Alpha Solaire, la HP 10 Solaire et la Rh\u00f4na Solaire. Les tuiles terre cuite solaires\u00a0 Elles sont la solution [&hellip;]<\/p>\n","protected":false},"author":17,"featured_media":107826,"comment_status":"closed","ping_status":"closed","sticky":false,"template":"","format":"standard","meta":{"_et_pb_use_builder":"on","_et_pb_old_content":"","_et_gb_content_width":"","footnotes":""},"categories":[10530,10903],"tags":[],"class_list":["post-107822","post","type-post","status-publish","format-standard","has-post-thumbnail","hentry","category-actualites","category-publi-info"],"yoast_head":"<!-- This site is optimized with the Yoast SEO plugin v27.4 - https:\/\/yoast.com\/product\/yoast-seo-wordpress\/ -->\n<title>Edilians : Le photovolta\u00efque rouge, une solution efficace et esth\u00e9tique<\/title>\n<meta name=\"robots\" content=\"index, follow, max-snippet:-1, max-image-preview:large, max-video-preview:-1\" \/>\n<link rel=\"canonical\" href=\"https:\/\/batijournal.com\/index.php\/edilians-le-photovoltaique-rouge-une-solution-efficace-et-esthetique\/107822\/\" \/>\n<meta property=\"og:locale\" content=\"fr_FR\" \/>\n<meta property=\"og:type\" content=\"article\" \/>\n<meta property=\"og:title\" content=\"Edilians : Le photovolta\u00efque rouge, une solution efficace et esth\u00e9tique\" \/>\n<meta property=\"og:description\" content=\"Pr\u00e9servez l\u2019esth\u00e9tisme de votre toiture tout en produisant votre propre \u00e9nergie avec les tuiles solaire rouge d\u2019EDILIANS qui se divisent en 2 gammes avec la tuile solaire max et les tuiles terre cuite solaire que sont l\u2019Alpha Solaire, la HP 10 Solaire et la Rh\u00f4na Solaire. Les tuiles terre cuite solaires\u00a0 Elles sont la solution [&hellip;]\" \/>\n<meta property=\"og:url\" content=\"https:\/\/batijournal.com\/index.php\/edilians-le-photovoltaique-rouge-une-solution-efficace-et-esthetique\/107822\/\" \/>\n<meta property=\"og:site_name\" content=\"Batijournal\" \/>\n<meta property=\"article:published_time\" content=\"2022-10-07T07:18:40+00:00\" \/>\n<meta property=\"article:modified_time\" content=\"2022-10-07T07:18:45+00:00\" \/>\n<meta property=\"og:image\" content=\"https:\/\/batijournal.com\/wp-content\/uploads\/2022\/09\/800-px-Batijournal.jpg\" \/>\n\t<meta property=\"og:image:width\" content=\"800\" \/>\n\t<meta property=\"og:image:height\" content=\"534\" \/>\n\t<meta property=\"og:image:type\" content=\"image\/jpeg\" \/>\n<meta name=\"author\" content=\"St\u00e9phane Miget\" \/>\n<meta name=\"twitter:card\" content=\"summary_large_image\" \/>\n<meta name=\"twitter:creator\" content=\"@bati_journal\" \/>\n<meta name=\"twitter:site\" content=\"@bati_journal\" \/>\n<meta name=\"twitter:label1\" content=\"\u00c9crit par\" \/>\n\t<meta name=\"twitter:data1\" content=\"St\u00e9phane Miget\" \/>\n\t<meta name=\"twitter:label2\" content=\"Dur\u00e9e de lecture estim\u00e9e\" \/>\n\t<meta name=\"twitter:data2\" content=\"3 minutes\" \/>\n<script type=\"application\/ld+json\" class=\"yoast-schema-graph\">{\"@context\":\"https:\\\/\\\/schema.org\",\"@graph\":[{\"@type\":\"Article\",\"@id\":\"https:\\\/\\\/batijournal.com\\\/index.php\\\/edilians-le-photovoltaique-rouge-une-solution-efficace-et-esthetique\\\/107822\\\/#article\",\"isPartOf\":{\"@id\":\"https:\\\/\\\/batijournal.com\\\/index.php\\\/edilians-le-photovoltaique-rouge-une-solution-efficace-et-esthetique\\\/107822\\\/\"},\"author\":{\"name\":\"St\u00e9phane Miget\",\"@id\":\"https:\\\/\\\/batijournal.com\\\/#\\\/schema\\\/person\\\/1dc96ec6957aa1ccb25ebe78bb19f100\"},\"headline\":\"Edilians : Le photovolta\u00efque rouge, une solution efficace et esth\u00e9tique\",\"datePublished\":\"2022-10-07T07:18:40+00:00\",\"dateModified\":\"2022-10-07T07:18:45+00:00\",\"mainEntityOfPage\":{\"@id\":\"https:\\\/\\\/batijournal.com\\\/index.php\\\/edilians-le-photovoltaique-rouge-une-solution-efficace-et-esthetique\\\/107822\\\/\"},\"wordCount\":672,\"image\":{\"@id\":\"https:\\\/\\\/batijournal.com\\\/index.php\\\/edilians-le-photovoltaique-rouge-une-solution-efficace-et-esthetique\\\/107822\\\/#primaryimage\"},\"thumbnailUrl\":\"https:\\\/\\\/batijournal.com\\\/wp-content\\\/uploads\\\/2022\\\/09\\\/800-px-Batijournal.jpg\",\"articleSection\":[\"Actualit\u00e9s\",\"Publi-info\"],\"inLanguage\":\"fr-FR\"},{\"@type\":\"WebPage\",\"@id\":\"https:\\\/\\\/batijournal.com\\\/index.php\\\/edilians-le-photovoltaique-rouge-une-solution-efficace-et-esthetique\\\/107822\\\/\",\"url\":\"https:\\\/\\\/batijournal.com\\\/index.php\\\/edilians-le-photovoltaique-rouge-une-solution-efficace-et-esthetique\\\/107822\\\/\",\"name\":\"Edilians : Le photovolta\u00efque rouge, une solution efficace et esth\u00e9tique\",\"isPartOf\":{\"@id\":\"https:\\\/\\\/batijournal.com\\\/#website\"},\"primaryImageOfPage\":{\"@id\":\"https:\\\/\\\/batijournal.com\\\/index.php\\\/edilians-le-photovoltaique-rouge-une-solution-efficace-et-esthetique\\\/107822\\\/#primaryimage\"},\"image\":{\"@id\":\"https:\\\/\\\/batijournal.com\\\/index.php\\\/edilians-le-photovoltaique-rouge-une-solution-efficace-et-esthetique\\\/107822\\\/#primaryimage\"},\"thumbnailUrl\":\"https:\\\/\\\/batijournal.com\\\/wp-content\\\/uploads\\\/2022\\\/09\\\/800-px-Batijournal.jpg\",\"datePublished\":\"2022-10-07T07:18:40+00:00\",\"dateModified\":\"2022-10-07T07:18:45+00:00\",\"author\":{\"@id\":\"https:\\\/\\\/batijournal.com\\\/#\\\/schema\\\/person\\\/1dc96ec6957aa1ccb25ebe78bb19f100\"},\"breadcrumb\":{\"@id\":\"https:\\\/\\\/batijournal.com\\\/index.php\\\/edilians-le-photovoltaique-rouge-une-solution-efficace-et-esthetique\\\/107822\\\/#breadcrumb\"},\"inLanguage\":\"fr-FR\",\"potentialAction\":[{\"@type\":\"ReadAction\",\"target\":[\"https:\\\/\\\/batijournal.com\\\/index.php\\\/edilians-le-photovoltaique-rouge-une-solution-efficace-et-esthetique\\\/107822\\\/\"]}]},{\"@type\":\"ImageObject\",\"inLanguage\":\"fr-FR\",\"@id\":\"https:\\\/\\\/batijournal.com\\\/index.php\\\/edilians-le-photovoltaique-rouge-une-solution-efficace-et-esthetique\\\/107822\\\/#primaryimage\",\"url\":\"https:\\\/\\\/batijournal.com\\\/wp-content\\\/uploads\\\/2022\\\/09\\\/800-px-Batijournal.jpg\",\"contentUrl\":\"https:\\\/\\\/batijournal.com\\\/wp-content\\\/uploads\\\/2022\\\/09\\\/800-px-Batijournal.jpg\",\"width\":800,\"height\":534},{\"@type\":\"BreadcrumbList\",\"@id\":\"https:\\\/\\\/batijournal.com\\\/index.php\\\/edilians-le-photovoltaique-rouge-une-solution-efficace-et-esthetique\\\/107822\\\/#breadcrumb\",\"itemListElement\":[{\"@type\":\"ListItem\",\"position\":1,\"name\":\"Accueil\",\"item\":\"https:\\\/\\\/batijournal.com\\\/\"},{\"@type\":\"ListItem\",\"position\":2,\"name\":\"Actualit\u00e9s\",\"item\":\"https:\\\/\\\/batijournal.com\\\/index.php\\\/category\\\/actualites\\\/\"},{\"@type\":\"ListItem\",\"position\":3,\"name\":\"Edilians : Le photovolta\u00efque rouge, une solution efficace et esth\u00e9tique\"}]},{\"@type\":\"WebSite\",\"@id\":\"https:\\\/\\\/batijournal.com\\\/#website\",\"url\":\"https:\\\/\\\/batijournal.com\\\/\",\"name\":\"Batijournal\",\"description\":\"L&#039;actualit\u00e9 du b\u00e2timent\",\"potentialAction\":[{\"@type\":\"SearchAction\",\"target\":{\"@type\":\"EntryPoint\",\"urlTemplate\":\"https:\\\/\\\/batijournal.com\\\/?s={search_term_string}\"},\"query-input\":{\"@type\":\"PropertyValueSpecification\",\"valueRequired\":true,\"valueName\":\"search_term_string\"}}],\"inLanguage\":\"fr-FR\"},{\"@type\":\"Person\",\"@id\":\"https:\\\/\\\/batijournal.com\\\/#\\\/schema\\\/person\\\/1dc96ec6957aa1ccb25ebe78bb19f100\",\"name\":\"St\u00e9phane Miget\",\"image\":{\"@type\":\"ImageObject\",\"inLanguage\":\"fr-FR\",\"@id\":\"https:\\\/\\\/secure.gravatar.com\\\/avatar\\\/89915563d925342126b8ef0281b93d9d7fc337043e8df017f780908eb9644451?s=96&d=mm&r=g\",\"url\":\"https:\\\/\\\/secure.gravatar.com\\\/avatar\\\/89915563d925342126b8ef0281b93d9d7fc337043e8df017f780908eb9644451?s=96&d=mm&r=g\",\"contentUrl\":\"https:\\\/\\\/secure.gravatar.com\\\/avatar\\\/89915563d925342126b8ef0281b93d9d7fc337043e8df017f780908eb9644451?s=96&d=mm&r=g\",\"caption\":\"St\u00e9phane Miget\"},\"url\":\"https:\\\/\\\/batijournal.com\\\/index.php\\\/author\\\/stephane\\\/\"}]}<\/script>\n<!-- \/ Yoast SEO plugin. -->","yoast_head_json":{"title":"Edilians : Le photovolta\u00efque rouge, une solution efficace et esth\u00e9tique","robots":{"index":"index","follow":"follow","max-snippet":"max-snippet:-1","max-image-preview":"max-image-preview:large","max-video-preview":"max-video-preview:-1"},"canonical":"https:\/\/batijournal.com\/index.php\/edilians-le-photovoltaique-rouge-une-solution-efficace-et-esthetique\/107822\/","og_locale":"fr_FR","og_type":"article","og_title":"Edilians : Le photovolta\u00efque rouge, une solution efficace et esth\u00e9tique","og_description":"Pr\u00e9servez l\u2019esth\u00e9tisme de votre toiture tout en produisant votre propre \u00e9nergie avec les tuiles solaire rouge d\u2019EDILIANS qui se divisent en 2 gammes avec la tuile solaire max et les tuiles terre cuite solaire que sont l\u2019Alpha Solaire, la HP 10 Solaire et la Rh\u00f4na Solaire. Les tuiles terre cuite solaires\u00a0 Elles sont la solution [&hellip;]","og_url":"https:\/\/batijournal.com\/index.php\/edilians-le-photovoltaique-rouge-une-solution-efficace-et-esthetique\/107822\/","og_site_name":"Batijournal","article_published_time":"2022-10-07T07:18:40+00:00","article_modified_time":"2022-10-07T07:18:45+00:00","og_image":[{"width":800,"height":534,"url":"https:\/\/batijournal.com\/wp-content\/uploads\/2022\/09\/800-px-Batijournal.jpg","type":"image\/jpeg"}],"author":"St\u00e9phane Miget","twitter_card":"summary_large_image","twitter_creator":"@bati_journal","twitter_site":"@bati_journal","twitter_misc":{"\u00c9crit par":"St\u00e9phane Miget","Dur\u00e9e de lecture estim\u00e9e":"3 minutes"},"schema":{"@context":"https:\/\/schema.org","@graph":[{"@type":"Article","@id":"https:\/\/batijournal.com\/index.php\/edilians-le-photovoltaique-rouge-une-solution-efficace-et-esthetique\/107822\/#article","isPartOf":{"@id":"https:\/\/batijournal.com\/index.php\/edilians-le-photovoltaique-rouge-une-solution-efficace-et-esthetique\/107822\/"},"author":{"name":"St\u00e9phane Miget","@id":"https:\/\/batijournal.com\/#\/schema\/person\/1dc96ec6957aa1ccb25ebe78bb19f100"},"headline":"Edilians : Le photovolta\u00efque rouge, une solution efficace et esth\u00e9tique","datePublished":"2022-10-07T07:18:40+00:00","dateModified":"2022-10-07T07:18:45+00:00","mainEntityOfPage":{"@id":"https:\/\/batijournal.com\/index.php\/edilians-le-photovoltaique-rouge-une-solution-efficace-et-esthetique\/107822\/"},"wordCount":672,"image":{"@id":"https:\/\/batijournal.com\/index.php\/edilians-le-photovoltaique-rouge-une-solution-efficace-et-esthetique\/107822\/#primaryimage"},"thumbnailUrl":"https:\/\/batijournal.com\/wp-content\/uploads\/2022\/09\/800-px-Batijournal.jpg","articleSection":["Actualit\u00e9s","Publi-info"],"inLanguage":"fr-FR"},{"@type":"WebPage","@id":"https:\/\/batijournal.com\/index.php\/edilians-le-photovoltaique-rouge-une-solution-efficace-et-esthetique\/107822\/","url":"https:\/\/batijournal.com\/index.php\/edilians-le-photovoltaique-rouge-une-solution-efficace-et-esthetique\/107822\/","name":"Edilians : Le photovolta\u00efque rouge, une solution efficace et esth\u00e9tique","isPartOf":{"@id":"https:\/\/batijournal.com\/#website"},"primaryImageOfPage":{"@id":"https:\/\/batijournal.com\/index.php\/edilians-le-photovoltaique-rouge-une-solution-efficace-et-esthetique\/107822\/#primaryimage"},"image":{"@id":"https:\/\/batijournal.com\/index.php\/edilians-le-photovoltaique-rouge-une-solution-efficace-et-esthetique\/107822\/#primaryimage"},"thumbnailUrl":"https:\/\/batijournal.com\/wp-content\/uploads\/2022\/09\/800-px-Batijournal.jpg","datePublished":"2022-10-07T07:18:40+00:00","dateModified":"2022-10-07T07:18:45+00:00","author":{"@id":"https:\/\/batijournal.com\/#\/schema\/person\/1dc96ec6957aa1ccb25ebe78bb19f100"},"breadcrumb":{"@id":"https:\/\/batijournal.com\/index.php\/edilians-le-photovoltaique-rouge-une-solution-efficace-et-esthetique\/107822\/#breadcrumb"},"inLanguage":"fr-FR","potentialAction":[{"@type":"ReadAction","target":["https:\/\/batijournal.com\/index.php\/edilians-le-photovoltaique-rouge-une-solution-efficace-et-esthetique\/107822\/"]}]},{"@type":"ImageObject","inLanguage":"fr-FR","@id":"https:\/\/batijournal.com\/index.php\/edilians-le-photovoltaique-rouge-une-solution-efficace-et-esthetique\/107822\/#primaryimage","url":"https:\/\/batijournal.com\/wp-content\/uploads\/2022\/09\/800-px-Batijournal.jpg","contentUrl":"https:\/\/batijournal.com\/wp-content\/uploads\/2022\/09\/800-px-Batijournal.jpg","width":800,"height":534},{"@type":"BreadcrumbList","@id":"https:\/\/batijournal.com\/index.php\/edilians-le-photovoltaique-rouge-une-solution-efficace-et-esthetique\/107822\/#breadcrumb","itemListElement":[{"@type":"ListItem","position":1,"name":"Accueil","item":"https:\/\/batijournal.com\/"},{"@type":"ListItem","position":2,"name":"Actualit\u00e9s","item":"https:\/\/batijournal.com\/index.php\/category\/actualites\/"},{"@type":"ListItem","position":3,"name":"Edilians : Le photovolta\u00efque rouge, une solution efficace et esth\u00e9tique"}]},{"@type":"WebSite","@id":"https:\/\/batijournal.com\/#website","url":"https:\/\/batijournal.com\/","name":"Batijournal","description":"L&#039;actualit\u00e9 du b\u00e2timent","potentialAction":[{"@type":"SearchAction","target":{"@type":"EntryPoint","urlTemplate":"https:\/\/batijournal.com\/?s={search_term_string}"},"query-input":{"@type":"PropertyValueSpecification","valueRequired":true,"valueName":"search_term_string"}}],"inLanguage":"fr-FR"},{"@type":"Person","@id":"https:\/\/batijournal.com\/#\/schema\/person\/1dc96ec6957aa1ccb25ebe78bb19f100","name":"St\u00e9phane Miget","image":{"@type":"ImageObject","inLanguage":"fr-FR","@id":"https:\/\/secure.gravatar.com\/avatar\/89915563d925342126b8ef0281b93d9d7fc337043e8df017f780908eb9644451?s=96&d=mm&r=g","url":"https:\/\/secure.gravatar.com\/avatar\/89915563d925342126b8ef0281b93d9d7fc337043e8df017f780908eb9644451?s=96&d=mm&r=g","contentUrl":"https:\/\/secure.gravatar.com\/avatar\/89915563d925342126b8ef0281b93d9d7fc337043e8df017f780908eb9644451?s=96&d=mm&r=g","caption":"St\u00e9phane Miget"},"url":"https:\/\/batijournal.com\/index.php\/author\/stephane\/"}]}},"_links":{"self":[{"href":"https:\/\/batijournal.com\/index.php\/wp-json\/wp\/v2\/posts\/107822","targetHints":{"allow":["GET"]}}],"collection":[{"href":"https:\/\/batijournal.com\/index.php\/wp-json\/wp\/v2\/posts"}],"about":[{"href":"https:\/\/batijournal.com\/index.php\/wp-json\/wp\/v2\/types\/post"}],"author":[{"embeddable":true,"href":"https:\/\/batijournal.com\/index.php\/wp-json\/wp\/v2\/users\/17"}],"replies":[{"embeddable":true,"href":"https:\/\/batijournal.com\/index.php\/wp-json\/wp\/v2\/comments?post=107822"}],"version-history":[{"count":0,"href":"https:\/\/batijournal.com\/index.php\/wp-json\/wp\/v2\/posts\/107822\/revisions"}],"wp:featuredmedia":[{"embeddable":true,"href":"https:\/\/batijournal.com\/index.php\/wp-json\/wp\/v2\/media\/107826"}],"wp:attachment":[{"href":"https:\/\/batijournal.com\/index.php\/wp-json\/wp\/v2\/media?parent=107822"}],"wp:term":[{"taxonomy":"category","embeddable":true,"href":"https:\/\/batijournal.com\/index.php\/wp-json\/wp\/v2\/categories?post=107822"},{"taxonomy":"post_tag","embeddable":true,"href":"https:\/\/batijournal.com\/index.php\/wp-json\/wp\/v2\/tags?post=107822"}],"curies":[{"name":"wp","href":"https:\/\/api.w.org\/{rel}","templated":true}]}}