{"id":107830,"date":"2022-09-26T17:15:18","date_gmt":"2022-09-26T15:15:18","guid":{"rendered":"https:\/\/batijournal.com\/?p=107830"},"modified":"2022-09-26T17:15:18","modified_gmt":"2022-09-26T15:15:18","slug":"siniat-recyclera-son-stand-compose-de-plaques-de-platre-apres-batimat","status":"publish","type":"post","link":"https:\/\/batijournal.com\/index.php\/siniat-recyclera-son-stand-compose-de-plaques-de-platre-apres-batimat\/107830\/","title":{"rendered":"SINIAT recyclera son stand compos\u00e9 de plaques de pl\u00e2tre apr\u00e8s Batimat"},"content":{"rendered":"<p>Le sp\u00e9cialiste de la plaque de pl\u00e2tre s\u2019engage \u00e0 r\u00e9utiliser et \u00e0 recycler 100% des \u00e9l\u00e9ments en plaque de pl\u00e2tre de son stand \u00e0 Batimat. De la conception \u00e0 la d\u00e9construction, tout a \u00e9t\u00e9 pens\u00e9 dans les moindres d\u00e9tails pour un impact environnemental le plus faible possible. Les \u00e9quipes Siniat Design ont con\u00e7u un stand sur-mesure o\u00f9 structure, cloisons, rangements, bar, comptoirs d\u2019accueil, mange-debout\u2026 sont r\u00e9alis\u00e9s sur mesure, \u00e0 partir de plaques de pl\u00e2tre parfaitement recyclables. \u00c0 la fin du salon, le stand Siniat sera d\u00e9construit et l\u2019ensemble des \u00e9l\u00e9ments transf\u00e9r\u00e9s sur le site d\u2019Auneuil en Ile-de-France. Toutes les pi\u00e8ces en \u00e9tat d\u2019usage seront directement r\u00e9utilis\u00e9es sur place dans le show-room, au centre de formation et dans les parties bureau. Le pl\u00e2tre \u00e9tant un mat\u00e9riau recyclable \u00e0 l\u2019infini, le reste sera directement r\u00e9introduit dans la cha\u00eene de production du site.<\/p>\n","protected":false},"excerpt":{"rendered":"<p>Le sp\u00e9cialiste de la plaque de pl\u00e2tre s\u2019engage \u00e0 r\u00e9utiliser et \u00e0 recycler 100% des \u00e9l\u00e9ments en plaque de pl\u00e2tre de son stand \u00e0 Batimat. De la conception \u00e0 la d\u00e9construction, tout a \u00e9t\u00e9 pens\u00e9 dans les moindres d\u00e9tails pour un impact environnemental le plus faible possible. Les \u00e9quipes Siniat Design ont con\u00e7u un stand [&hellip;]<\/p>\n","protected":false},"author":17,"featured_media":107831,"comment_status":"closed","ping_status":"closed","sticky":false,"template":"","format":"standard","meta":{"_et_pb_use_builder":"","_et_pb_old_content":"","_et_gb_content_width":"","footnotes":""},"categories":[10530,6345],"tags":[11430,3851],"class_list":["post-107830","post","type-post","status-publish","format-standard","has-post-thumbnail","hentry","category-actualites","category-economie-marches","tag-economie-circulaire","tag-plaque-de-platre"],"yoast_head":"<!-- This site is optimized with the Yoast SEO plugin v27.4 - https:\/\/yoast.com\/product\/yoast-seo-wordpress\/ -->\n<title>SINIAT recyclera son stand compos\u00e9 de plaques de pl\u00e2tre apr\u00e8s Batimat<\/title>\n<meta name=\"robots\" content=\"index, follow, max-snippet:-1, max-image-preview:large, max-video-preview:-1\" \/>\n<link rel=\"canonical\" href=\"https:\/\/batijournal.com\/index.php\/siniat-recyclera-son-stand-compose-de-plaques-de-platre-apres-batimat\/107830\/\" \/>\n<meta property=\"og:locale\" content=\"fr_FR\" \/>\n<meta property=\"og:type\" content=\"article\" \/>\n<meta property=\"og:title\" content=\"SINIAT recyclera son stand compos\u00e9 de plaques de pl\u00e2tre apr\u00e8s Batimat\" \/>\n<meta property=\"og:description\" content=\"Le sp\u00e9cialiste de la plaque de pl\u00e2tre s\u2019engage \u00e0 r\u00e9utiliser et \u00e0 recycler 100% des \u00e9l\u00e9ments en plaque de pl\u00e2tre de son stand \u00e0 Batimat. De la conception \u00e0 la d\u00e9construction, tout a \u00e9t\u00e9 pens\u00e9 dans les moindres d\u00e9tails pour un impact environnemental le plus faible possible. Les \u00e9quipes Siniat Design ont con\u00e7u un stand [&hellip;]\" \/>\n<meta property=\"og:url\" content=\"https:\/\/batijournal.com\/index.php\/siniat-recyclera-son-stand-compose-de-plaques-de-platre-apres-batimat\/107830\/\" \/>\n<meta property=\"og:site_name\" content=\"Batijournal\" \/>\n<meta property=\"article:published_time\" content=\"2022-09-26T15:15:18+00:00\" \/>\n<meta property=\"og:image\" content=\"https:\/\/batijournal.com\/wp-content\/uploads\/2022\/09\/Siniat-stand-Batimat.jpg\" \/>\n\t<meta property=\"og:image:width\" content=\"1414\" \/>\n\t<meta property=\"og:image:height\" content=\"1000\" \/>\n\t<meta property=\"og:image:type\" content=\"image\/jpeg\" \/>\n<meta name=\"author\" content=\"St\u00e9phane Miget\" \/>\n<meta name=\"twitter:card\" content=\"summary_large_image\" \/>\n<meta name=\"twitter:creator\" content=\"@bati_journal\" \/>\n<meta name=\"twitter:site\" content=\"@bati_journal\" \/>\n<meta name=\"twitter:label1\" content=\"\u00c9crit par\" \/>\n\t<meta name=\"twitter:data1\" content=\"St\u00e9phane Miget\" \/>\n\t<meta name=\"twitter:label2\" content=\"Dur\u00e9e de lecture estim\u00e9e\" \/>\n\t<meta name=\"twitter:data2\" content=\"1 minute\" \/>\n<script type=\"application\/ld+json\" class=\"yoast-schema-graph\">{\"@context\":\"https:\\\/\\\/schema.org\",\"@graph\":[{\"@type\":\"Article\",\"@id\":\"https:\\\/\\\/batijournal.com\\\/index.php\\\/siniat-recyclera-son-stand-compose-de-plaques-de-platre-apres-batimat\\\/107830\\\/#article\",\"isPartOf\":{\"@id\":\"https:\\\/\\\/batijournal.com\\\/index.php\\\/siniat-recyclera-son-stand-compose-de-plaques-de-platre-apres-batimat\\\/107830\\\/\"},\"author\":{\"name\":\"St\u00e9phane Miget\",\"@id\":\"https:\\\/\\\/batijournal.com\\\/#\\\/schema\\\/person\\\/1dc96ec6957aa1ccb25ebe78bb19f100\"},\"headline\":\"SINIAT recyclera son stand compos\u00e9 de plaques de pl\u00e2tre apr\u00e8s Batimat\",\"datePublished\":\"2022-09-26T15:15:18+00:00\",\"mainEntityOfPage\":{\"@id\":\"https:\\\/\\\/batijournal.com\\\/index.php\\\/siniat-recyclera-son-stand-compose-de-plaques-de-platre-apres-batimat\\\/107830\\\/\"},\"wordCount\":173,\"image\":{\"@id\":\"https:\\\/\\\/batijournal.com\\\/index.php\\\/siniat-recyclera-son-stand-compose-de-plaques-de-platre-apres-batimat\\\/107830\\\/#primaryimage\"},\"thumbnailUrl\":\"https:\\\/\\\/batijournal.com\\\/wp-content\\\/uploads\\\/2022\\\/09\\\/Siniat-stand-Batimat.jpg\",\"keywords\":[\"\u00e9conomie circulaire\",\"plaque de pl\u00e2tre\"],\"articleSection\":[\"Actualit\u00e9s\",\"\u00c9conomie &amp; March\u00e9s\"],\"inLanguage\":\"fr-FR\"},{\"@type\":\"WebPage\",\"@id\":\"https:\\\/\\\/batijournal.com\\\/index.php\\\/siniat-recyclera-son-stand-compose-de-plaques-de-platre-apres-batimat\\\/107830\\\/\",\"url\":\"https:\\\/\\\/batijournal.com\\\/index.php\\\/siniat-recyclera-son-stand-compose-de-plaques-de-platre-apres-batimat\\\/107830\\\/\",\"name\":\"SINIAT recyclera son stand compos\u00e9 de plaques de pl\u00e2tre apr\u00e8s Batimat\",\"isPartOf\":{\"@id\":\"https:\\\/\\\/batijournal.com\\\/#website\"},\"primaryImageOfPage\":{\"@id\":\"https:\\\/\\\/batijournal.com\\\/index.php\\\/siniat-recyclera-son-stand-compose-de-plaques-de-platre-apres-batimat\\\/107830\\\/#primaryimage\"},\"image\":{\"@id\":\"https:\\\/\\\/batijournal.com\\\/index.php\\\/siniat-recyclera-son-stand-compose-de-plaques-de-platre-apres-batimat\\\/107830\\\/#primaryimage\"},\"thumbnailUrl\":\"https:\\\/\\\/batijournal.com\\\/wp-content\\\/uploads\\\/2022\\\/09\\\/Siniat-stand-Batimat.jpg\",\"datePublished\":\"2022-09-26T15:15:18+00:00\",\"author\":{\"@id\":\"https:\\\/\\\/batijournal.com\\\/#\\\/schema\\\/person\\\/1dc96ec6957aa1ccb25ebe78bb19f100\"},\"breadcrumb\":{\"@id\":\"https:\\\/\\\/batijournal.com\\\/index.php\\\/siniat-recyclera-son-stand-compose-de-plaques-de-platre-apres-batimat\\\/107830\\\/#breadcrumb\"},\"inLanguage\":\"fr-FR\",\"potentialAction\":[{\"@type\":\"ReadAction\",\"target\":[\"https:\\\/\\\/batijournal.com\\\/index.php\\\/siniat-recyclera-son-stand-compose-de-plaques-de-platre-apres-batimat\\\/107830\\\/\"]}]},{\"@type\":\"ImageObject\",\"inLanguage\":\"fr-FR\",\"@id\":\"https:\\\/\\\/batijournal.com\\\/index.php\\\/siniat-recyclera-son-stand-compose-de-plaques-de-platre-apres-batimat\\\/107830\\\/#primaryimage\",\"url\":\"https:\\\/\\\/batijournal.com\\\/wp-content\\\/uploads\\\/2022\\\/09\\\/Siniat-stand-Batimat.jpg\",\"contentUrl\":\"https:\\\/\\\/batijournal.com\\\/wp-content\\\/uploads\\\/2022\\\/09\\\/Siniat-stand-Batimat.jpg\",\"width\":1414,\"height\":1000},{\"@type\":\"BreadcrumbList\",\"@id\":\"https:\\\/\\\/batijournal.com\\\/index.php\\\/siniat-recyclera-son-stand-compose-de-plaques-de-platre-apres-batimat\\\/107830\\\/#breadcrumb\",\"itemListElement\":[{\"@type\":\"ListItem\",\"position\":1,\"name\":\"Accueil\",\"item\":\"https:\\\/\\\/batijournal.com\\\/\"},{\"@type\":\"ListItem\",\"position\":2,\"name\":\"Actualit\u00e9s\",\"item\":\"https:\\\/\\\/batijournal.com\\\/index.php\\\/category\\\/actualites\\\/\"},{\"@type\":\"ListItem\",\"position\":3,\"name\":\"SINIAT recyclera son stand compos\u00e9 de plaques de pl\u00e2tre apr\u00e8s Batimat\"}]},{\"@type\":\"WebSite\",\"@id\":\"https:\\\/\\\/batijournal.com\\\/#website\",\"url\":\"https:\\\/\\\/batijournal.com\\\/\",\"name\":\"Batijournal\",\"description\":\"L&#039;actualit\u00e9 du b\u00e2timent\",\"potentialAction\":[{\"@type\":\"SearchAction\",\"target\":{\"@type\":\"EntryPoint\",\"urlTemplate\":\"https:\\\/\\\/batijournal.com\\\/?s={search_term_string}\"},\"query-input\":{\"@type\":\"PropertyValueSpecification\",\"valueRequired\":true,\"valueName\":\"search_term_string\"}}],\"inLanguage\":\"fr-FR\"},{\"@type\":\"Person\",\"@id\":\"https:\\\/\\\/batijournal.com\\\/#\\\/schema\\\/person\\\/1dc96ec6957aa1ccb25ebe78bb19f100\",\"name\":\"St\u00e9phane Miget\",\"image\":{\"@type\":\"ImageObject\",\"inLanguage\":\"fr-FR\",\"@id\":\"https:\\\/\\\/secure.gravatar.com\\\/avatar\\\/89915563d925342126b8ef0281b93d9d7fc337043e8df017f780908eb9644451?s=96&d=mm&r=g\",\"url\":\"https:\\\/\\\/secure.gravatar.com\\\/avatar\\\/89915563d925342126b8ef0281b93d9d7fc337043e8df017f780908eb9644451?s=96&d=mm&r=g\",\"contentUrl\":\"https:\\\/\\\/secure.gravatar.com\\\/avatar\\\/89915563d925342126b8ef0281b93d9d7fc337043e8df017f780908eb9644451?s=96&d=mm&r=g\",\"caption\":\"St\u00e9phane Miget\"},\"url\":\"https:\\\/\\\/batijournal.com\\\/index.php\\\/author\\\/stephane\\\/\"}]}<\/script>\n<!-- \/ Yoast SEO plugin. -->","yoast_head_json":{"title":"SINIAT recyclera son stand compos\u00e9 de plaques de pl\u00e2tre apr\u00e8s Batimat","robots":{"index":"index","follow":"follow","max-snippet":"max-snippet:-1","max-image-preview":"max-image-preview:large","max-video-preview":"max-video-preview:-1"},"canonical":"https:\/\/batijournal.com\/index.php\/siniat-recyclera-son-stand-compose-de-plaques-de-platre-apres-batimat\/107830\/","og_locale":"fr_FR","og_type":"article","og_title":"SINIAT recyclera son stand compos\u00e9 de plaques de pl\u00e2tre apr\u00e8s Batimat","og_description":"Le sp\u00e9cialiste de la plaque de pl\u00e2tre s\u2019engage \u00e0 r\u00e9utiliser et \u00e0 recycler 100% des \u00e9l\u00e9ments en plaque de pl\u00e2tre de son stand \u00e0 Batimat. De la conception \u00e0 la d\u00e9construction, tout a \u00e9t\u00e9 pens\u00e9 dans les moindres d\u00e9tails pour un impact environnemental le plus faible possible. Les \u00e9quipes Siniat Design ont con\u00e7u un stand [&hellip;]","og_url":"https:\/\/batijournal.com\/index.php\/siniat-recyclera-son-stand-compose-de-plaques-de-platre-apres-batimat\/107830\/","og_site_name":"Batijournal","article_published_time":"2022-09-26T15:15:18+00:00","og_image":[{"width":1414,"height":1000,"url":"https:\/\/batijournal.com\/wp-content\/uploads\/2022\/09\/Siniat-stand-Batimat.jpg","type":"image\/jpeg"}],"author":"St\u00e9phane Miget","twitter_card":"summary_large_image","twitter_creator":"@bati_journal","twitter_site":"@bati_journal","twitter_misc":{"\u00c9crit par":"St\u00e9phane Miget","Dur\u00e9e de lecture estim\u00e9e":"1 minute"},"schema":{"@context":"https:\/\/schema.org","@graph":[{"@type":"Article","@id":"https:\/\/batijournal.com\/index.php\/siniat-recyclera-son-stand-compose-de-plaques-de-platre-apres-batimat\/107830\/#article","isPartOf":{"@id":"https:\/\/batijournal.com\/index.php\/siniat-recyclera-son-stand-compose-de-plaques-de-platre-apres-batimat\/107830\/"},"author":{"name":"St\u00e9phane Miget","@id":"https:\/\/batijournal.com\/#\/schema\/person\/1dc96ec6957aa1ccb25ebe78bb19f100"},"headline":"SINIAT recyclera son stand compos\u00e9 de plaques de pl\u00e2tre apr\u00e8s Batimat","datePublished":"2022-09-26T15:15:18+00:00","mainEntityOfPage":{"@id":"https:\/\/batijournal.com\/index.php\/siniat-recyclera-son-stand-compose-de-plaques-de-platre-apres-batimat\/107830\/"},"wordCount":173,"image":{"@id":"https:\/\/batijournal.com\/index.php\/siniat-recyclera-son-stand-compose-de-plaques-de-platre-apres-batimat\/107830\/#primaryimage"},"thumbnailUrl":"https:\/\/batijournal.com\/wp-content\/uploads\/2022\/09\/Siniat-stand-Batimat.jpg","keywords":["\u00e9conomie circulaire","plaque de pl\u00e2tre"],"articleSection":["Actualit\u00e9s","\u00c9conomie &amp; March\u00e9s"],"inLanguage":"fr-FR"},{"@type":"WebPage","@id":"https:\/\/batijournal.com\/index.php\/siniat-recyclera-son-stand-compose-de-plaques-de-platre-apres-batimat\/107830\/","url":"https:\/\/batijournal.com\/index.php\/siniat-recyclera-son-stand-compose-de-plaques-de-platre-apres-batimat\/107830\/","name":"SINIAT recyclera son stand compos\u00e9 de plaques de pl\u00e2tre apr\u00e8s Batimat","isPartOf":{"@id":"https:\/\/batijournal.com\/#website"},"primaryImageOfPage":{"@id":"https:\/\/batijournal.com\/index.php\/siniat-recyclera-son-stand-compose-de-plaques-de-platre-apres-batimat\/107830\/#primaryimage"},"image":{"@id":"https:\/\/batijournal.com\/index.php\/siniat-recyclera-son-stand-compose-de-plaques-de-platre-apres-batimat\/107830\/#primaryimage"},"thumbnailUrl":"https:\/\/batijournal.com\/wp-content\/uploads\/2022\/09\/Siniat-stand-Batimat.jpg","datePublished":"2022-09-26T15:15:18+00:00","author":{"@id":"https:\/\/batijournal.com\/#\/schema\/person\/1dc96ec6957aa1ccb25ebe78bb19f100"},"breadcrumb":{"@id":"https:\/\/batijournal.com\/index.php\/siniat-recyclera-son-stand-compose-de-plaques-de-platre-apres-batimat\/107830\/#breadcrumb"},"inLanguage":"fr-FR","potentialAction":[{"@type":"ReadAction","target":["https:\/\/batijournal.com\/index.php\/siniat-recyclera-son-stand-compose-de-plaques-de-platre-apres-batimat\/107830\/"]}]},{"@type":"ImageObject","inLanguage":"fr-FR","@id":"https:\/\/batijournal.com\/index.php\/siniat-recyclera-son-stand-compose-de-plaques-de-platre-apres-batimat\/107830\/#primaryimage","url":"https:\/\/batijournal.com\/wp-content\/uploads\/2022\/09\/Siniat-stand-Batimat.jpg","contentUrl":"https:\/\/batijournal.com\/wp-content\/uploads\/2022\/09\/Siniat-stand-Batimat.jpg","width":1414,"height":1000},{"@type":"BreadcrumbList","@id":"https:\/\/batijournal.com\/index.php\/siniat-recyclera-son-stand-compose-de-plaques-de-platre-apres-batimat\/107830\/#breadcrumb","itemListElement":[{"@type":"ListItem","position":1,"name":"Accueil","item":"https:\/\/batijournal.com\/"},{"@type":"ListItem","position":2,"name":"Actualit\u00e9s","item":"https:\/\/batijournal.com\/index.php\/category\/actualites\/"},{"@type":"ListItem","position":3,"name":"SINIAT recyclera son stand compos\u00e9 de plaques de pl\u00e2tre apr\u00e8s Batimat"}]},{"@type":"WebSite","@id":"https:\/\/batijournal.com\/#website","url":"https:\/\/batijournal.com\/","name":"Batijournal","description":"L&#039;actualit\u00e9 du b\u00e2timent","potentialAction":[{"@type":"SearchAction","target":{"@type":"EntryPoint","urlTemplate":"https:\/\/batijournal.com\/?s={search_term_string}"},"query-input":{"@type":"PropertyValueSpecification","valueRequired":true,"valueName":"search_term_string"}}],"inLanguage":"fr-FR"},{"@type":"Person","@id":"https:\/\/batijournal.com\/#\/schema\/person\/1dc96ec6957aa1ccb25ebe78bb19f100","name":"St\u00e9phane Miget","image":{"@type":"ImageObject","inLanguage":"fr-FR","@id":"https:\/\/secure.gravatar.com\/avatar\/89915563d925342126b8ef0281b93d9d7fc337043e8df017f780908eb9644451?s=96&d=mm&r=g","url":"https:\/\/secure.gravatar.com\/avatar\/89915563d925342126b8ef0281b93d9d7fc337043e8df017f780908eb9644451?s=96&d=mm&r=g","contentUrl":"https:\/\/secure.gravatar.com\/avatar\/89915563d925342126b8ef0281b93d9d7fc337043e8df017f780908eb9644451?s=96&d=mm&r=g","caption":"St\u00e9phane Miget"},"url":"https:\/\/batijournal.com\/index.php\/author\/stephane\/"}]}},"_links":{"self":[{"href":"https:\/\/batijournal.com\/index.php\/wp-json\/wp\/v2\/posts\/107830","targetHints":{"allow":["GET"]}}],"collection":[{"href":"https:\/\/batijournal.com\/index.php\/wp-json\/wp\/v2\/posts"}],"about":[{"href":"https:\/\/batijournal.com\/index.php\/wp-json\/wp\/v2\/types\/post"}],"author":[{"embeddable":true,"href":"https:\/\/batijournal.com\/index.php\/wp-json\/wp\/v2\/users\/17"}],"replies":[{"embeddable":true,"href":"https:\/\/batijournal.com\/index.php\/wp-json\/wp\/v2\/comments?post=107830"}],"version-history":[{"count":0,"href":"https:\/\/batijournal.com\/index.php\/wp-json\/wp\/v2\/posts\/107830\/revisions"}],"wp:featuredmedia":[{"embeddable":true,"href":"https:\/\/batijournal.com\/index.php\/wp-json\/wp\/v2\/media\/107831"}],"wp:attachment":[{"href":"https:\/\/batijournal.com\/index.php\/wp-json\/wp\/v2\/media?parent=107830"}],"wp:term":[{"taxonomy":"category","embeddable":true,"href":"https:\/\/batijournal.com\/index.php\/wp-json\/wp\/v2\/categories?post=107830"},{"taxonomy":"post_tag","embeddable":true,"href":"https:\/\/batijournal.com\/index.php\/wp-json\/wp\/v2\/tags?post=107830"}],"curies":[{"name":"wp","href":"https:\/\/api.w.org\/{rel}","templated":true}]}}