{"id":107919,"date":"2022-10-03T21:35:09","date_gmt":"2022-10-03T19:35:09","guid":{"rendered":"https:\/\/batijournal.com\/?p=107919"},"modified":"2022-10-03T21:35:09","modified_gmt":"2022-10-03T19:35:09","slug":"francois-hollande-en-ouverture-du-salon-batimat-2022","status":"publish","type":"post","link":"https:\/\/batijournal.com\/index.php\/francois-hollande-en-ouverture-du-salon-batimat-2022\/107919\/","title":{"rendered":"Fran\u00e7ois Hollande en ouverture du salon Batimat 2022"},"content":{"rendered":"<h2>La c\u00e9r\u00e9monie d\u2019ouverture du salon Batimat, lundi 3 octobre, a \u00e9t\u00e9 marqu\u00e9e par l\u2019intervention de l\u2019ancien pr\u00e9sident de la R\u00e9publique, Fran\u00e7ois Hollande. L\u2019occasion pour l\u2019ex-chef de l\u2019\u00c9tat de dresser un bilan de l\u2019Accord de Paris et de revenir sur le r\u00f4le de la fili\u00e8re du b\u00e2timent en mati\u00e8re de transition \u00e9cologique. <span class=\"Apple-converted-space\">\u00a0<\/span><\/h2>\n<p>L\u2019ancien pr\u00e9sident de la R\u00e9publique Fran\u00e7ois Hollande \u00e9tait plut\u00f4t morose lors de la c\u00e9r\u00e9monie d\u2019ouverture du salon Batimat. <i>\u00ab Le contexte a boulevers\u00e9 l\u2019ordonnancement de l\u2019Accord de Paris\u00a0\u00bb<\/i>, a-t-il reconnu. La r\u00e9duction \u00e0 marche forc\u00e9e des \u00e9missions des GES a \u00e9t\u00e9 ralenti par le retrait des Etats-Unis de l\u2019Accord de Paris sous la mandature de Donald Trump. Puis par la pand\u00e9mie mondiale, <i>\u00ab\u00a0qui a mis le monde en suspension\u00a0\u00bb, <\/i>par l\u2019inflation, et la guerre en Ukraine, qui ont <i>\u00ab entra\u00een\u00e9 une hausse du co\u00fbt des \u00e9nergies\u00a0<\/i>\u00bb, a t-il constat\u00e9. <span class=\"Apple-converted-space\">\u00a0<\/span><\/p>\n<p><b>Le secteur du b\u00e2timent\u00a0: moteur du changement<span class=\"Apple-converted-space\">\u00a0<\/span><\/b><\/p>\n<p>En cons\u00e9quence de quoi, les \u00e9conomies mondiales, devant l\u2019urgence de pr\u00e9server le pouvoir d\u2019achat et les marges des entreprises, ont pris des d\u00e9cisions \u00e0 contre sens des engagements pris lors de l\u2019Accord de Paris. <i>\u00ab\u00a0Comment respecter nos ambitions, alors qu\u2019il va y avoir des importations d\u2019\u00e9nergies (fossiles ndlr) et que des pays red\u00e9marrent leurs centrales \u00e0 charbon\u00a0?\u00a0\u00bb<\/i> a questionn\u00e9 Fran\u00e7ois Hollande. <i>\u00ab\u00a0Des logiques courts termes nous ram\u00e8nent \u00e0 l\u2019\u00e9conomie d\u2019hier, alors que nous devons penser l\u2019\u00e9conomie de demain\u00a0\u00bb,<\/i> d\u00e9plore-t-il. Cet environnement particulier doit au contraire conduire \u00e0 amplifier notre d\u00e9carbonation selon l\u2019ancien pr\u00e9sident. <span class=\"Apple-converted-space\">\u00a0<\/span><\/p>\n<p>Cette \u00e9conomie de demain, dans le secteur du b\u00e2timent, se traduit (sans grande surprise) par l\u2019utilisation de mat\u00e9riaux, de proc\u00e9d\u00e9s, et de technologies plus sobres en carbone, certes. Mais selon Fran\u00e7ois Hollande, le b\u00e2timent, comme l\u2019\u00c9tat, doivent aussi se faire les ambassadeurs d\u2019un <i>\u00ab\u00a0vivre diff\u00e9remment\u00a0\u00bb. <\/i>Selon lui, il ne s\u2019agit pas seulement de remplir les objectifs quantitatifs en termes de logements construits ou r\u00e9nov\u00e9s. <i>\u00ab\u00a0C\u2019est aussi, comment va-t-on vivre dans ces nouveaux logements\u00a0? C\u2019est une nouvelle organisation de la vie, que l\u2019industrie du b\u00e2timent doit promouvoir\u00a0\u00bb.<\/i><span class=\"Apple-converted-space\">\u00a0<\/span><\/p>\n","protected":false},"excerpt":{"rendered":"<p>La c\u00e9r\u00e9monie d\u2019ouverture du salon Batimat, lundi 3 octobre, a \u00e9t\u00e9 marqu\u00e9e par l\u2019intervention de l\u2019ancien pr\u00e9sident de la R\u00e9publique, Fran\u00e7ois Hollande. L\u2019occasion pour l\u2019ex-chef de l\u2019\u00c9tat de dresser un bilan de l\u2019Accord de Paris et de revenir sur le r\u00f4le de la fili\u00e8re du b\u00e2timent en mati\u00e8re de transition \u00e9cologique. \u00a0 L\u2019ancien pr\u00e9sident de [&hellip;]<\/p>\n","protected":false},"author":17,"featured_media":107920,"comment_status":"closed","ping_status":"closed","sticky":false,"template":"","format":"standard","meta":{"_et_pb_use_builder":"","_et_pb_old_content":"","_et_gb_content_width":"","footnotes":""},"categories":[10530,6345],"tags":[13121],"class_list":["post-107919","post","type-post","status-publish","format-standard","has-post-thumbnail","hentry","category-actualites","category-economie-marches","tag-batimat-2022"],"yoast_head":"<!-- This site is optimized with the Yoast SEO plugin v27.4 - https:\/\/yoast.com\/product\/yoast-seo-wordpress\/ -->\n<title>Fran\u00e7ois Hollande en ouverture du salon Batimat 2022<\/title>\n<meta name=\"robots\" content=\"index, follow, max-snippet:-1, max-image-preview:large, max-video-preview:-1\" \/>\n<link rel=\"canonical\" href=\"https:\/\/batijournal.com\/index.php\/francois-hollande-en-ouverture-du-salon-batimat-2022\/107919\/\" \/>\n<meta property=\"og:locale\" content=\"fr_FR\" \/>\n<meta property=\"og:type\" content=\"article\" \/>\n<meta property=\"og:title\" content=\"Fran\u00e7ois Hollande en ouverture du salon Batimat 2022\" \/>\n<meta property=\"og:description\" content=\"La c\u00e9r\u00e9monie d\u2019ouverture du salon Batimat, lundi 3 octobre, a \u00e9t\u00e9 marqu\u00e9e par l\u2019intervention de l\u2019ancien pr\u00e9sident de la R\u00e9publique, Fran\u00e7ois Hollande. L\u2019occasion pour l\u2019ex-chef de l\u2019\u00c9tat de dresser un bilan de l\u2019Accord de Paris et de revenir sur le r\u00f4le de la fili\u00e8re du b\u00e2timent en mati\u00e8re de transition \u00e9cologique. \u00a0 L\u2019ancien pr\u00e9sident de [&hellip;]\" \/>\n<meta property=\"og:url\" content=\"https:\/\/batijournal.com\/index.php\/francois-hollande-en-ouverture-du-salon-batimat-2022\/107919\/\" \/>\n<meta property=\"og:site_name\" content=\"Batijournal\" \/>\n<meta property=\"article:published_time\" content=\"2022-10-03T19:35:09+00:00\" \/>\n<meta property=\"og:image\" content=\"https:\/\/batijournal.com\/wp-content\/uploads\/2022\/10\/Francois-Hollande-2_batimat_2022.jpg\" \/>\n\t<meta property=\"og:image:width\" content=\"1000\" \/>\n\t<meta property=\"og:image:height\" content=\"725\" \/>\n\t<meta property=\"og:image:type\" content=\"image\/jpeg\" \/>\n<meta name=\"author\" content=\"St\u00e9phane Miget\" \/>\n<meta name=\"twitter:card\" content=\"summary_large_image\" \/>\n<meta name=\"twitter:creator\" content=\"@bati_journal\" \/>\n<meta name=\"twitter:site\" content=\"@bati_journal\" \/>\n<meta name=\"twitter:label1\" content=\"\u00c9crit par\" \/>\n\t<meta name=\"twitter:data1\" content=\"St\u00e9phane Miget\" \/>\n\t<meta name=\"twitter:label2\" content=\"Dur\u00e9e de lecture estim\u00e9e\" \/>\n\t<meta name=\"twitter:data2\" content=\"2 minutes\" \/>\n<script type=\"application\/ld+json\" class=\"yoast-schema-graph\">{\"@context\":\"https:\\\/\\\/schema.org\",\"@graph\":[{\"@type\":\"Article\",\"@id\":\"https:\\\/\\\/batijournal.com\\\/index.php\\\/francois-hollande-en-ouverture-du-salon-batimat-2022\\\/107919\\\/#article\",\"isPartOf\":{\"@id\":\"https:\\\/\\\/batijournal.com\\\/index.php\\\/francois-hollande-en-ouverture-du-salon-batimat-2022\\\/107919\\\/\"},\"author\":{\"name\":\"St\u00e9phane Miget\",\"@id\":\"https:\\\/\\\/batijournal.com\\\/#\\\/schema\\\/person\\\/1dc96ec6957aa1ccb25ebe78bb19f100\"},\"headline\":\"Fran\u00e7ois Hollande en ouverture du salon Batimat 2022\",\"datePublished\":\"2022-10-03T19:35:09+00:00\",\"mainEntityOfPage\":{\"@id\":\"https:\\\/\\\/batijournal.com\\\/index.php\\\/francois-hollande-en-ouverture-du-salon-batimat-2022\\\/107919\\\/\"},\"wordCount\":396,\"image\":{\"@id\":\"https:\\\/\\\/batijournal.com\\\/index.php\\\/francois-hollande-en-ouverture-du-salon-batimat-2022\\\/107919\\\/#primaryimage\"},\"thumbnailUrl\":\"https:\\\/\\\/batijournal.com\\\/wp-content\\\/uploads\\\/2022\\\/10\\\/Francois-Hollande-2_batimat_2022.jpg\",\"keywords\":[\"batimat 2022\"],\"articleSection\":[\"Actualit\u00e9s\",\"\u00c9conomie &amp; March\u00e9s\"],\"inLanguage\":\"fr-FR\"},{\"@type\":\"WebPage\",\"@id\":\"https:\\\/\\\/batijournal.com\\\/index.php\\\/francois-hollande-en-ouverture-du-salon-batimat-2022\\\/107919\\\/\",\"url\":\"https:\\\/\\\/batijournal.com\\\/index.php\\\/francois-hollande-en-ouverture-du-salon-batimat-2022\\\/107919\\\/\",\"name\":\"Fran\u00e7ois Hollande en ouverture du salon Batimat 2022\",\"isPartOf\":{\"@id\":\"https:\\\/\\\/batijournal.com\\\/#website\"},\"primaryImageOfPage\":{\"@id\":\"https:\\\/\\\/batijournal.com\\\/index.php\\\/francois-hollande-en-ouverture-du-salon-batimat-2022\\\/107919\\\/#primaryimage\"},\"image\":{\"@id\":\"https:\\\/\\\/batijournal.com\\\/index.php\\\/francois-hollande-en-ouverture-du-salon-batimat-2022\\\/107919\\\/#primaryimage\"},\"thumbnailUrl\":\"https:\\\/\\\/batijournal.com\\\/wp-content\\\/uploads\\\/2022\\\/10\\\/Francois-Hollande-2_batimat_2022.jpg\",\"datePublished\":\"2022-10-03T19:35:09+00:00\",\"author\":{\"@id\":\"https:\\\/\\\/batijournal.com\\\/#\\\/schema\\\/person\\\/1dc96ec6957aa1ccb25ebe78bb19f100\"},\"breadcrumb\":{\"@id\":\"https:\\\/\\\/batijournal.com\\\/index.php\\\/francois-hollande-en-ouverture-du-salon-batimat-2022\\\/107919\\\/#breadcrumb\"},\"inLanguage\":\"fr-FR\",\"potentialAction\":[{\"@type\":\"ReadAction\",\"target\":[\"https:\\\/\\\/batijournal.com\\\/index.php\\\/francois-hollande-en-ouverture-du-salon-batimat-2022\\\/107919\\\/\"]}]},{\"@type\":\"ImageObject\",\"inLanguage\":\"fr-FR\",\"@id\":\"https:\\\/\\\/batijournal.com\\\/index.php\\\/francois-hollande-en-ouverture-du-salon-batimat-2022\\\/107919\\\/#primaryimage\",\"url\":\"https:\\\/\\\/batijournal.com\\\/wp-content\\\/uploads\\\/2022\\\/10\\\/Francois-Hollande-2_batimat_2022.jpg\",\"contentUrl\":\"https:\\\/\\\/batijournal.com\\\/wp-content\\\/uploads\\\/2022\\\/10\\\/Francois-Hollande-2_batimat_2022.jpg\",\"width\":1000,\"height\":725},{\"@type\":\"BreadcrumbList\",\"@id\":\"https:\\\/\\\/batijournal.com\\\/index.php\\\/francois-hollande-en-ouverture-du-salon-batimat-2022\\\/107919\\\/#breadcrumb\",\"itemListElement\":[{\"@type\":\"ListItem\",\"position\":1,\"name\":\"Accueil\",\"item\":\"https:\\\/\\\/batijournal.com\\\/\"},{\"@type\":\"ListItem\",\"position\":2,\"name\":\"Actualit\u00e9s\",\"item\":\"https:\\\/\\\/batijournal.com\\\/index.php\\\/category\\\/actualites\\\/\"},{\"@type\":\"ListItem\",\"position\":3,\"name\":\"Fran\u00e7ois Hollande en ouverture du salon Batimat 2022\"}]},{\"@type\":\"WebSite\",\"@id\":\"https:\\\/\\\/batijournal.com\\\/#website\",\"url\":\"https:\\\/\\\/batijournal.com\\\/\",\"name\":\"Batijournal\",\"description\":\"L&#039;actualit\u00e9 du b\u00e2timent\",\"potentialAction\":[{\"@type\":\"SearchAction\",\"target\":{\"@type\":\"EntryPoint\",\"urlTemplate\":\"https:\\\/\\\/batijournal.com\\\/?s={search_term_string}\"},\"query-input\":{\"@type\":\"PropertyValueSpecification\",\"valueRequired\":true,\"valueName\":\"search_term_string\"}}],\"inLanguage\":\"fr-FR\"},{\"@type\":\"Person\",\"@id\":\"https:\\\/\\\/batijournal.com\\\/#\\\/schema\\\/person\\\/1dc96ec6957aa1ccb25ebe78bb19f100\",\"name\":\"St\u00e9phane Miget\",\"image\":{\"@type\":\"ImageObject\",\"inLanguage\":\"fr-FR\",\"@id\":\"https:\\\/\\\/secure.gravatar.com\\\/avatar\\\/89915563d925342126b8ef0281b93d9d7fc337043e8df017f780908eb9644451?s=96&d=mm&r=g\",\"url\":\"https:\\\/\\\/secure.gravatar.com\\\/avatar\\\/89915563d925342126b8ef0281b93d9d7fc337043e8df017f780908eb9644451?s=96&d=mm&r=g\",\"contentUrl\":\"https:\\\/\\\/secure.gravatar.com\\\/avatar\\\/89915563d925342126b8ef0281b93d9d7fc337043e8df017f780908eb9644451?s=96&d=mm&r=g\",\"caption\":\"St\u00e9phane Miget\"},\"url\":\"https:\\\/\\\/batijournal.com\\\/index.php\\\/author\\\/stephane\\\/\"}]}<\/script>\n<!-- \/ Yoast SEO plugin. -->","yoast_head_json":{"title":"Fran\u00e7ois Hollande en ouverture du salon Batimat 2022","robots":{"index":"index","follow":"follow","max-snippet":"max-snippet:-1","max-image-preview":"max-image-preview:large","max-video-preview":"max-video-preview:-1"},"canonical":"https:\/\/batijournal.com\/index.php\/francois-hollande-en-ouverture-du-salon-batimat-2022\/107919\/","og_locale":"fr_FR","og_type":"article","og_title":"Fran\u00e7ois Hollande en ouverture du salon Batimat 2022","og_description":"La c\u00e9r\u00e9monie d\u2019ouverture du salon Batimat, lundi 3 octobre, a \u00e9t\u00e9 marqu\u00e9e par l\u2019intervention de l\u2019ancien pr\u00e9sident de la R\u00e9publique, Fran\u00e7ois Hollande. L\u2019occasion pour l\u2019ex-chef de l\u2019\u00c9tat de dresser un bilan de l\u2019Accord de Paris et de revenir sur le r\u00f4le de la fili\u00e8re du b\u00e2timent en mati\u00e8re de transition \u00e9cologique. \u00a0 L\u2019ancien pr\u00e9sident de [&hellip;]","og_url":"https:\/\/batijournal.com\/index.php\/francois-hollande-en-ouverture-du-salon-batimat-2022\/107919\/","og_site_name":"Batijournal","article_published_time":"2022-10-03T19:35:09+00:00","og_image":[{"width":1000,"height":725,"url":"https:\/\/batijournal.com\/wp-content\/uploads\/2022\/10\/Francois-Hollande-2_batimat_2022.jpg","type":"image\/jpeg"}],"author":"St\u00e9phane Miget","twitter_card":"summary_large_image","twitter_creator":"@bati_journal","twitter_site":"@bati_journal","twitter_misc":{"\u00c9crit par":"St\u00e9phane Miget","Dur\u00e9e de lecture estim\u00e9e":"2 minutes"},"schema":{"@context":"https:\/\/schema.org","@graph":[{"@type":"Article","@id":"https:\/\/batijournal.com\/index.php\/francois-hollande-en-ouverture-du-salon-batimat-2022\/107919\/#article","isPartOf":{"@id":"https:\/\/batijournal.com\/index.php\/francois-hollande-en-ouverture-du-salon-batimat-2022\/107919\/"},"author":{"name":"St\u00e9phane Miget","@id":"https:\/\/batijournal.com\/#\/schema\/person\/1dc96ec6957aa1ccb25ebe78bb19f100"},"headline":"Fran\u00e7ois Hollande en ouverture du salon Batimat 2022","datePublished":"2022-10-03T19:35:09+00:00","mainEntityOfPage":{"@id":"https:\/\/batijournal.com\/index.php\/francois-hollande-en-ouverture-du-salon-batimat-2022\/107919\/"},"wordCount":396,"image":{"@id":"https:\/\/batijournal.com\/index.php\/francois-hollande-en-ouverture-du-salon-batimat-2022\/107919\/#primaryimage"},"thumbnailUrl":"https:\/\/batijournal.com\/wp-content\/uploads\/2022\/10\/Francois-Hollande-2_batimat_2022.jpg","keywords":["batimat 2022"],"articleSection":["Actualit\u00e9s","\u00c9conomie &amp; March\u00e9s"],"inLanguage":"fr-FR"},{"@type":"WebPage","@id":"https:\/\/batijournal.com\/index.php\/francois-hollande-en-ouverture-du-salon-batimat-2022\/107919\/","url":"https:\/\/batijournal.com\/index.php\/francois-hollande-en-ouverture-du-salon-batimat-2022\/107919\/","name":"Fran\u00e7ois Hollande en ouverture du salon Batimat 2022","isPartOf":{"@id":"https:\/\/batijournal.com\/#website"},"primaryImageOfPage":{"@id":"https:\/\/batijournal.com\/index.php\/francois-hollande-en-ouverture-du-salon-batimat-2022\/107919\/#primaryimage"},"image":{"@id":"https:\/\/batijournal.com\/index.php\/francois-hollande-en-ouverture-du-salon-batimat-2022\/107919\/#primaryimage"},"thumbnailUrl":"https:\/\/batijournal.com\/wp-content\/uploads\/2022\/10\/Francois-Hollande-2_batimat_2022.jpg","datePublished":"2022-10-03T19:35:09+00:00","author":{"@id":"https:\/\/batijournal.com\/#\/schema\/person\/1dc96ec6957aa1ccb25ebe78bb19f100"},"breadcrumb":{"@id":"https:\/\/batijournal.com\/index.php\/francois-hollande-en-ouverture-du-salon-batimat-2022\/107919\/#breadcrumb"},"inLanguage":"fr-FR","potentialAction":[{"@type":"ReadAction","target":["https:\/\/batijournal.com\/index.php\/francois-hollande-en-ouverture-du-salon-batimat-2022\/107919\/"]}]},{"@type":"ImageObject","inLanguage":"fr-FR","@id":"https:\/\/batijournal.com\/index.php\/francois-hollande-en-ouverture-du-salon-batimat-2022\/107919\/#primaryimage","url":"https:\/\/batijournal.com\/wp-content\/uploads\/2022\/10\/Francois-Hollande-2_batimat_2022.jpg","contentUrl":"https:\/\/batijournal.com\/wp-content\/uploads\/2022\/10\/Francois-Hollande-2_batimat_2022.jpg","width":1000,"height":725},{"@type":"BreadcrumbList","@id":"https:\/\/batijournal.com\/index.php\/francois-hollande-en-ouverture-du-salon-batimat-2022\/107919\/#breadcrumb","itemListElement":[{"@type":"ListItem","position":1,"name":"Accueil","item":"https:\/\/batijournal.com\/"},{"@type":"ListItem","position":2,"name":"Actualit\u00e9s","item":"https:\/\/batijournal.com\/index.php\/category\/actualites\/"},{"@type":"ListItem","position":3,"name":"Fran\u00e7ois Hollande en ouverture du salon Batimat 2022"}]},{"@type":"WebSite","@id":"https:\/\/batijournal.com\/#website","url":"https:\/\/batijournal.com\/","name":"Batijournal","description":"L&#039;actualit\u00e9 du b\u00e2timent","potentialAction":[{"@type":"SearchAction","target":{"@type":"EntryPoint","urlTemplate":"https:\/\/batijournal.com\/?s={search_term_string}"},"query-input":{"@type":"PropertyValueSpecification","valueRequired":true,"valueName":"search_term_string"}}],"inLanguage":"fr-FR"},{"@type":"Person","@id":"https:\/\/batijournal.com\/#\/schema\/person\/1dc96ec6957aa1ccb25ebe78bb19f100","name":"St\u00e9phane Miget","image":{"@type":"ImageObject","inLanguage":"fr-FR","@id":"https:\/\/secure.gravatar.com\/avatar\/89915563d925342126b8ef0281b93d9d7fc337043e8df017f780908eb9644451?s=96&d=mm&r=g","url":"https:\/\/secure.gravatar.com\/avatar\/89915563d925342126b8ef0281b93d9d7fc337043e8df017f780908eb9644451?s=96&d=mm&r=g","contentUrl":"https:\/\/secure.gravatar.com\/avatar\/89915563d925342126b8ef0281b93d9d7fc337043e8df017f780908eb9644451?s=96&d=mm&r=g","caption":"St\u00e9phane Miget"},"url":"https:\/\/batijournal.com\/index.php\/author\/stephane\/"}]}},"_links":{"self":[{"href":"https:\/\/batijournal.com\/index.php\/wp-json\/wp\/v2\/posts\/107919","targetHints":{"allow":["GET"]}}],"collection":[{"href":"https:\/\/batijournal.com\/index.php\/wp-json\/wp\/v2\/posts"}],"about":[{"href":"https:\/\/batijournal.com\/index.php\/wp-json\/wp\/v2\/types\/post"}],"author":[{"embeddable":true,"href":"https:\/\/batijournal.com\/index.php\/wp-json\/wp\/v2\/users\/17"}],"replies":[{"embeddable":true,"href":"https:\/\/batijournal.com\/index.php\/wp-json\/wp\/v2\/comments?post=107919"}],"version-history":[{"count":0,"href":"https:\/\/batijournal.com\/index.php\/wp-json\/wp\/v2\/posts\/107919\/revisions"}],"wp:featuredmedia":[{"embeddable":true,"href":"https:\/\/batijournal.com\/index.php\/wp-json\/wp\/v2\/media\/107920"}],"wp:attachment":[{"href":"https:\/\/batijournal.com\/index.php\/wp-json\/wp\/v2\/media?parent=107919"}],"wp:term":[{"taxonomy":"category","embeddable":true,"href":"https:\/\/batijournal.com\/index.php\/wp-json\/wp\/v2\/categories?post=107919"},{"taxonomy":"post_tag","embeddable":true,"href":"https:\/\/batijournal.com\/index.php\/wp-json\/wp\/v2\/tags?post=107919"}],"curies":[{"name":"wp","href":"https:\/\/api.w.org\/{rel}","templated":true}]}}