{"id":107968,"date":"2022-10-05T19:02:13","date_gmt":"2022-10-05T17:02:13","guid":{"rendered":"https:\/\/batijournal.com\/?p=107968"},"modified":"2022-10-05T19:11:07","modified_gmt":"2022-10-05T17:11:07","slug":"le-french-bois-une-question-sur-le-bois-cest-la","status":"publish","type":"post","link":"https:\/\/batijournal.com\/index.php\/le-french-bois-une-question-sur-le-bois-cest-la\/107968\/","title":{"rendered":"Batimat : Le French bois, une question sur le bois\u00a0? C\u2019est l\u00e0 !"},"content":{"rendered":"<p>[et_pb_section fb_built=\u00a0\u00bb1&Prime; _builder_version=\u00a0\u00bb4.17.4&Prime; _module_preset=\u00a0\u00bbdefault\u00a0\u00bb global_colors_info=\u00a0\u00bb{}\u00a0\u00bb][et_pb_row _builder_version=\u00a0\u00bb4.17.4&Prime; _module_preset=\u00a0\u00bbdefault\u00a0\u00bb global_colors_info=\u00a0\u00bb{}\u00a0\u00bb][et_pb_column type=\u00a0\u00bb4_4&Prime; _builder_version=\u00a0\u00bb4.17.4&Prime; _module_preset=\u00a0\u00bbdefault\u00a0\u00bb global_colors_info=\u00a0\u00bb{}\u00a0\u00bb][et_pb_text _builder_version=\u00a0\u00bb4.17.4&Prime; _module_preset=\u00a0\u00bbdefault\u00a0\u00bb global_colors_info=\u00a0\u00bb{}\u00a0\u00bb]<\/p>\n<h2>Le pavillon <i>Le French bois<\/i> pr\u00e9sente la fili\u00e8re bois fran\u00e7aise dans son ensemble tout au long du salon Batimat. Ambre Le Ferrec, Responsable du P\u00f4le \u00ab\u00a0Seconde Transformation\u00a0\u00bb, \u00e0 la F\u00e9d\u00e9ration nationale du bois nous en dit plus.<span class=\"Apple-converted-space\">\u00a0 \u00a0<\/span><\/h2>\n<p>[\/et_pb_text][\/et_pb_column][\/et_pb_row][et_pb_row column_structure=\u00a0\u00bb1_2,1_2&Prime; _builder_version=\u00a0\u00bb4.17.4&Prime; _module_preset=\u00a0\u00bbdefault\u00a0\u00bb global_colors_info=\u00a0\u00bb{}\u00a0\u00bb][et_pb_column type=\u00a0\u00bb1_2&Prime; _builder_version=\u00a0\u00bb4.17.4&Prime; _module_preset=\u00a0\u00bbdefault\u00a0\u00bb global_colors_info=\u00a0\u00bb{}\u00a0\u00bb][et_pb_text _builder_version=\u00a0\u00bb4.17.4&Prime; _module_preset=\u00a0\u00bbdefault\u00a0\u00bb global_colors_info=\u00a0\u00bb{}\u00a0\u00bb]<\/p>\n<p><i>Batijournal\u00a0: Qui est \u00e0 l\u2019initiative du pavillon Le French Bois\u00a0?<span class=\"Apple-converted-space\">\u00a0<\/span><\/i><\/p>\n<p><b>Ambre Le Ferrec\u00a0:<\/b> Ce n\u2019est pas un nom de marque. C\u2019est un stand fili\u00e8re financ\u00e9 par France bois for\u00eat (et port\u00e9 par des partenaires comme le label Bois de France et la FNB ndlr) qui repr\u00e9sente et promeut la fili\u00e8re bois fran\u00e7aise. Aussi bien la ressource que la fabrication\u00a0! Cela va donc de l\u2019exploitant forestier au p\u00e9pini\u00e9riste, jusqu\u2019\u00e0 la premi\u00e8re, seconde, et troisi\u00e8me transformation.<span class=\"Apple-converted-space\">\u00a0<\/span><\/p>\n<p>[\/et_pb_text][\/et_pb_column][et_pb_column type=\u00a0\u00bb1_2&Prime; _builder_version=\u00a0\u00bb4.17.4&Prime; _module_preset=\u00a0\u00bbdefault\u00a0\u00bb global_colors_info=\u00a0\u00bb{}\u00a0\u00bb][et_pb_text _builder_version=\u00a0\u00bb4.17.4&Prime; _module_preset=\u00a0\u00bbdefault\u00a0\u00bb background_color=\u00a0\u00bb#e0d0b5&Prime; custom_padding=\u00a0\u00bb20px|20px|20px|20px|true|true\u00a0\u00bb global_colors_info=\u00a0\u00bb{}\u00a0\u00bb]<\/p>\n<p><b>VR dans les bois<br \/><\/b>Le stand Le French bois propose \u00e9galement une exp\u00e9rience de r\u00e9alit\u00e9 virtuelle. <i>\u00ab\u00a0On y retrouve le catalogue produit bois fran\u00e7ais, pr\u00e9sent\u00e9 de mani\u00e8re interactive. L\u2019utilisateur peut interagir avec chaque produit mis en situation, et accompagn\u00e9 de la documentation associ\u00e9e\u00a0\u00bb, <\/i>d\u00e9veloppe Ambre Le Ferrec. Un service qui sera ensuite disponible en ligne. <span class=\"Apple-converted-space\">\u00a0<\/span><\/p>\n<p>[\/et_pb_text][\/et_pb_column][\/et_pb_row][et_pb_row _builder_version=\u00a0\u00bb4.17.4&Prime; _module_preset=\u00a0\u00bbdefault\u00a0\u00bb global_colors_info=\u00a0\u00bb{}\u00a0\u00bb][et_pb_column type=\u00a0\u00bb4_4&Prime; _builder_version=\u00a0\u00bb4.17.4&Prime; _module_preset=\u00a0\u00bbdefault\u00a0\u00bb global_colors_info=\u00a0\u00bb{}\u00a0\u00bb][et_pb_text _builder_version=\u00a0\u00bb4.17.4&Prime; _module_preset=\u00a0\u00bbdefault\u00a0\u00bb global_colors_info=\u00a0\u00bb{}\u00a0\u00bb]<\/p>\n<p><i>Batijournal\u00a0: Qu\u2019est-ce que vous proposez concr\u00e8tement\u00a0?<span class=\"Apple-converted-space\">\u00a0<\/span><\/i><\/p>\n<p><b>Ambre Le Ferrec\u00a0: <\/b>Nous produisons avant tout de la documentation disponible sur notre stand, et sur le site <a href=\"https:\/\/preferezlesboisdefrance.fr\">https:\/\/preferezlesboisdefrance.fr<\/a>. Nous distribuons un premier catalogue produit bois fran\u00e7ais orient\u00e9 technique, qui renseigne sur les dimensions, les standards, les essences disponibles\u2026 Ce catalogue renvoie aussi sur des fiches <i>\u00ab\u00a0comprendre\u00a0\u00bb<\/i> qui entrent plus dans le d\u00e9tail de chaque produit.<span class=\"Apple-converted-space\">\u00a0<\/span><\/p>\n<p>Nous proposons aussi <i>Vivre dedans vivre dehors<\/i>. Ce document raconte le voyage de l\u2019arbre, de la for\u00eat \u00e0 l\u2019usager. Nous ciblons avant tout les prescripteurs bois, les architectes et les designers. C\u2019est une structuration qui vise \u00e0 aborder des publics qui n\u2019ont pas forc\u00e9ment int\u00e9gr\u00e9 le bois dans leurs codes.<span class=\"Apple-converted-space\">\u00a0<\/span><\/p>\n<p>Nous produisons \u00e9galement de la documentation li\u00e9e \u00e0 la RE2020, des documents pr\u00e9sentant les Fiches de d\u00e9claration environnementale et sanitaire (FDES), ou les atouts du bois pour la construction bas carbone etc.<span class=\"Apple-converted-space\">\u00a0<\/span><\/p>\n<p>[\/et_pb_text][\/et_pb_column][\/et_pb_row][et_pb_row column_structure=\u00a0\u00bb1_2,1_2&Prime; _builder_version=\u00a0\u00bb4.17.4&Prime; _module_preset=\u00a0\u00bbdefault\u00a0\u00bb global_colors_info=\u00a0\u00bb{}\u00a0\u00bb][et_pb_column type=\u00a0\u00bb1_2&Prime; _builder_version=\u00a0\u00bb4.17.4&Prime; _module_preset=\u00a0\u00bbdefault\u00a0\u00bb global_colors_info=\u00a0\u00bb{}\u00a0\u00bb][et_pb_text _builder_version=\u00a0\u00bb4.17.4&Prime; _module_preset=\u00a0\u00bbdefault\u00a0\u00bb global_colors_info=\u00a0\u00bb{}\u00a0\u00bb]<\/p>\n<p><i>Batijournal\u00a0: D\u00e9veloppez-vous des outils en parall\u00e8le de cette documentation ? <\/i><\/p>\n<p><b>Ambre Le Ferrec\u00a0: <\/b>Nous avons cr\u00e9\u00e9 un configurateur de fiches FDES baptis\u00e9 DE-bois de France. D\u2019ailleurs, nous fournissons un grand nombre de donn\u00e9es afin de r\u00e9aliser ces fiches collectivement, qui sont ensuite configurables pour un chantier. Nous avons \u00e9galement d\u00e9velopp\u00e9 Boursabois, une plateforme afin de faciliter la mise en relation entre les acteurs de la fili\u00e8re bois.<\/p>\n<p>[\/et_pb_text][\/et_pb_column][et_pb_column type=\u00a0\u00bb1_2&Prime; _builder_version=\u00a0\u00bb4.17.4&Prime; _module_preset=\u00a0\u00bbdefault\u00a0\u00bb global_colors_info=\u00a0\u00bb{}\u00a0\u00bb][et_pb_image src=\u00a0\u00bbhttps:\/\/batijournal.com\/wp-content\/uploads\/2022\/10\/Frenchbois_batimat-2022.jpg\u00a0\u00bb title_text=\u00a0\u00bbFrenchbois_batimat-2022&Prime; _builder_version=\u00a0\u00bb4.17.4&Prime; _module_preset=\u00a0\u00bbdefault\u00a0\u00bb global_colors_info=\u00a0\u00bb{}\u00a0\u00bb][\/et_pb_image][\/et_pb_column][\/et_pb_row][\/et_pb_section]<\/p>\n","protected":false},"excerpt":{"rendered":"<p>Le pavillon Le French bois pr\u00e9sente la fili\u00e8re bois fran\u00e7aise dans son ensemble tout au long du salon Batimat. Ambre Le Ferrec, Responsable du P\u00f4le \u00ab\u00a0Seconde Transformation\u00a0\u00bb, \u00e0 la F\u00e9d\u00e9ration nationale du bois nous en dit plus.\u00a0 \u00a0 Batijournal\u00a0: Qui est \u00e0 l\u2019initiative du pavillon Le French Bois\u00a0?\u00a0 Ambre Le Ferrec\u00a0: Ce n\u2019est pas un [&hellip;]<\/p>\n","protected":false},"author":17,"featured_media":107970,"comment_status":"closed","ping_status":"closed","sticky":false,"template":"","format":"standard","meta":{"_et_pb_use_builder":"on","_et_pb_old_content":"","_et_gb_content_width":"","footnotes":""},"categories":[10530,10769,10764],"tags":[1017],"class_list":["post-107968","post","type-post","status-publish","format-standard","has-post-thumbnail","hentry","category-actualites","category-publications","category-woodsurfer","tag-filiere-bois"],"yoast_head":"<!-- This site is optimized with the Yoast SEO plugin v27.4 - https:\/\/yoast.com\/product\/yoast-seo-wordpress\/ -->\n<title>Batimat : Le French bois, une question sur le bois\u00a0? C\u2019est l\u00e0 !<\/title>\n<meta name=\"robots\" content=\"index, follow, max-snippet:-1, max-image-preview:large, max-video-preview:-1\" \/>\n<link rel=\"canonical\" href=\"https:\/\/batijournal.com\/index.php\/le-french-bois-une-question-sur-le-bois-cest-la\/107968\/\" \/>\n<meta property=\"og:locale\" content=\"fr_FR\" \/>\n<meta property=\"og:type\" content=\"article\" \/>\n<meta property=\"og:title\" content=\"Batimat : Le French bois, une question sur le bois\u00a0? C\u2019est l\u00e0 !\" \/>\n<meta property=\"og:description\" content=\"Le pavillon Le French bois pr\u00e9sente la fili\u00e8re bois fran\u00e7aise dans son ensemble tout au long du salon Batimat. Ambre Le Ferrec, Responsable du P\u00f4le \u00ab\u00a0Seconde Transformation\u00a0\u00bb, \u00e0 la F\u00e9d\u00e9ration nationale du bois nous en dit plus.\u00a0 \u00a0 Batijournal\u00a0: Qui est \u00e0 l\u2019initiative du pavillon Le French Bois\u00a0?\u00a0 Ambre Le Ferrec\u00a0: Ce n\u2019est pas un [&hellip;]\" \/>\n<meta property=\"og:url\" content=\"https:\/\/batijournal.com\/index.php\/le-french-bois-une-question-sur-le-bois-cest-la\/107968\/\" \/>\n<meta property=\"og:site_name\" content=\"Batijournal\" \/>\n<meta property=\"article:published_time\" content=\"2022-10-05T17:02:13+00:00\" \/>\n<meta property=\"article:modified_time\" content=\"2022-10-05T17:11:07+00:00\" \/>\n<meta property=\"og:image\" content=\"https:\/\/batijournal.com\/wp-content\/uploads\/2022\/10\/Frenchbois_batimat-2022.jpg\" \/>\n\t<meta property=\"og:image:width\" content=\"1000\" \/>\n\t<meta property=\"og:image:height\" content=\"750\" \/>\n\t<meta property=\"og:image:type\" content=\"image\/jpeg\" \/>\n<meta name=\"author\" content=\"St\u00e9phane Miget\" \/>\n<meta name=\"twitter:card\" content=\"summary_large_image\" \/>\n<meta name=\"twitter:creator\" content=\"@bati_journal\" \/>\n<meta name=\"twitter:site\" content=\"@bati_journal\" \/>\n<meta name=\"twitter:label1\" content=\"\u00c9crit par\" \/>\n\t<meta name=\"twitter:data1\" content=\"St\u00e9phane Miget\" \/>\n\t<meta name=\"twitter:label2\" content=\"Dur\u00e9e de lecture estim\u00e9e\" \/>\n\t<meta name=\"twitter:data2\" content=\"3 minutes\" \/>\n<script type=\"application\/ld+json\" class=\"yoast-schema-graph\">{\"@context\":\"https:\\\/\\\/schema.org\",\"@graph\":[{\"@type\":\"Article\",\"@id\":\"https:\\\/\\\/batijournal.com\\\/index.php\\\/le-french-bois-une-question-sur-le-bois-cest-la\\\/107968\\\/#article\",\"isPartOf\":{\"@id\":\"https:\\\/\\\/batijournal.com\\\/index.php\\\/le-french-bois-une-question-sur-le-bois-cest-la\\\/107968\\\/\"},\"author\":{\"name\":\"St\u00e9phane Miget\",\"@id\":\"https:\\\/\\\/batijournal.com\\\/#\\\/schema\\\/person\\\/1dc96ec6957aa1ccb25ebe78bb19f100\"},\"headline\":\"Batimat : Le French bois, une question sur le bois\u00a0? C\u2019est l\u00e0 !\",\"datePublished\":\"2022-10-05T17:02:13+00:00\",\"dateModified\":\"2022-10-05T17:11:07+00:00\",\"mainEntityOfPage\":{\"@id\":\"https:\\\/\\\/batijournal.com\\\/index.php\\\/le-french-bois-une-question-sur-le-bois-cest-la\\\/107968\\\/\"},\"wordCount\":709,\"image\":{\"@id\":\"https:\\\/\\\/batijournal.com\\\/index.php\\\/le-french-bois-une-question-sur-le-bois-cest-la\\\/107968\\\/#primaryimage\"},\"thumbnailUrl\":\"https:\\\/\\\/batijournal.com\\\/wp-content\\\/uploads\\\/2022\\\/10\\\/Frenchbois_batimat-2022.jpg\",\"keywords\":[\"fili\u00e8re bois\"],\"articleSection\":[\"Actualit\u00e9s\",\"zz_Actualit\u00e9s - Woodsurfer\",\"zz_Woodsurfer\"],\"inLanguage\":\"fr-FR\"},{\"@type\":\"WebPage\",\"@id\":\"https:\\\/\\\/batijournal.com\\\/index.php\\\/le-french-bois-une-question-sur-le-bois-cest-la\\\/107968\\\/\",\"url\":\"https:\\\/\\\/batijournal.com\\\/index.php\\\/le-french-bois-une-question-sur-le-bois-cest-la\\\/107968\\\/\",\"name\":\"Batimat : Le French bois, une question sur le bois\u00a0? C\u2019est l\u00e0 !\",\"isPartOf\":{\"@id\":\"https:\\\/\\\/batijournal.com\\\/#website\"},\"primaryImageOfPage\":{\"@id\":\"https:\\\/\\\/batijournal.com\\\/index.php\\\/le-french-bois-une-question-sur-le-bois-cest-la\\\/107968\\\/#primaryimage\"},\"image\":{\"@id\":\"https:\\\/\\\/batijournal.com\\\/index.php\\\/le-french-bois-une-question-sur-le-bois-cest-la\\\/107968\\\/#primaryimage\"},\"thumbnailUrl\":\"https:\\\/\\\/batijournal.com\\\/wp-content\\\/uploads\\\/2022\\\/10\\\/Frenchbois_batimat-2022.jpg\",\"datePublished\":\"2022-10-05T17:02:13+00:00\",\"dateModified\":\"2022-10-05T17:11:07+00:00\",\"author\":{\"@id\":\"https:\\\/\\\/batijournal.com\\\/#\\\/schema\\\/person\\\/1dc96ec6957aa1ccb25ebe78bb19f100\"},\"breadcrumb\":{\"@id\":\"https:\\\/\\\/batijournal.com\\\/index.php\\\/le-french-bois-une-question-sur-le-bois-cest-la\\\/107968\\\/#breadcrumb\"},\"inLanguage\":\"fr-FR\",\"potentialAction\":[{\"@type\":\"ReadAction\",\"target\":[\"https:\\\/\\\/batijournal.com\\\/index.php\\\/le-french-bois-une-question-sur-le-bois-cest-la\\\/107968\\\/\"]}]},{\"@type\":\"ImageObject\",\"inLanguage\":\"fr-FR\",\"@id\":\"https:\\\/\\\/batijournal.com\\\/index.php\\\/le-french-bois-une-question-sur-le-bois-cest-la\\\/107968\\\/#primaryimage\",\"url\":\"https:\\\/\\\/batijournal.com\\\/wp-content\\\/uploads\\\/2022\\\/10\\\/Frenchbois_batimat-2022.jpg\",\"contentUrl\":\"https:\\\/\\\/batijournal.com\\\/wp-content\\\/uploads\\\/2022\\\/10\\\/Frenchbois_batimat-2022.jpg\",\"width\":1000,\"height\":750},{\"@type\":\"BreadcrumbList\",\"@id\":\"https:\\\/\\\/batijournal.com\\\/index.php\\\/le-french-bois-une-question-sur-le-bois-cest-la\\\/107968\\\/#breadcrumb\",\"itemListElement\":[{\"@type\":\"ListItem\",\"position\":1,\"name\":\"Accueil\",\"item\":\"https:\\\/\\\/batijournal.com\\\/\"},{\"@type\":\"ListItem\",\"position\":2,\"name\":\"Actualit\u00e9s\",\"item\":\"https:\\\/\\\/batijournal.com\\\/index.php\\\/category\\\/actualites\\\/\"},{\"@type\":\"ListItem\",\"position\":3,\"name\":\"Batimat : Le French bois, une question sur le bois\u00a0? C\u2019est l\u00e0 !\"}]},{\"@type\":\"WebSite\",\"@id\":\"https:\\\/\\\/batijournal.com\\\/#website\",\"url\":\"https:\\\/\\\/batijournal.com\\\/\",\"name\":\"Batijournal\",\"description\":\"L&#039;actualit\u00e9 du b\u00e2timent\",\"potentialAction\":[{\"@type\":\"SearchAction\",\"target\":{\"@type\":\"EntryPoint\",\"urlTemplate\":\"https:\\\/\\\/batijournal.com\\\/?s={search_term_string}\"},\"query-input\":{\"@type\":\"PropertyValueSpecification\",\"valueRequired\":true,\"valueName\":\"search_term_string\"}}],\"inLanguage\":\"fr-FR\"},{\"@type\":\"Person\",\"@id\":\"https:\\\/\\\/batijournal.com\\\/#\\\/schema\\\/person\\\/1dc96ec6957aa1ccb25ebe78bb19f100\",\"name\":\"St\u00e9phane Miget\",\"image\":{\"@type\":\"ImageObject\",\"inLanguage\":\"fr-FR\",\"@id\":\"https:\\\/\\\/secure.gravatar.com\\\/avatar\\\/89915563d925342126b8ef0281b93d9d7fc337043e8df017f780908eb9644451?s=96&d=mm&r=g\",\"url\":\"https:\\\/\\\/secure.gravatar.com\\\/avatar\\\/89915563d925342126b8ef0281b93d9d7fc337043e8df017f780908eb9644451?s=96&d=mm&r=g\",\"contentUrl\":\"https:\\\/\\\/secure.gravatar.com\\\/avatar\\\/89915563d925342126b8ef0281b93d9d7fc337043e8df017f780908eb9644451?s=96&d=mm&r=g\",\"caption\":\"St\u00e9phane Miget\"},\"url\":\"https:\\\/\\\/batijournal.com\\\/index.php\\\/author\\\/stephane\\\/\"}]}<\/script>\n<!-- \/ Yoast SEO plugin. -->","yoast_head_json":{"title":"Batimat : Le French bois, une question sur le bois\u00a0? C\u2019est l\u00e0 !","robots":{"index":"index","follow":"follow","max-snippet":"max-snippet:-1","max-image-preview":"max-image-preview:large","max-video-preview":"max-video-preview:-1"},"canonical":"https:\/\/batijournal.com\/index.php\/le-french-bois-une-question-sur-le-bois-cest-la\/107968\/","og_locale":"fr_FR","og_type":"article","og_title":"Batimat : Le French bois, une question sur le bois\u00a0? C\u2019est l\u00e0 !","og_description":"Le pavillon Le French bois pr\u00e9sente la fili\u00e8re bois fran\u00e7aise dans son ensemble tout au long du salon Batimat. Ambre Le Ferrec, Responsable du P\u00f4le \u00ab\u00a0Seconde Transformation\u00a0\u00bb, \u00e0 la F\u00e9d\u00e9ration nationale du bois nous en dit plus.\u00a0 \u00a0 Batijournal\u00a0: Qui est \u00e0 l\u2019initiative du pavillon Le French Bois\u00a0?\u00a0 Ambre Le Ferrec\u00a0: Ce n\u2019est pas un [&hellip;]","og_url":"https:\/\/batijournal.com\/index.php\/le-french-bois-une-question-sur-le-bois-cest-la\/107968\/","og_site_name":"Batijournal","article_published_time":"2022-10-05T17:02:13+00:00","article_modified_time":"2022-10-05T17:11:07+00:00","og_image":[{"width":1000,"height":750,"url":"https:\/\/batijournal.com\/wp-content\/uploads\/2022\/10\/Frenchbois_batimat-2022.jpg","type":"image\/jpeg"}],"author":"St\u00e9phane Miget","twitter_card":"summary_large_image","twitter_creator":"@bati_journal","twitter_site":"@bati_journal","twitter_misc":{"\u00c9crit par":"St\u00e9phane Miget","Dur\u00e9e de lecture estim\u00e9e":"3 minutes"},"schema":{"@context":"https:\/\/schema.org","@graph":[{"@type":"Article","@id":"https:\/\/batijournal.com\/index.php\/le-french-bois-une-question-sur-le-bois-cest-la\/107968\/#article","isPartOf":{"@id":"https:\/\/batijournal.com\/index.php\/le-french-bois-une-question-sur-le-bois-cest-la\/107968\/"},"author":{"name":"St\u00e9phane Miget","@id":"https:\/\/batijournal.com\/#\/schema\/person\/1dc96ec6957aa1ccb25ebe78bb19f100"},"headline":"Batimat : Le French bois, une question sur le bois\u00a0? C\u2019est l\u00e0 !","datePublished":"2022-10-05T17:02:13+00:00","dateModified":"2022-10-05T17:11:07+00:00","mainEntityOfPage":{"@id":"https:\/\/batijournal.com\/index.php\/le-french-bois-une-question-sur-le-bois-cest-la\/107968\/"},"wordCount":709,"image":{"@id":"https:\/\/batijournal.com\/index.php\/le-french-bois-une-question-sur-le-bois-cest-la\/107968\/#primaryimage"},"thumbnailUrl":"https:\/\/batijournal.com\/wp-content\/uploads\/2022\/10\/Frenchbois_batimat-2022.jpg","keywords":["fili\u00e8re bois"],"articleSection":["Actualit\u00e9s","zz_Actualit\u00e9s - Woodsurfer","zz_Woodsurfer"],"inLanguage":"fr-FR"},{"@type":"WebPage","@id":"https:\/\/batijournal.com\/index.php\/le-french-bois-une-question-sur-le-bois-cest-la\/107968\/","url":"https:\/\/batijournal.com\/index.php\/le-french-bois-une-question-sur-le-bois-cest-la\/107968\/","name":"Batimat : Le French bois, une question sur le bois\u00a0? C\u2019est l\u00e0 !","isPartOf":{"@id":"https:\/\/batijournal.com\/#website"},"primaryImageOfPage":{"@id":"https:\/\/batijournal.com\/index.php\/le-french-bois-une-question-sur-le-bois-cest-la\/107968\/#primaryimage"},"image":{"@id":"https:\/\/batijournal.com\/index.php\/le-french-bois-une-question-sur-le-bois-cest-la\/107968\/#primaryimage"},"thumbnailUrl":"https:\/\/batijournal.com\/wp-content\/uploads\/2022\/10\/Frenchbois_batimat-2022.jpg","datePublished":"2022-10-05T17:02:13+00:00","dateModified":"2022-10-05T17:11:07+00:00","author":{"@id":"https:\/\/batijournal.com\/#\/schema\/person\/1dc96ec6957aa1ccb25ebe78bb19f100"},"breadcrumb":{"@id":"https:\/\/batijournal.com\/index.php\/le-french-bois-une-question-sur-le-bois-cest-la\/107968\/#breadcrumb"},"inLanguage":"fr-FR","potentialAction":[{"@type":"ReadAction","target":["https:\/\/batijournal.com\/index.php\/le-french-bois-une-question-sur-le-bois-cest-la\/107968\/"]}]},{"@type":"ImageObject","inLanguage":"fr-FR","@id":"https:\/\/batijournal.com\/index.php\/le-french-bois-une-question-sur-le-bois-cest-la\/107968\/#primaryimage","url":"https:\/\/batijournal.com\/wp-content\/uploads\/2022\/10\/Frenchbois_batimat-2022.jpg","contentUrl":"https:\/\/batijournal.com\/wp-content\/uploads\/2022\/10\/Frenchbois_batimat-2022.jpg","width":1000,"height":750},{"@type":"BreadcrumbList","@id":"https:\/\/batijournal.com\/index.php\/le-french-bois-une-question-sur-le-bois-cest-la\/107968\/#breadcrumb","itemListElement":[{"@type":"ListItem","position":1,"name":"Accueil","item":"https:\/\/batijournal.com\/"},{"@type":"ListItem","position":2,"name":"Actualit\u00e9s","item":"https:\/\/batijournal.com\/index.php\/category\/actualites\/"},{"@type":"ListItem","position":3,"name":"Batimat : Le French bois, une question sur le bois\u00a0? C\u2019est l\u00e0 !"}]},{"@type":"WebSite","@id":"https:\/\/batijournal.com\/#website","url":"https:\/\/batijournal.com\/","name":"Batijournal","description":"L&#039;actualit\u00e9 du b\u00e2timent","potentialAction":[{"@type":"SearchAction","target":{"@type":"EntryPoint","urlTemplate":"https:\/\/batijournal.com\/?s={search_term_string}"},"query-input":{"@type":"PropertyValueSpecification","valueRequired":true,"valueName":"search_term_string"}}],"inLanguage":"fr-FR"},{"@type":"Person","@id":"https:\/\/batijournal.com\/#\/schema\/person\/1dc96ec6957aa1ccb25ebe78bb19f100","name":"St\u00e9phane Miget","image":{"@type":"ImageObject","inLanguage":"fr-FR","@id":"https:\/\/secure.gravatar.com\/avatar\/89915563d925342126b8ef0281b93d9d7fc337043e8df017f780908eb9644451?s=96&d=mm&r=g","url":"https:\/\/secure.gravatar.com\/avatar\/89915563d925342126b8ef0281b93d9d7fc337043e8df017f780908eb9644451?s=96&d=mm&r=g","contentUrl":"https:\/\/secure.gravatar.com\/avatar\/89915563d925342126b8ef0281b93d9d7fc337043e8df017f780908eb9644451?s=96&d=mm&r=g","caption":"St\u00e9phane Miget"},"url":"https:\/\/batijournal.com\/index.php\/author\/stephane\/"}]}},"_links":{"self":[{"href":"https:\/\/batijournal.com\/index.php\/wp-json\/wp\/v2\/posts\/107968","targetHints":{"allow":["GET"]}}],"collection":[{"href":"https:\/\/batijournal.com\/index.php\/wp-json\/wp\/v2\/posts"}],"about":[{"href":"https:\/\/batijournal.com\/index.php\/wp-json\/wp\/v2\/types\/post"}],"author":[{"embeddable":true,"href":"https:\/\/batijournal.com\/index.php\/wp-json\/wp\/v2\/users\/17"}],"replies":[{"embeddable":true,"href":"https:\/\/batijournal.com\/index.php\/wp-json\/wp\/v2\/comments?post=107968"}],"version-history":[{"count":0,"href":"https:\/\/batijournal.com\/index.php\/wp-json\/wp\/v2\/posts\/107968\/revisions"}],"wp:featuredmedia":[{"embeddable":true,"href":"https:\/\/batijournal.com\/index.php\/wp-json\/wp\/v2\/media\/107970"}],"wp:attachment":[{"href":"https:\/\/batijournal.com\/index.php\/wp-json\/wp\/v2\/media?parent=107968"}],"wp:term":[{"taxonomy":"category","embeddable":true,"href":"https:\/\/batijournal.com\/index.php\/wp-json\/wp\/v2\/categories?post=107968"},{"taxonomy":"post_tag","embeddable":true,"href":"https:\/\/batijournal.com\/index.php\/wp-json\/wp\/v2\/tags?post=107968"}],"curies":[{"name":"wp","href":"https:\/\/api.w.org\/{rel}","templated":true}]}}