{"id":107999,"date":"2022-10-06T18:20:33","date_gmt":"2022-10-06T16:20:33","guid":{"rendered":"https:\/\/batijournal.com\/?p=107999"},"modified":"2022-10-06T18:20:33","modified_gmt":"2022-10-06T16:20:33","slug":"la-parole-a-idealtherm-bati-journal-tv-sur-batimat-2022","status":"publish","type":"post","link":"https:\/\/batijournal.com\/index.php\/la-parole-a-idealtherm-bati-journal-tv-sur-batimat-2022\/107999\/","title":{"rendered":"La parole \u00e0 Idealtherm &#8211;  Bati Journal TV sur Batimat 2022"},"content":{"rendered":"<p><iframe loading=\"lazy\" title=\"La parole \u00e0 Idealtherm\" width=\"1080\" height=\"608\" src=\"https:\/\/www.youtube.com\/embed\/HVjTmk1gQWg?feature=oembed\"  allow=\"accelerometer; autoplay; clipboard-write; encrypted-media; gyroscope; picture-in-picture; web-share\" referrerpolicy=\"strict-origin-when-cross-origin\" allowfullscreen><\/iframe><\/p>\n<p>Un nouveau chauffage par le plafond, efficient, tr\u00e8s basse temp\u00e9rature&#8230;<br \/>\navec<br \/>\nFran\u00e7ois Higel, Directeur &#8211; Idealtherm<\/p>\n<p>&nbsp;<\/p>\n<p><iframe loading=\"lazy\" title=\"Batimat 2022\" width=\"1080\" height=\"608\" src=\"https:\/\/www.youtube.com\/embed\/videoseries?list=PL1wjEZ0m_nemPHswS0gpig3-a2u1oA3YS\"  allow=\"accelerometer; autoplay; clipboard-write; encrypted-media; gyroscope; picture-in-picture; web-share\" referrerpolicy=\"strict-origin-when-cross-origin\" allowfullscreen><\/iframe><\/p>\n<p>&nbsp;<\/p>\n","protected":false},"excerpt":{"rendered":"<p>Un nouveau chauffage par le plafond, efficient, tr\u00e8s basse temp\u00e9rature&#8230;<\/p>\n","protected":false},"author":17,"featured_media":108000,"comment_status":"closed","ping_status":"closed","sticky":false,"template":"","format":"standard","meta":{"_et_pb_use_builder":"","_et_pb_old_content":"","_et_gb_content_width":"","footnotes":""},"categories":[11200,12819,6356,10778,10780],"tags":[13121,436,13125],"class_list":["post-107999","post","type-post","status-publish","format-standard","has-post-thumbnail","hentry","category-batijournal-tv","category-equipement","category-produits-solutions-techniques","category-planete","category-produits-planete","tag-batimat-2022","tag-chauffage","tag-tv-batimat-2022"],"yoast_head":"<!-- This site is optimized with the Yoast SEO plugin v27.4 - https:\/\/yoast.com\/product\/yoast-seo-wordpress\/ -->\n<title>La parole \u00e0 Idealtherm - Bati Journal TV sur Batimat 2022<\/title>\n<meta name=\"robots\" content=\"index, follow, max-snippet:-1, max-image-preview:large, max-video-preview:-1\" \/>\n<link rel=\"canonical\" href=\"https:\/\/batijournal.com\/index.php\/la-parole-a-idealtherm-bati-journal-tv-sur-batimat-2022\/107999\/\" \/>\n<meta property=\"og:locale\" content=\"fr_FR\" \/>\n<meta property=\"og:type\" content=\"article\" \/>\n<meta property=\"og:title\" content=\"La parole \u00e0 Idealtherm - Bati Journal TV sur Batimat 2022\" \/>\n<meta property=\"og:description\" content=\"Un nouveau chauffage par le plafond, efficient, tr\u00e8s basse temp\u00e9rature...\" \/>\n<meta property=\"og:url\" content=\"https:\/\/batijournal.com\/index.php\/la-parole-a-idealtherm-bati-journal-tv-sur-batimat-2022\/107999\/\" \/>\n<meta property=\"og:site_name\" content=\"Batijournal\" \/>\n<meta property=\"article:published_time\" content=\"2022-10-06T16:20:33+00:00\" \/>\n<meta property=\"og:image\" content=\"https:\/\/batijournal.com\/wp-content\/uploads\/2022\/10\/Francois-Higel-Idealtherm-batimat-2022.png\" \/>\n\t<meta property=\"og:image:width\" content=\"853\" \/>\n\t<meta property=\"og:image:height\" content=\"477\" \/>\n\t<meta property=\"og:image:type\" content=\"image\/png\" \/>\n<meta name=\"author\" content=\"St\u00e9phane Miget\" \/>\n<meta name=\"twitter:card\" content=\"summary_large_image\" \/>\n<meta name=\"twitter:creator\" content=\"@bati_journal\" \/>\n<meta name=\"twitter:site\" content=\"@bati_journal\" \/>\n<meta name=\"twitter:label1\" content=\"\u00c9crit par\" \/>\n\t<meta name=\"twitter:data1\" content=\"St\u00e9phane Miget\" \/>\n<script type=\"application\/ld+json\" class=\"yoast-schema-graph\">{\"@context\":\"https:\\\/\\\/schema.org\",\"@graph\":[{\"@type\":\"Article\",\"@id\":\"https:\\\/\\\/batijournal.com\\\/index.php\\\/la-parole-a-idealtherm-bati-journal-tv-sur-batimat-2022\\\/107999\\\/#article\",\"isPartOf\":{\"@id\":\"https:\\\/\\\/batijournal.com\\\/index.php\\\/la-parole-a-idealtherm-bati-journal-tv-sur-batimat-2022\\\/107999\\\/\"},\"author\":{\"name\":\"St\u00e9phane Miget\",\"@id\":\"https:\\\/\\\/batijournal.com\\\/#\\\/schema\\\/person\\\/1dc96ec6957aa1ccb25ebe78bb19f100\"},\"headline\":\"La parole \u00e0 Idealtherm &#8211; Bati Journal TV sur Batimat 2022\",\"datePublished\":\"2022-10-06T16:20:33+00:00\",\"mainEntityOfPage\":{\"@id\":\"https:\\\/\\\/batijournal.com\\\/index.php\\\/la-parole-a-idealtherm-bati-journal-tv-sur-batimat-2022\\\/107999\\\/\"},\"wordCount\":53,\"image\":{\"@id\":\"https:\\\/\\\/batijournal.com\\\/index.php\\\/la-parole-a-idealtherm-bati-journal-tv-sur-batimat-2022\\\/107999\\\/#primaryimage\"},\"thumbnailUrl\":\"https:\\\/\\\/batijournal.com\\\/wp-content\\\/uploads\\\/2022\\\/10\\\/Francois-Higel-Idealtherm-batimat-2022.png\",\"keywords\":[\"batimat 2022\",\"chauffage\",\"TV Batimat 2022\"],\"articleSection\":[\"batijournal TV\",\"Equipement\",\"Produits &amp; Solutions techniques\",\"zz_Plan\u00e8te B\u00e2timent\",\"zz_Produits - Plan\u00e8te\"],\"inLanguage\":\"fr-FR\"},{\"@type\":\"WebPage\",\"@id\":\"https:\\\/\\\/batijournal.com\\\/index.php\\\/la-parole-a-idealtherm-bati-journal-tv-sur-batimat-2022\\\/107999\\\/\",\"url\":\"https:\\\/\\\/batijournal.com\\\/index.php\\\/la-parole-a-idealtherm-bati-journal-tv-sur-batimat-2022\\\/107999\\\/\",\"name\":\"La parole \u00e0 Idealtherm - Bati Journal TV sur Batimat 2022\",\"isPartOf\":{\"@id\":\"https:\\\/\\\/batijournal.com\\\/#website\"},\"primaryImageOfPage\":{\"@id\":\"https:\\\/\\\/batijournal.com\\\/index.php\\\/la-parole-a-idealtherm-bati-journal-tv-sur-batimat-2022\\\/107999\\\/#primaryimage\"},\"image\":{\"@id\":\"https:\\\/\\\/batijournal.com\\\/index.php\\\/la-parole-a-idealtherm-bati-journal-tv-sur-batimat-2022\\\/107999\\\/#primaryimage\"},\"thumbnailUrl\":\"https:\\\/\\\/batijournal.com\\\/wp-content\\\/uploads\\\/2022\\\/10\\\/Francois-Higel-Idealtherm-batimat-2022.png\",\"datePublished\":\"2022-10-06T16:20:33+00:00\",\"author\":{\"@id\":\"https:\\\/\\\/batijournal.com\\\/#\\\/schema\\\/person\\\/1dc96ec6957aa1ccb25ebe78bb19f100\"},\"breadcrumb\":{\"@id\":\"https:\\\/\\\/batijournal.com\\\/index.php\\\/la-parole-a-idealtherm-bati-journal-tv-sur-batimat-2022\\\/107999\\\/#breadcrumb\"},\"inLanguage\":\"fr-FR\",\"potentialAction\":[{\"@type\":\"ReadAction\",\"target\":[\"https:\\\/\\\/batijournal.com\\\/index.php\\\/la-parole-a-idealtherm-bati-journal-tv-sur-batimat-2022\\\/107999\\\/\"]}]},{\"@type\":\"ImageObject\",\"inLanguage\":\"fr-FR\",\"@id\":\"https:\\\/\\\/batijournal.com\\\/index.php\\\/la-parole-a-idealtherm-bati-journal-tv-sur-batimat-2022\\\/107999\\\/#primaryimage\",\"url\":\"https:\\\/\\\/batijournal.com\\\/wp-content\\\/uploads\\\/2022\\\/10\\\/Francois-Higel-Idealtherm-batimat-2022.png\",\"contentUrl\":\"https:\\\/\\\/batijournal.com\\\/wp-content\\\/uploads\\\/2022\\\/10\\\/Francois-Higel-Idealtherm-batimat-2022.png\",\"width\":853,\"height\":477},{\"@type\":\"BreadcrumbList\",\"@id\":\"https:\\\/\\\/batijournal.com\\\/index.php\\\/la-parole-a-idealtherm-bati-journal-tv-sur-batimat-2022\\\/107999\\\/#breadcrumb\",\"itemListElement\":[{\"@type\":\"ListItem\",\"position\":1,\"name\":\"Accueil\",\"item\":\"https:\\\/\\\/batijournal.com\\\/\"},{\"@type\":\"ListItem\",\"position\":2,\"name\":\"Produits &amp; Solutions techniques\",\"item\":\"https:\\\/\\\/batijournal.com\\\/index.php\\\/category\\\/produits-solutions-techniques\\\/\"},{\"@type\":\"ListItem\",\"position\":3,\"name\":\"La parole \u00e0 Idealtherm &#8211; Bati Journal TV sur Batimat 2022\"}]},{\"@type\":\"WebSite\",\"@id\":\"https:\\\/\\\/batijournal.com\\\/#website\",\"url\":\"https:\\\/\\\/batijournal.com\\\/\",\"name\":\"Batijournal\",\"description\":\"L&#039;actualit\u00e9 du b\u00e2timent\",\"potentialAction\":[{\"@type\":\"SearchAction\",\"target\":{\"@type\":\"EntryPoint\",\"urlTemplate\":\"https:\\\/\\\/batijournal.com\\\/?s={search_term_string}\"},\"query-input\":{\"@type\":\"PropertyValueSpecification\",\"valueRequired\":true,\"valueName\":\"search_term_string\"}}],\"inLanguage\":\"fr-FR\"},{\"@type\":\"Person\",\"@id\":\"https:\\\/\\\/batijournal.com\\\/#\\\/schema\\\/person\\\/1dc96ec6957aa1ccb25ebe78bb19f100\",\"name\":\"St\u00e9phane Miget\",\"image\":{\"@type\":\"ImageObject\",\"inLanguage\":\"fr-FR\",\"@id\":\"https:\\\/\\\/secure.gravatar.com\\\/avatar\\\/89915563d925342126b8ef0281b93d9d7fc337043e8df017f780908eb9644451?s=96&d=mm&r=g\",\"url\":\"https:\\\/\\\/secure.gravatar.com\\\/avatar\\\/89915563d925342126b8ef0281b93d9d7fc337043e8df017f780908eb9644451?s=96&d=mm&r=g\",\"contentUrl\":\"https:\\\/\\\/secure.gravatar.com\\\/avatar\\\/89915563d925342126b8ef0281b93d9d7fc337043e8df017f780908eb9644451?s=96&d=mm&r=g\",\"caption\":\"St\u00e9phane Miget\"},\"url\":\"https:\\\/\\\/batijournal.com\\\/index.php\\\/author\\\/stephane\\\/\"}]}<\/script>\n<!-- \/ Yoast SEO plugin. -->","yoast_head_json":{"title":"La parole \u00e0 Idealtherm - Bati Journal TV sur Batimat 2022","robots":{"index":"index","follow":"follow","max-snippet":"max-snippet:-1","max-image-preview":"max-image-preview:large","max-video-preview":"max-video-preview:-1"},"canonical":"https:\/\/batijournal.com\/index.php\/la-parole-a-idealtherm-bati-journal-tv-sur-batimat-2022\/107999\/","og_locale":"fr_FR","og_type":"article","og_title":"La parole \u00e0 Idealtherm - Bati Journal TV sur Batimat 2022","og_description":"Un nouveau chauffage par le plafond, efficient, tr\u00e8s basse temp\u00e9rature...","og_url":"https:\/\/batijournal.com\/index.php\/la-parole-a-idealtherm-bati-journal-tv-sur-batimat-2022\/107999\/","og_site_name":"Batijournal","article_published_time":"2022-10-06T16:20:33+00:00","og_image":[{"width":853,"height":477,"url":"https:\/\/batijournal.com\/wp-content\/uploads\/2022\/10\/Francois-Higel-Idealtherm-batimat-2022.png","type":"image\/png"}],"author":"St\u00e9phane Miget","twitter_card":"summary_large_image","twitter_creator":"@bati_journal","twitter_site":"@bati_journal","twitter_misc":{"\u00c9crit par":"St\u00e9phane Miget"},"schema":{"@context":"https:\/\/schema.org","@graph":[{"@type":"Article","@id":"https:\/\/batijournal.com\/index.php\/la-parole-a-idealtherm-bati-journal-tv-sur-batimat-2022\/107999\/#article","isPartOf":{"@id":"https:\/\/batijournal.com\/index.php\/la-parole-a-idealtherm-bati-journal-tv-sur-batimat-2022\/107999\/"},"author":{"name":"St\u00e9phane Miget","@id":"https:\/\/batijournal.com\/#\/schema\/person\/1dc96ec6957aa1ccb25ebe78bb19f100"},"headline":"La parole \u00e0 Idealtherm &#8211; Bati Journal TV sur Batimat 2022","datePublished":"2022-10-06T16:20:33+00:00","mainEntityOfPage":{"@id":"https:\/\/batijournal.com\/index.php\/la-parole-a-idealtherm-bati-journal-tv-sur-batimat-2022\/107999\/"},"wordCount":53,"image":{"@id":"https:\/\/batijournal.com\/index.php\/la-parole-a-idealtherm-bati-journal-tv-sur-batimat-2022\/107999\/#primaryimage"},"thumbnailUrl":"https:\/\/batijournal.com\/wp-content\/uploads\/2022\/10\/Francois-Higel-Idealtherm-batimat-2022.png","keywords":["batimat 2022","chauffage","TV Batimat 2022"],"articleSection":["batijournal TV","Equipement","Produits &amp; Solutions techniques","zz_Plan\u00e8te B\u00e2timent","zz_Produits - Plan\u00e8te"],"inLanguage":"fr-FR"},{"@type":"WebPage","@id":"https:\/\/batijournal.com\/index.php\/la-parole-a-idealtherm-bati-journal-tv-sur-batimat-2022\/107999\/","url":"https:\/\/batijournal.com\/index.php\/la-parole-a-idealtherm-bati-journal-tv-sur-batimat-2022\/107999\/","name":"La parole \u00e0 Idealtherm - Bati Journal TV sur Batimat 2022","isPartOf":{"@id":"https:\/\/batijournal.com\/#website"},"primaryImageOfPage":{"@id":"https:\/\/batijournal.com\/index.php\/la-parole-a-idealtherm-bati-journal-tv-sur-batimat-2022\/107999\/#primaryimage"},"image":{"@id":"https:\/\/batijournal.com\/index.php\/la-parole-a-idealtherm-bati-journal-tv-sur-batimat-2022\/107999\/#primaryimage"},"thumbnailUrl":"https:\/\/batijournal.com\/wp-content\/uploads\/2022\/10\/Francois-Higel-Idealtherm-batimat-2022.png","datePublished":"2022-10-06T16:20:33+00:00","author":{"@id":"https:\/\/batijournal.com\/#\/schema\/person\/1dc96ec6957aa1ccb25ebe78bb19f100"},"breadcrumb":{"@id":"https:\/\/batijournal.com\/index.php\/la-parole-a-idealtherm-bati-journal-tv-sur-batimat-2022\/107999\/#breadcrumb"},"inLanguage":"fr-FR","potentialAction":[{"@type":"ReadAction","target":["https:\/\/batijournal.com\/index.php\/la-parole-a-idealtherm-bati-journal-tv-sur-batimat-2022\/107999\/"]}]},{"@type":"ImageObject","inLanguage":"fr-FR","@id":"https:\/\/batijournal.com\/index.php\/la-parole-a-idealtherm-bati-journal-tv-sur-batimat-2022\/107999\/#primaryimage","url":"https:\/\/batijournal.com\/wp-content\/uploads\/2022\/10\/Francois-Higel-Idealtherm-batimat-2022.png","contentUrl":"https:\/\/batijournal.com\/wp-content\/uploads\/2022\/10\/Francois-Higel-Idealtherm-batimat-2022.png","width":853,"height":477},{"@type":"BreadcrumbList","@id":"https:\/\/batijournal.com\/index.php\/la-parole-a-idealtherm-bati-journal-tv-sur-batimat-2022\/107999\/#breadcrumb","itemListElement":[{"@type":"ListItem","position":1,"name":"Accueil","item":"https:\/\/batijournal.com\/"},{"@type":"ListItem","position":2,"name":"Produits &amp; Solutions techniques","item":"https:\/\/batijournal.com\/index.php\/category\/produits-solutions-techniques\/"},{"@type":"ListItem","position":3,"name":"La parole \u00e0 Idealtherm &#8211; Bati Journal TV sur Batimat 2022"}]},{"@type":"WebSite","@id":"https:\/\/batijournal.com\/#website","url":"https:\/\/batijournal.com\/","name":"Batijournal","description":"L&#039;actualit\u00e9 du b\u00e2timent","potentialAction":[{"@type":"SearchAction","target":{"@type":"EntryPoint","urlTemplate":"https:\/\/batijournal.com\/?s={search_term_string}"},"query-input":{"@type":"PropertyValueSpecification","valueRequired":true,"valueName":"search_term_string"}}],"inLanguage":"fr-FR"},{"@type":"Person","@id":"https:\/\/batijournal.com\/#\/schema\/person\/1dc96ec6957aa1ccb25ebe78bb19f100","name":"St\u00e9phane Miget","image":{"@type":"ImageObject","inLanguage":"fr-FR","@id":"https:\/\/secure.gravatar.com\/avatar\/89915563d925342126b8ef0281b93d9d7fc337043e8df017f780908eb9644451?s=96&d=mm&r=g","url":"https:\/\/secure.gravatar.com\/avatar\/89915563d925342126b8ef0281b93d9d7fc337043e8df017f780908eb9644451?s=96&d=mm&r=g","contentUrl":"https:\/\/secure.gravatar.com\/avatar\/89915563d925342126b8ef0281b93d9d7fc337043e8df017f780908eb9644451?s=96&d=mm&r=g","caption":"St\u00e9phane Miget"},"url":"https:\/\/batijournal.com\/index.php\/author\/stephane\/"}]}},"_links":{"self":[{"href":"https:\/\/batijournal.com\/index.php\/wp-json\/wp\/v2\/posts\/107999","targetHints":{"allow":["GET"]}}],"collection":[{"href":"https:\/\/batijournal.com\/index.php\/wp-json\/wp\/v2\/posts"}],"about":[{"href":"https:\/\/batijournal.com\/index.php\/wp-json\/wp\/v2\/types\/post"}],"author":[{"embeddable":true,"href":"https:\/\/batijournal.com\/index.php\/wp-json\/wp\/v2\/users\/17"}],"replies":[{"embeddable":true,"href":"https:\/\/batijournal.com\/index.php\/wp-json\/wp\/v2\/comments?post=107999"}],"version-history":[{"count":0,"href":"https:\/\/batijournal.com\/index.php\/wp-json\/wp\/v2\/posts\/107999\/revisions"}],"wp:featuredmedia":[{"embeddable":true,"href":"https:\/\/batijournal.com\/index.php\/wp-json\/wp\/v2\/media\/108000"}],"wp:attachment":[{"href":"https:\/\/batijournal.com\/index.php\/wp-json\/wp\/v2\/media?parent=107999"}],"wp:term":[{"taxonomy":"category","embeddable":true,"href":"https:\/\/batijournal.com\/index.php\/wp-json\/wp\/v2\/categories?post=107999"},{"taxonomy":"post_tag","embeddable":true,"href":"https:\/\/batijournal.com\/index.php\/wp-json\/wp\/v2\/tags?post=107999"}],"curies":[{"name":"wp","href":"https:\/\/api.w.org\/{rel}","templated":true}]}}