{"id":108015,"date":"2022-10-12T08:31:14","date_gmt":"2022-10-12T06:31:14","guid":{"rendered":"https:\/\/batijournal.com\/?p=108015"},"modified":"2022-10-12T08:31:14","modified_gmt":"2022-10-12T06:31:14","slug":"100-ans-dexperience-dans-leclairage-fonctionnel-made-in-france","status":"publish","type":"post","link":"https:\/\/batijournal.com\/index.php\/100-ans-dexperience-dans-leclairage-fonctionnel-made-in-france\/108015\/","title":{"rendered":"100 ans d\u2019exp\u00e9rience dans l\u2019\u00e9clairage fonctionnel\u2026 \u00ab made in France \u00bb"},"content":{"rendered":"<p>Depuis 100 ans, L\u00e9b\u00e9no\u00efd s\u2019impose comme l\u2019un des plus importants fabricants fran\u00e7ais avec le d\u00e9veloppement d\u2019une offre large et vari\u00e9e de luminaires fonctionnels et\/ou d\u00e9coratifs. Pr\u00e8s de 2 500 r\u00e9f\u00e9rences d\u00e9di\u00e9es aux march\u00e9s du r\u00e9sidentiel, du tertiaire, de l\u2019industrie, du commerce et de l\u2019\u00e9clairage sportif. Ce sp\u00e9cialiste emploie aujourd\u2019hui 120 collaborateurs r\u00e9partis sur 4 sites dont 2 consacr\u00e9s \u00e0 la production. Il compte 2 000 points de vente partenaires, r\u00e9alise un chiffre d\u2019affaires de 31 millions d\u2019euros en Europe et jouit d\u2019une forte notori\u00e9t\u00e9 aupr\u00e8s des utilisateurs, installateurs \u00e9lectriciens, des distributeurs professionnels. Marque fran\u00e7aise depuis son origine, L\u00e9b\u00e9no\u00efd continue \u00e0 enrichir son offre et \u00e0 proposer des gammes \u00ab made in France \u00bb toujours plus performantes. En maitrisant l\u2019ensemble de la cha\u00eene de valeur : conception, injection des pi\u00e8ces plastiques, montage des composants \u00e9lectronique, assemblage final du produit et stockage local, L\u00e9b\u00e9no\u00efd applique une strat\u00e9gie industrielle efficace et responsable.<\/p>\n","protected":false},"excerpt":{"rendered":"<p>Depuis 100 ans, L\u00e9b\u00e9no\u00efd s\u2019impose comme l\u2019un des plus importants fabricants fran\u00e7ais avec le d\u00e9veloppement d\u2019une offre large et vari\u00e9e de luminaires fonctionnels et\/ou d\u00e9coratifs. Pr\u00e8s de 2 500 r\u00e9f\u00e9rences d\u00e9di\u00e9es aux march\u00e9s du r\u00e9sidentiel, du tertiaire, de l\u2019industrie, du commerce et de l\u2019\u00e9clairage sportif. Ce sp\u00e9cialiste emploie aujourd\u2019hui 120 collaborateurs r\u00e9partis sur 4 sites [&hellip;]<\/p>\n","protected":false},"author":17,"featured_media":108016,"comment_status":"closed","ping_status":"closed","sticky":false,"template":"","format":"standard","meta":{"_et_pb_use_builder":"","_et_pb_old_content":"","_et_gb_content_width":"","footnotes":""},"categories":[10530,6345,10781,10778],"tags":[1409],"class_list":["post-108015","post","type-post","status-publish","format-standard","has-post-thumbnail","hentry","category-actualites","category-economie-marches","category-publications-planete","category-planete","tag-eclairage"],"yoast_head":"<!-- This site is optimized with the Yoast SEO plugin v27.4 - https:\/\/yoast.com\/product\/yoast-seo-wordpress\/ -->\n<title>100 ans d\u2019exp\u00e9rience dans l\u2019\u00e9clairage fonctionnel\u2026 \u00ab made in France \u00bb<\/title>\n<meta name=\"robots\" content=\"index, follow, max-snippet:-1, max-image-preview:large, max-video-preview:-1\" \/>\n<link rel=\"canonical\" href=\"https:\/\/batijournal.com\/index.php\/100-ans-dexperience-dans-leclairage-fonctionnel-made-in-france\/108015\/\" \/>\n<meta property=\"og:locale\" content=\"fr_FR\" \/>\n<meta property=\"og:type\" content=\"article\" \/>\n<meta property=\"og:title\" content=\"100 ans d\u2019exp\u00e9rience dans l\u2019\u00e9clairage fonctionnel\u2026 \u00ab made in France \u00bb\" \/>\n<meta property=\"og:description\" content=\"Depuis 100 ans, L\u00e9b\u00e9no\u00efd s\u2019impose comme l\u2019un des plus importants fabricants fran\u00e7ais avec le d\u00e9veloppement d\u2019une offre large et vari\u00e9e de luminaires fonctionnels et\/ou d\u00e9coratifs. Pr\u00e8s de 2 500 r\u00e9f\u00e9rences d\u00e9di\u00e9es aux march\u00e9s du r\u00e9sidentiel, du tertiaire, de l\u2019industrie, du commerce et de l\u2019\u00e9clairage sportif. Ce sp\u00e9cialiste emploie aujourd\u2019hui 120 collaborateurs r\u00e9partis sur 4 sites [&hellip;]\" \/>\n<meta property=\"og:url\" content=\"https:\/\/batijournal.com\/index.php\/100-ans-dexperience-dans-leclairage-fonctionnel-made-in-france\/108015\/\" \/>\n<meta property=\"og:site_name\" content=\"Batijournal\" \/>\n<meta property=\"article:published_time\" content=\"2022-10-12T06:31:14+00:00\" \/>\n<meta property=\"og:image\" content=\"https:\/\/batijournal.com\/wp-content\/uploads\/2022\/10\/Lebenoid_100ans.jpg\" \/>\n\t<meta property=\"og:image:width\" content=\"1000\" \/>\n\t<meta property=\"og:image:height\" content=\"436\" \/>\n\t<meta property=\"og:image:type\" content=\"image\/jpeg\" \/>\n<meta name=\"author\" content=\"St\u00e9phane Miget\" \/>\n<meta name=\"twitter:card\" content=\"summary_large_image\" \/>\n<meta name=\"twitter:creator\" content=\"@bati_journal\" \/>\n<meta name=\"twitter:site\" content=\"@bati_journal\" \/>\n<meta name=\"twitter:label1\" content=\"\u00c9crit par\" \/>\n\t<meta name=\"twitter:data1\" content=\"St\u00e9phane Miget\" \/>\n\t<meta name=\"twitter:label2\" content=\"Dur\u00e9e de lecture estim\u00e9e\" \/>\n\t<meta name=\"twitter:data2\" content=\"1 minute\" \/>\n<script type=\"application\/ld+json\" class=\"yoast-schema-graph\">{\"@context\":\"https:\\\/\\\/schema.org\",\"@graph\":[{\"@type\":\"Article\",\"@id\":\"https:\\\/\\\/batijournal.com\\\/index.php\\\/100-ans-dexperience-dans-leclairage-fonctionnel-made-in-france\\\/108015\\\/#article\",\"isPartOf\":{\"@id\":\"https:\\\/\\\/batijournal.com\\\/index.php\\\/100-ans-dexperience-dans-leclairage-fonctionnel-made-in-france\\\/108015\\\/\"},\"author\":{\"name\":\"St\u00e9phane Miget\",\"@id\":\"https:\\\/\\\/batijournal.com\\\/#\\\/schema\\\/person\\\/1dc96ec6957aa1ccb25ebe78bb19f100\"},\"headline\":\"100 ans d\u2019exp\u00e9rience dans l\u2019\u00e9clairage fonctionnel\u2026 \u00ab made in France \u00bb\",\"datePublished\":\"2022-10-12T06:31:14+00:00\",\"mainEntityOfPage\":{\"@id\":\"https:\\\/\\\/batijournal.com\\\/index.php\\\/100-ans-dexperience-dans-leclairage-fonctionnel-made-in-france\\\/108015\\\/\"},\"wordCount\":186,\"image\":{\"@id\":\"https:\\\/\\\/batijournal.com\\\/index.php\\\/100-ans-dexperience-dans-leclairage-fonctionnel-made-in-france\\\/108015\\\/#primaryimage\"},\"thumbnailUrl\":\"https:\\\/\\\/batijournal.com\\\/wp-content\\\/uploads\\\/2022\\\/10\\\/Lebenoid_100ans.jpg\",\"keywords\":[\"\u00e9clairage\"],\"articleSection\":[\"Actualit\u00e9s\",\"\u00c9conomie &amp; March\u00e9s\",\"zz_Actualit\u00e9s - Plan\u00e8te\",\"zz_Plan\u00e8te B\u00e2timent\"],\"inLanguage\":\"fr-FR\"},{\"@type\":\"WebPage\",\"@id\":\"https:\\\/\\\/batijournal.com\\\/index.php\\\/100-ans-dexperience-dans-leclairage-fonctionnel-made-in-france\\\/108015\\\/\",\"url\":\"https:\\\/\\\/batijournal.com\\\/index.php\\\/100-ans-dexperience-dans-leclairage-fonctionnel-made-in-france\\\/108015\\\/\",\"name\":\"100 ans d\u2019exp\u00e9rience dans l\u2019\u00e9clairage fonctionnel\u2026 \u00ab made in France \u00bb\",\"isPartOf\":{\"@id\":\"https:\\\/\\\/batijournal.com\\\/#website\"},\"primaryImageOfPage\":{\"@id\":\"https:\\\/\\\/batijournal.com\\\/index.php\\\/100-ans-dexperience-dans-leclairage-fonctionnel-made-in-france\\\/108015\\\/#primaryimage\"},\"image\":{\"@id\":\"https:\\\/\\\/batijournal.com\\\/index.php\\\/100-ans-dexperience-dans-leclairage-fonctionnel-made-in-france\\\/108015\\\/#primaryimage\"},\"thumbnailUrl\":\"https:\\\/\\\/batijournal.com\\\/wp-content\\\/uploads\\\/2022\\\/10\\\/Lebenoid_100ans.jpg\",\"datePublished\":\"2022-10-12T06:31:14+00:00\",\"author\":{\"@id\":\"https:\\\/\\\/batijournal.com\\\/#\\\/schema\\\/person\\\/1dc96ec6957aa1ccb25ebe78bb19f100\"},\"breadcrumb\":{\"@id\":\"https:\\\/\\\/batijournal.com\\\/index.php\\\/100-ans-dexperience-dans-leclairage-fonctionnel-made-in-france\\\/108015\\\/#breadcrumb\"},\"inLanguage\":\"fr-FR\",\"potentialAction\":[{\"@type\":\"ReadAction\",\"target\":[\"https:\\\/\\\/batijournal.com\\\/index.php\\\/100-ans-dexperience-dans-leclairage-fonctionnel-made-in-france\\\/108015\\\/\"]}]},{\"@type\":\"ImageObject\",\"inLanguage\":\"fr-FR\",\"@id\":\"https:\\\/\\\/batijournal.com\\\/index.php\\\/100-ans-dexperience-dans-leclairage-fonctionnel-made-in-france\\\/108015\\\/#primaryimage\",\"url\":\"https:\\\/\\\/batijournal.com\\\/wp-content\\\/uploads\\\/2022\\\/10\\\/Lebenoid_100ans.jpg\",\"contentUrl\":\"https:\\\/\\\/batijournal.com\\\/wp-content\\\/uploads\\\/2022\\\/10\\\/Lebenoid_100ans.jpg\",\"width\":1000,\"height\":436},{\"@type\":\"BreadcrumbList\",\"@id\":\"https:\\\/\\\/batijournal.com\\\/index.php\\\/100-ans-dexperience-dans-leclairage-fonctionnel-made-in-france\\\/108015\\\/#breadcrumb\",\"itemListElement\":[{\"@type\":\"ListItem\",\"position\":1,\"name\":\"Accueil\",\"item\":\"https:\\\/\\\/batijournal.com\\\/\"},{\"@type\":\"ListItem\",\"position\":2,\"name\":\"Actualit\u00e9s\",\"item\":\"https:\\\/\\\/batijournal.com\\\/index.php\\\/category\\\/actualites\\\/\"},{\"@type\":\"ListItem\",\"position\":3,\"name\":\"100 ans d\u2019exp\u00e9rience dans l\u2019\u00e9clairage fonctionnel\u2026 \u00ab made in France \u00bb\"}]},{\"@type\":\"WebSite\",\"@id\":\"https:\\\/\\\/batijournal.com\\\/#website\",\"url\":\"https:\\\/\\\/batijournal.com\\\/\",\"name\":\"Batijournal\",\"description\":\"L&#039;actualit\u00e9 du b\u00e2timent\",\"potentialAction\":[{\"@type\":\"SearchAction\",\"target\":{\"@type\":\"EntryPoint\",\"urlTemplate\":\"https:\\\/\\\/batijournal.com\\\/?s={search_term_string}\"},\"query-input\":{\"@type\":\"PropertyValueSpecification\",\"valueRequired\":true,\"valueName\":\"search_term_string\"}}],\"inLanguage\":\"fr-FR\"},{\"@type\":\"Person\",\"@id\":\"https:\\\/\\\/batijournal.com\\\/#\\\/schema\\\/person\\\/1dc96ec6957aa1ccb25ebe78bb19f100\",\"name\":\"St\u00e9phane Miget\",\"image\":{\"@type\":\"ImageObject\",\"inLanguage\":\"fr-FR\",\"@id\":\"https:\\\/\\\/secure.gravatar.com\\\/avatar\\\/89915563d925342126b8ef0281b93d9d7fc337043e8df017f780908eb9644451?s=96&d=mm&r=g\",\"url\":\"https:\\\/\\\/secure.gravatar.com\\\/avatar\\\/89915563d925342126b8ef0281b93d9d7fc337043e8df017f780908eb9644451?s=96&d=mm&r=g\",\"contentUrl\":\"https:\\\/\\\/secure.gravatar.com\\\/avatar\\\/89915563d925342126b8ef0281b93d9d7fc337043e8df017f780908eb9644451?s=96&d=mm&r=g\",\"caption\":\"St\u00e9phane Miget\"},\"url\":\"https:\\\/\\\/batijournal.com\\\/index.php\\\/author\\\/stephane\\\/\"}]}<\/script>\n<!-- \/ Yoast SEO plugin. -->","yoast_head_json":{"title":"100 ans d\u2019exp\u00e9rience dans l\u2019\u00e9clairage fonctionnel\u2026 \u00ab made in France \u00bb","robots":{"index":"index","follow":"follow","max-snippet":"max-snippet:-1","max-image-preview":"max-image-preview:large","max-video-preview":"max-video-preview:-1"},"canonical":"https:\/\/batijournal.com\/index.php\/100-ans-dexperience-dans-leclairage-fonctionnel-made-in-france\/108015\/","og_locale":"fr_FR","og_type":"article","og_title":"100 ans d\u2019exp\u00e9rience dans l\u2019\u00e9clairage fonctionnel\u2026 \u00ab made in France \u00bb","og_description":"Depuis 100 ans, L\u00e9b\u00e9no\u00efd s\u2019impose comme l\u2019un des plus importants fabricants fran\u00e7ais avec le d\u00e9veloppement d\u2019une offre large et vari\u00e9e de luminaires fonctionnels et\/ou d\u00e9coratifs. Pr\u00e8s de 2 500 r\u00e9f\u00e9rences d\u00e9di\u00e9es aux march\u00e9s du r\u00e9sidentiel, du tertiaire, de l\u2019industrie, du commerce et de l\u2019\u00e9clairage sportif. Ce sp\u00e9cialiste emploie aujourd\u2019hui 120 collaborateurs r\u00e9partis sur 4 sites [&hellip;]","og_url":"https:\/\/batijournal.com\/index.php\/100-ans-dexperience-dans-leclairage-fonctionnel-made-in-france\/108015\/","og_site_name":"Batijournal","article_published_time":"2022-10-12T06:31:14+00:00","og_image":[{"width":1000,"height":436,"url":"https:\/\/batijournal.com\/wp-content\/uploads\/2022\/10\/Lebenoid_100ans.jpg","type":"image\/jpeg"}],"author":"St\u00e9phane Miget","twitter_card":"summary_large_image","twitter_creator":"@bati_journal","twitter_site":"@bati_journal","twitter_misc":{"\u00c9crit par":"St\u00e9phane Miget","Dur\u00e9e de lecture estim\u00e9e":"1 minute"},"schema":{"@context":"https:\/\/schema.org","@graph":[{"@type":"Article","@id":"https:\/\/batijournal.com\/index.php\/100-ans-dexperience-dans-leclairage-fonctionnel-made-in-france\/108015\/#article","isPartOf":{"@id":"https:\/\/batijournal.com\/index.php\/100-ans-dexperience-dans-leclairage-fonctionnel-made-in-france\/108015\/"},"author":{"name":"St\u00e9phane Miget","@id":"https:\/\/batijournal.com\/#\/schema\/person\/1dc96ec6957aa1ccb25ebe78bb19f100"},"headline":"100 ans d\u2019exp\u00e9rience dans l\u2019\u00e9clairage fonctionnel\u2026 \u00ab made in France \u00bb","datePublished":"2022-10-12T06:31:14+00:00","mainEntityOfPage":{"@id":"https:\/\/batijournal.com\/index.php\/100-ans-dexperience-dans-leclairage-fonctionnel-made-in-france\/108015\/"},"wordCount":186,"image":{"@id":"https:\/\/batijournal.com\/index.php\/100-ans-dexperience-dans-leclairage-fonctionnel-made-in-france\/108015\/#primaryimage"},"thumbnailUrl":"https:\/\/batijournal.com\/wp-content\/uploads\/2022\/10\/Lebenoid_100ans.jpg","keywords":["\u00e9clairage"],"articleSection":["Actualit\u00e9s","\u00c9conomie &amp; March\u00e9s","zz_Actualit\u00e9s - Plan\u00e8te","zz_Plan\u00e8te B\u00e2timent"],"inLanguage":"fr-FR"},{"@type":"WebPage","@id":"https:\/\/batijournal.com\/index.php\/100-ans-dexperience-dans-leclairage-fonctionnel-made-in-france\/108015\/","url":"https:\/\/batijournal.com\/index.php\/100-ans-dexperience-dans-leclairage-fonctionnel-made-in-france\/108015\/","name":"100 ans d\u2019exp\u00e9rience dans l\u2019\u00e9clairage fonctionnel\u2026 \u00ab made in France \u00bb","isPartOf":{"@id":"https:\/\/batijournal.com\/#website"},"primaryImageOfPage":{"@id":"https:\/\/batijournal.com\/index.php\/100-ans-dexperience-dans-leclairage-fonctionnel-made-in-france\/108015\/#primaryimage"},"image":{"@id":"https:\/\/batijournal.com\/index.php\/100-ans-dexperience-dans-leclairage-fonctionnel-made-in-france\/108015\/#primaryimage"},"thumbnailUrl":"https:\/\/batijournal.com\/wp-content\/uploads\/2022\/10\/Lebenoid_100ans.jpg","datePublished":"2022-10-12T06:31:14+00:00","author":{"@id":"https:\/\/batijournal.com\/#\/schema\/person\/1dc96ec6957aa1ccb25ebe78bb19f100"},"breadcrumb":{"@id":"https:\/\/batijournal.com\/index.php\/100-ans-dexperience-dans-leclairage-fonctionnel-made-in-france\/108015\/#breadcrumb"},"inLanguage":"fr-FR","potentialAction":[{"@type":"ReadAction","target":["https:\/\/batijournal.com\/index.php\/100-ans-dexperience-dans-leclairage-fonctionnel-made-in-france\/108015\/"]}]},{"@type":"ImageObject","inLanguage":"fr-FR","@id":"https:\/\/batijournal.com\/index.php\/100-ans-dexperience-dans-leclairage-fonctionnel-made-in-france\/108015\/#primaryimage","url":"https:\/\/batijournal.com\/wp-content\/uploads\/2022\/10\/Lebenoid_100ans.jpg","contentUrl":"https:\/\/batijournal.com\/wp-content\/uploads\/2022\/10\/Lebenoid_100ans.jpg","width":1000,"height":436},{"@type":"BreadcrumbList","@id":"https:\/\/batijournal.com\/index.php\/100-ans-dexperience-dans-leclairage-fonctionnel-made-in-france\/108015\/#breadcrumb","itemListElement":[{"@type":"ListItem","position":1,"name":"Accueil","item":"https:\/\/batijournal.com\/"},{"@type":"ListItem","position":2,"name":"Actualit\u00e9s","item":"https:\/\/batijournal.com\/index.php\/category\/actualites\/"},{"@type":"ListItem","position":3,"name":"100 ans d\u2019exp\u00e9rience dans l\u2019\u00e9clairage fonctionnel\u2026 \u00ab made in France \u00bb"}]},{"@type":"WebSite","@id":"https:\/\/batijournal.com\/#website","url":"https:\/\/batijournal.com\/","name":"Batijournal","description":"L&#039;actualit\u00e9 du b\u00e2timent","potentialAction":[{"@type":"SearchAction","target":{"@type":"EntryPoint","urlTemplate":"https:\/\/batijournal.com\/?s={search_term_string}"},"query-input":{"@type":"PropertyValueSpecification","valueRequired":true,"valueName":"search_term_string"}}],"inLanguage":"fr-FR"},{"@type":"Person","@id":"https:\/\/batijournal.com\/#\/schema\/person\/1dc96ec6957aa1ccb25ebe78bb19f100","name":"St\u00e9phane Miget","image":{"@type":"ImageObject","inLanguage":"fr-FR","@id":"https:\/\/secure.gravatar.com\/avatar\/89915563d925342126b8ef0281b93d9d7fc337043e8df017f780908eb9644451?s=96&d=mm&r=g","url":"https:\/\/secure.gravatar.com\/avatar\/89915563d925342126b8ef0281b93d9d7fc337043e8df017f780908eb9644451?s=96&d=mm&r=g","contentUrl":"https:\/\/secure.gravatar.com\/avatar\/89915563d925342126b8ef0281b93d9d7fc337043e8df017f780908eb9644451?s=96&d=mm&r=g","caption":"St\u00e9phane Miget"},"url":"https:\/\/batijournal.com\/index.php\/author\/stephane\/"}]}},"_links":{"self":[{"href":"https:\/\/batijournal.com\/index.php\/wp-json\/wp\/v2\/posts\/108015","targetHints":{"allow":["GET"]}}],"collection":[{"href":"https:\/\/batijournal.com\/index.php\/wp-json\/wp\/v2\/posts"}],"about":[{"href":"https:\/\/batijournal.com\/index.php\/wp-json\/wp\/v2\/types\/post"}],"author":[{"embeddable":true,"href":"https:\/\/batijournal.com\/index.php\/wp-json\/wp\/v2\/users\/17"}],"replies":[{"embeddable":true,"href":"https:\/\/batijournal.com\/index.php\/wp-json\/wp\/v2\/comments?post=108015"}],"version-history":[{"count":0,"href":"https:\/\/batijournal.com\/index.php\/wp-json\/wp\/v2\/posts\/108015\/revisions"}],"wp:featuredmedia":[{"embeddable":true,"href":"https:\/\/batijournal.com\/index.php\/wp-json\/wp\/v2\/media\/108016"}],"wp:attachment":[{"href":"https:\/\/batijournal.com\/index.php\/wp-json\/wp\/v2\/media?parent=108015"}],"wp:term":[{"taxonomy":"category","embeddable":true,"href":"https:\/\/batijournal.com\/index.php\/wp-json\/wp\/v2\/categories?post=108015"},{"taxonomy":"post_tag","embeddable":true,"href":"https:\/\/batijournal.com\/index.php\/wp-json\/wp\/v2\/tags?post=108015"}],"curies":[{"name":"wp","href":"https:\/\/api.w.org\/{rel}","templated":true}]}}