{"id":108017,"date":"2022-10-12T08:33:42","date_gmt":"2022-10-12T06:33:42","guid":{"rendered":"https:\/\/batijournal.com\/?p=108017"},"modified":"2022-10-12T08:33:42","modified_gmt":"2022-10-12T06:33:42","slug":"projet-de-loi-de-finances-alerte-a-la-crise-du-logement","status":"publish","type":"post","link":"https:\/\/batijournal.com\/index.php\/projet-de-loi-de-finances-alerte-a-la-crise-du-logement\/108017\/","title":{"rendered":"Projet de Loi de Finances : alerte \u00e0 la crise du logement"},"content":{"rendered":"<p>Le texte d\u00e9battu en premi\u00e8re lecture \u00e0 l\u2019Assembl\u00e9e Nationale risque de venir aggraver et acc\u00e9l\u00e9rer, apr\u00e8s amendements, la crise du logement d\u00e9j\u00e0 en germe. S\u2019appuyant sur les travaux de la \u00ab task force [pour] repenser en profondeur la d\u00e9pense publique \u00bb, pilot\u00e9e par le parlementaire de Touraine, Daniel Labaronne, deux amendements s\u2019av\u00e8rent lourds de menaces.<\/p>\n<p>Le premier anticipe l\u2019extinction du dispositif \u00ab Pinel \u00bb \u00e0 fin 2022 (sauf exception) au lieu du\u00a031 d\u00e9cembre 2024. Pourquoi pr\u00e9cipiter ce terme alors que Christophe B\u00e9chu, ministre de la Transition \u00e9cologique, avait annonc\u00e9 une concertation sur le sujet ? D\u2019autant que le march\u00e9 du logement collectif neuf s\u2019effondre d\u00e9j\u00e0 (les mises en vente ont chut\u00e9 de plus de 15 % au premier semestre 2022 par rapport au m\u00eame semestre de 2021 selon l\u2019observatoire FPI) et que les investisseurs institutionnels se retirent \u00e9galement (-33 % pour les ventes en bloc sur la m\u00eame p\u00e9riode selon les donn\u00e9es officielles) ? Faut-il rappeler que les m\u00e9nages g\u00e8rent 98 % du parc locatif priv\u00e9 ? Faut-il rappeler que, par le pass\u00e9, la disparition des dispositifs de soutien s\u2019est imm\u00e9diatement traduite en division par deux des flux du neuf, ce qui menacerait demain 45 000 emplois dans la fili\u00e8re construction ? Devant tant d\u2019instabilit\u00e9, nous r\u00e9it\u00e9rons notre demande de remplacer, fin 2024, le \u00ab Pinel \u00bb par un \u00ab statut du bailleur professionnel \u00bb, r\u00e9gime g\u00e9n\u00e9ral fond\u00e9 sur le principe de l\u2019amortissement, comme cela existe en Allemagne depuis pr\u00e8s de 60 ans. Cette piste s\u00e9rieuse m\u00e9rite une \u00e9tude conjointe avec le gouvernement.<\/p>\n<p>Le second amendement propose de raboter une nouvelle fois le PTZ, et notamment (vieille antienne) de le supprimer en zones B2 et C, alors m\u00eame que la primo-accession se trouve percut\u00e9e de plein fouet par les surco\u00fbts RE2020 et la hausse des prix des mat\u00e9riaux comme de celui du foncier (du fait de l\u2019anticipation du ZAN), ainsi que par la r\u00e8glementation du HCSF sur les pr\u00eats immobiliers, voire par la barri\u00e8re du taux de l\u2019usure. R\u00e9sultat : les ventes de maisons s\u2019effondrent d\u00e9j\u00e0 de 27% en glissement annuel sur les huit premiers mois de 2022 selon le Markem\u00e9tron et les ventes nettes de logement collectif aux acc\u00e9dants reculent de 7% au premier semestre 2022.<\/p>\n<p>\u00c0 cela s\u2019ajoute un troisi\u00e8me amendement qui fragiliserait la r\u00e9novation \u00e9nerg\u00e9tique s\u2019il \u00e9tait vot\u00e9, puisqu\u2019il pr\u00e9voit la suppression de l\u2019\u00e9ligibilit\u00e9 \u00e0 la TVA \u00e0 5,5 % des travaux induits, pourtant indispensables \u00e0 la performance attendue des travaux principaux\u2026 au moment o\u00f9 entrent en vigueur les exigences de la loi Climat &amp; R\u00e9silience ! Et ce n\u2019est ni le projet de majoration de la taxe sur les logements vacants, situ\u00e9s pour moiti\u00e9 dans des territoires qui perdent structurellement de la population, ni le plafonnement de l\u2019IRL \u00e0 3,5 %, qui favoriseront l\u2019engagement de tels travaux.<\/p>\n<p>Face \u00e0 ces perspectives mortif\u00e8res pour l\u2019acc\u00e8s au logement et les parcours r\u00e9sidentiels des Fran\u00e7ais, nous tirons collectivement la sonnette d\u2019alarme. Si ces amendements \u00e9taient adopt\u00e9s, une grave et profonde crise du logement serait alors sciemment provoqu\u00e9e. Nous appelons donc solennellement \u00e0 la responsabilit\u00e9.\u00a0D\u2019autant qu\u2019en 2021, comme le montre le tr\u00e8s officiel Compte du logement, le solde net de la fiscalit\u00e9 et des aides sur le logement s\u2019\u00e9l\u00e8ve \u00e0 50 milliards d\u2019euros de rentr\u00e9es dans les caisses de la Nation. Pouvons-nous aujourd\u2019hui nous en passer ?<\/p>\n<p>Communiqu\u00e9 de la F\u00e9d\u00e9ration Fran\u00e7aise du B\u00e2timent, la F\u00e9d\u00e9ration Nationale de l&rsquo;immobilier, la F\u00e9d\u00e9ration Promoteurs Immobiliers de France, le P\u00f4le Habitat FFB, l&rsquo;Union Nationale des Am\u00e9nageurs et de l&rsquo;UNSFA.<\/p>\n<p>&nbsp;<\/p>\n","protected":false},"excerpt":{"rendered":"<p>Le texte d\u00e9battu en premi\u00e8re lecture \u00e0 l\u2019Assembl\u00e9e Nationale risque de venir aggraver et acc\u00e9l\u00e9rer, apr\u00e8s amendements, la crise du logement d\u00e9j\u00e0 en germe. S\u2019appuyant sur les travaux de la \u00ab task force [pour] repenser en profondeur la d\u00e9pense publique \u00bb, pilot\u00e9e par le parlementaire de Touraine, Daniel Labaronne, deux amendements s\u2019av\u00e8rent lourds de menaces. [&hellip;]<\/p>\n","protected":false},"author":17,"featured_media":95957,"comment_status":"closed","ping_status":"closed","sticky":false,"template":"","format":"standard","meta":{"_et_pb_use_builder":"","_et_pb_old_content":"","_et_gb_content_width":"","footnotes":""},"categories":[10530,6345,10781,10778],"tags":[8160],"class_list":["post-108017","post","type-post","status-publish","format-standard","has-post-thumbnail","hentry","category-actualites","category-economie-marches","category-publications-planete","category-planete","tag-loi-de-finance"],"yoast_head":"<!-- This site is optimized with the Yoast SEO plugin v27.4 - https:\/\/yoast.com\/product\/yoast-seo-wordpress\/ -->\n<title>Projet de Loi de Finances : alerte \u00e0 la crise du logement<\/title>\n<meta name=\"robots\" content=\"index, follow, max-snippet:-1, max-image-preview:large, max-video-preview:-1\" \/>\n<link rel=\"canonical\" href=\"https:\/\/batijournal.com\/index.php\/projet-de-loi-de-finances-alerte-a-la-crise-du-logement\/108017\/\" \/>\n<meta property=\"og:locale\" content=\"fr_FR\" \/>\n<meta property=\"og:type\" content=\"article\" \/>\n<meta property=\"og:title\" content=\"Projet de Loi de Finances : alerte \u00e0 la crise du logement\" \/>\n<meta property=\"og:description\" content=\"Le texte d\u00e9battu en premi\u00e8re lecture \u00e0 l\u2019Assembl\u00e9e Nationale risque de venir aggraver et acc\u00e9l\u00e9rer, apr\u00e8s amendements, la crise du logement d\u00e9j\u00e0 en germe. S\u2019appuyant sur les travaux de la \u00ab task force [pour] repenser en profondeur la d\u00e9pense publique \u00bb, pilot\u00e9e par le parlementaire de Touraine, Daniel Labaronne, deux amendements s\u2019av\u00e8rent lourds de menaces. [&hellip;]\" \/>\n<meta property=\"og:url\" content=\"https:\/\/batijournal.com\/index.php\/projet-de-loi-de-finances-alerte-a-la-crise-du-logement\/108017\/\" \/>\n<meta property=\"og:site_name\" content=\"Batijournal\" \/>\n<meta property=\"article:published_time\" content=\"2022-10-12T06:33:42+00:00\" \/>\n<meta property=\"og:image\" content=\"https:\/\/batijournal.com\/wp-content\/uploads\/2017\/05\/chantier-batiment.jpg\" \/>\n\t<meta property=\"og:image:width\" content=\"1200\" \/>\n\t<meta property=\"og:image:height\" content=\"676\" \/>\n\t<meta property=\"og:image:type\" content=\"image\/jpeg\" \/>\n<meta name=\"author\" content=\"St\u00e9phane Miget\" \/>\n<meta name=\"twitter:card\" content=\"summary_large_image\" \/>\n<meta name=\"twitter:creator\" content=\"@bati_journal\" \/>\n<meta name=\"twitter:site\" content=\"@bati_journal\" \/>\n<meta name=\"twitter:label1\" content=\"\u00c9crit par\" \/>\n\t<meta name=\"twitter:data1\" content=\"St\u00e9phane Miget\" \/>\n\t<meta name=\"twitter:label2\" content=\"Dur\u00e9e de lecture estim\u00e9e\" \/>\n\t<meta name=\"twitter:data2\" content=\"3 minutes\" \/>\n<script type=\"application\/ld+json\" class=\"yoast-schema-graph\">{\"@context\":\"https:\\\/\\\/schema.org\",\"@graph\":[{\"@type\":\"Article\",\"@id\":\"https:\\\/\\\/batijournal.com\\\/index.php\\\/projet-de-loi-de-finances-alerte-a-la-crise-du-logement\\\/108017\\\/#article\",\"isPartOf\":{\"@id\":\"https:\\\/\\\/batijournal.com\\\/index.php\\\/projet-de-loi-de-finances-alerte-a-la-crise-du-logement\\\/108017\\\/\"},\"author\":{\"name\":\"St\u00e9phane Miget\",\"@id\":\"https:\\\/\\\/batijournal.com\\\/#\\\/schema\\\/person\\\/1dc96ec6957aa1ccb25ebe78bb19f100\"},\"headline\":\"Projet de Loi de Finances : alerte \u00e0 la crise du logement\",\"datePublished\":\"2022-10-12T06:33:42+00:00\",\"mainEntityOfPage\":{\"@id\":\"https:\\\/\\\/batijournal.com\\\/index.php\\\/projet-de-loi-de-finances-alerte-a-la-crise-du-logement\\\/108017\\\/\"},\"wordCount\":636,\"image\":{\"@id\":\"https:\\\/\\\/batijournal.com\\\/index.php\\\/projet-de-loi-de-finances-alerte-a-la-crise-du-logement\\\/108017\\\/#primaryimage\"},\"thumbnailUrl\":\"https:\\\/\\\/batijournal.com\\\/wp-content\\\/uploads\\\/2017\\\/05\\\/chantier-batiment.jpg\",\"keywords\":[\"loi de finance\"],\"articleSection\":[\"Actualit\u00e9s\",\"\u00c9conomie &amp; March\u00e9s\",\"zz_Actualit\u00e9s - Plan\u00e8te\",\"zz_Plan\u00e8te B\u00e2timent\"],\"inLanguage\":\"fr-FR\"},{\"@type\":\"WebPage\",\"@id\":\"https:\\\/\\\/batijournal.com\\\/index.php\\\/projet-de-loi-de-finances-alerte-a-la-crise-du-logement\\\/108017\\\/\",\"url\":\"https:\\\/\\\/batijournal.com\\\/index.php\\\/projet-de-loi-de-finances-alerte-a-la-crise-du-logement\\\/108017\\\/\",\"name\":\"Projet de Loi de Finances : alerte \u00e0 la crise du logement\",\"isPartOf\":{\"@id\":\"https:\\\/\\\/batijournal.com\\\/#website\"},\"primaryImageOfPage\":{\"@id\":\"https:\\\/\\\/batijournal.com\\\/index.php\\\/projet-de-loi-de-finances-alerte-a-la-crise-du-logement\\\/108017\\\/#primaryimage\"},\"image\":{\"@id\":\"https:\\\/\\\/batijournal.com\\\/index.php\\\/projet-de-loi-de-finances-alerte-a-la-crise-du-logement\\\/108017\\\/#primaryimage\"},\"thumbnailUrl\":\"https:\\\/\\\/batijournal.com\\\/wp-content\\\/uploads\\\/2017\\\/05\\\/chantier-batiment.jpg\",\"datePublished\":\"2022-10-12T06:33:42+00:00\",\"author\":{\"@id\":\"https:\\\/\\\/batijournal.com\\\/#\\\/schema\\\/person\\\/1dc96ec6957aa1ccb25ebe78bb19f100\"},\"breadcrumb\":{\"@id\":\"https:\\\/\\\/batijournal.com\\\/index.php\\\/projet-de-loi-de-finances-alerte-a-la-crise-du-logement\\\/108017\\\/#breadcrumb\"},\"inLanguage\":\"fr-FR\",\"potentialAction\":[{\"@type\":\"ReadAction\",\"target\":[\"https:\\\/\\\/batijournal.com\\\/index.php\\\/projet-de-loi-de-finances-alerte-a-la-crise-du-logement\\\/108017\\\/\"]}]},{\"@type\":\"ImageObject\",\"inLanguage\":\"fr-FR\",\"@id\":\"https:\\\/\\\/batijournal.com\\\/index.php\\\/projet-de-loi-de-finances-alerte-a-la-crise-du-logement\\\/108017\\\/#primaryimage\",\"url\":\"https:\\\/\\\/batijournal.com\\\/wp-content\\\/uploads\\\/2017\\\/05\\\/chantier-batiment.jpg\",\"contentUrl\":\"https:\\\/\\\/batijournal.com\\\/wp-content\\\/uploads\\\/2017\\\/05\\\/chantier-batiment.jpg\",\"width\":1200,\"height\":676},{\"@type\":\"BreadcrumbList\",\"@id\":\"https:\\\/\\\/batijournal.com\\\/index.php\\\/projet-de-loi-de-finances-alerte-a-la-crise-du-logement\\\/108017\\\/#breadcrumb\",\"itemListElement\":[{\"@type\":\"ListItem\",\"position\":1,\"name\":\"Accueil\",\"item\":\"https:\\\/\\\/batijournal.com\\\/\"},{\"@type\":\"ListItem\",\"position\":2,\"name\":\"Actualit\u00e9s\",\"item\":\"https:\\\/\\\/batijournal.com\\\/index.php\\\/category\\\/actualites\\\/\"},{\"@type\":\"ListItem\",\"position\":3,\"name\":\"Projet de Loi de Finances : alerte \u00e0 la crise du logement\"}]},{\"@type\":\"WebSite\",\"@id\":\"https:\\\/\\\/batijournal.com\\\/#website\",\"url\":\"https:\\\/\\\/batijournal.com\\\/\",\"name\":\"Batijournal\",\"description\":\"L&#039;actualit\u00e9 du b\u00e2timent\",\"potentialAction\":[{\"@type\":\"SearchAction\",\"target\":{\"@type\":\"EntryPoint\",\"urlTemplate\":\"https:\\\/\\\/batijournal.com\\\/?s={search_term_string}\"},\"query-input\":{\"@type\":\"PropertyValueSpecification\",\"valueRequired\":true,\"valueName\":\"search_term_string\"}}],\"inLanguage\":\"fr-FR\"},{\"@type\":\"Person\",\"@id\":\"https:\\\/\\\/batijournal.com\\\/#\\\/schema\\\/person\\\/1dc96ec6957aa1ccb25ebe78bb19f100\",\"name\":\"St\u00e9phane Miget\",\"image\":{\"@type\":\"ImageObject\",\"inLanguage\":\"fr-FR\",\"@id\":\"https:\\\/\\\/secure.gravatar.com\\\/avatar\\\/89915563d925342126b8ef0281b93d9d7fc337043e8df017f780908eb9644451?s=96&d=mm&r=g\",\"url\":\"https:\\\/\\\/secure.gravatar.com\\\/avatar\\\/89915563d925342126b8ef0281b93d9d7fc337043e8df017f780908eb9644451?s=96&d=mm&r=g\",\"contentUrl\":\"https:\\\/\\\/secure.gravatar.com\\\/avatar\\\/89915563d925342126b8ef0281b93d9d7fc337043e8df017f780908eb9644451?s=96&d=mm&r=g\",\"caption\":\"St\u00e9phane Miget\"},\"url\":\"https:\\\/\\\/batijournal.com\\\/index.php\\\/author\\\/stephane\\\/\"}]}<\/script>\n<!-- \/ Yoast SEO plugin. -->","yoast_head_json":{"title":"Projet de Loi de Finances : alerte \u00e0 la crise du logement","robots":{"index":"index","follow":"follow","max-snippet":"max-snippet:-1","max-image-preview":"max-image-preview:large","max-video-preview":"max-video-preview:-1"},"canonical":"https:\/\/batijournal.com\/index.php\/projet-de-loi-de-finances-alerte-a-la-crise-du-logement\/108017\/","og_locale":"fr_FR","og_type":"article","og_title":"Projet de Loi de Finances : alerte \u00e0 la crise du logement","og_description":"Le texte d\u00e9battu en premi\u00e8re lecture \u00e0 l\u2019Assembl\u00e9e Nationale risque de venir aggraver et acc\u00e9l\u00e9rer, apr\u00e8s amendements, la crise du logement d\u00e9j\u00e0 en germe. S\u2019appuyant sur les travaux de la \u00ab task force [pour] repenser en profondeur la d\u00e9pense publique \u00bb, pilot\u00e9e par le parlementaire de Touraine, Daniel Labaronne, deux amendements s\u2019av\u00e8rent lourds de menaces. [&hellip;]","og_url":"https:\/\/batijournal.com\/index.php\/projet-de-loi-de-finances-alerte-a-la-crise-du-logement\/108017\/","og_site_name":"Batijournal","article_published_time":"2022-10-12T06:33:42+00:00","og_image":[{"width":1200,"height":676,"url":"https:\/\/batijournal.com\/wp-content\/uploads\/2017\/05\/chantier-batiment.jpg","type":"image\/jpeg"}],"author":"St\u00e9phane Miget","twitter_card":"summary_large_image","twitter_creator":"@bati_journal","twitter_site":"@bati_journal","twitter_misc":{"\u00c9crit par":"St\u00e9phane Miget","Dur\u00e9e de lecture estim\u00e9e":"3 minutes"},"schema":{"@context":"https:\/\/schema.org","@graph":[{"@type":"Article","@id":"https:\/\/batijournal.com\/index.php\/projet-de-loi-de-finances-alerte-a-la-crise-du-logement\/108017\/#article","isPartOf":{"@id":"https:\/\/batijournal.com\/index.php\/projet-de-loi-de-finances-alerte-a-la-crise-du-logement\/108017\/"},"author":{"name":"St\u00e9phane Miget","@id":"https:\/\/batijournal.com\/#\/schema\/person\/1dc96ec6957aa1ccb25ebe78bb19f100"},"headline":"Projet de Loi de Finances : alerte \u00e0 la crise du logement","datePublished":"2022-10-12T06:33:42+00:00","mainEntityOfPage":{"@id":"https:\/\/batijournal.com\/index.php\/projet-de-loi-de-finances-alerte-a-la-crise-du-logement\/108017\/"},"wordCount":636,"image":{"@id":"https:\/\/batijournal.com\/index.php\/projet-de-loi-de-finances-alerte-a-la-crise-du-logement\/108017\/#primaryimage"},"thumbnailUrl":"https:\/\/batijournal.com\/wp-content\/uploads\/2017\/05\/chantier-batiment.jpg","keywords":["loi de finance"],"articleSection":["Actualit\u00e9s","\u00c9conomie &amp; March\u00e9s","zz_Actualit\u00e9s - Plan\u00e8te","zz_Plan\u00e8te B\u00e2timent"],"inLanguage":"fr-FR"},{"@type":"WebPage","@id":"https:\/\/batijournal.com\/index.php\/projet-de-loi-de-finances-alerte-a-la-crise-du-logement\/108017\/","url":"https:\/\/batijournal.com\/index.php\/projet-de-loi-de-finances-alerte-a-la-crise-du-logement\/108017\/","name":"Projet de Loi de Finances : alerte \u00e0 la crise du logement","isPartOf":{"@id":"https:\/\/batijournal.com\/#website"},"primaryImageOfPage":{"@id":"https:\/\/batijournal.com\/index.php\/projet-de-loi-de-finances-alerte-a-la-crise-du-logement\/108017\/#primaryimage"},"image":{"@id":"https:\/\/batijournal.com\/index.php\/projet-de-loi-de-finances-alerte-a-la-crise-du-logement\/108017\/#primaryimage"},"thumbnailUrl":"https:\/\/batijournal.com\/wp-content\/uploads\/2017\/05\/chantier-batiment.jpg","datePublished":"2022-10-12T06:33:42+00:00","author":{"@id":"https:\/\/batijournal.com\/#\/schema\/person\/1dc96ec6957aa1ccb25ebe78bb19f100"},"breadcrumb":{"@id":"https:\/\/batijournal.com\/index.php\/projet-de-loi-de-finances-alerte-a-la-crise-du-logement\/108017\/#breadcrumb"},"inLanguage":"fr-FR","potentialAction":[{"@type":"ReadAction","target":["https:\/\/batijournal.com\/index.php\/projet-de-loi-de-finances-alerte-a-la-crise-du-logement\/108017\/"]}]},{"@type":"ImageObject","inLanguage":"fr-FR","@id":"https:\/\/batijournal.com\/index.php\/projet-de-loi-de-finances-alerte-a-la-crise-du-logement\/108017\/#primaryimage","url":"https:\/\/batijournal.com\/wp-content\/uploads\/2017\/05\/chantier-batiment.jpg","contentUrl":"https:\/\/batijournal.com\/wp-content\/uploads\/2017\/05\/chantier-batiment.jpg","width":1200,"height":676},{"@type":"BreadcrumbList","@id":"https:\/\/batijournal.com\/index.php\/projet-de-loi-de-finances-alerte-a-la-crise-du-logement\/108017\/#breadcrumb","itemListElement":[{"@type":"ListItem","position":1,"name":"Accueil","item":"https:\/\/batijournal.com\/"},{"@type":"ListItem","position":2,"name":"Actualit\u00e9s","item":"https:\/\/batijournal.com\/index.php\/category\/actualites\/"},{"@type":"ListItem","position":3,"name":"Projet de Loi de Finances : alerte \u00e0 la crise du logement"}]},{"@type":"WebSite","@id":"https:\/\/batijournal.com\/#website","url":"https:\/\/batijournal.com\/","name":"Batijournal","description":"L&#039;actualit\u00e9 du b\u00e2timent","potentialAction":[{"@type":"SearchAction","target":{"@type":"EntryPoint","urlTemplate":"https:\/\/batijournal.com\/?s={search_term_string}"},"query-input":{"@type":"PropertyValueSpecification","valueRequired":true,"valueName":"search_term_string"}}],"inLanguage":"fr-FR"},{"@type":"Person","@id":"https:\/\/batijournal.com\/#\/schema\/person\/1dc96ec6957aa1ccb25ebe78bb19f100","name":"St\u00e9phane Miget","image":{"@type":"ImageObject","inLanguage":"fr-FR","@id":"https:\/\/secure.gravatar.com\/avatar\/89915563d925342126b8ef0281b93d9d7fc337043e8df017f780908eb9644451?s=96&d=mm&r=g","url":"https:\/\/secure.gravatar.com\/avatar\/89915563d925342126b8ef0281b93d9d7fc337043e8df017f780908eb9644451?s=96&d=mm&r=g","contentUrl":"https:\/\/secure.gravatar.com\/avatar\/89915563d925342126b8ef0281b93d9d7fc337043e8df017f780908eb9644451?s=96&d=mm&r=g","caption":"St\u00e9phane Miget"},"url":"https:\/\/batijournal.com\/index.php\/author\/stephane\/"}]}},"_links":{"self":[{"href":"https:\/\/batijournal.com\/index.php\/wp-json\/wp\/v2\/posts\/108017","targetHints":{"allow":["GET"]}}],"collection":[{"href":"https:\/\/batijournal.com\/index.php\/wp-json\/wp\/v2\/posts"}],"about":[{"href":"https:\/\/batijournal.com\/index.php\/wp-json\/wp\/v2\/types\/post"}],"author":[{"embeddable":true,"href":"https:\/\/batijournal.com\/index.php\/wp-json\/wp\/v2\/users\/17"}],"replies":[{"embeddable":true,"href":"https:\/\/batijournal.com\/index.php\/wp-json\/wp\/v2\/comments?post=108017"}],"version-history":[{"count":0,"href":"https:\/\/batijournal.com\/index.php\/wp-json\/wp\/v2\/posts\/108017\/revisions"}],"wp:featuredmedia":[{"embeddable":true,"href":"https:\/\/batijournal.com\/index.php\/wp-json\/wp\/v2\/media\/95957"}],"wp:attachment":[{"href":"https:\/\/batijournal.com\/index.php\/wp-json\/wp\/v2\/media?parent=108017"}],"wp:term":[{"taxonomy":"category","embeddable":true,"href":"https:\/\/batijournal.com\/index.php\/wp-json\/wp\/v2\/categories?post=108017"},{"taxonomy":"post_tag","embeddable":true,"href":"https:\/\/batijournal.com\/index.php\/wp-json\/wp\/v2\/tags?post=108017"}],"curies":[{"name":"wp","href":"https:\/\/api.w.org\/{rel}","templated":true}]}}