{"id":108068,"date":"2022-10-18T07:39:02","date_gmt":"2022-10-18T05:39:02","guid":{"rendered":"https:\/\/batijournal.com\/?p=108068"},"modified":"2022-10-18T07:39:02","modified_gmt":"2022-10-18T05:39:02","slug":"lanru-lance-la-demarche-quartiers-resilients","status":"publish","type":"post","link":"https:\/\/batijournal.com\/index.php\/lanru-lance-la-demarche-quartiers-resilients\/108068\/","title":{"rendered":"L\u2019ANRU lance la d\u00e9marche \u00ab Quartiers r\u00e9silients \u00bb"},"content":{"rendered":"<p>Lors de son dernier conseil d\u2019administration, l\u2019ANRU a d\u00e9taill\u00e9 la d\u00e9marche \u00ab Quartiers r\u00e9silients \u00bb annonc\u00e9e, le 12 septembre 2022, par le ministre d\u00e9l\u00e9gu\u00e9 \u00e0 la Ville et au Logement, Olivier Klein. En finan\u00e7ant l\u2019am\u00e9lioration de la performance \u00e9nerg\u00e9tique des b\u00e2timents ou des dispositifs d\u2019innovation gr\u00e2ce \u00e0 des fonds du SGPI, l\u2019ANRU a fait du d\u00e9veloppement durable un objectif intrins\u00e8que du NPNRU. Cela permet de baisser la consommation \u00e9nerg\u00e9tique des logements (divis\u00e9e par 2 pour des logements r\u00e9nov\u00e9s et par 4 pour des logements neufs). Ces actions ont permis \u00e0 80% des habitants de logements r\u00e9nov\u00e9s dans le cadre du NPNRU de sortir de la pr\u00e9carit\u00e9 \u00e9nerg\u00e9tique ; le taux passe \u00e0 100% des m\u00e9nages en ce qui concerne les constructions neuves. C\u2019est dans ce contexte que la d\u00e9marche \u00ab Quartiers r\u00e9silients \u00bb est n\u00e9e, avec l\u2019ambition de s\u2019assurer que les 14 milliards du NPNRU soient r\u00e9silients. Pour cela, l\u2019ANRU propose d\u2019intervenir sp\u00e9cifiquement sur deux volets. Tout d&rsquo;abord, un dispositif transversal pour l\u2019ensemble des quartiers du NPNRU pour permettre la mont\u00e9e en qualit\u00e9 des projets mis en \u0153uvre dans tous les quartiers du NPNRU. Le dispositif pr\u00e9voit notamment un catalogue de ressources mobilisables, des webinaires th\u00e9matiques d\u00e9di\u00e9s, une journ\u00e9e nationale annuelle. L\u2019objectif de r\u00e9silience sera par ailleurs inscrit dans toutes les lettres d\u2019objectifs des Pr\u00e9fets de d\u00e9partement pour l\u2019ann\u00e9e 2023. Ensuite, un accompagnement renforc\u00e9 pour 50 quartiers : les quartiers s\u00e9lectionn\u00e9s devront \u00eatre en phase op\u00e9rationnelle et pr\u00e9senter des fragilit\u00e9s territoriales significatives au regard des enjeux climatiques et \u00e9nerg\u00e9tiques notamment. Un comit\u00e9 de s\u00e9lection sera charg\u00e9 d\u2019examiner les projets afin d\u2019\u00e9tablir la liste des 50 territoires qui seront accompagn\u00e9s de mani\u00e8re renforcer. Ces derniers pourront b\u00e9n\u00e9ficier de missions d\u2019appui territorialis\u00e9es, mais \u00e9galement de financements d\u2019investissements compl\u00e9mentaires par l\u2019ANRU, ses partenaires (Action logement, USH, la Caisse des d\u00e9p\u00f4ts) ou d\u2019autres agences et services de l\u2019Etat, engag\u00e9es pour la r\u00e9silience des quartiers (ADEME, ANAH, ANCT). L\u2019ANRU a pour sa part r\u00e9serv\u00e9 une enveloppe de 100 millions d\u2019euros pour accompagner ces projets. Cet accompagnement permettra de renforcer la r\u00e9silience des quartiers en renouvellement urbain en travaillant par exemple sur le traitement des \u00eelots de chaleur urbain, la gestion du cycle de l\u2019eau, la d\u00e9pendance aux \u00e9nergies fossiles des immeubles de logement social, la promotion de l\u2019\u00e9conomie circulaire, etc\u2026<\/p>\n","protected":false},"excerpt":{"rendered":"<p>Lors de son dernier conseil d\u2019administration, l\u2019ANRU a d\u00e9taill\u00e9 la d\u00e9marche \u00ab Quartiers r\u00e9silients \u00bb annonc\u00e9e, le 12 septembre 2022, par le ministre d\u00e9l\u00e9gu\u00e9 \u00e0 la Ville et au Logement, Olivier Klein. En finan\u00e7ant l\u2019am\u00e9lioration de la performance \u00e9nerg\u00e9tique des b\u00e2timents ou des dispositifs d\u2019innovation gr\u00e2ce \u00e0 des fonds du SGPI, l\u2019ANRU a fait du [&hellip;]<\/p>\n","protected":false},"author":17,"featured_media":108069,"comment_status":"closed","ping_status":"closed","sticky":false,"template":"","format":"standard","meta":{"_et_pb_use_builder":"","_et_pb_old_content":"","_et_gb_content_width":"","footnotes":""},"categories":[10530,6351,10781,10778],"tags":[13072,1130,13129],"class_list":["post-108068","post","type-post","status-publish","format-standard","has-post-thumbnail","hentry","category-actualites","category-energie-environnement","category-publications-planete","category-planete","tag-anru","tag-precarite-energetique","tag-quartiers-resilients"],"yoast_head":"<!-- This site is optimized with the Yoast SEO plugin v27.4 - https:\/\/yoast.com\/product\/yoast-seo-wordpress\/ -->\n<title>L\u2019ANRU lance la d\u00e9marche \u00ab Quartiers r\u00e9silients \u00bb<\/title>\n<meta name=\"robots\" content=\"index, follow, max-snippet:-1, max-image-preview:large, max-video-preview:-1\" \/>\n<link rel=\"canonical\" href=\"https:\/\/batijournal.com\/index.php\/lanru-lance-la-demarche-quartiers-resilients\/108068\/\" \/>\n<meta property=\"og:locale\" content=\"fr_FR\" \/>\n<meta property=\"og:type\" content=\"article\" \/>\n<meta property=\"og:title\" content=\"L\u2019ANRU lance la d\u00e9marche \u00ab Quartiers r\u00e9silients \u00bb\" \/>\n<meta property=\"og:description\" content=\"Lors de son dernier conseil d\u2019administration, l\u2019ANRU a d\u00e9taill\u00e9 la d\u00e9marche \u00ab Quartiers r\u00e9silients \u00bb annonc\u00e9e, le 12 septembre 2022, par le ministre d\u00e9l\u00e9gu\u00e9 \u00e0 la Ville et au Logement, Olivier Klein. En finan\u00e7ant l\u2019am\u00e9lioration de la performance \u00e9nerg\u00e9tique des b\u00e2timents ou des dispositifs d\u2019innovation gr\u00e2ce \u00e0 des fonds du SGPI, l\u2019ANRU a fait du [&hellip;]\" \/>\n<meta property=\"og:url\" content=\"https:\/\/batijournal.com\/index.php\/lanru-lance-la-demarche-quartiers-resilients\/108068\/\" \/>\n<meta property=\"og:site_name\" content=\"Batijournal\" \/>\n<meta property=\"article:published_time\" content=\"2022-10-18T05:39:02+00:00\" \/>\n<meta property=\"og:image\" content=\"https:\/\/batijournal.com\/wp-content\/uploads\/2022\/10\/chantier-quartiers.jpg\" \/>\n\t<meta property=\"og:image:width\" content=\"1000\" \/>\n\t<meta property=\"og:image:height\" content=\"628\" \/>\n\t<meta property=\"og:image:type\" content=\"image\/jpeg\" \/>\n<meta name=\"author\" content=\"St\u00e9phane Miget\" \/>\n<meta name=\"twitter:card\" content=\"summary_large_image\" \/>\n<meta name=\"twitter:creator\" content=\"@bati_journal\" \/>\n<meta name=\"twitter:site\" content=\"@bati_journal\" \/>\n<meta name=\"twitter:label1\" content=\"\u00c9crit par\" \/>\n\t<meta name=\"twitter:data1\" content=\"St\u00e9phane Miget\" \/>\n\t<meta name=\"twitter:label2\" content=\"Dur\u00e9e de lecture estim\u00e9e\" \/>\n\t<meta name=\"twitter:data2\" content=\"2 minutes\" \/>\n<script type=\"application\/ld+json\" class=\"yoast-schema-graph\">{\"@context\":\"https:\\\/\\\/schema.org\",\"@graph\":[{\"@type\":\"Article\",\"@id\":\"https:\\\/\\\/batijournal.com\\\/index.php\\\/lanru-lance-la-demarche-quartiers-resilients\\\/108068\\\/#article\",\"isPartOf\":{\"@id\":\"https:\\\/\\\/batijournal.com\\\/index.php\\\/lanru-lance-la-demarche-quartiers-resilients\\\/108068\\\/\"},\"author\":{\"name\":\"St\u00e9phane Miget\",\"@id\":\"https:\\\/\\\/batijournal.com\\\/#\\\/schema\\\/person\\\/1dc96ec6957aa1ccb25ebe78bb19f100\"},\"headline\":\"L\u2019ANRU lance la d\u00e9marche \u00ab Quartiers r\u00e9silients \u00bb\",\"datePublished\":\"2022-10-18T05:39:02+00:00\",\"mainEntityOfPage\":{\"@id\":\"https:\\\/\\\/batijournal.com\\\/index.php\\\/lanru-lance-la-demarche-quartiers-resilients\\\/108068\\\/\"},\"wordCount\":446,\"image\":{\"@id\":\"https:\\\/\\\/batijournal.com\\\/index.php\\\/lanru-lance-la-demarche-quartiers-resilients\\\/108068\\\/#primaryimage\"},\"thumbnailUrl\":\"https:\\\/\\\/batijournal.com\\\/wp-content\\\/uploads\\\/2022\\\/10\\\/chantier-quartiers.jpg\",\"keywords\":[\"anru\",\"pr\u00e9carit\u00e9 \u00e9nerg\u00e9tique\",\"Quartiers r\u00e9silients\"],\"articleSection\":[\"Actualit\u00e9s\",\"\u00c9nergie &amp; Environnement\",\"zz_Actualit\u00e9s - Plan\u00e8te\",\"zz_Plan\u00e8te B\u00e2timent\"],\"inLanguage\":\"fr-FR\"},{\"@type\":\"WebPage\",\"@id\":\"https:\\\/\\\/batijournal.com\\\/index.php\\\/lanru-lance-la-demarche-quartiers-resilients\\\/108068\\\/\",\"url\":\"https:\\\/\\\/batijournal.com\\\/index.php\\\/lanru-lance-la-demarche-quartiers-resilients\\\/108068\\\/\",\"name\":\"L\u2019ANRU lance la d\u00e9marche \u00ab Quartiers r\u00e9silients \u00bb\",\"isPartOf\":{\"@id\":\"https:\\\/\\\/batijournal.com\\\/#website\"},\"primaryImageOfPage\":{\"@id\":\"https:\\\/\\\/batijournal.com\\\/index.php\\\/lanru-lance-la-demarche-quartiers-resilients\\\/108068\\\/#primaryimage\"},\"image\":{\"@id\":\"https:\\\/\\\/batijournal.com\\\/index.php\\\/lanru-lance-la-demarche-quartiers-resilients\\\/108068\\\/#primaryimage\"},\"thumbnailUrl\":\"https:\\\/\\\/batijournal.com\\\/wp-content\\\/uploads\\\/2022\\\/10\\\/chantier-quartiers.jpg\",\"datePublished\":\"2022-10-18T05:39:02+00:00\",\"author\":{\"@id\":\"https:\\\/\\\/batijournal.com\\\/#\\\/schema\\\/person\\\/1dc96ec6957aa1ccb25ebe78bb19f100\"},\"breadcrumb\":{\"@id\":\"https:\\\/\\\/batijournal.com\\\/index.php\\\/lanru-lance-la-demarche-quartiers-resilients\\\/108068\\\/#breadcrumb\"},\"inLanguage\":\"fr-FR\",\"potentialAction\":[{\"@type\":\"ReadAction\",\"target\":[\"https:\\\/\\\/batijournal.com\\\/index.php\\\/lanru-lance-la-demarche-quartiers-resilients\\\/108068\\\/\"]}]},{\"@type\":\"ImageObject\",\"inLanguage\":\"fr-FR\",\"@id\":\"https:\\\/\\\/batijournal.com\\\/index.php\\\/lanru-lance-la-demarche-quartiers-resilients\\\/108068\\\/#primaryimage\",\"url\":\"https:\\\/\\\/batijournal.com\\\/wp-content\\\/uploads\\\/2022\\\/10\\\/chantier-quartiers.jpg\",\"contentUrl\":\"https:\\\/\\\/batijournal.com\\\/wp-content\\\/uploads\\\/2022\\\/10\\\/chantier-quartiers.jpg\",\"width\":1000,\"height\":628},{\"@type\":\"BreadcrumbList\",\"@id\":\"https:\\\/\\\/batijournal.com\\\/index.php\\\/lanru-lance-la-demarche-quartiers-resilients\\\/108068\\\/#breadcrumb\",\"itemListElement\":[{\"@type\":\"ListItem\",\"position\":1,\"name\":\"Accueil\",\"item\":\"https:\\\/\\\/batijournal.com\\\/\"},{\"@type\":\"ListItem\",\"position\":2,\"name\":\"Actualit\u00e9s\",\"item\":\"https:\\\/\\\/batijournal.com\\\/index.php\\\/category\\\/actualites\\\/\"},{\"@type\":\"ListItem\",\"position\":3,\"name\":\"L\u2019ANRU lance la d\u00e9marche \u00ab Quartiers r\u00e9silients \u00bb\"}]},{\"@type\":\"WebSite\",\"@id\":\"https:\\\/\\\/batijournal.com\\\/#website\",\"url\":\"https:\\\/\\\/batijournal.com\\\/\",\"name\":\"Batijournal\",\"description\":\"L&#039;actualit\u00e9 du b\u00e2timent\",\"potentialAction\":[{\"@type\":\"SearchAction\",\"target\":{\"@type\":\"EntryPoint\",\"urlTemplate\":\"https:\\\/\\\/batijournal.com\\\/?s={search_term_string}\"},\"query-input\":{\"@type\":\"PropertyValueSpecification\",\"valueRequired\":true,\"valueName\":\"search_term_string\"}}],\"inLanguage\":\"fr-FR\"},{\"@type\":\"Person\",\"@id\":\"https:\\\/\\\/batijournal.com\\\/#\\\/schema\\\/person\\\/1dc96ec6957aa1ccb25ebe78bb19f100\",\"name\":\"St\u00e9phane Miget\",\"image\":{\"@type\":\"ImageObject\",\"inLanguage\":\"fr-FR\",\"@id\":\"https:\\\/\\\/secure.gravatar.com\\\/avatar\\\/89915563d925342126b8ef0281b93d9d7fc337043e8df017f780908eb9644451?s=96&d=mm&r=g\",\"url\":\"https:\\\/\\\/secure.gravatar.com\\\/avatar\\\/89915563d925342126b8ef0281b93d9d7fc337043e8df017f780908eb9644451?s=96&d=mm&r=g\",\"contentUrl\":\"https:\\\/\\\/secure.gravatar.com\\\/avatar\\\/89915563d925342126b8ef0281b93d9d7fc337043e8df017f780908eb9644451?s=96&d=mm&r=g\",\"caption\":\"St\u00e9phane Miget\"},\"url\":\"https:\\\/\\\/batijournal.com\\\/index.php\\\/author\\\/stephane\\\/\"}]}<\/script>\n<!-- \/ Yoast SEO plugin. -->","yoast_head_json":{"title":"L\u2019ANRU lance la d\u00e9marche \u00ab Quartiers r\u00e9silients \u00bb","robots":{"index":"index","follow":"follow","max-snippet":"max-snippet:-1","max-image-preview":"max-image-preview:large","max-video-preview":"max-video-preview:-1"},"canonical":"https:\/\/batijournal.com\/index.php\/lanru-lance-la-demarche-quartiers-resilients\/108068\/","og_locale":"fr_FR","og_type":"article","og_title":"L\u2019ANRU lance la d\u00e9marche \u00ab Quartiers r\u00e9silients \u00bb","og_description":"Lors de son dernier conseil d\u2019administration, l\u2019ANRU a d\u00e9taill\u00e9 la d\u00e9marche \u00ab Quartiers r\u00e9silients \u00bb annonc\u00e9e, le 12 septembre 2022, par le ministre d\u00e9l\u00e9gu\u00e9 \u00e0 la Ville et au Logement, Olivier Klein. En finan\u00e7ant l\u2019am\u00e9lioration de la performance \u00e9nerg\u00e9tique des b\u00e2timents ou des dispositifs d\u2019innovation gr\u00e2ce \u00e0 des fonds du SGPI, l\u2019ANRU a fait du [&hellip;]","og_url":"https:\/\/batijournal.com\/index.php\/lanru-lance-la-demarche-quartiers-resilients\/108068\/","og_site_name":"Batijournal","article_published_time":"2022-10-18T05:39:02+00:00","og_image":[{"width":1000,"height":628,"url":"https:\/\/batijournal.com\/wp-content\/uploads\/2022\/10\/chantier-quartiers.jpg","type":"image\/jpeg"}],"author":"St\u00e9phane Miget","twitter_card":"summary_large_image","twitter_creator":"@bati_journal","twitter_site":"@bati_journal","twitter_misc":{"\u00c9crit par":"St\u00e9phane Miget","Dur\u00e9e de lecture estim\u00e9e":"2 minutes"},"schema":{"@context":"https:\/\/schema.org","@graph":[{"@type":"Article","@id":"https:\/\/batijournal.com\/index.php\/lanru-lance-la-demarche-quartiers-resilients\/108068\/#article","isPartOf":{"@id":"https:\/\/batijournal.com\/index.php\/lanru-lance-la-demarche-quartiers-resilients\/108068\/"},"author":{"name":"St\u00e9phane Miget","@id":"https:\/\/batijournal.com\/#\/schema\/person\/1dc96ec6957aa1ccb25ebe78bb19f100"},"headline":"L\u2019ANRU lance la d\u00e9marche \u00ab Quartiers r\u00e9silients \u00bb","datePublished":"2022-10-18T05:39:02+00:00","mainEntityOfPage":{"@id":"https:\/\/batijournal.com\/index.php\/lanru-lance-la-demarche-quartiers-resilients\/108068\/"},"wordCount":446,"image":{"@id":"https:\/\/batijournal.com\/index.php\/lanru-lance-la-demarche-quartiers-resilients\/108068\/#primaryimage"},"thumbnailUrl":"https:\/\/batijournal.com\/wp-content\/uploads\/2022\/10\/chantier-quartiers.jpg","keywords":["anru","pr\u00e9carit\u00e9 \u00e9nerg\u00e9tique","Quartiers r\u00e9silients"],"articleSection":["Actualit\u00e9s","\u00c9nergie &amp; Environnement","zz_Actualit\u00e9s - Plan\u00e8te","zz_Plan\u00e8te B\u00e2timent"],"inLanguage":"fr-FR"},{"@type":"WebPage","@id":"https:\/\/batijournal.com\/index.php\/lanru-lance-la-demarche-quartiers-resilients\/108068\/","url":"https:\/\/batijournal.com\/index.php\/lanru-lance-la-demarche-quartiers-resilients\/108068\/","name":"L\u2019ANRU lance la d\u00e9marche \u00ab Quartiers r\u00e9silients \u00bb","isPartOf":{"@id":"https:\/\/batijournal.com\/#website"},"primaryImageOfPage":{"@id":"https:\/\/batijournal.com\/index.php\/lanru-lance-la-demarche-quartiers-resilients\/108068\/#primaryimage"},"image":{"@id":"https:\/\/batijournal.com\/index.php\/lanru-lance-la-demarche-quartiers-resilients\/108068\/#primaryimage"},"thumbnailUrl":"https:\/\/batijournal.com\/wp-content\/uploads\/2022\/10\/chantier-quartiers.jpg","datePublished":"2022-10-18T05:39:02+00:00","author":{"@id":"https:\/\/batijournal.com\/#\/schema\/person\/1dc96ec6957aa1ccb25ebe78bb19f100"},"breadcrumb":{"@id":"https:\/\/batijournal.com\/index.php\/lanru-lance-la-demarche-quartiers-resilients\/108068\/#breadcrumb"},"inLanguage":"fr-FR","potentialAction":[{"@type":"ReadAction","target":["https:\/\/batijournal.com\/index.php\/lanru-lance-la-demarche-quartiers-resilients\/108068\/"]}]},{"@type":"ImageObject","inLanguage":"fr-FR","@id":"https:\/\/batijournal.com\/index.php\/lanru-lance-la-demarche-quartiers-resilients\/108068\/#primaryimage","url":"https:\/\/batijournal.com\/wp-content\/uploads\/2022\/10\/chantier-quartiers.jpg","contentUrl":"https:\/\/batijournal.com\/wp-content\/uploads\/2022\/10\/chantier-quartiers.jpg","width":1000,"height":628},{"@type":"BreadcrumbList","@id":"https:\/\/batijournal.com\/index.php\/lanru-lance-la-demarche-quartiers-resilients\/108068\/#breadcrumb","itemListElement":[{"@type":"ListItem","position":1,"name":"Accueil","item":"https:\/\/batijournal.com\/"},{"@type":"ListItem","position":2,"name":"Actualit\u00e9s","item":"https:\/\/batijournal.com\/index.php\/category\/actualites\/"},{"@type":"ListItem","position":3,"name":"L\u2019ANRU lance la d\u00e9marche \u00ab Quartiers r\u00e9silients \u00bb"}]},{"@type":"WebSite","@id":"https:\/\/batijournal.com\/#website","url":"https:\/\/batijournal.com\/","name":"Batijournal","description":"L&#039;actualit\u00e9 du b\u00e2timent","potentialAction":[{"@type":"SearchAction","target":{"@type":"EntryPoint","urlTemplate":"https:\/\/batijournal.com\/?s={search_term_string}"},"query-input":{"@type":"PropertyValueSpecification","valueRequired":true,"valueName":"search_term_string"}}],"inLanguage":"fr-FR"},{"@type":"Person","@id":"https:\/\/batijournal.com\/#\/schema\/person\/1dc96ec6957aa1ccb25ebe78bb19f100","name":"St\u00e9phane Miget","image":{"@type":"ImageObject","inLanguage":"fr-FR","@id":"https:\/\/secure.gravatar.com\/avatar\/89915563d925342126b8ef0281b93d9d7fc337043e8df017f780908eb9644451?s=96&d=mm&r=g","url":"https:\/\/secure.gravatar.com\/avatar\/89915563d925342126b8ef0281b93d9d7fc337043e8df017f780908eb9644451?s=96&d=mm&r=g","contentUrl":"https:\/\/secure.gravatar.com\/avatar\/89915563d925342126b8ef0281b93d9d7fc337043e8df017f780908eb9644451?s=96&d=mm&r=g","caption":"St\u00e9phane Miget"},"url":"https:\/\/batijournal.com\/index.php\/author\/stephane\/"}]}},"_links":{"self":[{"href":"https:\/\/batijournal.com\/index.php\/wp-json\/wp\/v2\/posts\/108068","targetHints":{"allow":["GET"]}}],"collection":[{"href":"https:\/\/batijournal.com\/index.php\/wp-json\/wp\/v2\/posts"}],"about":[{"href":"https:\/\/batijournal.com\/index.php\/wp-json\/wp\/v2\/types\/post"}],"author":[{"embeddable":true,"href":"https:\/\/batijournal.com\/index.php\/wp-json\/wp\/v2\/users\/17"}],"replies":[{"embeddable":true,"href":"https:\/\/batijournal.com\/index.php\/wp-json\/wp\/v2\/comments?post=108068"}],"version-history":[{"count":0,"href":"https:\/\/batijournal.com\/index.php\/wp-json\/wp\/v2\/posts\/108068\/revisions"}],"wp:featuredmedia":[{"embeddable":true,"href":"https:\/\/batijournal.com\/index.php\/wp-json\/wp\/v2\/media\/108069"}],"wp:attachment":[{"href":"https:\/\/batijournal.com\/index.php\/wp-json\/wp\/v2\/media?parent=108068"}],"wp:term":[{"taxonomy":"category","embeddable":true,"href":"https:\/\/batijournal.com\/index.php\/wp-json\/wp\/v2\/categories?post=108068"},{"taxonomy":"post_tag","embeddable":true,"href":"https:\/\/batijournal.com\/index.php\/wp-json\/wp\/v2\/tags?post=108068"}],"curies":[{"name":"wp","href":"https:\/\/api.w.org\/{rel}","templated":true}]}}