{"id":108093,"date":"2022-10-19T09:32:06","date_gmt":"2022-10-19T07:32:06","guid":{"rendered":"https:\/\/batijournal.com\/?p=108093"},"modified":"2022-10-19T09:32:06","modified_gmt":"2022-10-19T07:32:06","slug":"aidez-a-la-restauration-de-la-porte-doree-du-chateau-de-fontainebleau","status":"publish","type":"post","link":"https:\/\/batijournal.com\/index.php\/aidez-a-la-restauration-de-la-porte-doree-du-chateau-de-fontainebleau\/108093\/","title":{"rendered":"Aidez \u00e0 la restauration de la Porte Dor\u00e9e du ch\u00e2teau de Fontainebleau"},"content":{"rendered":"<p>La Porte Dor\u00e9e du ch\u00e2teau de Fontainebleau, construite sous Fran\u00e7ois Ier \u00e0 partir de 1528, est la premi\u00e8re entr\u00e9e royale du monument jusqu\u2019au XVIe si\u00e8cle. M\u00ealant dorures, sculptures et peintures, cette porte est un chef d\u2019\u0153uvre complet. Ces fresques ont \u00e9t\u00e9 peintes par le ma\u00eetre italien Primatice. Apr\u00e8s le succ\u00e8s de la campagne #UnGesteHistorique pour la restauration de l\u2019escalier en Fer-\u00e0-cheval r\u00e9alis\u00e9e avec la Fondation du patrimoine, le ch\u00e2teau de Fontainebleau lance une nouvelle campagne d\u2019appel aux dons afin de r\u00e9unir les 100 000 \u20ac n\u00e9cessaires \u00e0 la restauration de la Porte Dor\u00e9e et de ses fresques remarquables, dont le montant global des travaux est estim\u00e9 \u00e0 650 000 \u20ac. Gr\u00e2ce au soutien de la Fondation du patrimoine et de son m\u00e9c\u00e8ne Gecina, 300 000 \u20ac ont d\u00e9j\u00e0 \u00e9t\u00e9 rassembl\u00e9s. L\u2019objectif de la collecte de dons, organis\u00e9e en partenariat avec la Fondation du patrimoine, est de r\u00e9unir 100 000 \u20ac.<\/p>\n<p>Tous les dons, d\u00e9fiscalis\u00e9s, se font \u00e0 l\u2019adresse suivante :<br \/>\n<a href=\"http:\/\/www.fondation-patrimoine.org\/les-projets\/pavillon-dela-porte-doree\">www.fondation-patrimoine.org\/les-projets\/pavillon-dela-porte-doree<\/a><\/p>\n<p>&nbsp;<\/p>\n","protected":false},"excerpt":{"rendered":"<p>La Porte Dor\u00e9e du ch\u00e2teau de Fontainebleau, construite sous Fran\u00e7ois Ier \u00e0 partir de 1528, est la premi\u00e8re entr\u00e9e royale du monument jusqu\u2019au XVIe si\u00e8cle. M\u00ealant dorures, sculptures et peintures, cette porte est un chef d\u2019\u0153uvre complet. Ces fresques ont \u00e9t\u00e9 peintes par le ma\u00eetre italien Primatice. Apr\u00e8s le succ\u00e8s de la campagne #UnGesteHistorique pour [&hellip;]<\/p>\n","protected":false},"author":17,"featured_media":108094,"comment_status":"closed","ping_status":"closed","sticky":false,"template":"","format":"standard","meta":{"_et_pb_use_builder":"","_et_pb_old_content":"","_et_gb_content_width":"","footnotes":""},"categories":[10530,6340,10789,10785],"tags":[5905,6376],"class_list":["post-108093","post","type-post","status-publish","format-standard","has-post-thumbnail","hentry","category-actualites","category-architecture-conception","category-publications-atrium","category-atrium","tag-fondation-du-patrimoine","tag-monument-historique"],"yoast_head":"<!-- This site is optimized with the Yoast SEO plugin v27.4 - https:\/\/yoast.com\/product\/yoast-seo-wordpress\/ -->\n<title>Aidez \u00e0 la restauration de la Porte Dor\u00e9e du ch\u00e2teau de Fontainebleau<\/title>\n<meta name=\"robots\" content=\"index, follow, max-snippet:-1, max-image-preview:large, max-video-preview:-1\" \/>\n<link rel=\"canonical\" href=\"https:\/\/batijournal.com\/index.php\/aidez-a-la-restauration-de-la-porte-doree-du-chateau-de-fontainebleau\/108093\/\" \/>\n<meta property=\"og:locale\" content=\"fr_FR\" \/>\n<meta property=\"og:type\" content=\"article\" \/>\n<meta property=\"og:title\" content=\"Aidez \u00e0 la restauration de la Porte Dor\u00e9e du ch\u00e2teau de Fontainebleau\" \/>\n<meta property=\"og:description\" content=\"La Porte Dor\u00e9e du ch\u00e2teau de Fontainebleau, construite sous Fran\u00e7ois Ier \u00e0 partir de 1528, est la premi\u00e8re entr\u00e9e royale du monument jusqu\u2019au XVIe si\u00e8cle. M\u00ealant dorures, sculptures et peintures, cette porte est un chef d\u2019\u0153uvre complet. Ces fresques ont \u00e9t\u00e9 peintes par le ma\u00eetre italien Primatice. Apr\u00e8s le succ\u00e8s de la campagne #UnGesteHistorique pour [&hellip;]\" \/>\n<meta property=\"og:url\" content=\"https:\/\/batijournal.com\/index.php\/aidez-a-la-restauration-de-la-porte-doree-du-chateau-de-fontainebleau\/108093\/\" \/>\n<meta property=\"og:site_name\" content=\"Batijournal\" \/>\n<meta property=\"article:published_time\" content=\"2022-10-19T07:32:06+00:00\" \/>\n<meta property=\"og:image\" content=\"https:\/\/batijournal.com\/wp-content\/uploads\/2022\/10\/porte-doree-detail.jpeg\" \/>\n\t<meta property=\"og:image:width\" content=\"619\" \/>\n\t<meta property=\"og:image:height\" content=\"347\" \/>\n\t<meta property=\"og:image:type\" content=\"image\/jpeg\" \/>\n<meta name=\"author\" content=\"St\u00e9phane Miget\" \/>\n<meta name=\"twitter:card\" content=\"summary_large_image\" \/>\n<meta name=\"twitter:creator\" content=\"@bati_journal\" \/>\n<meta name=\"twitter:site\" content=\"@bati_journal\" \/>\n<meta name=\"twitter:label1\" content=\"\u00c9crit par\" \/>\n\t<meta name=\"twitter:data1\" content=\"St\u00e9phane Miget\" \/>\n\t<meta name=\"twitter:label2\" content=\"Dur\u00e9e de lecture estim\u00e9e\" \/>\n\t<meta name=\"twitter:data2\" content=\"1 minute\" \/>\n<script type=\"application\/ld+json\" class=\"yoast-schema-graph\">{\"@context\":\"https:\\\/\\\/schema.org\",\"@graph\":[{\"@type\":\"Article\",\"@id\":\"https:\\\/\\\/batijournal.com\\\/index.php\\\/aidez-a-la-restauration-de-la-porte-doree-du-chateau-de-fontainebleau\\\/108093\\\/#article\",\"isPartOf\":{\"@id\":\"https:\\\/\\\/batijournal.com\\\/index.php\\\/aidez-a-la-restauration-de-la-porte-doree-du-chateau-de-fontainebleau\\\/108093\\\/\"},\"author\":{\"name\":\"St\u00e9phane Miget\",\"@id\":\"https:\\\/\\\/batijournal.com\\\/#\\\/schema\\\/person\\\/1dc96ec6957aa1ccb25ebe78bb19f100\"},\"headline\":\"Aidez \u00e0 la restauration de la Porte Dor\u00e9e du ch\u00e2teau de Fontainebleau\",\"datePublished\":\"2022-10-19T07:32:06+00:00\",\"mainEntityOfPage\":{\"@id\":\"https:\\\/\\\/batijournal.com\\\/index.php\\\/aidez-a-la-restauration-de-la-porte-doree-du-chateau-de-fontainebleau\\\/108093\\\/\"},\"wordCount\":193,\"image\":{\"@id\":\"https:\\\/\\\/batijournal.com\\\/index.php\\\/aidez-a-la-restauration-de-la-porte-doree-du-chateau-de-fontainebleau\\\/108093\\\/#primaryimage\"},\"thumbnailUrl\":\"https:\\\/\\\/batijournal.com\\\/wp-content\\\/uploads\\\/2022\\\/10\\\/porte-doree-detail.jpeg\",\"keywords\":[\"fondation du patrimoine\",\"monument historique\"],\"articleSection\":[\"Actualit\u00e9s\",\"Architecture &amp; Conception\",\"zz_Actualit\u00e9s - Atrium\",\"zz_Atrium Patrimoine\"],\"inLanguage\":\"fr-FR\"},{\"@type\":\"WebPage\",\"@id\":\"https:\\\/\\\/batijournal.com\\\/index.php\\\/aidez-a-la-restauration-de-la-porte-doree-du-chateau-de-fontainebleau\\\/108093\\\/\",\"url\":\"https:\\\/\\\/batijournal.com\\\/index.php\\\/aidez-a-la-restauration-de-la-porte-doree-du-chateau-de-fontainebleau\\\/108093\\\/\",\"name\":\"Aidez \u00e0 la restauration de la Porte Dor\u00e9e du ch\u00e2teau de Fontainebleau\",\"isPartOf\":{\"@id\":\"https:\\\/\\\/batijournal.com\\\/#website\"},\"primaryImageOfPage\":{\"@id\":\"https:\\\/\\\/batijournal.com\\\/index.php\\\/aidez-a-la-restauration-de-la-porte-doree-du-chateau-de-fontainebleau\\\/108093\\\/#primaryimage\"},\"image\":{\"@id\":\"https:\\\/\\\/batijournal.com\\\/index.php\\\/aidez-a-la-restauration-de-la-porte-doree-du-chateau-de-fontainebleau\\\/108093\\\/#primaryimage\"},\"thumbnailUrl\":\"https:\\\/\\\/batijournal.com\\\/wp-content\\\/uploads\\\/2022\\\/10\\\/porte-doree-detail.jpeg\",\"datePublished\":\"2022-10-19T07:32:06+00:00\",\"author\":{\"@id\":\"https:\\\/\\\/batijournal.com\\\/#\\\/schema\\\/person\\\/1dc96ec6957aa1ccb25ebe78bb19f100\"},\"breadcrumb\":{\"@id\":\"https:\\\/\\\/batijournal.com\\\/index.php\\\/aidez-a-la-restauration-de-la-porte-doree-du-chateau-de-fontainebleau\\\/108093\\\/#breadcrumb\"},\"inLanguage\":\"fr-FR\",\"potentialAction\":[{\"@type\":\"ReadAction\",\"target\":[\"https:\\\/\\\/batijournal.com\\\/index.php\\\/aidez-a-la-restauration-de-la-porte-doree-du-chateau-de-fontainebleau\\\/108093\\\/\"]}]},{\"@type\":\"ImageObject\",\"inLanguage\":\"fr-FR\",\"@id\":\"https:\\\/\\\/batijournal.com\\\/index.php\\\/aidez-a-la-restauration-de-la-porte-doree-du-chateau-de-fontainebleau\\\/108093\\\/#primaryimage\",\"url\":\"https:\\\/\\\/batijournal.com\\\/wp-content\\\/uploads\\\/2022\\\/10\\\/porte-doree-detail.jpeg\",\"contentUrl\":\"https:\\\/\\\/batijournal.com\\\/wp-content\\\/uploads\\\/2022\\\/10\\\/porte-doree-detail.jpeg\",\"width\":619,\"height\":347},{\"@type\":\"BreadcrumbList\",\"@id\":\"https:\\\/\\\/batijournal.com\\\/index.php\\\/aidez-a-la-restauration-de-la-porte-doree-du-chateau-de-fontainebleau\\\/108093\\\/#breadcrumb\",\"itemListElement\":[{\"@type\":\"ListItem\",\"position\":1,\"name\":\"Accueil\",\"item\":\"https:\\\/\\\/batijournal.com\\\/\"},{\"@type\":\"ListItem\",\"position\":2,\"name\":\"Actualit\u00e9s\",\"item\":\"https:\\\/\\\/batijournal.com\\\/index.php\\\/category\\\/actualites\\\/\"},{\"@type\":\"ListItem\",\"position\":3,\"name\":\"Aidez \u00e0 la restauration de la Porte Dor\u00e9e du ch\u00e2teau de Fontainebleau\"}]},{\"@type\":\"WebSite\",\"@id\":\"https:\\\/\\\/batijournal.com\\\/#website\",\"url\":\"https:\\\/\\\/batijournal.com\\\/\",\"name\":\"Batijournal\",\"description\":\"L&#039;actualit\u00e9 du b\u00e2timent\",\"potentialAction\":[{\"@type\":\"SearchAction\",\"target\":{\"@type\":\"EntryPoint\",\"urlTemplate\":\"https:\\\/\\\/batijournal.com\\\/?s={search_term_string}\"},\"query-input\":{\"@type\":\"PropertyValueSpecification\",\"valueRequired\":true,\"valueName\":\"search_term_string\"}}],\"inLanguage\":\"fr-FR\"},{\"@type\":\"Person\",\"@id\":\"https:\\\/\\\/batijournal.com\\\/#\\\/schema\\\/person\\\/1dc96ec6957aa1ccb25ebe78bb19f100\",\"name\":\"St\u00e9phane Miget\",\"image\":{\"@type\":\"ImageObject\",\"inLanguage\":\"fr-FR\",\"@id\":\"https:\\\/\\\/secure.gravatar.com\\\/avatar\\\/89915563d925342126b8ef0281b93d9d7fc337043e8df017f780908eb9644451?s=96&d=mm&r=g\",\"url\":\"https:\\\/\\\/secure.gravatar.com\\\/avatar\\\/89915563d925342126b8ef0281b93d9d7fc337043e8df017f780908eb9644451?s=96&d=mm&r=g\",\"contentUrl\":\"https:\\\/\\\/secure.gravatar.com\\\/avatar\\\/89915563d925342126b8ef0281b93d9d7fc337043e8df017f780908eb9644451?s=96&d=mm&r=g\",\"caption\":\"St\u00e9phane Miget\"},\"url\":\"https:\\\/\\\/batijournal.com\\\/index.php\\\/author\\\/stephane\\\/\"}]}<\/script>\n<!-- \/ Yoast SEO plugin. -->","yoast_head_json":{"title":"Aidez \u00e0 la restauration de la Porte Dor\u00e9e du ch\u00e2teau de Fontainebleau","robots":{"index":"index","follow":"follow","max-snippet":"max-snippet:-1","max-image-preview":"max-image-preview:large","max-video-preview":"max-video-preview:-1"},"canonical":"https:\/\/batijournal.com\/index.php\/aidez-a-la-restauration-de-la-porte-doree-du-chateau-de-fontainebleau\/108093\/","og_locale":"fr_FR","og_type":"article","og_title":"Aidez \u00e0 la restauration de la Porte Dor\u00e9e du ch\u00e2teau de Fontainebleau","og_description":"La Porte Dor\u00e9e du ch\u00e2teau de Fontainebleau, construite sous Fran\u00e7ois Ier \u00e0 partir de 1528, est la premi\u00e8re entr\u00e9e royale du monument jusqu\u2019au XVIe si\u00e8cle. M\u00ealant dorures, sculptures et peintures, cette porte est un chef d\u2019\u0153uvre complet. Ces fresques ont \u00e9t\u00e9 peintes par le ma\u00eetre italien Primatice. Apr\u00e8s le succ\u00e8s de la campagne #UnGesteHistorique pour [&hellip;]","og_url":"https:\/\/batijournal.com\/index.php\/aidez-a-la-restauration-de-la-porte-doree-du-chateau-de-fontainebleau\/108093\/","og_site_name":"Batijournal","article_published_time":"2022-10-19T07:32:06+00:00","og_image":[{"width":619,"height":347,"url":"https:\/\/batijournal.com\/wp-content\/uploads\/2022\/10\/porte-doree-detail.jpeg","type":"image\/jpeg"}],"author":"St\u00e9phane Miget","twitter_card":"summary_large_image","twitter_creator":"@bati_journal","twitter_site":"@bati_journal","twitter_misc":{"\u00c9crit par":"St\u00e9phane Miget","Dur\u00e9e de lecture estim\u00e9e":"1 minute"},"schema":{"@context":"https:\/\/schema.org","@graph":[{"@type":"Article","@id":"https:\/\/batijournal.com\/index.php\/aidez-a-la-restauration-de-la-porte-doree-du-chateau-de-fontainebleau\/108093\/#article","isPartOf":{"@id":"https:\/\/batijournal.com\/index.php\/aidez-a-la-restauration-de-la-porte-doree-du-chateau-de-fontainebleau\/108093\/"},"author":{"name":"St\u00e9phane Miget","@id":"https:\/\/batijournal.com\/#\/schema\/person\/1dc96ec6957aa1ccb25ebe78bb19f100"},"headline":"Aidez \u00e0 la restauration de la Porte Dor\u00e9e du ch\u00e2teau de Fontainebleau","datePublished":"2022-10-19T07:32:06+00:00","mainEntityOfPage":{"@id":"https:\/\/batijournal.com\/index.php\/aidez-a-la-restauration-de-la-porte-doree-du-chateau-de-fontainebleau\/108093\/"},"wordCount":193,"image":{"@id":"https:\/\/batijournal.com\/index.php\/aidez-a-la-restauration-de-la-porte-doree-du-chateau-de-fontainebleau\/108093\/#primaryimage"},"thumbnailUrl":"https:\/\/batijournal.com\/wp-content\/uploads\/2022\/10\/porte-doree-detail.jpeg","keywords":["fondation du patrimoine","monument historique"],"articleSection":["Actualit\u00e9s","Architecture &amp; Conception","zz_Actualit\u00e9s - Atrium","zz_Atrium Patrimoine"],"inLanguage":"fr-FR"},{"@type":"WebPage","@id":"https:\/\/batijournal.com\/index.php\/aidez-a-la-restauration-de-la-porte-doree-du-chateau-de-fontainebleau\/108093\/","url":"https:\/\/batijournal.com\/index.php\/aidez-a-la-restauration-de-la-porte-doree-du-chateau-de-fontainebleau\/108093\/","name":"Aidez \u00e0 la restauration de la Porte Dor\u00e9e du ch\u00e2teau de Fontainebleau","isPartOf":{"@id":"https:\/\/batijournal.com\/#website"},"primaryImageOfPage":{"@id":"https:\/\/batijournal.com\/index.php\/aidez-a-la-restauration-de-la-porte-doree-du-chateau-de-fontainebleau\/108093\/#primaryimage"},"image":{"@id":"https:\/\/batijournal.com\/index.php\/aidez-a-la-restauration-de-la-porte-doree-du-chateau-de-fontainebleau\/108093\/#primaryimage"},"thumbnailUrl":"https:\/\/batijournal.com\/wp-content\/uploads\/2022\/10\/porte-doree-detail.jpeg","datePublished":"2022-10-19T07:32:06+00:00","author":{"@id":"https:\/\/batijournal.com\/#\/schema\/person\/1dc96ec6957aa1ccb25ebe78bb19f100"},"breadcrumb":{"@id":"https:\/\/batijournal.com\/index.php\/aidez-a-la-restauration-de-la-porte-doree-du-chateau-de-fontainebleau\/108093\/#breadcrumb"},"inLanguage":"fr-FR","potentialAction":[{"@type":"ReadAction","target":["https:\/\/batijournal.com\/index.php\/aidez-a-la-restauration-de-la-porte-doree-du-chateau-de-fontainebleau\/108093\/"]}]},{"@type":"ImageObject","inLanguage":"fr-FR","@id":"https:\/\/batijournal.com\/index.php\/aidez-a-la-restauration-de-la-porte-doree-du-chateau-de-fontainebleau\/108093\/#primaryimage","url":"https:\/\/batijournal.com\/wp-content\/uploads\/2022\/10\/porte-doree-detail.jpeg","contentUrl":"https:\/\/batijournal.com\/wp-content\/uploads\/2022\/10\/porte-doree-detail.jpeg","width":619,"height":347},{"@type":"BreadcrumbList","@id":"https:\/\/batijournal.com\/index.php\/aidez-a-la-restauration-de-la-porte-doree-du-chateau-de-fontainebleau\/108093\/#breadcrumb","itemListElement":[{"@type":"ListItem","position":1,"name":"Accueil","item":"https:\/\/batijournal.com\/"},{"@type":"ListItem","position":2,"name":"Actualit\u00e9s","item":"https:\/\/batijournal.com\/index.php\/category\/actualites\/"},{"@type":"ListItem","position":3,"name":"Aidez \u00e0 la restauration de la Porte Dor\u00e9e du ch\u00e2teau de Fontainebleau"}]},{"@type":"WebSite","@id":"https:\/\/batijournal.com\/#website","url":"https:\/\/batijournal.com\/","name":"Batijournal","description":"L&#039;actualit\u00e9 du b\u00e2timent","potentialAction":[{"@type":"SearchAction","target":{"@type":"EntryPoint","urlTemplate":"https:\/\/batijournal.com\/?s={search_term_string}"},"query-input":{"@type":"PropertyValueSpecification","valueRequired":true,"valueName":"search_term_string"}}],"inLanguage":"fr-FR"},{"@type":"Person","@id":"https:\/\/batijournal.com\/#\/schema\/person\/1dc96ec6957aa1ccb25ebe78bb19f100","name":"St\u00e9phane Miget","image":{"@type":"ImageObject","inLanguage":"fr-FR","@id":"https:\/\/secure.gravatar.com\/avatar\/89915563d925342126b8ef0281b93d9d7fc337043e8df017f780908eb9644451?s=96&d=mm&r=g","url":"https:\/\/secure.gravatar.com\/avatar\/89915563d925342126b8ef0281b93d9d7fc337043e8df017f780908eb9644451?s=96&d=mm&r=g","contentUrl":"https:\/\/secure.gravatar.com\/avatar\/89915563d925342126b8ef0281b93d9d7fc337043e8df017f780908eb9644451?s=96&d=mm&r=g","caption":"St\u00e9phane Miget"},"url":"https:\/\/batijournal.com\/index.php\/author\/stephane\/"}]}},"_links":{"self":[{"href":"https:\/\/batijournal.com\/index.php\/wp-json\/wp\/v2\/posts\/108093","targetHints":{"allow":["GET"]}}],"collection":[{"href":"https:\/\/batijournal.com\/index.php\/wp-json\/wp\/v2\/posts"}],"about":[{"href":"https:\/\/batijournal.com\/index.php\/wp-json\/wp\/v2\/types\/post"}],"author":[{"embeddable":true,"href":"https:\/\/batijournal.com\/index.php\/wp-json\/wp\/v2\/users\/17"}],"replies":[{"embeddable":true,"href":"https:\/\/batijournal.com\/index.php\/wp-json\/wp\/v2\/comments?post=108093"}],"version-history":[{"count":0,"href":"https:\/\/batijournal.com\/index.php\/wp-json\/wp\/v2\/posts\/108093\/revisions"}],"wp:featuredmedia":[{"embeddable":true,"href":"https:\/\/batijournal.com\/index.php\/wp-json\/wp\/v2\/media\/108094"}],"wp:attachment":[{"href":"https:\/\/batijournal.com\/index.php\/wp-json\/wp\/v2\/media?parent=108093"}],"wp:term":[{"taxonomy":"category","embeddable":true,"href":"https:\/\/batijournal.com\/index.php\/wp-json\/wp\/v2\/categories?post=108093"},{"taxonomy":"post_tag","embeddable":true,"href":"https:\/\/batijournal.com\/index.php\/wp-json\/wp\/v2\/tags?post=108093"}],"curies":[{"name":"wp","href":"https:\/\/api.w.org\/{rel}","templated":true}]}}