{"id":108109,"date":"2022-10-24T09:21:46","date_gmt":"2022-10-24T07:21:46","guid":{"rendered":"https:\/\/batijournal.com\/?p=108109"},"modified":"2022-10-24T09:21:46","modified_gmt":"2022-10-24T07:21:46","slug":"toitures-dexception-pour-la-17eme-edition-des-trophees-aleonard","status":"publish","type":"post","link":"https:\/\/batijournal.com\/index.php\/toitures-dexception-pour-la-17eme-edition-des-trophees-aleonard\/108109\/","title":{"rendered":"Toitures d&rsquo;exception pour la 17\u00e8me \u00e9dition des Troph\u00e9es Al\u00e9onard"},"content":{"rendered":"<p>Organis\u00e9s chaque ann\u00e9e par la Tuilerie Al\u00e9onard, les Troph\u00e9es Al\u00e9onard valorisent le savoir-faire d\u2019exception des ma\u00eetres-artisans couvreurs dans la mise en \u0153uvre des traditionnelles tuiles plates en terre cuite.<\/p>\n<p><strong><img loading=\"lazy\" decoding=\"async\" class=\"alignleft size-medium wp-image-108113\" src=\"https:\/\/batijournal.com\/wp-content\/uploads\/2022\/10\/premier-chantier-trophees-aleonard-wienerberger-300x201.jpg\" alt=\"\" width=\"300\" height=\"201\" srcset=\"https:\/\/batijournal.com\/wp-content\/uploads\/2022\/10\/premier-chantier-trophees-aleonard-wienerberger-300x201.jpg 300w, https:\/\/batijournal.com\/wp-content\/uploads\/2022\/10\/premier-chantier-trophees-aleonard-wienerberger-150x100.jpg 150w, https:\/\/batijournal.com\/wp-content\/uploads\/2022\/10\/premier-chantier-trophees-aleonard-wienerberger.jpg 693w\" sizes=\"(max-width: 300px) 100vw, 300px\" \/>Premier chantier<\/strong><br \/>\nLa couverture d\u2019une maison individuelle en Sa\u00f4ne-et-Loire, a \u00e9t\u00e9 prim\u00e9e pour le premier chantier en tuile Al\u00e9onard pour l\u2019entreprise Vercelli situ\u00e9e \u00e0 Sennecey-le-Grand (71). Cette cat\u00e9gorie r\u00e9compense les entreprises r\u00e9alisant pour la premi\u00e8re fois une couverture en tuiles Al\u00e9onard. Compos\u00e9e de tuiles \u00ab Esprit Patrimoine \u00bb 16&#215;27 rectangulaire Lune Cendr\u00e9e, Ocre Lichen et Rouge de Mars, la qualit\u00e9 du panachage r\u00e9gulier de cette toiture de 834m2 est remarquable. Le couvreur a d\u00e9cid\u00e9 de r\u00e9aliser le panachage en atelier pour un rendu tr\u00e8s \u00e9labor\u00e9. Les tuiles ont ensuite \u00e9t\u00e9 r\u00e9parties sur le toit en attraits. Ls fa\u00eeti\u00e8res ont \u00e9t\u00e9 scell\u00e9es \u00e0 la chaux avec des cr\u00eates et des embarrures. Ecorn\u00e9es en pieds et en t\u00eate, les tuiles de rive ont \u00e9t\u00e9 scell\u00e9es \u00e0 la chaux sur le chevron de rive habill\u00e9 en cuivre.<\/p>\n<p><strong><img loading=\"lazy\" decoding=\"async\" class=\"alignleft size-medium wp-image-108112\" src=\"https:\/\/batijournal.com\/wp-content\/uploads\/2022\/10\/demeure-aleonard-2022-300x212.jpg\" alt=\"\" width=\"300\" height=\"212\" srcset=\"https:\/\/batijournal.com\/wp-content\/uploads\/2022\/10\/demeure-aleonard-2022-300x212.jpg 300w, https:\/\/batijournal.com\/wp-content\/uploads\/2022\/10\/demeure-aleonard-2022-150x106.jpg 150w, https:\/\/batijournal.com\/wp-content\/uploads\/2022\/10\/demeure-aleonard-2022-400x284.jpg 400w, https:\/\/batijournal.com\/wp-content\/uploads\/2022\/10\/demeure-aleonard-2022.jpg 632w\" sizes=\"(max-width: 300px) 100vw, 300px\" \/>Demeure Al\u00e9onard<\/strong><br \/>\nCette cat\u00e9gorie r\u00e9compense la r\u00e9alisation d\u2019une toiture Al\u00e9onard sur maison individuelle, maisons en bande, ou b\u00e2timent d\u2019habitation, neuf ou ancien. Dans cette cat\u00e9gorie, le laur\u00e9at est l\u2019entreprise Nicolas Romain situ\u00e9 \u00e0 Albon (14), pour la r\u00e9alisation de la toiture d\u2019une maison individuelle neuve construite dans l\u2019Eure (27). Si le jury a soulign\u00e9 l\u2019harmonie du m\u00e9lange de quatre couleurs, il a particuli\u00e8rement \u00e9t\u00e9 s\u00e9duit par la qualit\u00e9 technique n\u00e9cessaire pour la r\u00e9alisation de cette toiture de 320m2. Parmi les points singuliers, on note la qualit\u00e9 du fa\u00eetage scell\u00e9 \u00e0 cr\u00eate de coq avec embarrures, les ar\u00eatiers corniers encastr\u00e9s et les rives scell\u00e9es (tuiles \u00e9paul\u00e9es et \u00e9corn\u00e9es) ainsi que les lucarnes avec noues ferm\u00e9es permettant \u00e0 cette maison neuve de s\u2019int\u00e9grer parfaitement dans le paysage traditionnel de la region. Projet r\u00e9alis\u00e9 en Tuile Esprit Patrimoine 16&#215;27. Teinte : Lune Cendr\u00e9e, Rouge de mars, Vert de Lichen et Ocre Lichen<\/p>\n<p><strong><img loading=\"lazy\" decoding=\"async\" class=\"alignleft size-medium wp-image-108114\" src=\"https:\/\/batijournal.com\/wp-content\/uploads\/2022\/10\/chateau-de-montfort-aleonard-wienerberger-300x208.jpg\" alt=\"\" width=\"300\" height=\"208\" srcset=\"https:\/\/batijournal.com\/wp-content\/uploads\/2022\/10\/chateau-de-montfort-aleonard-wienerberger-300x208.jpg 300w, https:\/\/batijournal.com\/wp-content\/uploads\/2022\/10\/chateau-de-montfort-aleonard-wienerberger-150x104.jpg 150w, https:\/\/batijournal.com\/wp-content\/uploads\/2022\/10\/chateau-de-montfort-aleonard-wienerberger-75x52.jpg 75w, https:\/\/batijournal.com\/wp-content\/uploads\/2022\/10\/chateau-de-montfort-aleonard-wienerberger.jpg 632w\" sizes=\"(max-width: 300px) 100vw, 300px\" \/>Edifice &amp; Patrimoine<\/strong><br \/>\nCette cat\u00e9gorie r\u00e9compense la r\u00e9alisation en tuiles Al\u00e9onard d\u2019un chantier de r\u00e9novation ou d\u2019un b\u00e2timent neuf, participant au Patrimoine r\u00e9gional ou national. C\u2019est l\u2019excellence du travail de Geneste-Naillier situ\u00e9e \u00e0 Clermont- Ferrand qui a \u00e9t\u00e9 prim\u00e9e pour la r\u00e9alisation de la toiture du Ch\u00e2teau de Montfort (63). L\u2019ouvrage r\u00e9alis\u00e9 en tuiles \u00ab Saint Vincent \u00bb 16&#215;27 Rouge Ardent, repr\u00e9sente une surface de 500m2 dont 250 m2 ont \u00e9t\u00e9 r\u00e9alis\u00e9s en tuile gironn\u00e9es. Il comprend une tour octogonale et trois tours gironn\u00e9es avec coyau. Le jury a salu\u00e9 la prouesse technique de ce chantier caract\u00e9ris\u00e9e par la continuit\u00e9 des tuiles dans les diff\u00e9rents pans de toiture notamment au niveau des tours.<\/p>\n<p><strong><img loading=\"lazy\" decoding=\"async\" class=\"alignleft size-medium wp-image-108111\" src=\"https:\/\/batijournal.com\/wp-content\/uploads\/2022\/10\/monument-historique-aleonard-300x226.jpg\" alt=\"\" width=\"300\" height=\"226\" srcset=\"https:\/\/batijournal.com\/wp-content\/uploads\/2022\/10\/monument-historique-aleonard-300x226.jpg 300w, https:\/\/batijournal.com\/wp-content\/uploads\/2022\/10\/monument-historique-aleonard-150x113.jpg 150w, https:\/\/batijournal.com\/wp-content\/uploads\/2022\/10\/monument-historique-aleonard-510x382.jpg 510w, https:\/\/batijournal.com\/wp-content\/uploads\/2022\/10\/monument-historique-aleonard.jpg 632w\" sizes=\"(max-width: 300px) 100vw, 300px\" \/>Monument Historique<\/strong><br \/>\nLe laur\u00e9at dans cette cat\u00e9gorie est l\u2019entreprise Pateu Robert situ\u00e9e \u00e0 Besan\u00e7on (25) associ\u00e9e \u00e0 l\u2019Architecte Ga\u00ebl Robin de l\u2019atelier Archipat \u00e0 Lyon (69) pour la r\u00e9novation du Ch\u00e2teau de Ray-sur- Sa\u00f4ne (70). La qualit\u00e9, l\u2019harmonie et l\u2019homog\u00e9n\u00e9it\u00e9 du panachage en deux formats de tuiles a v\u00e9ritablement conquis le jury. La ma\u00eetrise technique n\u00e9cessaire \u00e0 la bonne r\u00e9alisation de ce projet est impressionnante : le scellage de l\u2019ar\u00eatier, le fa\u00eetage en cr\u00eate de coq ainsi la noue \u00e0 tranchis. C\u2019est la continuit\u00e9 entre le deux pans de toiture qui a particuli\u00e8rement attir\u00e9 l\u2019\u0153il du jury. Seule une \u00e9troite collaboration entre l\u2019architecte des Monuments Historiques et le couvreur, combin\u00e9 \u00e0 un savoir-faire exceptionnel des \u00e9quipes, pouvaient permettre une telle qualit\u00e9 de mise en \u0153uvre pour ce projet d\u2019exception. Projet r\u00e9alis\u00e9 en tuiles M.H 17&#215;27 Ocre Lichen 34%, Noir de Vigne 6%, Tuiles M.H 17&#215;28 Noir de vigne 18%, Vert de Lichen 40%, Tuiles \u00e9maill\u00e9es 2%.<\/p>\n<p><strong><img loading=\"lazy\" decoding=\"async\" class=\"alignleft size-medium wp-image-108110\" src=\"https:\/\/batijournal.com\/wp-content\/uploads\/2022\/10\/trophees-aleonard-international-300x224.jpg\" alt=\"\" width=\"300\" height=\"224\" srcset=\"https:\/\/batijournal.com\/wp-content\/uploads\/2022\/10\/trophees-aleonard-international-300x224.jpg 300w, https:\/\/batijournal.com\/wp-content\/uploads\/2022\/10\/trophees-aleonard-international-150x112.jpg 150w, https:\/\/batijournal.com\/wp-content\/uploads\/2022\/10\/trophees-aleonard-international-510x382.jpg 510w, https:\/\/batijournal.com\/wp-content\/uploads\/2022\/10\/trophees-aleonard-international.jpg 587w\" sizes=\"(max-width: 300px) 100vw, 300px\" \/>International<\/strong><br \/>\nLa r\u00e9alisation d\u2019une maison individuelle en Belgique par l\u2019entreprise H.E.M.B.V, accompagn\u00e9e par l\u2019agence d\u2019architecture Rove Arcitecten a \u00e9t\u00e9 \u00e9lue par le jury qui a soulign\u00e9 la mise en \u0153uvre moderne de la toiture et de la fa\u00e7ade avec un panachage de 5 tuiles diff\u00e9rentes. Le couvreur a r\u00e9alis\u00e9 divers points singuliers tel que l\u2019angle de fa\u00e7ade en ar\u00eatiers tranch\u00e9, les rives avec des tuiles en demie ainsi que la goutti\u00e8re encaiss\u00e9e. Le jury a salu\u00e9 la qualit\u00e9 de pose des tuiles en toiture, en bardage, ainsi que l\u2019habillage en sous-face de d\u00e9bord, une technique peu utilis\u00e9 en France car non encadr\u00e9 par les DTU. Le tout pour une architecture tr\u00e8s moderne. Projet en tuiles Pontigny 16&#215;27 : Rouge naturel 20%, Rouge flamm\u00e9 20%, Brun flamm\u00e9 20%, Vieilli naturel 20%, Ocre rose 20%<\/p>\n<p><strong>Coup de c\u0153ur de l&rsquo;internaute<\/strong><br \/>\nEn parall\u00e8le des Troph\u00e9es Al\u00e9onard, depuis 2017, les internautes passionn\u00e9s du Patrimoine sont invit\u00e9s \u00e0 d\u00e9signer leur projet pr\u00e9f\u00e9r\u00e9. Du 05 septembre au 10 octobre inclus, les photos des r\u00e9alisations dans les cat\u00e9gories Premier chantier, Demeure Al\u00e9onard, Edifice &amp; Patrimoine et International ont \u00e9t\u00e9 soumises \u00e0 leur vote. Cette ann\u00e9e, le \u00ab Coup de c\u0153ur \u00bb Al\u00e9onard a r\u00e9compens\u00e9 l\u2019entreprise Geneste-Naillier situ\u00e9e \u00e0 Clermont-Ferrand (63), pour la r\u00e9alisation pour la r\u00e9alisation de la toiture du Ch\u00e2teau de Montfort dans le Puy-de-D\u00f4me. Avec plus de 11 500 votes, cette r\u00e9alisation a conquis le c\u0153ur et l\u2019\u0153il des internautes amoureux du patrimoine. Projet en tuiles \u00ab Saint Vincent \u00bb 16&#215;27 Rouge Ardent, repr\u00e9sentant une surface de 500 m2 dont 250 m2 en tuiles gironn\u00e9es.<\/p>\n","protected":false},"excerpt":{"rendered":"<p>Organis\u00e9s chaque ann\u00e9e par la Tuilerie Al\u00e9onard, les Troph\u00e9es Al\u00e9onard valorisent le savoir-faire d\u2019exception des ma\u00eetres-artisans couvreurs dans la mise en \u0153uvre des traditionnelles tuiles plates en terre cuite. Premier chantier La couverture d\u2019une maison individuelle en Sa\u00f4ne-et-Loire, a \u00e9t\u00e9 prim\u00e9e pour le premier chantier en tuile Al\u00e9onard pour l\u2019entreprise Vercelli situ\u00e9e \u00e0 Sennecey-le-Grand (71). [&hellip;]<\/p>\n","protected":false},"author":17,"featured_media":108114,"comment_status":"closed","ping_status":"closed","sticky":false,"template":"","format":"standard","meta":{"_et_pb_use_builder":"","_et_pb_old_content":"","_et_gb_content_width":"","footnotes":""},"categories":[10530,6340,10771,10775,10789,10785],"tags":[114,1239,12183,925],"class_list":["post-108109","post","type-post","status-publish","format-standard","has-post-thumbnail","hentry","category-actualites","category-architecture-conception","category-5facades","category-actualites-5facades","category-publications-atrium","category-atrium","tag-couverture-2","tag-terre-cuite-3","tag-trophees-aleonard","tag-tuiles"],"yoast_head":"<!-- This site is optimized with the Yoast SEO plugin v27.4 - https:\/\/yoast.com\/product\/yoast-seo-wordpress\/ -->\n<title>Toitures d&#039;exception pour la 17\u00e8me \u00e9dition des Troph\u00e9es Al\u00e9onard<\/title>\n<meta name=\"robots\" content=\"index, follow, max-snippet:-1, max-image-preview:large, max-video-preview:-1\" \/>\n<link rel=\"canonical\" href=\"https:\/\/batijournal.com\/index.php\/toitures-dexception-pour-la-17eme-edition-des-trophees-aleonard\/108109\/\" \/>\n<meta property=\"og:locale\" content=\"fr_FR\" \/>\n<meta property=\"og:type\" content=\"article\" \/>\n<meta property=\"og:title\" content=\"Toitures d&#039;exception pour la 17\u00e8me \u00e9dition des Troph\u00e9es Al\u00e9onard\" \/>\n<meta property=\"og:description\" content=\"Organis\u00e9s chaque ann\u00e9e par la Tuilerie Al\u00e9onard, les Troph\u00e9es Al\u00e9onard valorisent le savoir-faire d\u2019exception des ma\u00eetres-artisans couvreurs dans la mise en \u0153uvre des traditionnelles tuiles plates en terre cuite. Premier chantier La couverture d\u2019une maison individuelle en Sa\u00f4ne-et-Loire, a \u00e9t\u00e9 prim\u00e9e pour le premier chantier en tuile Al\u00e9onard pour l\u2019entreprise Vercelli situ\u00e9e \u00e0 Sennecey-le-Grand (71). [&hellip;]\" \/>\n<meta property=\"og:url\" content=\"https:\/\/batijournal.com\/index.php\/toitures-dexception-pour-la-17eme-edition-des-trophees-aleonard\/108109\/\" \/>\n<meta property=\"og:site_name\" content=\"Batijournal\" \/>\n<meta property=\"article:published_time\" content=\"2022-10-24T07:21:46+00:00\" \/>\n<meta property=\"og:image\" content=\"https:\/\/batijournal.com\/wp-content\/uploads\/2022\/10\/chateau-de-montfort-aleonard-wienerberger.jpg\" \/>\n\t<meta property=\"og:image:width\" content=\"632\" \/>\n\t<meta property=\"og:image:height\" content=\"439\" \/>\n\t<meta property=\"og:image:type\" content=\"image\/jpeg\" \/>\n<meta name=\"author\" content=\"St\u00e9phane Miget\" \/>\n<meta name=\"twitter:card\" content=\"summary_large_image\" \/>\n<meta name=\"twitter:creator\" content=\"@bati_journal\" \/>\n<meta name=\"twitter:site\" content=\"@bati_journal\" \/>\n<meta name=\"twitter:label1\" content=\"\u00c9crit par\" \/>\n\t<meta name=\"twitter:data1\" content=\"St\u00e9phane Miget\" \/>\n\t<meta name=\"twitter:label2\" content=\"Dur\u00e9e de lecture estim\u00e9e\" \/>\n\t<meta name=\"twitter:data2\" content=\"5 minutes\" \/>\n<script type=\"application\/ld+json\" class=\"yoast-schema-graph\">{\"@context\":\"https:\\\/\\\/schema.org\",\"@graph\":[{\"@type\":\"Article\",\"@id\":\"https:\\\/\\\/batijournal.com\\\/index.php\\\/toitures-dexception-pour-la-17eme-edition-des-trophees-aleonard\\\/108109\\\/#article\",\"isPartOf\":{\"@id\":\"https:\\\/\\\/batijournal.com\\\/index.php\\\/toitures-dexception-pour-la-17eme-edition-des-trophees-aleonard\\\/108109\\\/\"},\"author\":{\"name\":\"St\u00e9phane Miget\",\"@id\":\"https:\\\/\\\/batijournal.com\\\/#\\\/schema\\\/person\\\/1dc96ec6957aa1ccb25ebe78bb19f100\"},\"headline\":\"Toitures d&rsquo;exception pour la 17\u00e8me \u00e9dition des Troph\u00e9es Al\u00e9onard\",\"datePublished\":\"2022-10-24T07:21:46+00:00\",\"mainEntityOfPage\":{\"@id\":\"https:\\\/\\\/batijournal.com\\\/index.php\\\/toitures-dexception-pour-la-17eme-edition-des-trophees-aleonard\\\/108109\\\/\"},\"wordCount\":970,\"image\":{\"@id\":\"https:\\\/\\\/batijournal.com\\\/index.php\\\/toitures-dexception-pour-la-17eme-edition-des-trophees-aleonard\\\/108109\\\/#primaryimage\"},\"thumbnailUrl\":\"https:\\\/\\\/batijournal.com\\\/wp-content\\\/uploads\\\/2022\\\/10\\\/chateau-de-montfort-aleonard-wienerberger.jpg\",\"keywords\":[\"couverture\",\"terre cuite\",\"troph\u00e9es al\u00e9onard\",\"tuiles\"],\"articleSection\":[\"Actualit\u00e9s\",\"Architecture &amp; Conception\",\"zz_5fa\u00e7ades\",\"zz_Actualit\u00e9s - 5fa\u00e7ades\",\"zz_Actualit\u00e9s - Atrium\",\"zz_Atrium Patrimoine\"],\"inLanguage\":\"fr-FR\"},{\"@type\":\"WebPage\",\"@id\":\"https:\\\/\\\/batijournal.com\\\/index.php\\\/toitures-dexception-pour-la-17eme-edition-des-trophees-aleonard\\\/108109\\\/\",\"url\":\"https:\\\/\\\/batijournal.com\\\/index.php\\\/toitures-dexception-pour-la-17eme-edition-des-trophees-aleonard\\\/108109\\\/\",\"name\":\"Toitures d'exception pour la 17\u00e8me \u00e9dition des Troph\u00e9es Al\u00e9onard\",\"isPartOf\":{\"@id\":\"https:\\\/\\\/batijournal.com\\\/#website\"},\"primaryImageOfPage\":{\"@id\":\"https:\\\/\\\/batijournal.com\\\/index.php\\\/toitures-dexception-pour-la-17eme-edition-des-trophees-aleonard\\\/108109\\\/#primaryimage\"},\"image\":{\"@id\":\"https:\\\/\\\/batijournal.com\\\/index.php\\\/toitures-dexception-pour-la-17eme-edition-des-trophees-aleonard\\\/108109\\\/#primaryimage\"},\"thumbnailUrl\":\"https:\\\/\\\/batijournal.com\\\/wp-content\\\/uploads\\\/2022\\\/10\\\/chateau-de-montfort-aleonard-wienerberger.jpg\",\"datePublished\":\"2022-10-24T07:21:46+00:00\",\"author\":{\"@id\":\"https:\\\/\\\/batijournal.com\\\/#\\\/schema\\\/person\\\/1dc96ec6957aa1ccb25ebe78bb19f100\"},\"breadcrumb\":{\"@id\":\"https:\\\/\\\/batijournal.com\\\/index.php\\\/toitures-dexception-pour-la-17eme-edition-des-trophees-aleonard\\\/108109\\\/#breadcrumb\"},\"inLanguage\":\"fr-FR\",\"potentialAction\":[{\"@type\":\"ReadAction\",\"target\":[\"https:\\\/\\\/batijournal.com\\\/index.php\\\/toitures-dexception-pour-la-17eme-edition-des-trophees-aleonard\\\/108109\\\/\"]}]},{\"@type\":\"ImageObject\",\"inLanguage\":\"fr-FR\",\"@id\":\"https:\\\/\\\/batijournal.com\\\/index.php\\\/toitures-dexception-pour-la-17eme-edition-des-trophees-aleonard\\\/108109\\\/#primaryimage\",\"url\":\"https:\\\/\\\/batijournal.com\\\/wp-content\\\/uploads\\\/2022\\\/10\\\/chateau-de-montfort-aleonard-wienerberger.jpg\",\"contentUrl\":\"https:\\\/\\\/batijournal.com\\\/wp-content\\\/uploads\\\/2022\\\/10\\\/chateau-de-montfort-aleonard-wienerberger.jpg\",\"width\":632,\"height\":439},{\"@type\":\"BreadcrumbList\",\"@id\":\"https:\\\/\\\/batijournal.com\\\/index.php\\\/toitures-dexception-pour-la-17eme-edition-des-trophees-aleonard\\\/108109\\\/#breadcrumb\",\"itemListElement\":[{\"@type\":\"ListItem\",\"position\":1,\"name\":\"Accueil\",\"item\":\"https:\\\/\\\/batijournal.com\\\/\"},{\"@type\":\"ListItem\",\"position\":2,\"name\":\"Actualit\u00e9s\",\"item\":\"https:\\\/\\\/batijournal.com\\\/index.php\\\/category\\\/actualites\\\/\"},{\"@type\":\"ListItem\",\"position\":3,\"name\":\"Toitures d&rsquo;exception pour la 17\u00e8me \u00e9dition des Troph\u00e9es Al\u00e9onard\"}]},{\"@type\":\"WebSite\",\"@id\":\"https:\\\/\\\/batijournal.com\\\/#website\",\"url\":\"https:\\\/\\\/batijournal.com\\\/\",\"name\":\"Batijournal\",\"description\":\"L&#039;actualit\u00e9 du b\u00e2timent\",\"potentialAction\":[{\"@type\":\"SearchAction\",\"target\":{\"@type\":\"EntryPoint\",\"urlTemplate\":\"https:\\\/\\\/batijournal.com\\\/?s={search_term_string}\"},\"query-input\":{\"@type\":\"PropertyValueSpecification\",\"valueRequired\":true,\"valueName\":\"search_term_string\"}}],\"inLanguage\":\"fr-FR\"},{\"@type\":\"Person\",\"@id\":\"https:\\\/\\\/batijournal.com\\\/#\\\/schema\\\/person\\\/1dc96ec6957aa1ccb25ebe78bb19f100\",\"name\":\"St\u00e9phane Miget\",\"image\":{\"@type\":\"ImageObject\",\"inLanguage\":\"fr-FR\",\"@id\":\"https:\\\/\\\/secure.gravatar.com\\\/avatar\\\/89915563d925342126b8ef0281b93d9d7fc337043e8df017f780908eb9644451?s=96&d=mm&r=g\",\"url\":\"https:\\\/\\\/secure.gravatar.com\\\/avatar\\\/89915563d925342126b8ef0281b93d9d7fc337043e8df017f780908eb9644451?s=96&d=mm&r=g\",\"contentUrl\":\"https:\\\/\\\/secure.gravatar.com\\\/avatar\\\/89915563d925342126b8ef0281b93d9d7fc337043e8df017f780908eb9644451?s=96&d=mm&r=g\",\"caption\":\"St\u00e9phane Miget\"},\"url\":\"https:\\\/\\\/batijournal.com\\\/index.php\\\/author\\\/stephane\\\/\"}]}<\/script>\n<!-- \/ Yoast SEO plugin. -->","yoast_head_json":{"title":"Toitures d'exception pour la 17\u00e8me \u00e9dition des Troph\u00e9es Al\u00e9onard","robots":{"index":"index","follow":"follow","max-snippet":"max-snippet:-1","max-image-preview":"max-image-preview:large","max-video-preview":"max-video-preview:-1"},"canonical":"https:\/\/batijournal.com\/index.php\/toitures-dexception-pour-la-17eme-edition-des-trophees-aleonard\/108109\/","og_locale":"fr_FR","og_type":"article","og_title":"Toitures d'exception pour la 17\u00e8me \u00e9dition des Troph\u00e9es Al\u00e9onard","og_description":"Organis\u00e9s chaque ann\u00e9e par la Tuilerie Al\u00e9onard, les Troph\u00e9es Al\u00e9onard valorisent le savoir-faire d\u2019exception des ma\u00eetres-artisans couvreurs dans la mise en \u0153uvre des traditionnelles tuiles plates en terre cuite. Premier chantier La couverture d\u2019une maison individuelle en Sa\u00f4ne-et-Loire, a \u00e9t\u00e9 prim\u00e9e pour le premier chantier en tuile Al\u00e9onard pour l\u2019entreprise Vercelli situ\u00e9e \u00e0 Sennecey-le-Grand (71). [&hellip;]","og_url":"https:\/\/batijournal.com\/index.php\/toitures-dexception-pour-la-17eme-edition-des-trophees-aleonard\/108109\/","og_site_name":"Batijournal","article_published_time":"2022-10-24T07:21:46+00:00","og_image":[{"width":632,"height":439,"url":"https:\/\/batijournal.com\/wp-content\/uploads\/2022\/10\/chateau-de-montfort-aleonard-wienerberger.jpg","type":"image\/jpeg"}],"author":"St\u00e9phane Miget","twitter_card":"summary_large_image","twitter_creator":"@bati_journal","twitter_site":"@bati_journal","twitter_misc":{"\u00c9crit par":"St\u00e9phane Miget","Dur\u00e9e de lecture estim\u00e9e":"5 minutes"},"schema":{"@context":"https:\/\/schema.org","@graph":[{"@type":"Article","@id":"https:\/\/batijournal.com\/index.php\/toitures-dexception-pour-la-17eme-edition-des-trophees-aleonard\/108109\/#article","isPartOf":{"@id":"https:\/\/batijournal.com\/index.php\/toitures-dexception-pour-la-17eme-edition-des-trophees-aleonard\/108109\/"},"author":{"name":"St\u00e9phane Miget","@id":"https:\/\/batijournal.com\/#\/schema\/person\/1dc96ec6957aa1ccb25ebe78bb19f100"},"headline":"Toitures d&rsquo;exception pour la 17\u00e8me \u00e9dition des Troph\u00e9es Al\u00e9onard","datePublished":"2022-10-24T07:21:46+00:00","mainEntityOfPage":{"@id":"https:\/\/batijournal.com\/index.php\/toitures-dexception-pour-la-17eme-edition-des-trophees-aleonard\/108109\/"},"wordCount":970,"image":{"@id":"https:\/\/batijournal.com\/index.php\/toitures-dexception-pour-la-17eme-edition-des-trophees-aleonard\/108109\/#primaryimage"},"thumbnailUrl":"https:\/\/batijournal.com\/wp-content\/uploads\/2022\/10\/chateau-de-montfort-aleonard-wienerberger.jpg","keywords":["couverture","terre cuite","troph\u00e9es al\u00e9onard","tuiles"],"articleSection":["Actualit\u00e9s","Architecture &amp; Conception","zz_5fa\u00e7ades","zz_Actualit\u00e9s - 5fa\u00e7ades","zz_Actualit\u00e9s - Atrium","zz_Atrium Patrimoine"],"inLanguage":"fr-FR"},{"@type":"WebPage","@id":"https:\/\/batijournal.com\/index.php\/toitures-dexception-pour-la-17eme-edition-des-trophees-aleonard\/108109\/","url":"https:\/\/batijournal.com\/index.php\/toitures-dexception-pour-la-17eme-edition-des-trophees-aleonard\/108109\/","name":"Toitures d'exception pour la 17\u00e8me \u00e9dition des Troph\u00e9es Al\u00e9onard","isPartOf":{"@id":"https:\/\/batijournal.com\/#website"},"primaryImageOfPage":{"@id":"https:\/\/batijournal.com\/index.php\/toitures-dexception-pour-la-17eme-edition-des-trophees-aleonard\/108109\/#primaryimage"},"image":{"@id":"https:\/\/batijournal.com\/index.php\/toitures-dexception-pour-la-17eme-edition-des-trophees-aleonard\/108109\/#primaryimage"},"thumbnailUrl":"https:\/\/batijournal.com\/wp-content\/uploads\/2022\/10\/chateau-de-montfort-aleonard-wienerberger.jpg","datePublished":"2022-10-24T07:21:46+00:00","author":{"@id":"https:\/\/batijournal.com\/#\/schema\/person\/1dc96ec6957aa1ccb25ebe78bb19f100"},"breadcrumb":{"@id":"https:\/\/batijournal.com\/index.php\/toitures-dexception-pour-la-17eme-edition-des-trophees-aleonard\/108109\/#breadcrumb"},"inLanguage":"fr-FR","potentialAction":[{"@type":"ReadAction","target":["https:\/\/batijournal.com\/index.php\/toitures-dexception-pour-la-17eme-edition-des-trophees-aleonard\/108109\/"]}]},{"@type":"ImageObject","inLanguage":"fr-FR","@id":"https:\/\/batijournal.com\/index.php\/toitures-dexception-pour-la-17eme-edition-des-trophees-aleonard\/108109\/#primaryimage","url":"https:\/\/batijournal.com\/wp-content\/uploads\/2022\/10\/chateau-de-montfort-aleonard-wienerberger.jpg","contentUrl":"https:\/\/batijournal.com\/wp-content\/uploads\/2022\/10\/chateau-de-montfort-aleonard-wienerberger.jpg","width":632,"height":439},{"@type":"BreadcrumbList","@id":"https:\/\/batijournal.com\/index.php\/toitures-dexception-pour-la-17eme-edition-des-trophees-aleonard\/108109\/#breadcrumb","itemListElement":[{"@type":"ListItem","position":1,"name":"Accueil","item":"https:\/\/batijournal.com\/"},{"@type":"ListItem","position":2,"name":"Actualit\u00e9s","item":"https:\/\/batijournal.com\/index.php\/category\/actualites\/"},{"@type":"ListItem","position":3,"name":"Toitures d&rsquo;exception pour la 17\u00e8me \u00e9dition des Troph\u00e9es Al\u00e9onard"}]},{"@type":"WebSite","@id":"https:\/\/batijournal.com\/#website","url":"https:\/\/batijournal.com\/","name":"Batijournal","description":"L&#039;actualit\u00e9 du b\u00e2timent","potentialAction":[{"@type":"SearchAction","target":{"@type":"EntryPoint","urlTemplate":"https:\/\/batijournal.com\/?s={search_term_string}"},"query-input":{"@type":"PropertyValueSpecification","valueRequired":true,"valueName":"search_term_string"}}],"inLanguage":"fr-FR"},{"@type":"Person","@id":"https:\/\/batijournal.com\/#\/schema\/person\/1dc96ec6957aa1ccb25ebe78bb19f100","name":"St\u00e9phane Miget","image":{"@type":"ImageObject","inLanguage":"fr-FR","@id":"https:\/\/secure.gravatar.com\/avatar\/89915563d925342126b8ef0281b93d9d7fc337043e8df017f780908eb9644451?s=96&d=mm&r=g","url":"https:\/\/secure.gravatar.com\/avatar\/89915563d925342126b8ef0281b93d9d7fc337043e8df017f780908eb9644451?s=96&d=mm&r=g","contentUrl":"https:\/\/secure.gravatar.com\/avatar\/89915563d925342126b8ef0281b93d9d7fc337043e8df017f780908eb9644451?s=96&d=mm&r=g","caption":"St\u00e9phane Miget"},"url":"https:\/\/batijournal.com\/index.php\/author\/stephane\/"}]}},"_links":{"self":[{"href":"https:\/\/batijournal.com\/index.php\/wp-json\/wp\/v2\/posts\/108109","targetHints":{"allow":["GET"]}}],"collection":[{"href":"https:\/\/batijournal.com\/index.php\/wp-json\/wp\/v2\/posts"}],"about":[{"href":"https:\/\/batijournal.com\/index.php\/wp-json\/wp\/v2\/types\/post"}],"author":[{"embeddable":true,"href":"https:\/\/batijournal.com\/index.php\/wp-json\/wp\/v2\/users\/17"}],"replies":[{"embeddable":true,"href":"https:\/\/batijournal.com\/index.php\/wp-json\/wp\/v2\/comments?post=108109"}],"version-history":[{"count":0,"href":"https:\/\/batijournal.com\/index.php\/wp-json\/wp\/v2\/posts\/108109\/revisions"}],"wp:featuredmedia":[{"embeddable":true,"href":"https:\/\/batijournal.com\/index.php\/wp-json\/wp\/v2\/media\/108114"}],"wp:attachment":[{"href":"https:\/\/batijournal.com\/index.php\/wp-json\/wp\/v2\/media?parent=108109"}],"wp:term":[{"taxonomy":"category","embeddable":true,"href":"https:\/\/batijournal.com\/index.php\/wp-json\/wp\/v2\/categories?post=108109"},{"taxonomy":"post_tag","embeddable":true,"href":"https:\/\/batijournal.com\/index.php\/wp-json\/wp\/v2\/tags?post=108109"}],"curies":[{"name":"wp","href":"https:\/\/api.w.org\/{rel}","templated":true}]}}