{"id":108140,"date":"2022-10-27T09:31:01","date_gmt":"2022-10-27T07:31:01","guid":{"rendered":"https:\/\/batijournal.com\/?p=108140"},"modified":"2022-10-27T09:31:01","modified_gmt":"2022-10-27T07:31:01","slug":"anne-evelyne-kinkela-nouvelle-cheffe-de-produit-ite-chez-sto","status":"publish","type":"post","link":"https:\/\/batijournal.com\/index.php\/anne-evelyne-kinkela-nouvelle-cheffe-de-produit-ite-chez-sto\/108140\/","title":{"rendered":"Anne-Evelyne Kinkela, nouvelle cheffe de produit ITE chez Sto"},"content":{"rendered":"<p>Anne-Evelyne Kinkela a rejoint Sto France depuis f\u00e9vrier 2022 en tant que cheffe de produit ITE, en remplacement de Julien Velar. Elle est en charge du d\u00e9veloppement des nouveaux produits et de l\u2019animation de la gamme existante pour les autres march\u00e9s que la maison individuelle. Une fois son dipl\u00f4me d\u2019ing\u00e9nieur sp\u00e9cialit\u00e9 marketing et management industriel de l\u2019\u00c9cole Sup\u00e9rieure de Chimie Organique et Min\u00e9rale de Compi\u00e8gne (ESCOM) en poche, et apr\u00e8s son stage de fin d\u2019\u00e9tude r\u00e9alis\u00e9 chez AkzoNobel, Anne-Evelyne Kinkela fait ses premi\u00e8res armes au sein du Groupe Saint-Gobain. Elle d\u00e9bute par un contrat en volontariat international en entreprise (VIE) au sein d\u2019Isover en Allemagne pendant deux ans. Au cours de cette mission, elle est form\u00e9e en tant que cheffe de produit international et a ainsi l\u2019occasion de se familiariser avec les syst\u00e8mes d\u2019isolation et d\u2019\u00e9tanch\u00e9it\u00e9 \u00e0 l\u2019air de l\u2019enveloppe du b\u00e2timent. Elle est ensuite int\u00e9gr\u00e9e au Groupe Saint-Gobain en CDI pour y occuper le m\u00eame poste, o\u00f9 elle restera pendant 4 ans. Apr\u00e8s 6 ans pass\u00e9s dans un grand groupe, Anne-Evelyne Kinkela souhaite poursuivre sa carri\u00e8re dans une entreprise \u00ab plus familiale \u00bb. C\u2019est ainsi qu\u2019elle rejoint l\u2019aventure Sto France.<\/p>\n","protected":false},"excerpt":{"rendered":"<p>Anne-Evelyne Kinkela a rejoint Sto France depuis f\u00e9vrier 2022 en tant que cheffe de produit ITE, en remplacement de Julien Velar. Elle est en charge du d\u00e9veloppement des nouveaux produits et de l\u2019animation de la gamme existante pour les autres march\u00e9s que la maison individuelle. Une fois son dipl\u00f4me d\u2019ing\u00e9nieur sp\u00e9cialit\u00e9 marketing et management industriel [&hellip;]<\/p>\n","protected":false},"author":17,"featured_media":108141,"comment_status":"closed","ping_status":"closed","sticky":false,"template":"","format":"standard","meta":{"_et_pb_use_builder":"","_et_pb_old_content":"","_et_gb_content_width":"","footnotes":""},"categories":[10530,6345,10771,10775],"tags":[70],"class_list":["post-108140","post","type-post","status-publish","format-standard","has-post-thumbnail","hentry","category-actualites","category-economie-marches","category-5facades","category-actualites-5facades","tag-ite"],"yoast_head":"<!-- This site is optimized with the Yoast SEO plugin v27.4 - https:\/\/yoast.com\/product\/yoast-seo-wordpress\/ -->\n<title>Anne-Evelyne Kinkela, nouvelle cheffe de produit ITE chez Sto<\/title>\n<meta name=\"robots\" content=\"index, follow, max-snippet:-1, max-image-preview:large, max-video-preview:-1\" \/>\n<link rel=\"canonical\" href=\"https:\/\/batijournal.com\/index.php\/anne-evelyne-kinkela-nouvelle-cheffe-de-produit-ite-chez-sto\/108140\/\" \/>\n<meta property=\"og:locale\" content=\"fr_FR\" \/>\n<meta property=\"og:type\" content=\"article\" \/>\n<meta property=\"og:title\" content=\"Anne-Evelyne Kinkela, nouvelle cheffe de produit ITE chez Sto\" \/>\n<meta property=\"og:description\" content=\"Anne-Evelyne Kinkela a rejoint Sto France depuis f\u00e9vrier 2022 en tant que cheffe de produit ITE, en remplacement de Julien Velar. Elle est en charge du d\u00e9veloppement des nouveaux produits et de l\u2019animation de la gamme existante pour les autres march\u00e9s que la maison individuelle. Une fois son dipl\u00f4me d\u2019ing\u00e9nieur sp\u00e9cialit\u00e9 marketing et management industriel [&hellip;]\" \/>\n<meta property=\"og:url\" content=\"https:\/\/batijournal.com\/index.php\/anne-evelyne-kinkela-nouvelle-cheffe-de-produit-ite-chez-sto\/108140\/\" \/>\n<meta property=\"og:site_name\" content=\"Batijournal\" \/>\n<meta property=\"article:published_time\" content=\"2022-10-27T07:31:01+00:00\" \/>\n<meta property=\"og:image\" content=\"https:\/\/batijournal.com\/wp-content\/uploads\/2022\/10\/Anne-Evelyne-KINKELA-YA-MAMBU.jpg\" \/>\n\t<meta property=\"og:image:width\" content=\"1000\" \/>\n\t<meta property=\"og:image:height\" content=\"840\" \/>\n\t<meta property=\"og:image:type\" content=\"image\/jpeg\" \/>\n<meta name=\"author\" content=\"St\u00e9phane Miget\" \/>\n<meta name=\"twitter:card\" content=\"summary_large_image\" \/>\n<meta name=\"twitter:creator\" content=\"@bati_journal\" \/>\n<meta name=\"twitter:site\" content=\"@bati_journal\" \/>\n<meta name=\"twitter:label1\" content=\"\u00c9crit par\" \/>\n\t<meta name=\"twitter:data1\" content=\"St\u00e9phane Miget\" \/>\n\t<meta name=\"twitter:label2\" content=\"Dur\u00e9e de lecture estim\u00e9e\" \/>\n\t<meta name=\"twitter:data2\" content=\"1 minute\" \/>\n<script type=\"application\/ld+json\" class=\"yoast-schema-graph\">{\"@context\":\"https:\\\/\\\/schema.org\",\"@graph\":[{\"@type\":\"Article\",\"@id\":\"https:\\\/\\\/batijournal.com\\\/index.php\\\/anne-evelyne-kinkela-nouvelle-cheffe-de-produit-ite-chez-sto\\\/108140\\\/#article\",\"isPartOf\":{\"@id\":\"https:\\\/\\\/batijournal.com\\\/index.php\\\/anne-evelyne-kinkela-nouvelle-cheffe-de-produit-ite-chez-sto\\\/108140\\\/\"},\"author\":{\"name\":\"St\u00e9phane Miget\",\"@id\":\"https:\\\/\\\/batijournal.com\\\/#\\\/schema\\\/person\\\/1dc96ec6957aa1ccb25ebe78bb19f100\"},\"headline\":\"Anne-Evelyne Kinkela, nouvelle cheffe de produit ITE chez Sto\",\"datePublished\":\"2022-10-27T07:31:01+00:00\",\"mainEntityOfPage\":{\"@id\":\"https:\\\/\\\/batijournal.com\\\/index.php\\\/anne-evelyne-kinkela-nouvelle-cheffe-de-produit-ite-chez-sto\\\/108140\\\/\"},\"wordCount\":230,\"image\":{\"@id\":\"https:\\\/\\\/batijournal.com\\\/index.php\\\/anne-evelyne-kinkela-nouvelle-cheffe-de-produit-ite-chez-sto\\\/108140\\\/#primaryimage\"},\"thumbnailUrl\":\"https:\\\/\\\/batijournal.com\\\/wp-content\\\/uploads\\\/2022\\\/10\\\/Anne-Evelyne-KINKELA-YA-MAMBU.jpg\",\"keywords\":[\"ITE\"],\"articleSection\":[\"Actualit\u00e9s\",\"\u00c9conomie &amp; March\u00e9s\",\"zz_5fa\u00e7ades\",\"zz_Actualit\u00e9s - 5fa\u00e7ades\"],\"inLanguage\":\"fr-FR\"},{\"@type\":\"WebPage\",\"@id\":\"https:\\\/\\\/batijournal.com\\\/index.php\\\/anne-evelyne-kinkela-nouvelle-cheffe-de-produit-ite-chez-sto\\\/108140\\\/\",\"url\":\"https:\\\/\\\/batijournal.com\\\/index.php\\\/anne-evelyne-kinkela-nouvelle-cheffe-de-produit-ite-chez-sto\\\/108140\\\/\",\"name\":\"Anne-Evelyne Kinkela, nouvelle cheffe de produit ITE chez Sto\",\"isPartOf\":{\"@id\":\"https:\\\/\\\/batijournal.com\\\/#website\"},\"primaryImageOfPage\":{\"@id\":\"https:\\\/\\\/batijournal.com\\\/index.php\\\/anne-evelyne-kinkela-nouvelle-cheffe-de-produit-ite-chez-sto\\\/108140\\\/#primaryimage\"},\"image\":{\"@id\":\"https:\\\/\\\/batijournal.com\\\/index.php\\\/anne-evelyne-kinkela-nouvelle-cheffe-de-produit-ite-chez-sto\\\/108140\\\/#primaryimage\"},\"thumbnailUrl\":\"https:\\\/\\\/batijournal.com\\\/wp-content\\\/uploads\\\/2022\\\/10\\\/Anne-Evelyne-KINKELA-YA-MAMBU.jpg\",\"datePublished\":\"2022-10-27T07:31:01+00:00\",\"author\":{\"@id\":\"https:\\\/\\\/batijournal.com\\\/#\\\/schema\\\/person\\\/1dc96ec6957aa1ccb25ebe78bb19f100\"},\"breadcrumb\":{\"@id\":\"https:\\\/\\\/batijournal.com\\\/index.php\\\/anne-evelyne-kinkela-nouvelle-cheffe-de-produit-ite-chez-sto\\\/108140\\\/#breadcrumb\"},\"inLanguage\":\"fr-FR\",\"potentialAction\":[{\"@type\":\"ReadAction\",\"target\":[\"https:\\\/\\\/batijournal.com\\\/index.php\\\/anne-evelyne-kinkela-nouvelle-cheffe-de-produit-ite-chez-sto\\\/108140\\\/\"]}]},{\"@type\":\"ImageObject\",\"inLanguage\":\"fr-FR\",\"@id\":\"https:\\\/\\\/batijournal.com\\\/index.php\\\/anne-evelyne-kinkela-nouvelle-cheffe-de-produit-ite-chez-sto\\\/108140\\\/#primaryimage\",\"url\":\"https:\\\/\\\/batijournal.com\\\/wp-content\\\/uploads\\\/2022\\\/10\\\/Anne-Evelyne-KINKELA-YA-MAMBU.jpg\",\"contentUrl\":\"https:\\\/\\\/batijournal.com\\\/wp-content\\\/uploads\\\/2022\\\/10\\\/Anne-Evelyne-KINKELA-YA-MAMBU.jpg\",\"width\":1000,\"height\":840},{\"@type\":\"BreadcrumbList\",\"@id\":\"https:\\\/\\\/batijournal.com\\\/index.php\\\/anne-evelyne-kinkela-nouvelle-cheffe-de-produit-ite-chez-sto\\\/108140\\\/#breadcrumb\",\"itemListElement\":[{\"@type\":\"ListItem\",\"position\":1,\"name\":\"Accueil\",\"item\":\"https:\\\/\\\/batijournal.com\\\/\"},{\"@type\":\"ListItem\",\"position\":2,\"name\":\"Actualit\u00e9s\",\"item\":\"https:\\\/\\\/batijournal.com\\\/index.php\\\/category\\\/actualites\\\/\"},{\"@type\":\"ListItem\",\"position\":3,\"name\":\"Anne-Evelyne Kinkela, nouvelle cheffe de produit ITE chez Sto\"}]},{\"@type\":\"WebSite\",\"@id\":\"https:\\\/\\\/batijournal.com\\\/#website\",\"url\":\"https:\\\/\\\/batijournal.com\\\/\",\"name\":\"Batijournal\",\"description\":\"L&#039;actualit\u00e9 du b\u00e2timent\",\"potentialAction\":[{\"@type\":\"SearchAction\",\"target\":{\"@type\":\"EntryPoint\",\"urlTemplate\":\"https:\\\/\\\/batijournal.com\\\/?s={search_term_string}\"},\"query-input\":{\"@type\":\"PropertyValueSpecification\",\"valueRequired\":true,\"valueName\":\"search_term_string\"}}],\"inLanguage\":\"fr-FR\"},{\"@type\":\"Person\",\"@id\":\"https:\\\/\\\/batijournal.com\\\/#\\\/schema\\\/person\\\/1dc96ec6957aa1ccb25ebe78bb19f100\",\"name\":\"St\u00e9phane Miget\",\"image\":{\"@type\":\"ImageObject\",\"inLanguage\":\"fr-FR\",\"@id\":\"https:\\\/\\\/secure.gravatar.com\\\/avatar\\\/89915563d925342126b8ef0281b93d9d7fc337043e8df017f780908eb9644451?s=96&d=mm&r=g\",\"url\":\"https:\\\/\\\/secure.gravatar.com\\\/avatar\\\/89915563d925342126b8ef0281b93d9d7fc337043e8df017f780908eb9644451?s=96&d=mm&r=g\",\"contentUrl\":\"https:\\\/\\\/secure.gravatar.com\\\/avatar\\\/89915563d925342126b8ef0281b93d9d7fc337043e8df017f780908eb9644451?s=96&d=mm&r=g\",\"caption\":\"St\u00e9phane Miget\"},\"url\":\"https:\\\/\\\/batijournal.com\\\/index.php\\\/author\\\/stephane\\\/\"}]}<\/script>\n<!-- \/ Yoast SEO plugin. -->","yoast_head_json":{"title":"Anne-Evelyne Kinkela, nouvelle cheffe de produit ITE chez Sto","robots":{"index":"index","follow":"follow","max-snippet":"max-snippet:-1","max-image-preview":"max-image-preview:large","max-video-preview":"max-video-preview:-1"},"canonical":"https:\/\/batijournal.com\/index.php\/anne-evelyne-kinkela-nouvelle-cheffe-de-produit-ite-chez-sto\/108140\/","og_locale":"fr_FR","og_type":"article","og_title":"Anne-Evelyne Kinkela, nouvelle cheffe de produit ITE chez Sto","og_description":"Anne-Evelyne Kinkela a rejoint Sto France depuis f\u00e9vrier 2022 en tant que cheffe de produit ITE, en remplacement de Julien Velar. Elle est en charge du d\u00e9veloppement des nouveaux produits et de l\u2019animation de la gamme existante pour les autres march\u00e9s que la maison individuelle. Une fois son dipl\u00f4me d\u2019ing\u00e9nieur sp\u00e9cialit\u00e9 marketing et management industriel [&hellip;]","og_url":"https:\/\/batijournal.com\/index.php\/anne-evelyne-kinkela-nouvelle-cheffe-de-produit-ite-chez-sto\/108140\/","og_site_name":"Batijournal","article_published_time":"2022-10-27T07:31:01+00:00","og_image":[{"width":1000,"height":840,"url":"https:\/\/batijournal.com\/wp-content\/uploads\/2022\/10\/Anne-Evelyne-KINKELA-YA-MAMBU.jpg","type":"image\/jpeg"}],"author":"St\u00e9phane Miget","twitter_card":"summary_large_image","twitter_creator":"@bati_journal","twitter_site":"@bati_journal","twitter_misc":{"\u00c9crit par":"St\u00e9phane Miget","Dur\u00e9e de lecture estim\u00e9e":"1 minute"},"schema":{"@context":"https:\/\/schema.org","@graph":[{"@type":"Article","@id":"https:\/\/batijournal.com\/index.php\/anne-evelyne-kinkela-nouvelle-cheffe-de-produit-ite-chez-sto\/108140\/#article","isPartOf":{"@id":"https:\/\/batijournal.com\/index.php\/anne-evelyne-kinkela-nouvelle-cheffe-de-produit-ite-chez-sto\/108140\/"},"author":{"name":"St\u00e9phane Miget","@id":"https:\/\/batijournal.com\/#\/schema\/person\/1dc96ec6957aa1ccb25ebe78bb19f100"},"headline":"Anne-Evelyne Kinkela, nouvelle cheffe de produit ITE chez Sto","datePublished":"2022-10-27T07:31:01+00:00","mainEntityOfPage":{"@id":"https:\/\/batijournal.com\/index.php\/anne-evelyne-kinkela-nouvelle-cheffe-de-produit-ite-chez-sto\/108140\/"},"wordCount":230,"image":{"@id":"https:\/\/batijournal.com\/index.php\/anne-evelyne-kinkela-nouvelle-cheffe-de-produit-ite-chez-sto\/108140\/#primaryimage"},"thumbnailUrl":"https:\/\/batijournal.com\/wp-content\/uploads\/2022\/10\/Anne-Evelyne-KINKELA-YA-MAMBU.jpg","keywords":["ITE"],"articleSection":["Actualit\u00e9s","\u00c9conomie &amp; March\u00e9s","zz_5fa\u00e7ades","zz_Actualit\u00e9s - 5fa\u00e7ades"],"inLanguage":"fr-FR"},{"@type":"WebPage","@id":"https:\/\/batijournal.com\/index.php\/anne-evelyne-kinkela-nouvelle-cheffe-de-produit-ite-chez-sto\/108140\/","url":"https:\/\/batijournal.com\/index.php\/anne-evelyne-kinkela-nouvelle-cheffe-de-produit-ite-chez-sto\/108140\/","name":"Anne-Evelyne Kinkela, nouvelle cheffe de produit ITE chez Sto","isPartOf":{"@id":"https:\/\/batijournal.com\/#website"},"primaryImageOfPage":{"@id":"https:\/\/batijournal.com\/index.php\/anne-evelyne-kinkela-nouvelle-cheffe-de-produit-ite-chez-sto\/108140\/#primaryimage"},"image":{"@id":"https:\/\/batijournal.com\/index.php\/anne-evelyne-kinkela-nouvelle-cheffe-de-produit-ite-chez-sto\/108140\/#primaryimage"},"thumbnailUrl":"https:\/\/batijournal.com\/wp-content\/uploads\/2022\/10\/Anne-Evelyne-KINKELA-YA-MAMBU.jpg","datePublished":"2022-10-27T07:31:01+00:00","author":{"@id":"https:\/\/batijournal.com\/#\/schema\/person\/1dc96ec6957aa1ccb25ebe78bb19f100"},"breadcrumb":{"@id":"https:\/\/batijournal.com\/index.php\/anne-evelyne-kinkela-nouvelle-cheffe-de-produit-ite-chez-sto\/108140\/#breadcrumb"},"inLanguage":"fr-FR","potentialAction":[{"@type":"ReadAction","target":["https:\/\/batijournal.com\/index.php\/anne-evelyne-kinkela-nouvelle-cheffe-de-produit-ite-chez-sto\/108140\/"]}]},{"@type":"ImageObject","inLanguage":"fr-FR","@id":"https:\/\/batijournal.com\/index.php\/anne-evelyne-kinkela-nouvelle-cheffe-de-produit-ite-chez-sto\/108140\/#primaryimage","url":"https:\/\/batijournal.com\/wp-content\/uploads\/2022\/10\/Anne-Evelyne-KINKELA-YA-MAMBU.jpg","contentUrl":"https:\/\/batijournal.com\/wp-content\/uploads\/2022\/10\/Anne-Evelyne-KINKELA-YA-MAMBU.jpg","width":1000,"height":840},{"@type":"BreadcrumbList","@id":"https:\/\/batijournal.com\/index.php\/anne-evelyne-kinkela-nouvelle-cheffe-de-produit-ite-chez-sto\/108140\/#breadcrumb","itemListElement":[{"@type":"ListItem","position":1,"name":"Accueil","item":"https:\/\/batijournal.com\/"},{"@type":"ListItem","position":2,"name":"Actualit\u00e9s","item":"https:\/\/batijournal.com\/index.php\/category\/actualites\/"},{"@type":"ListItem","position":3,"name":"Anne-Evelyne Kinkela, nouvelle cheffe de produit ITE chez Sto"}]},{"@type":"WebSite","@id":"https:\/\/batijournal.com\/#website","url":"https:\/\/batijournal.com\/","name":"Batijournal","description":"L&#039;actualit\u00e9 du b\u00e2timent","potentialAction":[{"@type":"SearchAction","target":{"@type":"EntryPoint","urlTemplate":"https:\/\/batijournal.com\/?s={search_term_string}"},"query-input":{"@type":"PropertyValueSpecification","valueRequired":true,"valueName":"search_term_string"}}],"inLanguage":"fr-FR"},{"@type":"Person","@id":"https:\/\/batijournal.com\/#\/schema\/person\/1dc96ec6957aa1ccb25ebe78bb19f100","name":"St\u00e9phane Miget","image":{"@type":"ImageObject","inLanguage":"fr-FR","@id":"https:\/\/secure.gravatar.com\/avatar\/89915563d925342126b8ef0281b93d9d7fc337043e8df017f780908eb9644451?s=96&d=mm&r=g","url":"https:\/\/secure.gravatar.com\/avatar\/89915563d925342126b8ef0281b93d9d7fc337043e8df017f780908eb9644451?s=96&d=mm&r=g","contentUrl":"https:\/\/secure.gravatar.com\/avatar\/89915563d925342126b8ef0281b93d9d7fc337043e8df017f780908eb9644451?s=96&d=mm&r=g","caption":"St\u00e9phane Miget"},"url":"https:\/\/batijournal.com\/index.php\/author\/stephane\/"}]}},"_links":{"self":[{"href":"https:\/\/batijournal.com\/index.php\/wp-json\/wp\/v2\/posts\/108140","targetHints":{"allow":["GET"]}}],"collection":[{"href":"https:\/\/batijournal.com\/index.php\/wp-json\/wp\/v2\/posts"}],"about":[{"href":"https:\/\/batijournal.com\/index.php\/wp-json\/wp\/v2\/types\/post"}],"author":[{"embeddable":true,"href":"https:\/\/batijournal.com\/index.php\/wp-json\/wp\/v2\/users\/17"}],"replies":[{"embeddable":true,"href":"https:\/\/batijournal.com\/index.php\/wp-json\/wp\/v2\/comments?post=108140"}],"version-history":[{"count":0,"href":"https:\/\/batijournal.com\/index.php\/wp-json\/wp\/v2\/posts\/108140\/revisions"}],"wp:featuredmedia":[{"embeddable":true,"href":"https:\/\/batijournal.com\/index.php\/wp-json\/wp\/v2\/media\/108141"}],"wp:attachment":[{"href":"https:\/\/batijournal.com\/index.php\/wp-json\/wp\/v2\/media?parent=108140"}],"wp:term":[{"taxonomy":"category","embeddable":true,"href":"https:\/\/batijournal.com\/index.php\/wp-json\/wp\/v2\/categories?post=108140"},{"taxonomy":"post_tag","embeddable":true,"href":"https:\/\/batijournal.com\/index.php\/wp-json\/wp\/v2\/tags?post=108140"}],"curies":[{"name":"wp","href":"https:\/\/api.w.org\/{rel}","templated":true}]}}