{"id":108142,"date":"2022-10-27T09:35:19","date_gmt":"2022-10-27T07:35:19","guid":{"rendered":"https:\/\/batijournal.com\/?p=108142"},"modified":"2022-10-27T09:35:19","modified_gmt":"2022-10-27T07:35:19","slug":"lecole-du-toit-poursuit-son-developpement","status":"publish","type":"post","link":"https:\/\/batijournal.com\/index.php\/lecole-du-toit-poursuit-son-developpement\/108142\/","title":{"rendered":"L\u2019\u00c9cole du Toit poursuit son d\u00e9veloppement"},"content":{"rendered":"<p>L\u2019\u00c9cole du Toit poursuit son d\u00e9veloppement avec l\u2019ouverture, entre septembre et octobre, de 6 nouvelles classes. Lanc\u00e9e en d\u00e9but d\u2019ann\u00e9e par Asturienne, L\u2019\u00c9cole du Toit a \u00e9t\u00e9 inaugur\u00e9e en r\u00e9gion parisienne, \u00e0 Champs-sur-Marne ainsi que dans les Hauts-de- France \u00e0 Roubaix Lille-M\u00e9tropole. Les deux premi\u00e8res classes ont permis d\u2019accueillir une dizaine d\u2019\u00e9l\u00e8ves chacune pour les former au \u00ab Titre Professionnel Couvreur Zingueur \u00bb. Pour chaque jeune apprenti, une entreprise se mobilise pour compl\u00e9ter sa formation sur chantier en alternance. Entre septembre et octobre 2022, ce sont 6 nouvelles classes qui ont vu\u00a0le jour et qui viennent compl\u00e9ter le dispositif.<\/p>\n","protected":false},"excerpt":{"rendered":"<p>L\u2019\u00c9cole du Toit poursuit son d\u00e9veloppement avec l\u2019ouverture, entre septembre et octobre, de 6 nouvelles classes. Lanc\u00e9e en d\u00e9but d\u2019ann\u00e9e par Asturienne, L\u2019\u00c9cole du Toit a \u00e9t\u00e9 inaugur\u00e9e en r\u00e9gion parisienne, \u00e0 Champs-sur-Marne ainsi que dans les Hauts-de- France \u00e0 Roubaix Lille-M\u00e9tropole. Les deux premi\u00e8res classes ont permis d\u2019accueillir une dizaine d\u2019\u00e9l\u00e8ves chacune pour les [&hellip;]<\/p>\n","protected":false},"author":17,"featured_media":108143,"comment_status":"closed","ping_status":"closed","sticky":false,"template":"","format":"standard","meta":{"_et_pb_use_builder":"","_et_pb_old_content":"","_et_gb_content_width":"","footnotes":""},"categories":[10530,6362,10771,10775],"tags":[6374,517],"class_list":["post-108142","post","type-post","status-publish","format-standard","has-post-thumbnail","hentry","category-actualites","category-services-equipements","category-5facades","category-actualites-5facades","tag-couvreurs","tag-formation"],"yoast_head":"<!-- This site is optimized with the Yoast SEO plugin v27.4 - https:\/\/yoast.com\/product\/yoast-seo-wordpress\/ -->\n<title>L\u2019\u00c9cole du Toit poursuit son d\u00e9veloppement<\/title>\n<meta name=\"robots\" content=\"index, follow, max-snippet:-1, max-image-preview:large, max-video-preview:-1\" \/>\n<link rel=\"canonical\" href=\"https:\/\/batijournal.com\/index.php\/lecole-du-toit-poursuit-son-developpement\/108142\/\" \/>\n<meta property=\"og:locale\" content=\"fr_FR\" \/>\n<meta property=\"og:type\" content=\"article\" \/>\n<meta property=\"og:title\" content=\"L\u2019\u00c9cole du Toit poursuit son d\u00e9veloppement\" \/>\n<meta property=\"og:description\" content=\"L\u2019\u00c9cole du Toit poursuit son d\u00e9veloppement avec l\u2019ouverture, entre septembre et octobre, de 6 nouvelles classes. Lanc\u00e9e en d\u00e9but d\u2019ann\u00e9e par Asturienne, L\u2019\u00c9cole du Toit a \u00e9t\u00e9 inaugur\u00e9e en r\u00e9gion parisienne, \u00e0 Champs-sur-Marne ainsi que dans les Hauts-de- France \u00e0 Roubaix Lille-M\u00e9tropole. Les deux premi\u00e8res classes ont permis d\u2019accueillir une dizaine d\u2019\u00e9l\u00e8ves chacune pour les [&hellip;]\" \/>\n<meta property=\"og:url\" content=\"https:\/\/batijournal.com\/index.php\/lecole-du-toit-poursuit-son-developpement\/108142\/\" \/>\n<meta property=\"og:site_name\" content=\"Batijournal\" \/>\n<meta property=\"article:published_time\" content=\"2022-10-27T07:35:19+00:00\" \/>\n<meta property=\"og:image\" content=\"https:\/\/batijournal.com\/wp-content\/uploads\/2022\/10\/EDT-Evreux-Asturienne.jpg\" \/>\n\t<meta property=\"og:image:width\" content=\"1000\" \/>\n\t<meta property=\"og:image:height\" content=\"667\" \/>\n\t<meta property=\"og:image:type\" content=\"image\/jpeg\" \/>\n<meta name=\"author\" content=\"St\u00e9phane Miget\" \/>\n<meta name=\"twitter:card\" content=\"summary_large_image\" \/>\n<meta name=\"twitter:creator\" content=\"@bati_journal\" \/>\n<meta name=\"twitter:site\" content=\"@bati_journal\" \/>\n<meta name=\"twitter:label1\" content=\"\u00c9crit par\" \/>\n\t<meta name=\"twitter:data1\" content=\"St\u00e9phane Miget\" \/>\n\t<meta name=\"twitter:label2\" content=\"Dur\u00e9e de lecture estim\u00e9e\" \/>\n\t<meta name=\"twitter:data2\" content=\"1 minute\" \/>\n<script type=\"application\/ld+json\" class=\"yoast-schema-graph\">{\"@context\":\"https:\\\/\\\/schema.org\",\"@graph\":[{\"@type\":\"Article\",\"@id\":\"https:\\\/\\\/batijournal.com\\\/index.php\\\/lecole-du-toit-poursuit-son-developpement\\\/108142\\\/#article\",\"isPartOf\":{\"@id\":\"https:\\\/\\\/batijournal.com\\\/index.php\\\/lecole-du-toit-poursuit-son-developpement\\\/108142\\\/\"},\"author\":{\"name\":\"St\u00e9phane Miget\",\"@id\":\"https:\\\/\\\/batijournal.com\\\/#\\\/schema\\\/person\\\/1dc96ec6957aa1ccb25ebe78bb19f100\"},\"headline\":\"L\u2019\u00c9cole du Toit poursuit son d\u00e9veloppement\",\"datePublished\":\"2022-10-27T07:35:19+00:00\",\"mainEntityOfPage\":{\"@id\":\"https:\\\/\\\/batijournal.com\\\/index.php\\\/lecole-du-toit-poursuit-son-developpement\\\/108142\\\/\"},\"wordCount\":118,\"image\":{\"@id\":\"https:\\\/\\\/batijournal.com\\\/index.php\\\/lecole-du-toit-poursuit-son-developpement\\\/108142\\\/#primaryimage\"},\"thumbnailUrl\":\"https:\\\/\\\/batijournal.com\\\/wp-content\\\/uploads\\\/2022\\\/10\\\/EDT-Evreux-Asturienne.jpg\",\"keywords\":[\"couvreurs\",\"formation\"],\"articleSection\":[\"Actualit\u00e9s\",\"Divers\",\"zz_5fa\u00e7ades\",\"zz_Actualit\u00e9s - 5fa\u00e7ades\"],\"inLanguage\":\"fr-FR\"},{\"@type\":\"WebPage\",\"@id\":\"https:\\\/\\\/batijournal.com\\\/index.php\\\/lecole-du-toit-poursuit-son-developpement\\\/108142\\\/\",\"url\":\"https:\\\/\\\/batijournal.com\\\/index.php\\\/lecole-du-toit-poursuit-son-developpement\\\/108142\\\/\",\"name\":\"L\u2019\u00c9cole du Toit poursuit son d\u00e9veloppement\",\"isPartOf\":{\"@id\":\"https:\\\/\\\/batijournal.com\\\/#website\"},\"primaryImageOfPage\":{\"@id\":\"https:\\\/\\\/batijournal.com\\\/index.php\\\/lecole-du-toit-poursuit-son-developpement\\\/108142\\\/#primaryimage\"},\"image\":{\"@id\":\"https:\\\/\\\/batijournal.com\\\/index.php\\\/lecole-du-toit-poursuit-son-developpement\\\/108142\\\/#primaryimage\"},\"thumbnailUrl\":\"https:\\\/\\\/batijournal.com\\\/wp-content\\\/uploads\\\/2022\\\/10\\\/EDT-Evreux-Asturienne.jpg\",\"datePublished\":\"2022-10-27T07:35:19+00:00\",\"author\":{\"@id\":\"https:\\\/\\\/batijournal.com\\\/#\\\/schema\\\/person\\\/1dc96ec6957aa1ccb25ebe78bb19f100\"},\"breadcrumb\":{\"@id\":\"https:\\\/\\\/batijournal.com\\\/index.php\\\/lecole-du-toit-poursuit-son-developpement\\\/108142\\\/#breadcrumb\"},\"inLanguage\":\"fr-FR\",\"potentialAction\":[{\"@type\":\"ReadAction\",\"target\":[\"https:\\\/\\\/batijournal.com\\\/index.php\\\/lecole-du-toit-poursuit-son-developpement\\\/108142\\\/\"]}]},{\"@type\":\"ImageObject\",\"inLanguage\":\"fr-FR\",\"@id\":\"https:\\\/\\\/batijournal.com\\\/index.php\\\/lecole-du-toit-poursuit-son-developpement\\\/108142\\\/#primaryimage\",\"url\":\"https:\\\/\\\/batijournal.com\\\/wp-content\\\/uploads\\\/2022\\\/10\\\/EDT-Evreux-Asturienne.jpg\",\"contentUrl\":\"https:\\\/\\\/batijournal.com\\\/wp-content\\\/uploads\\\/2022\\\/10\\\/EDT-Evreux-Asturienne.jpg\",\"width\":1000,\"height\":667},{\"@type\":\"BreadcrumbList\",\"@id\":\"https:\\\/\\\/batijournal.com\\\/index.php\\\/lecole-du-toit-poursuit-son-developpement\\\/108142\\\/#breadcrumb\",\"itemListElement\":[{\"@type\":\"ListItem\",\"position\":1,\"name\":\"Accueil\",\"item\":\"https:\\\/\\\/batijournal.com\\\/\"},{\"@type\":\"ListItem\",\"position\":2,\"name\":\"Actualit\u00e9s\",\"item\":\"https:\\\/\\\/batijournal.com\\\/index.php\\\/category\\\/actualites\\\/\"},{\"@type\":\"ListItem\",\"position\":3,\"name\":\"L\u2019\u00c9cole du Toit poursuit son d\u00e9veloppement\"}]},{\"@type\":\"WebSite\",\"@id\":\"https:\\\/\\\/batijournal.com\\\/#website\",\"url\":\"https:\\\/\\\/batijournal.com\\\/\",\"name\":\"Batijournal\",\"description\":\"L&#039;actualit\u00e9 du b\u00e2timent\",\"potentialAction\":[{\"@type\":\"SearchAction\",\"target\":{\"@type\":\"EntryPoint\",\"urlTemplate\":\"https:\\\/\\\/batijournal.com\\\/?s={search_term_string}\"},\"query-input\":{\"@type\":\"PropertyValueSpecification\",\"valueRequired\":true,\"valueName\":\"search_term_string\"}}],\"inLanguage\":\"fr-FR\"},{\"@type\":\"Person\",\"@id\":\"https:\\\/\\\/batijournal.com\\\/#\\\/schema\\\/person\\\/1dc96ec6957aa1ccb25ebe78bb19f100\",\"name\":\"St\u00e9phane Miget\",\"image\":{\"@type\":\"ImageObject\",\"inLanguage\":\"fr-FR\",\"@id\":\"https:\\\/\\\/secure.gravatar.com\\\/avatar\\\/89915563d925342126b8ef0281b93d9d7fc337043e8df017f780908eb9644451?s=96&d=mm&r=g\",\"url\":\"https:\\\/\\\/secure.gravatar.com\\\/avatar\\\/89915563d925342126b8ef0281b93d9d7fc337043e8df017f780908eb9644451?s=96&d=mm&r=g\",\"contentUrl\":\"https:\\\/\\\/secure.gravatar.com\\\/avatar\\\/89915563d925342126b8ef0281b93d9d7fc337043e8df017f780908eb9644451?s=96&d=mm&r=g\",\"caption\":\"St\u00e9phane Miget\"},\"url\":\"https:\\\/\\\/batijournal.com\\\/index.php\\\/author\\\/stephane\\\/\"}]}<\/script>\n<!-- \/ Yoast SEO plugin. -->","yoast_head_json":{"title":"L\u2019\u00c9cole du Toit poursuit son d\u00e9veloppement","robots":{"index":"index","follow":"follow","max-snippet":"max-snippet:-1","max-image-preview":"max-image-preview:large","max-video-preview":"max-video-preview:-1"},"canonical":"https:\/\/batijournal.com\/index.php\/lecole-du-toit-poursuit-son-developpement\/108142\/","og_locale":"fr_FR","og_type":"article","og_title":"L\u2019\u00c9cole du Toit poursuit son d\u00e9veloppement","og_description":"L\u2019\u00c9cole du Toit poursuit son d\u00e9veloppement avec l\u2019ouverture, entre septembre et octobre, de 6 nouvelles classes. Lanc\u00e9e en d\u00e9but d\u2019ann\u00e9e par Asturienne, L\u2019\u00c9cole du Toit a \u00e9t\u00e9 inaugur\u00e9e en r\u00e9gion parisienne, \u00e0 Champs-sur-Marne ainsi que dans les Hauts-de- France \u00e0 Roubaix Lille-M\u00e9tropole. Les deux premi\u00e8res classes ont permis d\u2019accueillir une dizaine d\u2019\u00e9l\u00e8ves chacune pour les [&hellip;]","og_url":"https:\/\/batijournal.com\/index.php\/lecole-du-toit-poursuit-son-developpement\/108142\/","og_site_name":"Batijournal","article_published_time":"2022-10-27T07:35:19+00:00","og_image":[{"width":1000,"height":667,"url":"https:\/\/batijournal.com\/wp-content\/uploads\/2022\/10\/EDT-Evreux-Asturienne.jpg","type":"image\/jpeg"}],"author":"St\u00e9phane Miget","twitter_card":"summary_large_image","twitter_creator":"@bati_journal","twitter_site":"@bati_journal","twitter_misc":{"\u00c9crit par":"St\u00e9phane Miget","Dur\u00e9e de lecture estim\u00e9e":"1 minute"},"schema":{"@context":"https:\/\/schema.org","@graph":[{"@type":"Article","@id":"https:\/\/batijournal.com\/index.php\/lecole-du-toit-poursuit-son-developpement\/108142\/#article","isPartOf":{"@id":"https:\/\/batijournal.com\/index.php\/lecole-du-toit-poursuit-son-developpement\/108142\/"},"author":{"name":"St\u00e9phane Miget","@id":"https:\/\/batijournal.com\/#\/schema\/person\/1dc96ec6957aa1ccb25ebe78bb19f100"},"headline":"L\u2019\u00c9cole du Toit poursuit son d\u00e9veloppement","datePublished":"2022-10-27T07:35:19+00:00","mainEntityOfPage":{"@id":"https:\/\/batijournal.com\/index.php\/lecole-du-toit-poursuit-son-developpement\/108142\/"},"wordCount":118,"image":{"@id":"https:\/\/batijournal.com\/index.php\/lecole-du-toit-poursuit-son-developpement\/108142\/#primaryimage"},"thumbnailUrl":"https:\/\/batijournal.com\/wp-content\/uploads\/2022\/10\/EDT-Evreux-Asturienne.jpg","keywords":["couvreurs","formation"],"articleSection":["Actualit\u00e9s","Divers","zz_5fa\u00e7ades","zz_Actualit\u00e9s - 5fa\u00e7ades"],"inLanguage":"fr-FR"},{"@type":"WebPage","@id":"https:\/\/batijournal.com\/index.php\/lecole-du-toit-poursuit-son-developpement\/108142\/","url":"https:\/\/batijournal.com\/index.php\/lecole-du-toit-poursuit-son-developpement\/108142\/","name":"L\u2019\u00c9cole du Toit poursuit son d\u00e9veloppement","isPartOf":{"@id":"https:\/\/batijournal.com\/#website"},"primaryImageOfPage":{"@id":"https:\/\/batijournal.com\/index.php\/lecole-du-toit-poursuit-son-developpement\/108142\/#primaryimage"},"image":{"@id":"https:\/\/batijournal.com\/index.php\/lecole-du-toit-poursuit-son-developpement\/108142\/#primaryimage"},"thumbnailUrl":"https:\/\/batijournal.com\/wp-content\/uploads\/2022\/10\/EDT-Evreux-Asturienne.jpg","datePublished":"2022-10-27T07:35:19+00:00","author":{"@id":"https:\/\/batijournal.com\/#\/schema\/person\/1dc96ec6957aa1ccb25ebe78bb19f100"},"breadcrumb":{"@id":"https:\/\/batijournal.com\/index.php\/lecole-du-toit-poursuit-son-developpement\/108142\/#breadcrumb"},"inLanguage":"fr-FR","potentialAction":[{"@type":"ReadAction","target":["https:\/\/batijournal.com\/index.php\/lecole-du-toit-poursuit-son-developpement\/108142\/"]}]},{"@type":"ImageObject","inLanguage":"fr-FR","@id":"https:\/\/batijournal.com\/index.php\/lecole-du-toit-poursuit-son-developpement\/108142\/#primaryimage","url":"https:\/\/batijournal.com\/wp-content\/uploads\/2022\/10\/EDT-Evreux-Asturienne.jpg","contentUrl":"https:\/\/batijournal.com\/wp-content\/uploads\/2022\/10\/EDT-Evreux-Asturienne.jpg","width":1000,"height":667},{"@type":"BreadcrumbList","@id":"https:\/\/batijournal.com\/index.php\/lecole-du-toit-poursuit-son-developpement\/108142\/#breadcrumb","itemListElement":[{"@type":"ListItem","position":1,"name":"Accueil","item":"https:\/\/batijournal.com\/"},{"@type":"ListItem","position":2,"name":"Actualit\u00e9s","item":"https:\/\/batijournal.com\/index.php\/category\/actualites\/"},{"@type":"ListItem","position":3,"name":"L\u2019\u00c9cole du Toit poursuit son d\u00e9veloppement"}]},{"@type":"WebSite","@id":"https:\/\/batijournal.com\/#website","url":"https:\/\/batijournal.com\/","name":"Batijournal","description":"L&#039;actualit\u00e9 du b\u00e2timent","potentialAction":[{"@type":"SearchAction","target":{"@type":"EntryPoint","urlTemplate":"https:\/\/batijournal.com\/?s={search_term_string}"},"query-input":{"@type":"PropertyValueSpecification","valueRequired":true,"valueName":"search_term_string"}}],"inLanguage":"fr-FR"},{"@type":"Person","@id":"https:\/\/batijournal.com\/#\/schema\/person\/1dc96ec6957aa1ccb25ebe78bb19f100","name":"St\u00e9phane Miget","image":{"@type":"ImageObject","inLanguage":"fr-FR","@id":"https:\/\/secure.gravatar.com\/avatar\/89915563d925342126b8ef0281b93d9d7fc337043e8df017f780908eb9644451?s=96&d=mm&r=g","url":"https:\/\/secure.gravatar.com\/avatar\/89915563d925342126b8ef0281b93d9d7fc337043e8df017f780908eb9644451?s=96&d=mm&r=g","contentUrl":"https:\/\/secure.gravatar.com\/avatar\/89915563d925342126b8ef0281b93d9d7fc337043e8df017f780908eb9644451?s=96&d=mm&r=g","caption":"St\u00e9phane Miget"},"url":"https:\/\/batijournal.com\/index.php\/author\/stephane\/"}]}},"_links":{"self":[{"href":"https:\/\/batijournal.com\/index.php\/wp-json\/wp\/v2\/posts\/108142","targetHints":{"allow":["GET"]}}],"collection":[{"href":"https:\/\/batijournal.com\/index.php\/wp-json\/wp\/v2\/posts"}],"about":[{"href":"https:\/\/batijournal.com\/index.php\/wp-json\/wp\/v2\/types\/post"}],"author":[{"embeddable":true,"href":"https:\/\/batijournal.com\/index.php\/wp-json\/wp\/v2\/users\/17"}],"replies":[{"embeddable":true,"href":"https:\/\/batijournal.com\/index.php\/wp-json\/wp\/v2\/comments?post=108142"}],"version-history":[{"count":0,"href":"https:\/\/batijournal.com\/index.php\/wp-json\/wp\/v2\/posts\/108142\/revisions"}],"wp:featuredmedia":[{"embeddable":true,"href":"https:\/\/batijournal.com\/index.php\/wp-json\/wp\/v2\/media\/108143"}],"wp:attachment":[{"href":"https:\/\/batijournal.com\/index.php\/wp-json\/wp\/v2\/media?parent=108142"}],"wp:term":[{"taxonomy":"category","embeddable":true,"href":"https:\/\/batijournal.com\/index.php\/wp-json\/wp\/v2\/categories?post=108142"},{"taxonomy":"post_tag","embeddable":true,"href":"https:\/\/batijournal.com\/index.php\/wp-json\/wp\/v2\/tags?post=108142"}],"curies":[{"name":"wp","href":"https:\/\/api.w.org\/{rel}","templated":true}]}}