{"id":108252,"date":"2022-11-21T14:48:03","date_gmt":"2022-11-21T13:48:03","guid":{"rendered":"https:\/\/batijournal.com\/?p=108252"},"modified":"2022-11-22T12:57:53","modified_gmt":"2022-11-22T11:57:53","slug":"6eme-edition-du-concours-la-tuile-terre-cuite-architendance-recompense-8-laureats","status":"publish","type":"post","link":"https:\/\/batijournal.com\/index.php\/6eme-edition-du-concours-la-tuile-terre-cuite-architendance-recompense-8-laureats\/108252\/","title":{"rendered":"6\u00e8me \u00e9dition du concours la tuile terre cuite architendance r\u00e9compense 8 laur\u00e9ats"},"content":{"rendered":"<p>[et_pb_section fb_built=\u00a0\u00bb1&Prime; _builder_version=\u00a0\u00bb4.19.0&Prime; _module_preset=\u00a0\u00bbdefault\u00a0\u00bb global_colors_info=\u00a0\u00bb{}\u00a0\u00bb][et_pb_row _builder_version=\u00a0\u00bb4.19.0&Prime; _module_preset=\u00a0\u00bbdefault\u00a0\u00bb global_colors_info=\u00a0\u00bb{}\u00a0\u00bb][et_pb_column type=\u00a0\u00bb4_4&Prime; _builder_version=\u00a0\u00bb4.19.0&Prime; _module_preset=\u00a0\u00bbdefault\u00a0\u00bb global_colors_info=\u00a0\u00bb{}\u00a0\u00bb][et_pb_text _builder_version=\u00a0\u00bb4.19.1&Prime; _module_preset=\u00a0\u00bbdefault\u00a0\u00bb custom_margin=\u00a0\u00bb-30px||||false|false\u00a0\u00bb global_colors_info=\u00a0\u00bb{}\u00a0\u00bb]<\/p>\n<div class=\"\">\n<div class=\"\">\n<div class=\"\">\n<div class=\"\">\n<div>\u00a0<\/div>\n<div>\n<div class=\"\">\n<div class=\"\">\n<div class=\"\">\n<div class=\"\">\n<div class=\"\">Cr\u00e9\u00e9 en 2012, le concours a ouvert ses portes \u00e0 tous les architectes exer\u00e7ant une activit\u00e9 ind\u00e9pendante ou en agence.<\/div>\n<div>\u00a0<\/div>\n<div class=\"\">Les jurys se sont r\u00e9unis le 15 septembre au si\u00e8ge du R\u00e9seau des maisons de l&rsquo;architecture \u00e0 Paris, 60 agences \u00e9taient inscrites pour la 6\u00e8me \u00e9dition du grand prix d&rsquo;architecture La Tuile Terre Cuite Architendance.<\/div>\n<\/div>\n<\/div>\n<\/div>\n<\/div>\n<p>&nbsp;<\/p>\n<\/div>\n<div class=\"\">\u00a0<\/div>\n<\/div>\n<\/div>\n<\/div>\n<\/div>\n<p>&nbsp;<\/p>\n<div class=\"\">\n<div class=\"\">\n<div>\u00a0<\/div>\n<\/div>\n<\/div>\n<p>[\/et_pb_text][\/et_pb_column][\/et_pb_row][et_pb_row column_structure=\u00a0\u00bb1_2,1_2&Prime; _builder_version=\u00a0\u00bb4.19.1&Prime; _module_preset=\u00a0\u00bbdefault\u00a0\u00bb custom_margin=\u00a0\u00bb-15px||||false|false\u00a0\u00bb global_colors_info=\u00a0\u00bb{}\u00a0\u00bb][et_pb_column type=\u00a0\u00bb1_2&Prime; _builder_version=\u00a0\u00bb4.19.1&Prime; _module_preset=\u00a0\u00bbdefault\u00a0\u00bb global_colors_info=\u00a0\u00bb{}\u00a0\u00bb][et_pb_image src=\u00a0\u00bbhttps:\/\/batijournal.com\/wp-content\/uploads\/2022\/11\/Laureats_et_Jury-1-scaled.jpg\u00a0\u00bb title_text=\u00a0\u00bbLaureats_et_Jury\u00a0\u00bb _builder_version=\u00a0\u00bb4.19.1&Prime; _module_preset=\u00a0\u00bbdefault\u00a0\u00bb global_colors_info=\u00a0\u00bb{}\u00a0\u00bb][\/et_pb_image][\/et_pb_column][et_pb_column type=\u00a0\u00bb1_2&Prime; _builder_version=\u00a0\u00bb4.19.1&Prime; _module_preset=\u00a0\u00bbdefault\u00a0\u00bb global_colors_info=\u00a0\u00bb{}\u00a0\u00bb][et_pb_text _builder_version=\u00a0\u00bb4.19.1&Prime; _module_preset=\u00a0\u00bbdefault\u00a0\u00bb global_colors_info=\u00a0\u00bb{}\u00a0\u00bb]<\/p>\n<p>Le jury pr\u00e9sid\u00e9 par Anne-Sophie Kehr, Pr\u00e9sidente du R\u00e9seau des maisons de l\u2019architecture a d\u00e9cern\u00e9 9 prix :<\/p>\n<ul>\n<li class=\"p1\">2 prix dans la cat\u00e9gorie <strong><span class=\"s1\">logement collectif<\/span><\/strong><\/li>\n<li class=\"p1\">2 prix dans la cat\u00e9gorie <strong><span class=\"s1\">logement individuel<\/span><\/strong><\/li>\n<li class=\"p1\">2 prix dans la cat\u00e9gorie <strong><span class=\"s1\">\u00e9quipement\/tertiaire<span class=\"Apple-converted-space\">\u00a0<\/span><\/span><\/strong><\/li>\n<li class=\"p1\"><span class=\"s3\">2 prix ex aequo dans la logement <\/span><strong><span class=\"s4\">habitat group\u00e9<\/span><\/strong><\/li>\n<li>1 prix vot\u00e9 par le <strong>public<\/strong><\/li>\n<\/ul>\n<p>&nbsp;<\/p>\n<p>[\/et_pb_text][\/et_pb_column][\/et_pb_row][et_pb_row _builder_version=\u00a0\u00bb4.19.1&Prime; _module_preset=\u00a0\u00bbdefault\u00a0\u00bb global_colors_info=\u00a0\u00bb{}\u00a0\u00bb][et_pb_column type=\u00a0\u00bb4_4&Prime; _builder_version=\u00a0\u00bb4.19.1&Prime; _module_preset=\u00a0\u00bbdefault\u00a0\u00bb global_colors_info=\u00a0\u00bb{}\u00a0\u00bb][et_pb_text _builder_version=\u00a0\u00bb4.19.1&Prime; _module_preset=\u00a0\u00bbdefault\u00a0\u00bb global_colors_info=\u00a0\u00bb{}\u00a0\u00bb]<\/p>\n<h2 class=\"p1\"><strong>10 ans de mise en lumi\u00e8re de r\u00e9alisations qui r\u00e9inventent l\u2019utilisation de la tuile terre cuite<\/strong><\/h2>\n<p>[\/et_pb_text][et_pb_image src=\u00a0\u00bbhttps:\/\/batijournal.com\/wp-content\/uploads\/2022\/11\/Capture-decran-2022-11-21-a-13.39.32.png\u00a0\u00bb title_text=\u00a0\u00bbAnciens prix laur\u00e9at 2022&Prime; _builder_version=\u00a0\u00bb4.19.1&Prime; _module_preset=\u00a0\u00bbdefault\u00a0\u00bb global_colors_info=\u00a0\u00bb{}\u00a0\u00bb][\/et_pb_image][\/et_pb_column][\/et_pb_row][et_pb_row column_structure=\u00a0\u00bb1_2,1_2&Prime; _builder_version=\u00a0\u00bb4.19.1&Prime; _module_preset=\u00a0\u00bbdefault\u00a0\u00bb global_colors_info=\u00a0\u00bb{}\u00a0\u00bb][et_pb_column type=\u00a0\u00bb1_2&Prime; _builder_version=\u00a0\u00bb4.19.1&Prime; _module_preset=\u00a0\u00bbdefault\u00a0\u00bb global_colors_info=\u00a0\u00bb{}\u00a0\u00bb][et_pb_text _builder_version=\u00a0\u00bb4.19.1&Prime; _module_preset=\u00a0\u00bbdefault\u00a0\u00bb global_colors_info=\u00a0\u00bb{}\u00a0\u00bb]<\/p>\n<p>&nbsp;<\/p>\n<p class=\"p1\"><em>\u00ab\u00a0Le Grand Prix la Tuile Terre Cuite Architendance rassemblent le R\u00e9seau des maisons de l\u2019architecture et la F\u00e9d\u00e9ration Fran\u00e7aise des Tuiles et Briques.<span class=\"Apple-converted-space\">\u00a0<\/span>A l\u2019origine en 2012, le r\u00e9seau en pr\u00e9side le jury et c\u2019est pendant notre Biennale que le Palmar\u00e8s est d\u00e9voil\u00e9\u00a0\u00bb rappelle Anne-Sophie Kehr<\/em><\/p>\n<p class=\"p1\" style=\"text-align: left;\"><em>\u00ab\u00a0Ces occasions d\u2019\u00e9change et de partage participent \u00e0 une meilleure compr\u00e9hension de chaque acteur, architectes, fabricants et entreprises de mise en \u0153uvre et au progr\u00e8s collectif au service d\u2019une construction raisonn\u00e9e\u00a0\u00bb <\/em><\/p>\n<p class=\"p2\" style=\"text-align: left;\">Anne-Sophie Kehr, pr\u00e9sidente du Jury<\/p>\n<p>&nbsp;<\/p>\n<p>[\/et_pb_text][\/et_pb_column][et_pb_column type=\u00a0\u00bb1_2&Prime; _builder_version=\u00a0\u00bb4.19.1&Prime; _module_preset=\u00a0\u00bbdefault\u00a0\u00bb global_colors_info=\u00a0\u00bb{}\u00a0\u00bb][et_pb_image src=\u00a0\u00bbhttps:\/\/batijournal.com\/wp-content\/uploads\/2022\/11\/AS_KEHR.png\u00a0\u00bb title_text=\u00a0\u00bbAS_KEHR\u00a0\u00bb _builder_version=\u00a0\u00bb4.19.1&Prime; _module_preset=\u00a0\u00bbdefault\u00a0\u00bb max_height=\u00a0\u00bb441px\u00a0\u00bb global_colors_info=\u00a0\u00bb{}\u00a0\u00bb][\/et_pb_image][\/et_pb_column][\/et_pb_row][et_pb_row _builder_version=\u00a0\u00bb4.19.1&Prime; _module_preset=\u00a0\u00bbdefault\u00a0\u00bb global_colors_info=\u00a0\u00bb{}\u00a0\u00bb][et_pb_column type=\u00a0\u00bb4_4&Prime; _builder_version=\u00a0\u00bb4.19.1&Prime; _module_preset=\u00a0\u00bbdefault\u00a0\u00bb global_colors_info=\u00a0\u00bb{}\u00a0\u00bb][et_pb_text _builder_version=\u00a0\u00bb4.19.1&Prime; _module_preset=\u00a0\u00bbdefault\u00a0\u00bb global_colors_info=\u00a0\u00bb{}\u00a0\u00bb]<\/p>\n<h2 class=\"p1\"><strong>Le palmar\u00e8s 2022 met en avant une architecture contemporaine<\/strong><\/h2>\n<p>[\/et_pb_text][\/et_pb_column][\/et_pb_row][et_pb_row column_structure=\u00a0\u00bb1_2,1_2&Prime; _builder_version=\u00a0\u00bb4.19.1&Prime; _module_preset=\u00a0\u00bbdefault\u00a0\u00bb global_colors_info=\u00a0\u00bb{}\u00a0\u00bb][et_pb_column type=\u00a0\u00bb1_2&Prime; _builder_version=\u00a0\u00bb4.19.1&Prime; _module_preset=\u00a0\u00bbdefault\u00a0\u00bb global_colors_info=\u00a0\u00bb{}\u00a0\u00bb][et_pb_image src=\u00a0\u00bbhttps:\/\/batijournal.com\/wp-content\/uploads\/2022\/11\/JB_FAYET.jpg\u00a0\u00bb title_text=\u00a0\u00bbJB_FAYET\u00a0\u00bb _builder_version=\u00a0\u00bb4.19.1&Prime; _module_preset=\u00a0\u00bbdefault\u00a0\u00bb global_colors_info=\u00a0\u00bb{}\u00a0\u00bb][\/et_pb_image][\/et_pb_column][et_pb_column type=\u00a0\u00bb1_2&Prime; _builder_version=\u00a0\u00bb4.19.1&Prime; _module_preset=\u00a0\u00bbdefault\u00a0\u00bb global_colors_info=\u00a0\u00bb{}\u00a0\u00bb][et_pb_text _builder_version=\u00a0\u00bb4.19.1&Prime; _module_preset=\u00a0\u00bbdefault\u00a0\u00bb global_colors_info=\u00a0\u00bb{}\u00a0\u00bb]<\/p>\n<p class=\"p1\"><em>\u00ab\u00a0Les r\u00e9alisations prim\u00e9es refl\u00e8tent la capacit\u00e9 de notre mat\u00e9riau \u00e0 participer \u00e0 l\u2019expression d\u2019une architecture contemporaine. Ces r\u00e9alisations du quotidien, au service du cadre de vie sous une apparente simplicit\u00e9 refl\u00e8tent une grande intelligence de conception, des savoir-faire exigeants de mise en \u0153uvre servis par des produits durables, performants, de haute qualit\u00e9.La tuile terre cuite s\u2019inscrit dans une construction p\u00e9renne et toujours plus respectueuse de son environnement\u00a0\u00bb <\/em>souligne Jean-Baptiste Fayet.<\/p>\n<p class=\"p1\"><em>\u00ab\u00a0Le Grand Prix est voulu comme vecteur d\u2019\u00e9change, de r\u00e9flexion, de meilleure compr\u00e9hension mutuelle et donc d\u2019inspiration et d\u2019innovation pour les architectes et les fabricants\u00a0\u00bb. <\/em>Jean-Baptiste Fayet, F\u00e9d\u00e9ration Fran\u00e7aise des Tuiles et Briques<\/p>\n<p>[\/et_pb_text][\/et_pb_column][\/et_pb_row][et_pb_row _builder_version=\u00a0\u00bb4.19.1&Prime; _module_preset=\u00a0\u00bbdefault\u00a0\u00bb global_colors_info=\u00a0\u00bb{}\u00a0\u00bb][et_pb_column type=\u00a0\u00bb4_4&Prime; _builder_version=\u00a0\u00bb4.19.1&Prime; _module_preset=\u00a0\u00bbdefault\u00a0\u00bb global_colors_info=\u00a0\u00bb{}\u00a0\u00bb][et_pb_text _builder_version=\u00a0\u00bb4.19.1&Prime; _module_preset=\u00a0\u00bbdefault\u00a0\u00bb text_font_size=\u00a0\u00bb16px\u00a0\u00bb custom_margin=\u00a0\u00bb15px||||false|false\u00a0\u00bb global_colors_info=\u00a0\u00bb{}\u00a0\u00bb]<\/p>\n<h1 style=\"text-align: center;\"><strong>PALMARES 2022<\/strong><\/h1>\n<p>[\/et_pb_text][\/et_pb_column][\/et_pb_row][et_pb_row column_structure=\u00a0\u00bb1_2,1_2&Prime; _builder_version=\u00a0\u00bb4.19.1&Prime; _module_preset=\u00a0\u00bbdefault\u00a0\u00bb global_colors_info=\u00a0\u00bb{}\u00a0\u00bb][et_pb_column type=\u00a0\u00bb1_2&Prime; _builder_version=\u00a0\u00bb4.19.1&Prime; _module_preset=\u00a0\u00bbdefault\u00a0\u00bb global_colors_info=\u00a0\u00bb{}\u00a0\u00bb][et_pb_text _builder_version=\u00a0\u00bb4.19.1&Prime; _module_preset=\u00a0\u00bbdefault\u00a0\u00bb global_colors_info=\u00a0\u00bb{}\u00a0\u00bb]<\/p>\n<div class=\"page\" title=\"Page 3\">\n<div class=\"section\">\n<div class=\"layoutArea\">\n<div class=\"column\">\n<p style=\"text-align: center;\"><strong>GRAND PRIX DU JURY<\/strong><br \/><strong>1er PRIX EQUIPEMENT\/TERTIAIRE<\/strong><\/p>\n<\/div>\n<\/div>\n<\/div>\n<\/div>\n<p>[\/et_pb_text][et_pb_image src=\u00a0\u00bbhttps:\/\/batijournal.com\/wp-content\/uploads\/2022\/11\/1_ST-LEGER_photo-\u00a9-Nicolas-Waltefaugle.jpg\u00a0\u00bb title_text=\u00a0\u00bb1_ST LEGER_photo \u00a9 Nicolas Waltefaugle\u00a0\u00bb _builder_version=\u00a0\u00bb4.19.1&Prime; _module_preset=\u00a0\u00bbdefault\u00a0\u00bb min_height=\u00a0\u00bb304px\u00a0\u00bb height=\u00a0\u00bb304px\u00a0\u00bb max_height=\u00a0\u00bb395px\u00a0\u00bb global_colors_info=\u00a0\u00bb{}\u00a0\u00bb][\/et_pb_image][et_pb_text _builder_version=\u00a0\u00bb4.19.1&Prime; _module_preset=\u00a0\u00bbdefault\u00a0\u00bb custom_margin=\u00a0\u00bb-15px||||false|false\u00a0\u00bb global_colors_info=\u00a0\u00bb{}\u00a0\u00bb]<\/p>\n<div class=\"page\" title=\"Page 3\">\n<div class=\"section\">\n<div class=\"layoutArea\">\n<div class=\"column\">\n<div class=\"page\" title=\"Page 3\">\n<div class=\"section\">\n<div class=\"layoutArea\">\n<div class=\"column\">\n<h6 style=\"text-align: center;\">Restaurant scolaire, Saint-Le\u0301ger-sur-Dheune (71) Charles-Henri Tachon, architecture &amp; paysage<\/h6>\n<h6 style=\"text-align: center;\">Cr\u00e9dit photo Nicolas-Waltefaugle<\/h6>\n<\/div>\n<\/div>\n<\/div>\n<\/div>\n<\/div>\n<\/div>\n<\/div>\n<\/div>\n<p>[\/et_pb_text][\/et_pb_column][et_pb_column type=\u00a0\u00bb1_2&Prime; _builder_version=\u00a0\u00bb4.19.1&Prime; _module_preset=\u00a0\u00bbdefault\u00a0\u00bb global_colors_info=\u00a0\u00bb{}\u00a0\u00bb][et_pb_text _builder_version=\u00a0\u00bb4.19.1&Prime; _module_preset=\u00a0\u00bbdefault\u00a0\u00bb global_colors_info=\u00a0\u00bb{}\u00a0\u00bb]<\/p>\n<div class=\"page\" title=\"Page 3\">\n<div class=\"section\">\n<div class=\"layoutArea\">\n<div class=\"column\">\n<p style=\"text-align: center;\"><strong>GRAND PRIX DU JURY<\/strong><br \/><strong>1er PRIX LOGEMENT COLLECTIF<\/strong><\/p>\n<\/div>\n<\/div>\n<\/div>\n<\/div>\n<p>[\/et_pb_text][et_pb_image src=\u00a0\u00bbhttps:\/\/batijournal.com\/wp-content\/uploads\/2022\/11\/FRESCH1_creditphotoJuliette-Alexandre-scaled.jpg\u00a0\u00bb title_text=\u00a0\u00bbFRESCH1_creditphotoJuliette Alexandre\u00a0\u00bb _builder_version=\u00a0\u00bb4.19.1&Prime; _module_preset=\u00a0\u00bbdefault\u00a0\u00bb min_height=\u00a0\u00bb304px\u00a0\u00bb height=\u00a0\u00bb304px\u00a0\u00bb max_height=\u00a0\u00bb395px\u00a0\u00bb global_colors_info=\u00a0\u00bb{}\u00a0\u00bb][\/et_pb_image][et_pb_text _builder_version=\u00a0\u00bb4.19.1&Prime; _module_preset=\u00a0\u00bbdefault\u00a0\u00bb custom_margin=\u00a0\u00bb-15px||||false|false\u00a0\u00bb global_colors_info=\u00a0\u00bb{}\u00a0\u00bb]<\/p>\n<div class=\"page\" title=\"Page 3\">\n<div class=\"section\">\n<div class=\"layoutArea\">\n<div class=\"column\">\n<h6 style=\"text-align: center;\">Coeur d\u2019Ilo\u0302t, Versailles (78) Fresh Architectures<\/h6>\n<h6 style=\"text-align: center;\">Credit photo Juliette Alexandre<\/h6>\n<\/div>\n<\/div>\n<\/div>\n<\/div>\n<p>[\/et_pb_text][\/et_pb_column][\/et_pb_row][et_pb_row column_structure=\u00a0\u00bb1_2,1_2&Prime; _builder_version=\u00a0\u00bb4.19.1&Prime; _module_preset=\u00a0\u00bbdefault\u00a0\u00bb global_colors_info=\u00a0\u00bb{}\u00a0\u00bb][et_pb_column type=\u00a0\u00bb1_2&Prime; _builder_version=\u00a0\u00bb4.19.1&Prime; _module_preset=\u00a0\u00bbdefault\u00a0\u00bb global_colors_info=\u00a0\u00bb{}\u00a0\u00bb][et_pb_text _builder_version=\u00a0\u00bb4.19.1&Prime; _module_preset=\u00a0\u00bbdefault\u00a0\u00bb global_colors_info=\u00a0\u00bb{}\u00a0\u00bb]<\/p>\n<div class=\"page\" title=\"Page 3\">\n<div class=\"section\">\n<div class=\"layoutArea\">\n<div class=\"column\">\n<p style=\"text-align: center;\"><strong>GRAND PRIX DU JURY<\/strong><br \/><strong>1er PRIX LOGEMENT INDIVIDUEL<\/strong><\/p>\n<\/div>\n<\/div>\n<\/div>\n<\/div>\n<p>[\/et_pb_text][et_pb_image src=\u00a0\u00bbhttps:\/\/batijournal.com\/wp-content\/uploads\/2022\/11\/ROTTELEUR1_creditphotoAntoineSeguin-scaled.jpg\u00a0\u00bb title_text=\u00a0\u00bb21-18 BRA Sables\u00a0\u00bb _builder_version=\u00a0\u00bb4.19.1&Prime; _module_preset=\u00a0\u00bbdefault\u00a0\u00bb min_height=\u00a0\u00bb304px\u00a0\u00bb height=\u00a0\u00bb304px\u00a0\u00bb max_height=\u00a0\u00bb395px\u00a0\u00bb global_colors_info=\u00a0\u00bb{}\u00a0\u00bb][\/et_pb_image][et_pb_text _builder_version=\u00a0\u00bb4.19.1&Prime; _module_preset=\u00a0\u00bbdefault\u00a0\u00bb custom_margin=\u00a0\u00bb-15px||||false|false\u00a0\u00bb global_colors_info=\u00a0\u00bb{}\u00a0\u00bb]<\/p>\n<div class=\"page\" title=\"Page 3\">\n<div class=\"section\">\n<div class=\"layoutArea\">\n<div class=\"column\">\n<h6 style=\"text-align: center;\">Maison sans angle, Les Sables d\u2019Olonnes (85) Agence Benoit RoDeleur<\/h6>\n<h6 style=\"text-align: center;\">Credit photo Antoine Seguin<\/h6>\n<\/div>\n<\/div>\n<\/div>\n<\/div>\n<p>[\/et_pb_text][\/et_pb_column][et_pb_column type=\u00a0\u00bb1_2&Prime; _builder_version=\u00a0\u00bb4.19.1&Prime; _module_preset=\u00a0\u00bbdefault\u00a0\u00bb global_colors_info=\u00a0\u00bb{}\u00a0\u00bb][et_pb_text _builder_version=\u00a0\u00bb4.19.1&Prime; _module_preset=\u00a0\u00bbdefault\u00a0\u00bb global_colors_info=\u00a0\u00bb{}\u00a0\u00bb]<\/p>\n<div class=\"page\" title=\"Page 3\">\n<div class=\"section\">\n<div class=\"layoutArea\">\n<div class=\"column\">\n<p style=\"text-align: center;\"><strong>GRAND PRIX DU JURY<\/strong><br \/><strong>2e PRIX EQUIPEMENT\/TERTIAIRE<\/strong><\/p>\n<\/div>\n<\/div>\n<\/div>\n<\/div>\n<p>[\/et_pb_text][et_pb_image src=\u00a0\u00bbhttps:\/\/batijournal.com\/wp-content\/uploads\/2022\/11\/PATEY5_creditsphotoErick-Saillet-scaled.jpg\u00a0\u00bb title_text=\u00a0\u00bbPATEY5_creditsphotoErick Saillet\u00a0\u00bb _builder_version=\u00a0\u00bb4.19.1&Prime; _module_preset=\u00a0\u00bbdefault\u00a0\u00bb min_height=\u00a0\u00bb304px\u00a0\u00bb height=\u00a0\u00bb304px\u00a0\u00bb max_height=\u00a0\u00bb395px\u00a0\u00bb global_colors_info=\u00a0\u00bb{}\u00a0\u00bb][\/et_pb_image][et_pb_text _builder_version=\u00a0\u00bb4.19.1&Prime; _module_preset=\u00a0\u00bbdefault\u00a0\u00bb custom_margin=\u00a0\u00bb-15px||||false|false\u00a0\u00bb global_colors_info=\u00a0\u00bb{}\u00a0\u00bb]<\/p>\n<div class=\"page\" title=\"Page 3\">\n<div class=\"section\">\n<div class=\"layoutArea\">\n<div class=\"column\">\n<div class=\"page\" title=\"Page 3\">\n<div class=\"section\">\n<div class=\"layoutArea\">\n<div class=\"column\">\n<div class=\"page\" title=\"Page 3\">\n<div class=\"section\">\n<div class=\"layoutArea\">\n<div class=\"column\">\n<h6 style=\"text-align: center;\">Halle couverte, logements et commerce, Novalaise (73) Patey Architectes<\/h6>\n<h6 style=\"text-align: center;\">Credit photo Erick Saillet<\/h6>\n<\/div>\n<\/div>\n<\/div>\n<\/div>\n<\/div>\n<\/div>\n<\/div>\n<\/div>\n<\/div>\n<\/div>\n<\/div>\n<\/div>\n<p>[\/et_pb_text][\/et_pb_column][\/et_pb_row][et_pb_row column_structure=\u00a0\u00bb1_2,1_2&Prime; _builder_version=\u00a0\u00bb4.19.1&Prime; _module_preset=\u00a0\u00bbdefault\u00a0\u00bb global_colors_info=\u00a0\u00bb{}\u00a0\u00bb][et_pb_column type=\u00a0\u00bb1_2&Prime; _builder_version=\u00a0\u00bb4.19.1&Prime; _module_preset=\u00a0\u00bbdefault\u00a0\u00bb global_colors_info=\u00a0\u00bb{}\u00a0\u00bb][et_pb_text _builder_version=\u00a0\u00bb4.19.1&Prime; _module_preset=\u00a0\u00bbdefault\u00a0\u00bb global_colors_info=\u00a0\u00bb{}\u00a0\u00bb]<\/p>\n<div class=\"page\" title=\"Page 3\">\n<div class=\"section\">\n<div class=\"layoutArea\">\n<div class=\"column\">\n<p style=\"text-align: center;\"><strong>GRAND PRIX DU JURY<\/strong><br \/><strong>2e PRIX LOGEMENT COLLECTIF<\/strong><\/p>\n<\/div>\n<\/div>\n<\/div>\n<\/div>\n<p>[\/et_pb_text][et_pb_image src=\u00a0\u00bbhttps:\/\/batijournal.com\/wp-content\/uploads\/2022\/11\/POST3_creditphotoJPDuplan-.jpg-scaled.jpg\u00a0\u00bb title_text=\u00a0\u00bbOLYMPUS DIGITAL CAMERA\u00a0\u00bb _builder_version=\u00a0\u00bb4.19.1&Prime; _module_preset=\u00a0\u00bbdefault\u00a0\u00bb min_height=\u00a0\u00bb304px\u00a0\u00bb height=\u00a0\u00bb304px\u00a0\u00bb max_height=\u00a0\u00bb395px\u00a0\u00bb global_colors_info=\u00a0\u00bb{}\u00a0\u00bb][\/et_pb_image][et_pb_text _builder_version=\u00a0\u00bb4.19.1&Prime; _module_preset=\u00a0\u00bbdefault\u00a0\u00bb custom_margin=\u00a0\u00bb-15px||||false|false\u00a0\u00bb global_colors_info=\u00a0\u00bb{}\u00a0\u00bb]<\/p>\n<div class=\"page\" title=\"Page 3\">\n<div class=\"section\">\n<div class=\"layoutArea\">\n<div class=\"column\">\n<div class=\"page\" title=\"Page 3\">\n<div class=\"section\">\n<div class=\"layoutArea\">\n<div class=\"column\">\n<div class=\"page\" title=\"Page 3\">\n<div class=\"section\">\n<div class=\"layoutArea\">\n<div class=\"column\">\n<h6 style=\"text-align: center;\">Student Factory Euratechnologies, Lille (59)<br \/>POST Architectes<\/h6>\n<h6 style=\"text-align: center;\">Credit photo JP Duplan<\/h6>\n<\/div>\n<\/div>\n<\/div>\n<\/div>\n<\/div>\n<\/div>\n<\/div>\n<\/div>\n<\/div>\n<\/div>\n<\/div>\n<\/div>\n<p>[\/et_pb_text][\/et_pb_column][et_pb_column type=\u00a0\u00bb1_2&Prime; _builder_version=\u00a0\u00bb4.19.1&Prime; _module_preset=\u00a0\u00bbdefault\u00a0\u00bb global_colors_info=\u00a0\u00bb{}\u00a0\u00bb][et_pb_text _builder_version=\u00a0\u00bb4.19.1&Prime; _module_preset=\u00a0\u00bbdefault\u00a0\u00bb global_colors_info=\u00a0\u00bb{}\u00a0\u00bb]<\/p>\n<div class=\"page\" title=\"Page 3\">\n<div class=\"section\">\n<div class=\"layoutArea\">\n<div class=\"column\">\n<p style=\"text-align: center;\"><strong>GRAND PRIX DU JURY<\/strong><br \/><strong>2e PRIX LOGEMENT INDIVIDUEL<\/strong><\/p>\n<\/div>\n<\/div>\n<\/div>\n<\/div>\n<p>[\/et_pb_text][et_pb_image src=\u00a0\u00bbhttps:\/\/batijournal.com\/wp-content\/uploads\/2022\/11\/ARCHIDIUM1_creditphotoNicolas-Waltefaugle-scaled.jpg\u00a0\u00bb title_text=\u00a0\u00bbARCHIDIUM1_creditphotoNicolas Waltefaugle\u00a0\u00bb _builder_version=\u00a0\u00bb4.19.1&Prime; _module_preset=\u00a0\u00bbdefault\u00a0\u00bb min_height=\u00a0\u00bb304px\u00a0\u00bb height=\u00a0\u00bb304px\u00a0\u00bb max_height=\u00a0\u00bb395px\u00a0\u00bb global_colors_info=\u00a0\u00bb{}\u00a0\u00bb][\/et_pb_image][et_pb_text _builder_version=\u00a0\u00bb4.19.1&Prime; _module_preset=\u00a0\u00bbdefault\u00a0\u00bb custom_margin=\u00a0\u00bb-15px||||false|false\u00a0\u00bb global_colors_info=\u00a0\u00bb{}\u00a0\u00bb]<\/p>\n<div class=\"page\" title=\"Page 3\">\n<div class=\"section\">\n<div class=\"layoutArea\">\n<div class=\"column\">\n<h6 style=\"text-align: center;\">Maison S, Chapelle d\u2019Huin (25) Archidium, Pierre Boissenin<\/h6>\n<h6 style=\"text-align: center;\">Credit photo Nicolas Waltefaugle<\/h6>\n<\/div>\n<\/div>\n<\/div>\n<\/div>\n<p>[\/et_pb_text][\/et_pb_column][\/et_pb_row][et_pb_row column_structure=\u00a0\u00bb1_2,1_2&Prime; _builder_version=\u00a0\u00bb4.19.1&Prime; _module_preset=\u00a0\u00bbdefault\u00a0\u00bb global_colors_info=\u00a0\u00bb{}\u00a0\u00bb][et_pb_column type=\u00a0\u00bb1_2&Prime; _builder_version=\u00a0\u00bb4.19.1&Prime; _module_preset=\u00a0\u00bbdefault\u00a0\u00bb global_colors_info=\u00a0\u00bb{}\u00a0\u00bb][et_pb_text _builder_version=\u00a0\u00bb4.19.1&Prime; _module_preset=\u00a0\u00bbdefault\u00a0\u00bb global_colors_info=\u00a0\u00bb{}\u00a0\u00bb]<\/p>\n<div class=\"page\" title=\"Page 3\">\n<div class=\"section\">\n<div class=\"layoutArea\">\n<div class=\"column\">\n<p style=\"text-align: center;\"><strong>GRAND PRIX DU JURY<\/strong><br \/><strong>1er PRIX EX AEQUO LOGEMENT GROUPE\u0301<\/strong><\/p>\n<\/div>\n<\/div>\n<\/div>\n<\/div>\n<p>[\/et_pb_text][et_pb_image src=\u00a0\u00bbhttps:\/\/batijournal.com\/wp-content\/uploads\/2022\/11\/ZOOMFACTOR1_creditphotoVictorgrandgeorge.jpg\u00a0\u00bb title_text=\u00a0\u00bbZOOMFACTOR1_creditphotoVictorgrandgeorge\u00a0\u00bb _builder_version=\u00a0\u00bb4.19.1&Prime; _module_preset=\u00a0\u00bbdefault\u00a0\u00bb min_height=\u00a0\u00bb304px\u00a0\u00bb height=\u00a0\u00bb304px\u00a0\u00bb max_height=\u00a0\u00bb395px\u00a0\u00bb global_colors_info=\u00a0\u00bb{}\u00a0\u00bb][\/et_pb_image][et_pb_text _builder_version=\u00a0\u00bb4.19.1&Prime; _module_preset=\u00a0\u00bbdefault\u00a0\u00bb custom_margin=\u00a0\u00bb-15px||||false|false\u00a0\u00bb global_colors_info=\u00a0\u00bb{}\u00a0\u00bb]<\/p>\n<div class=\"page\" title=\"Page 3\">\n<div class=\"section\">\n<div class=\"layoutArea\">\n<div class=\"column\">\n<div class=\"page\" title=\"Page 3\">\n<div class=\"section\">\n<div class=\"layoutArea\">\n<div class=\"column\">\n<div class=\"page\" title=\"Page 3\">\n<div class=\"section\">\n<div class=\"layoutArea\">\n<div class=\"column\">\n<h6 style=\"text-align: center;\">Maisons mitoyennes, Uccle, Belgique ZoomFactor Architectes<\/h6>\n<h6 style=\"text-align: center;\">Credit photo Victor grandgeorge<\/h6>\n<\/div>\n<\/div>\n<\/div>\n<\/div>\n<\/div>\n<\/div>\n<\/div>\n<\/div>\n<\/div>\n<\/div>\n<\/div>\n<\/div>\n<p>[\/et_pb_text][\/et_pb_column][et_pb_column type=\u00a0\u00bb1_2&Prime; _builder_version=\u00a0\u00bb4.19.1&Prime; _module_preset=\u00a0\u00bbdefault\u00a0\u00bb global_colors_info=\u00a0\u00bb{}\u00a0\u00bb][et_pb_text _builder_version=\u00a0\u00bb4.19.1&Prime; _module_preset=\u00a0\u00bbdefault\u00a0\u00bb custom_margin=\u00a0\u00bb||||false|false\u00a0\u00bb global_colors_info=\u00a0\u00bb{}\u00a0\u00bb]<\/p>\n<div class=\"page\" title=\"Page 3\">\n<div class=\"section\">\n<div class=\"layoutArea\">\n<div class=\"column\">\n<p style=\"text-align: center;\"><strong>GRAND PRIX DU JURY<\/strong><br \/><strong>1er PRIX EX AEQUO LOGEMENT GROUPE\u0301<\/strong><\/p>\n<\/div>\n<\/div>\n<\/div>\n<\/div>\n<p>[\/et_pb_text][et_pb_image src=\u00a0\u00bbhttps:\/\/batijournal.com\/wp-content\/uploads\/2022\/11\/MAGNUM5_creditphotoFrancoisDantart.jpg\u00a0\u00bb title_text=\u00a0\u00bbMAGNUM5_creditphotoFranc\u0327oisDantart\u00a0\u00bb _builder_version=\u00a0\u00bb4.19.1&Prime; _module_preset=\u00a0\u00bbdefault\u00a0\u00bb min_height=\u00a0\u00bb304px\u00a0\u00bb height=\u00a0\u00bb304px\u00a0\u00bb max_height=\u00a0\u00bb395px\u00a0\u00bb custom_margin=\u00a0\u00bb||||false|false\u00a0\u00bb global_colors_info=\u00a0\u00bb{}\u00a0\u00bb][\/et_pb_image][et_pb_text _builder_version=\u00a0\u00bb4.19.1&Prime; _module_preset=\u00a0\u00bbdefault\u00a0\u00bb custom_margin=\u00a0\u00bb-15px||||false|false\u00a0\u00bb global_colors_info=\u00a0\u00bb{}\u00a0\u00bb]<\/p>\n<div class=\"page\" title=\"Page 3\">\n<div class=\"section\">\n<div class=\"layoutArea\">\n<div class=\"column\">\n<div class=\"page\" title=\"Page 3\">\n<div class=\"section\">\n<div class=\"layoutArea\">\n<div class=\"column\">\n<h6 style=\"text-align: center;\">12 maisons individuelles &amp; 5 logements interme\u0301diaires Flora Parc, Carquefou (44)<br \/>MAGNUM Architectes et Urbanistes<\/h6>\n<h6 style=\"text-align: center;\">Credit photo Francois Dantart<\/h6>\n<\/div>\n<\/div>\n<\/div>\n<\/div>\n<\/div>\n<\/div>\n<\/div>\n<\/div>\n<p>[\/et_pb_text][\/et_pb_column][\/et_pb_row][et_pb_row _builder_version=\u00a0\u00bb4.19.1&Prime; _module_preset=\u00a0\u00bbdefault\u00a0\u00bb global_colors_info=\u00a0\u00bb{}\u00a0\u00bb][et_pb_column type=\u00a0\u00bb4_4&Prime; _builder_version=\u00a0\u00bb4.19.1&Prime; _module_preset=\u00a0\u00bbdefault\u00a0\u00bb global_colors_info=\u00a0\u00bb{}\u00a0\u00bb][et_pb_text _builder_version=\u00a0\u00bb4.19.1&Prime; _module_preset=\u00a0\u00bbdefault\u00a0\u00bb global_colors_info=\u00a0\u00bb{}\u00a0\u00bb]<\/p>\n<div class=\"page\" title=\"Page 4\">\n<div class=\"section\">\n<div class=\"layoutArea\">\n<div class=\"column\">\n<p>Les 8 re\u0301alisations laure\u0301ates du jury ont ensuite e\u0301te\u0301 propose\u0301es au <strong>vote sur Instagram<\/strong> pour de\u0301cerner le Prix du Public.<strong> Plus de 900 000 vues et 1 500 likes,<\/strong> commentaires et partages ont e\u0301te\u0301 enregistre\u0301s.<\/p>\n<\/div>\n<\/div>\n<\/div>\n<\/div>\n<p>[\/et_pb_text][et_pb_image src=\u00a0\u00bbhttps:\/\/batijournal.com\/wp-content\/uploads\/2022\/11\/Jury-1.jpg\u00a0\u00bb title_text=\u00a0\u00bbJury\u00a0\u00bb _builder_version=\u00a0\u00bb4.19.1&Prime; _module_preset=\u00a0\u00bbdefault\u00a0\u00bb global_colors_info=\u00a0\u00bb{}\u00a0\u00bb][\/et_pb_image][et_pb_text _builder_version=\u00a0\u00bb4.19.1&Prime; _module_preset=\u00a0\u00bbdefault\u00a0\u00bb custom_margin=\u00a0\u00bb-15px||||false|false\u00a0\u00bb global_colors_info=\u00a0\u00bb{}\u00a0\u00bb]<\/p>\n<div class=\"page\" title=\"Page 4\">\n<div class=\"section\">\n<div class=\"layoutArea\">\n<div class=\"column\">\n<h6 style=\"text-align: center;\">Le jury, de g. a\u0300 d.<br \/>Ce\u0301line CHAHI, Directrice du po\u0302le Maison Maison&amp;travaux Mon Jardin Ma Maison Journal de la Maison | Philippe PROST, architecte, AAPP, laure\u0301at 2016 | Benoit JOLY, journaliste, re\u0301dacteur en chef adjoint D\u2019A |Fre\u0301de\u0301ric MARTINET, architecte, FMAU, laure\u0301at 2020 | Anne- Sophie KEHR, architecte \u2013Pre\u0301sidente du jury , Pre\u0301sidente du Re\u0301seau des maisons de l\u2019architecture | Ste\u0301phane MIGET, journaliste construcIon, re\u0301dacteur en chef 5fac\u0327ades et Plane\u0300te Ba\u0302Iment | Margot LE DUFF, architecte, MNM Architecture, Grand Prix 2020 | Sylvain PONCHON, FFTB | Pascal DESPLANQUES, architecte, Atelier BeRnger-Desplanques, Grand prix 2018 | Dominique TESSIER, architecte, GRZ architecture | Sabri BENDIMERAD, architecte, SBA architecture<\/h6>\n<\/div>\n<\/div>\n<\/div>\n<\/div>\n<p>[\/et_pb_text][\/et_pb_column][\/et_pb_row][et_pb_row _builder_version=\u00a0\u00bb4.19.1&Prime; _module_preset=\u00a0\u00bbdefault\u00a0\u00bb global_colors_info=\u00a0\u00bb{}\u00a0\u00bb][et_pb_column type=\u00a0\u00bb4_4&Prime; _builder_version=\u00a0\u00bb4.19.1&Prime; _module_preset=\u00a0\u00bbdefault\u00a0\u00bb global_colors_info=\u00a0\u00bb{}\u00a0\u00bb][et_pb_text _builder_version=\u00a0\u00bb4.19.1&Prime; _module_preset=\u00a0\u00bbdefault\u00a0\u00bb custom_margin=\u00a0\u00bb||-5px||false|false\u00a0\u00bb global_colors_info=\u00a0\u00bb{}\u00a0\u00bb]<\/p>\n<p style=\"text-align: center;\"><strong>PRIX DU PUBLIC\u00a0<\/strong><\/p>\n<p>[\/et_pb_text][et_pb_image src=\u00a0\u00bbhttps:\/\/batijournal.com\/wp-content\/uploads\/2022\/11\/PATEY5_creditsphotoErick-Saillet-scaled.jpg\u00a0\u00bb title_text=\u00a0\u00bbPATEY5_creditsphotoErick Saillet\u00a0\u00bb align=\u00a0\u00bbcenter\u00a0\u00bb _builder_version=\u00a0\u00bb4.19.1&Prime; _module_preset=\u00a0\u00bbdefault\u00a0\u00bb min_height=\u00a0\u00bb304px\u00a0\u00bb height=\u00a0\u00bb304px\u00a0\u00bb max_height=\u00a0\u00bb395px\u00a0\u00bb global_colors_info=\u00a0\u00bb{}\u00a0\u00bb][\/et_pb_image][et_pb_text _builder_version=\u00a0\u00bb4.19.1&Prime; _module_preset=\u00a0\u00bbdefault\u00a0\u00bb custom_margin=\u00a0\u00bb-15px||||false|false\u00a0\u00bb global_colors_info=\u00a0\u00bb{}\u00a0\u00bb]<\/p>\n<h6 style=\"text-align: center;\">Place, halle couverte, logements et commerce du Bournlau, Novalaise (73) Patey Architectes<\/h6>\n<h6 style=\"text-align: center;\">Credit photo Erick Saillet<\/h6>\n<p>[\/et_pb_text][\/et_pb_column][\/et_pb_row][et_pb_row _builder_version=\u00a0\u00bb4.19.1&Prime; _module_preset=\u00a0\u00bbdefault\u00a0\u00bb global_colors_info=\u00a0\u00bb{}\u00a0\u00bb][et_pb_column type=\u00a0\u00bb4_4&Prime; _builder_version=\u00a0\u00bb4.19.1&Prime; _module_preset=\u00a0\u00bbdefault\u00a0\u00bb global_colors_info=\u00a0\u00bb{}\u00a0\u00bb][et_pb_text _builder_version=\u00a0\u00bb4.19.1&Prime; _module_preset=\u00a0\u00bbdefault\u00a0\u00bb link_option_url_new_window=\u00a0\u00bbon\u00a0\u00bb global_colors_info=\u00a0\u00bb{}\u00a0\u00bb]<\/p>\n<p><a href=\"https:\/\/www.latuileterrecuite.com\/grand-prix-architendance\/\" target=\"_blank\" rel=\"noopener\">Pour plus d&rsquo;informations, n&rsquo;h\u00e9sitez pas \u00e0 vous rendre sur leur site.<\/a><\/p>\n<p>[\/et_pb_text][\/et_pb_column][\/et_pb_row][\/et_pb_section]<\/p>\n","protected":false},"excerpt":{"rendered":"<p>\u00a0 Cr\u00e9\u00e9 en 2012, le concours a ouvert ses portes \u00e0 tous les architectes exer\u00e7ant une activit\u00e9 ind\u00e9pendante ou en agence. \u00a0 Les jurys se sont r\u00e9unis le 15 septembre au si\u00e8ge du R\u00e9seau des maisons de l&rsquo;architecture \u00e0 Paris, 60 agences \u00e9taient inscrites pour la 6\u00e8me \u00e9dition du grand prix d&rsquo;architecture La Tuile Terre [&hellip;]<\/p>\n","protected":false},"author":17,"featured_media":108256,"comment_status":"closed","ping_status":"closed","sticky":false,"template":"","format":"standard","meta":{"_et_pb_use_builder":"on","_et_pb_old_content":"","_et_gb_content_width":"","footnotes":""},"categories":[10530,10771,10775],"tags":[],"class_list":["post-108252","post","type-post","status-publish","format-standard","has-post-thumbnail","hentry","category-actualites","category-5facades","category-actualites-5facades"],"yoast_head":"<!-- This site is optimized with the Yoast SEO plugin v27.4 - https:\/\/yoast.com\/product\/yoast-seo-wordpress\/ -->\n<title>6\u00e8me \u00e9dition du concours la tuile terre cuite architendance r\u00e9compense 8 laur\u00e9ats<\/title>\n<meta name=\"robots\" content=\"index, follow, max-snippet:-1, max-image-preview:large, max-video-preview:-1\" \/>\n<link rel=\"canonical\" href=\"https:\/\/batijournal.com\/index.php\/6eme-edition-du-concours-la-tuile-terre-cuite-architendance-recompense-8-laureats\/108252\/\" \/>\n<meta property=\"og:locale\" content=\"fr_FR\" \/>\n<meta property=\"og:type\" content=\"article\" \/>\n<meta property=\"og:title\" content=\"6\u00e8me \u00e9dition du concours la tuile terre cuite architendance r\u00e9compense 8 laur\u00e9ats\" \/>\n<meta property=\"og:description\" content=\"\u00a0 Cr\u00e9\u00e9 en 2012, le concours a ouvert ses portes \u00e0 tous les architectes exer\u00e7ant une activit\u00e9 ind\u00e9pendante ou en agence. \u00a0 Les jurys se sont r\u00e9unis le 15 septembre au si\u00e8ge du R\u00e9seau des maisons de l&#039;architecture \u00e0 Paris, 60 agences \u00e9taient inscrites pour la 6\u00e8me \u00e9dition du grand prix d&#039;architecture La Tuile Terre [&hellip;]\" \/>\n<meta property=\"og:url\" content=\"https:\/\/batijournal.com\/index.php\/6eme-edition-du-concours-la-tuile-terre-cuite-architendance-recompense-8-laureats\/108252\/\" \/>\n<meta property=\"og:site_name\" content=\"Batijournal\" \/>\n<meta property=\"article:published_time\" content=\"2022-11-21T13:48:03+00:00\" \/>\n<meta property=\"article:modified_time\" content=\"2022-11-22T11:57:53+00:00\" \/>\n<meta property=\"og:image\" content=\"https:\/\/batijournal.com\/wp-content\/uploads\/2022\/11\/Laureats_et_Jury-scaled.jpg\" \/>\n\t<meta property=\"og:image:width\" content=\"2560\" \/>\n\t<meta property=\"og:image:height\" content=\"1461\" \/>\n\t<meta property=\"og:image:type\" content=\"image\/jpeg\" \/>\n<meta name=\"author\" content=\"St\u00e9phane Miget\" \/>\n<meta name=\"twitter:card\" content=\"summary_large_image\" \/>\n<meta name=\"twitter:creator\" content=\"@bati_journal\" \/>\n<meta name=\"twitter:site\" content=\"@bati_journal\" \/>\n<meta name=\"twitter:label1\" content=\"\u00c9crit par\" \/>\n\t<meta name=\"twitter:data1\" content=\"St\u00e9phane Miget\" \/>\n\t<meta name=\"twitter:label2\" content=\"Dur\u00e9e de lecture estim\u00e9e\" \/>\n\t<meta name=\"twitter:data2\" content=\"11 minutes\" \/>\n<script type=\"application\/ld+json\" class=\"yoast-schema-graph\">{\"@context\":\"https:\\\/\\\/schema.org\",\"@graph\":[{\"@type\":\"Article\",\"@id\":\"https:\\\/\\\/batijournal.com\\\/index.php\\\/6eme-edition-du-concours-la-tuile-terre-cuite-architendance-recompense-8-laureats\\\/108252\\\/#article\",\"isPartOf\":{\"@id\":\"https:\\\/\\\/batijournal.com\\\/index.php\\\/6eme-edition-du-concours-la-tuile-terre-cuite-architendance-recompense-8-laureats\\\/108252\\\/\"},\"author\":{\"name\":\"St\u00e9phane Miget\",\"@id\":\"https:\\\/\\\/batijournal.com\\\/#\\\/schema\\\/person\\\/1dc96ec6957aa1ccb25ebe78bb19f100\"},\"headline\":\"6\u00e8me \u00e9dition du concours la tuile terre cuite architendance r\u00e9compense 8 laur\u00e9ats\",\"datePublished\":\"2022-11-21T13:48:03+00:00\",\"dateModified\":\"2022-11-22T11:57:53+00:00\",\"mainEntityOfPage\":{\"@id\":\"https:\\\/\\\/batijournal.com\\\/index.php\\\/6eme-edition-du-concours-la-tuile-terre-cuite-architendance-recompense-8-laureats\\\/108252\\\/\"},\"wordCount\":2228,\"image\":{\"@id\":\"https:\\\/\\\/batijournal.com\\\/index.php\\\/6eme-edition-du-concours-la-tuile-terre-cuite-architendance-recompense-8-laureats\\\/108252\\\/#primaryimage\"},\"thumbnailUrl\":\"https:\\\/\\\/batijournal.com\\\/wp-content\\\/uploads\\\/2022\\\/11\\\/Laureats_et_Jury-scaled.jpg\",\"articleSection\":[\"Actualit\u00e9s\",\"zz_5fa\u00e7ades\",\"zz_Actualit\u00e9s - 5fa\u00e7ades\"],\"inLanguage\":\"fr-FR\"},{\"@type\":\"WebPage\",\"@id\":\"https:\\\/\\\/batijournal.com\\\/index.php\\\/6eme-edition-du-concours-la-tuile-terre-cuite-architendance-recompense-8-laureats\\\/108252\\\/\",\"url\":\"https:\\\/\\\/batijournal.com\\\/index.php\\\/6eme-edition-du-concours-la-tuile-terre-cuite-architendance-recompense-8-laureats\\\/108252\\\/\",\"name\":\"6\u00e8me \u00e9dition du concours la tuile terre cuite architendance r\u00e9compense 8 laur\u00e9ats\",\"isPartOf\":{\"@id\":\"https:\\\/\\\/batijournal.com\\\/#website\"},\"primaryImageOfPage\":{\"@id\":\"https:\\\/\\\/batijournal.com\\\/index.php\\\/6eme-edition-du-concours-la-tuile-terre-cuite-architendance-recompense-8-laureats\\\/108252\\\/#primaryimage\"},\"image\":{\"@id\":\"https:\\\/\\\/batijournal.com\\\/index.php\\\/6eme-edition-du-concours-la-tuile-terre-cuite-architendance-recompense-8-laureats\\\/108252\\\/#primaryimage\"},\"thumbnailUrl\":\"https:\\\/\\\/batijournal.com\\\/wp-content\\\/uploads\\\/2022\\\/11\\\/Laureats_et_Jury-scaled.jpg\",\"datePublished\":\"2022-11-21T13:48:03+00:00\",\"dateModified\":\"2022-11-22T11:57:53+00:00\",\"author\":{\"@id\":\"https:\\\/\\\/batijournal.com\\\/#\\\/schema\\\/person\\\/1dc96ec6957aa1ccb25ebe78bb19f100\"},\"breadcrumb\":{\"@id\":\"https:\\\/\\\/batijournal.com\\\/index.php\\\/6eme-edition-du-concours-la-tuile-terre-cuite-architendance-recompense-8-laureats\\\/108252\\\/#breadcrumb\"},\"inLanguage\":\"fr-FR\",\"potentialAction\":[{\"@type\":\"ReadAction\",\"target\":[\"https:\\\/\\\/batijournal.com\\\/index.php\\\/6eme-edition-du-concours-la-tuile-terre-cuite-architendance-recompense-8-laureats\\\/108252\\\/\"]}]},{\"@type\":\"ImageObject\",\"inLanguage\":\"fr-FR\",\"@id\":\"https:\\\/\\\/batijournal.com\\\/index.php\\\/6eme-edition-du-concours-la-tuile-terre-cuite-architendance-recompense-8-laureats\\\/108252\\\/#primaryimage\",\"url\":\"https:\\\/\\\/batijournal.com\\\/wp-content\\\/uploads\\\/2022\\\/11\\\/Laureats_et_Jury-scaled.jpg\",\"contentUrl\":\"https:\\\/\\\/batijournal.com\\\/wp-content\\\/uploads\\\/2022\\\/11\\\/Laureats_et_Jury-scaled.jpg\",\"width\":2560,\"height\":1461},{\"@type\":\"BreadcrumbList\",\"@id\":\"https:\\\/\\\/batijournal.com\\\/index.php\\\/6eme-edition-du-concours-la-tuile-terre-cuite-architendance-recompense-8-laureats\\\/108252\\\/#breadcrumb\",\"itemListElement\":[{\"@type\":\"ListItem\",\"position\":1,\"name\":\"Accueil\",\"item\":\"https:\\\/\\\/batijournal.com\\\/\"},{\"@type\":\"ListItem\",\"position\":2,\"name\":\"Actualit\u00e9s\",\"item\":\"https:\\\/\\\/batijournal.com\\\/index.php\\\/category\\\/actualites\\\/\"},{\"@type\":\"ListItem\",\"position\":3,\"name\":\"6\u00e8me \u00e9dition du concours la tuile terre cuite architendance r\u00e9compense 8 laur\u00e9ats\"}]},{\"@type\":\"WebSite\",\"@id\":\"https:\\\/\\\/batijournal.com\\\/#website\",\"url\":\"https:\\\/\\\/batijournal.com\\\/\",\"name\":\"Batijournal\",\"description\":\"L&#039;actualit\u00e9 du b\u00e2timent\",\"potentialAction\":[{\"@type\":\"SearchAction\",\"target\":{\"@type\":\"EntryPoint\",\"urlTemplate\":\"https:\\\/\\\/batijournal.com\\\/?s={search_term_string}\"},\"query-input\":{\"@type\":\"PropertyValueSpecification\",\"valueRequired\":true,\"valueName\":\"search_term_string\"}}],\"inLanguage\":\"fr-FR\"},{\"@type\":\"Person\",\"@id\":\"https:\\\/\\\/batijournal.com\\\/#\\\/schema\\\/person\\\/1dc96ec6957aa1ccb25ebe78bb19f100\",\"name\":\"St\u00e9phane Miget\",\"image\":{\"@type\":\"ImageObject\",\"inLanguage\":\"fr-FR\",\"@id\":\"https:\\\/\\\/secure.gravatar.com\\\/avatar\\\/89915563d925342126b8ef0281b93d9d7fc337043e8df017f780908eb9644451?s=96&d=mm&r=g\",\"url\":\"https:\\\/\\\/secure.gravatar.com\\\/avatar\\\/89915563d925342126b8ef0281b93d9d7fc337043e8df017f780908eb9644451?s=96&d=mm&r=g\",\"contentUrl\":\"https:\\\/\\\/secure.gravatar.com\\\/avatar\\\/89915563d925342126b8ef0281b93d9d7fc337043e8df017f780908eb9644451?s=96&d=mm&r=g\",\"caption\":\"St\u00e9phane Miget\"},\"url\":\"https:\\\/\\\/batijournal.com\\\/index.php\\\/author\\\/stephane\\\/\"}]}<\/script>\n<!-- \/ Yoast SEO plugin. -->","yoast_head_json":{"title":"6\u00e8me \u00e9dition du concours la tuile terre cuite architendance r\u00e9compense 8 laur\u00e9ats","robots":{"index":"index","follow":"follow","max-snippet":"max-snippet:-1","max-image-preview":"max-image-preview:large","max-video-preview":"max-video-preview:-1"},"canonical":"https:\/\/batijournal.com\/index.php\/6eme-edition-du-concours-la-tuile-terre-cuite-architendance-recompense-8-laureats\/108252\/","og_locale":"fr_FR","og_type":"article","og_title":"6\u00e8me \u00e9dition du concours la tuile terre cuite architendance r\u00e9compense 8 laur\u00e9ats","og_description":"\u00a0 Cr\u00e9\u00e9 en 2012, le concours a ouvert ses portes \u00e0 tous les architectes exer\u00e7ant une activit\u00e9 ind\u00e9pendante ou en agence. \u00a0 Les jurys se sont r\u00e9unis le 15 septembre au si\u00e8ge du R\u00e9seau des maisons de l'architecture \u00e0 Paris, 60 agences \u00e9taient inscrites pour la 6\u00e8me \u00e9dition du grand prix d'architecture La Tuile Terre [&hellip;]","og_url":"https:\/\/batijournal.com\/index.php\/6eme-edition-du-concours-la-tuile-terre-cuite-architendance-recompense-8-laureats\/108252\/","og_site_name":"Batijournal","article_published_time":"2022-11-21T13:48:03+00:00","article_modified_time":"2022-11-22T11:57:53+00:00","og_image":[{"width":2560,"height":1461,"url":"https:\/\/batijournal.com\/wp-content\/uploads\/2022\/11\/Laureats_et_Jury-scaled.jpg","type":"image\/jpeg"}],"author":"St\u00e9phane Miget","twitter_card":"summary_large_image","twitter_creator":"@bati_journal","twitter_site":"@bati_journal","twitter_misc":{"\u00c9crit par":"St\u00e9phane Miget","Dur\u00e9e de lecture estim\u00e9e":"11 minutes"},"schema":{"@context":"https:\/\/schema.org","@graph":[{"@type":"Article","@id":"https:\/\/batijournal.com\/index.php\/6eme-edition-du-concours-la-tuile-terre-cuite-architendance-recompense-8-laureats\/108252\/#article","isPartOf":{"@id":"https:\/\/batijournal.com\/index.php\/6eme-edition-du-concours-la-tuile-terre-cuite-architendance-recompense-8-laureats\/108252\/"},"author":{"name":"St\u00e9phane Miget","@id":"https:\/\/batijournal.com\/#\/schema\/person\/1dc96ec6957aa1ccb25ebe78bb19f100"},"headline":"6\u00e8me \u00e9dition du concours la tuile terre cuite architendance r\u00e9compense 8 laur\u00e9ats","datePublished":"2022-11-21T13:48:03+00:00","dateModified":"2022-11-22T11:57:53+00:00","mainEntityOfPage":{"@id":"https:\/\/batijournal.com\/index.php\/6eme-edition-du-concours-la-tuile-terre-cuite-architendance-recompense-8-laureats\/108252\/"},"wordCount":2228,"image":{"@id":"https:\/\/batijournal.com\/index.php\/6eme-edition-du-concours-la-tuile-terre-cuite-architendance-recompense-8-laureats\/108252\/#primaryimage"},"thumbnailUrl":"https:\/\/batijournal.com\/wp-content\/uploads\/2022\/11\/Laureats_et_Jury-scaled.jpg","articleSection":["Actualit\u00e9s","zz_5fa\u00e7ades","zz_Actualit\u00e9s - 5fa\u00e7ades"],"inLanguage":"fr-FR"},{"@type":"WebPage","@id":"https:\/\/batijournal.com\/index.php\/6eme-edition-du-concours-la-tuile-terre-cuite-architendance-recompense-8-laureats\/108252\/","url":"https:\/\/batijournal.com\/index.php\/6eme-edition-du-concours-la-tuile-terre-cuite-architendance-recompense-8-laureats\/108252\/","name":"6\u00e8me \u00e9dition du concours la tuile terre cuite architendance r\u00e9compense 8 laur\u00e9ats","isPartOf":{"@id":"https:\/\/batijournal.com\/#website"},"primaryImageOfPage":{"@id":"https:\/\/batijournal.com\/index.php\/6eme-edition-du-concours-la-tuile-terre-cuite-architendance-recompense-8-laureats\/108252\/#primaryimage"},"image":{"@id":"https:\/\/batijournal.com\/index.php\/6eme-edition-du-concours-la-tuile-terre-cuite-architendance-recompense-8-laureats\/108252\/#primaryimage"},"thumbnailUrl":"https:\/\/batijournal.com\/wp-content\/uploads\/2022\/11\/Laureats_et_Jury-scaled.jpg","datePublished":"2022-11-21T13:48:03+00:00","dateModified":"2022-11-22T11:57:53+00:00","author":{"@id":"https:\/\/batijournal.com\/#\/schema\/person\/1dc96ec6957aa1ccb25ebe78bb19f100"},"breadcrumb":{"@id":"https:\/\/batijournal.com\/index.php\/6eme-edition-du-concours-la-tuile-terre-cuite-architendance-recompense-8-laureats\/108252\/#breadcrumb"},"inLanguage":"fr-FR","potentialAction":[{"@type":"ReadAction","target":["https:\/\/batijournal.com\/index.php\/6eme-edition-du-concours-la-tuile-terre-cuite-architendance-recompense-8-laureats\/108252\/"]}]},{"@type":"ImageObject","inLanguage":"fr-FR","@id":"https:\/\/batijournal.com\/index.php\/6eme-edition-du-concours-la-tuile-terre-cuite-architendance-recompense-8-laureats\/108252\/#primaryimage","url":"https:\/\/batijournal.com\/wp-content\/uploads\/2022\/11\/Laureats_et_Jury-scaled.jpg","contentUrl":"https:\/\/batijournal.com\/wp-content\/uploads\/2022\/11\/Laureats_et_Jury-scaled.jpg","width":2560,"height":1461},{"@type":"BreadcrumbList","@id":"https:\/\/batijournal.com\/index.php\/6eme-edition-du-concours-la-tuile-terre-cuite-architendance-recompense-8-laureats\/108252\/#breadcrumb","itemListElement":[{"@type":"ListItem","position":1,"name":"Accueil","item":"https:\/\/batijournal.com\/"},{"@type":"ListItem","position":2,"name":"Actualit\u00e9s","item":"https:\/\/batijournal.com\/index.php\/category\/actualites\/"},{"@type":"ListItem","position":3,"name":"6\u00e8me \u00e9dition du concours la tuile terre cuite architendance r\u00e9compense 8 laur\u00e9ats"}]},{"@type":"WebSite","@id":"https:\/\/batijournal.com\/#website","url":"https:\/\/batijournal.com\/","name":"Batijournal","description":"L&#039;actualit\u00e9 du b\u00e2timent","potentialAction":[{"@type":"SearchAction","target":{"@type":"EntryPoint","urlTemplate":"https:\/\/batijournal.com\/?s={search_term_string}"},"query-input":{"@type":"PropertyValueSpecification","valueRequired":true,"valueName":"search_term_string"}}],"inLanguage":"fr-FR"},{"@type":"Person","@id":"https:\/\/batijournal.com\/#\/schema\/person\/1dc96ec6957aa1ccb25ebe78bb19f100","name":"St\u00e9phane Miget","image":{"@type":"ImageObject","inLanguage":"fr-FR","@id":"https:\/\/secure.gravatar.com\/avatar\/89915563d925342126b8ef0281b93d9d7fc337043e8df017f780908eb9644451?s=96&d=mm&r=g","url":"https:\/\/secure.gravatar.com\/avatar\/89915563d925342126b8ef0281b93d9d7fc337043e8df017f780908eb9644451?s=96&d=mm&r=g","contentUrl":"https:\/\/secure.gravatar.com\/avatar\/89915563d925342126b8ef0281b93d9d7fc337043e8df017f780908eb9644451?s=96&d=mm&r=g","caption":"St\u00e9phane Miget"},"url":"https:\/\/batijournal.com\/index.php\/author\/stephane\/"}]}},"_links":{"self":[{"href":"https:\/\/batijournal.com\/index.php\/wp-json\/wp\/v2\/posts\/108252","targetHints":{"allow":["GET"]}}],"collection":[{"href":"https:\/\/batijournal.com\/index.php\/wp-json\/wp\/v2\/posts"}],"about":[{"href":"https:\/\/batijournal.com\/index.php\/wp-json\/wp\/v2\/types\/post"}],"author":[{"embeddable":true,"href":"https:\/\/batijournal.com\/index.php\/wp-json\/wp\/v2\/users\/17"}],"replies":[{"embeddable":true,"href":"https:\/\/batijournal.com\/index.php\/wp-json\/wp\/v2\/comments?post=108252"}],"version-history":[{"count":0,"href":"https:\/\/batijournal.com\/index.php\/wp-json\/wp\/v2\/posts\/108252\/revisions"}],"wp:featuredmedia":[{"embeddable":true,"href":"https:\/\/batijournal.com\/index.php\/wp-json\/wp\/v2\/media\/108256"}],"wp:attachment":[{"href":"https:\/\/batijournal.com\/index.php\/wp-json\/wp\/v2\/media?parent=108252"}],"wp:term":[{"taxonomy":"category","embeddable":true,"href":"https:\/\/batijournal.com\/index.php\/wp-json\/wp\/v2\/categories?post=108252"},{"taxonomy":"post_tag","embeddable":true,"href":"https:\/\/batijournal.com\/index.php\/wp-json\/wp\/v2\/tags?post=108252"}],"curies":[{"name":"wp","href":"https:\/\/api.w.org\/{rel}","templated":true}]}}