{"id":108334,"date":"2022-11-24T14:11:44","date_gmt":"2022-11-24T13:11:44","guid":{"rendered":"https:\/\/batijournal.com\/?p=108334"},"modified":"2022-11-24T14:11:44","modified_gmt":"2022-11-24T13:11:44","slug":"vm-forme-ses-referents-daide-a-la-renovation","status":"publish","type":"post","link":"https:\/\/batijournal.com\/index.php\/vm-forme-ses-referents-daide-a-la-renovation\/108334\/","title":{"rendered":"VM forme ses R\u00e9f\u00e9rents d&rsquo;Aide \u00e0 la R\u00e9novation"},"content":{"rendered":"<p>VM renforce son engagement dans la r\u00e9novation \u00e9nerg\u00e9tique des b\u00e2timents. Le distributeur de mat\u00e9riaux ambitionne de former, d\u2019ici fin mars 2023, 130 collaborateurs R\u00e9f\u00e9rents d&rsquo;Aide \u00e0 la R\u00e9novation (RAR), en vue de labelliser 60 points de vente sur l\u2019ensemble du territoire, s\u2019\u00e9tendant du Havre \u00e0 Bordeaux. Les missions principales du RAR consistent \u00e0 informer, sensibiliser et accompagner les artisans \u00e0 une meilleure utilisation des aides publiques. Des missions que VM fait d\u00e9j\u00e0 siennes notamment \u00e0 travers son dispositif \u00ab \u00e9cosolutions \u00bb.<\/p>\n<p>Afin de former ses collaborateurs RAR, VM a fait appel \u00e0 SYNERGISUD, un organisme de formation agr\u00e9\u00e9 et certifi\u00e9 QUALIOPI. La formation est ouverte \u00e0 tous, \u00e0 la seule condition d\u2019avoir valid\u00e9 le MOOC OSCAR, un questionnaire qui permet de v\u00e9rifier les acquis pr\u00e9alables. Les sessions en pr\u00e9sentiel, d\u2019une dur\u00e9e de 7 heures et comprenant en moyenne 8 participants, se composent de 6 modules pour :<br \/>\n&#8211; rappeler l\u2019\u00e9cosyst\u00e8me des acteurs des dispositifs CEE et MPR, et identifier le r\u00f4le du RAR,<br \/>\n&#8211; analyser une demande CEE par l\u2019artisan &amp; cumul des aides CEE\/MPR,<br \/>\n&#8211; analyser un dossier de demande CEE sur le plan technique et administratif (conformit\u00e9\u0301),<br \/>\n&#8211; accompagner et animer un r\u00e9seau d\u2019artisans dans la d\u00e9marche CEE,<br \/>\n&#8211; suivre ses actions aupr\u00e8s des artisans,<br \/>\n&#8211; effectuer une veille sur les \u00e9volutions du dispositif CEE et du dispositif MPR.<\/p>\n<p>A l\u2019issue de la formation, les participants (vendeurs ou directeurs de points de vente) sont \u00e9valu\u00e9s et se voient d\u00e9livrer un certificat qui leur permet de faire valoir leurs comp\u00e9tences et de labelliser leur point de vente.<\/p>\n<p>Photo : VM &#8211; Accueil \u00e9cosolutions<\/p>\n","protected":false},"excerpt":{"rendered":"<p>VM renforce son engagement dans la r\u00e9novation \u00e9nerg\u00e9tique des b\u00e2timents. Le distributeur de mat\u00e9riaux ambitionne de former, d\u2019ici fin mars 2023, 130 collaborateurs R\u00e9f\u00e9rents d&rsquo;Aide \u00e0 la R\u00e9novation (RAR), en vue de labelliser 60 points de vente sur l\u2019ensemble du territoire, s\u2019\u00e9tendant du Havre \u00e0 Bordeaux. Les missions principales du RAR consistent \u00e0 informer, sensibiliser [&hellip;]<\/p>\n","protected":false},"author":17,"featured_media":108335,"comment_status":"closed","ping_status":"closed","sticky":false,"template":"","format":"standard","meta":{"_et_pb_use_builder":"","_et_pb_old_content":"","_et_gb_content_width":"","footnotes":""},"categories":[10530,6345,10781,10778],"tags":[3586,1683],"class_list":["post-108334","post","type-post","status-publish","format-standard","has-post-thumbnail","hentry","category-actualites","category-economie-marches","category-publications-planete","category-planete","tag-negoces","tag-renovation-energetique"],"yoast_head":"<!-- This site is optimized with the Yoast SEO plugin v27.4 - https:\/\/yoast.com\/product\/yoast-seo-wordpress\/ -->\n<title>VM forme ses R\u00e9f\u00e9rents d&#039;Aide \u00e0 la R\u00e9novation<\/title>\n<meta name=\"robots\" content=\"index, follow, max-snippet:-1, max-image-preview:large, max-video-preview:-1\" \/>\n<link rel=\"canonical\" href=\"https:\/\/batijournal.com\/index.php\/vm-forme-ses-referents-daide-a-la-renovation\/108334\/\" \/>\n<meta property=\"og:locale\" content=\"fr_FR\" \/>\n<meta property=\"og:type\" content=\"article\" \/>\n<meta property=\"og:title\" content=\"VM forme ses R\u00e9f\u00e9rents d&#039;Aide \u00e0 la R\u00e9novation\" \/>\n<meta property=\"og:description\" content=\"VM renforce son engagement dans la r\u00e9novation \u00e9nerg\u00e9tique des b\u00e2timents. Le distributeur de mat\u00e9riaux ambitionne de former, d\u2019ici fin mars 2023, 130 collaborateurs R\u00e9f\u00e9rents d&rsquo;Aide \u00e0 la R\u00e9novation (RAR), en vue de labelliser 60 points de vente sur l\u2019ensemble du territoire, s\u2019\u00e9tendant du Havre \u00e0 Bordeaux. Les missions principales du RAR consistent \u00e0 informer, sensibiliser [&hellip;]\" \/>\n<meta property=\"og:url\" content=\"https:\/\/batijournal.com\/index.php\/vm-forme-ses-referents-daide-a-la-renovation\/108334\/\" \/>\n<meta property=\"og:site_name\" content=\"Batijournal\" \/>\n<meta property=\"article:published_time\" content=\"2022-11-24T13:11:44+00:00\" \/>\n<meta property=\"og:image\" content=\"https:\/\/batijournal.com\/wp-content\/uploads\/2022\/11\/vm-ecosolutions.png\" \/>\n\t<meta property=\"og:image:width\" content=\"894\" \/>\n\t<meta property=\"og:image:height\" content=\"686\" \/>\n\t<meta property=\"og:image:type\" content=\"image\/png\" \/>\n<meta name=\"author\" content=\"St\u00e9phane Miget\" \/>\n<meta name=\"twitter:card\" content=\"summary_large_image\" \/>\n<meta name=\"twitter:creator\" content=\"@bati_journal\" \/>\n<meta name=\"twitter:site\" content=\"@bati_journal\" \/>\n<meta name=\"twitter:label1\" content=\"\u00c9crit par\" \/>\n\t<meta name=\"twitter:data1\" content=\"St\u00e9phane Miget\" \/>\n\t<meta name=\"twitter:label2\" content=\"Dur\u00e9e de lecture estim\u00e9e\" \/>\n\t<meta name=\"twitter:data2\" content=\"1 minute\" \/>\n<script type=\"application\/ld+json\" class=\"yoast-schema-graph\">{\"@context\":\"https:\\\/\\\/schema.org\",\"@graph\":[{\"@type\":\"Article\",\"@id\":\"https:\\\/\\\/batijournal.com\\\/index.php\\\/vm-forme-ses-referents-daide-a-la-renovation\\\/108334\\\/#article\",\"isPartOf\":{\"@id\":\"https:\\\/\\\/batijournal.com\\\/index.php\\\/vm-forme-ses-referents-daide-a-la-renovation\\\/108334\\\/\"},\"author\":{\"name\":\"St\u00e9phane Miget\",\"@id\":\"https:\\\/\\\/batijournal.com\\\/#\\\/schema\\\/person\\\/1dc96ec6957aa1ccb25ebe78bb19f100\"},\"headline\":\"VM forme ses R\u00e9f\u00e9rents d&rsquo;Aide \u00e0 la R\u00e9novation\",\"datePublished\":\"2022-11-24T13:11:44+00:00\",\"mainEntityOfPage\":{\"@id\":\"https:\\\/\\\/batijournal.com\\\/index.php\\\/vm-forme-ses-referents-daide-a-la-renovation\\\/108334\\\/\"},\"wordCount\":288,\"image\":{\"@id\":\"https:\\\/\\\/batijournal.com\\\/index.php\\\/vm-forme-ses-referents-daide-a-la-renovation\\\/108334\\\/#primaryimage\"},\"thumbnailUrl\":\"https:\\\/\\\/batijournal.com\\\/wp-content\\\/uploads\\\/2022\\\/11\\\/vm-ecosolutions.png\",\"keywords\":[\"n\u00e9goces\",\"renovation energetique\"],\"articleSection\":[\"Actualit\u00e9s\",\"\u00c9conomie &amp; March\u00e9s\",\"zz_Actualit\u00e9s - Plan\u00e8te\",\"zz_Plan\u00e8te B\u00e2timent\"],\"inLanguage\":\"fr-FR\"},{\"@type\":\"WebPage\",\"@id\":\"https:\\\/\\\/batijournal.com\\\/index.php\\\/vm-forme-ses-referents-daide-a-la-renovation\\\/108334\\\/\",\"url\":\"https:\\\/\\\/batijournal.com\\\/index.php\\\/vm-forme-ses-referents-daide-a-la-renovation\\\/108334\\\/\",\"name\":\"VM forme ses R\u00e9f\u00e9rents d'Aide \u00e0 la R\u00e9novation\",\"isPartOf\":{\"@id\":\"https:\\\/\\\/batijournal.com\\\/#website\"},\"primaryImageOfPage\":{\"@id\":\"https:\\\/\\\/batijournal.com\\\/index.php\\\/vm-forme-ses-referents-daide-a-la-renovation\\\/108334\\\/#primaryimage\"},\"image\":{\"@id\":\"https:\\\/\\\/batijournal.com\\\/index.php\\\/vm-forme-ses-referents-daide-a-la-renovation\\\/108334\\\/#primaryimage\"},\"thumbnailUrl\":\"https:\\\/\\\/batijournal.com\\\/wp-content\\\/uploads\\\/2022\\\/11\\\/vm-ecosolutions.png\",\"datePublished\":\"2022-11-24T13:11:44+00:00\",\"author\":{\"@id\":\"https:\\\/\\\/batijournal.com\\\/#\\\/schema\\\/person\\\/1dc96ec6957aa1ccb25ebe78bb19f100\"},\"breadcrumb\":{\"@id\":\"https:\\\/\\\/batijournal.com\\\/index.php\\\/vm-forme-ses-referents-daide-a-la-renovation\\\/108334\\\/#breadcrumb\"},\"inLanguage\":\"fr-FR\",\"potentialAction\":[{\"@type\":\"ReadAction\",\"target\":[\"https:\\\/\\\/batijournal.com\\\/index.php\\\/vm-forme-ses-referents-daide-a-la-renovation\\\/108334\\\/\"]}]},{\"@type\":\"ImageObject\",\"inLanguage\":\"fr-FR\",\"@id\":\"https:\\\/\\\/batijournal.com\\\/index.php\\\/vm-forme-ses-referents-daide-a-la-renovation\\\/108334\\\/#primaryimage\",\"url\":\"https:\\\/\\\/batijournal.com\\\/wp-content\\\/uploads\\\/2022\\\/11\\\/vm-ecosolutions.png\",\"contentUrl\":\"https:\\\/\\\/batijournal.com\\\/wp-content\\\/uploads\\\/2022\\\/11\\\/vm-ecosolutions.png\",\"width\":894,\"height\":686},{\"@type\":\"BreadcrumbList\",\"@id\":\"https:\\\/\\\/batijournal.com\\\/index.php\\\/vm-forme-ses-referents-daide-a-la-renovation\\\/108334\\\/#breadcrumb\",\"itemListElement\":[{\"@type\":\"ListItem\",\"position\":1,\"name\":\"Accueil\",\"item\":\"https:\\\/\\\/batijournal.com\\\/\"},{\"@type\":\"ListItem\",\"position\":2,\"name\":\"Actualit\u00e9s\",\"item\":\"https:\\\/\\\/batijournal.com\\\/index.php\\\/category\\\/actualites\\\/\"},{\"@type\":\"ListItem\",\"position\":3,\"name\":\"VM forme ses R\u00e9f\u00e9rents d&rsquo;Aide \u00e0 la R\u00e9novation\"}]},{\"@type\":\"WebSite\",\"@id\":\"https:\\\/\\\/batijournal.com\\\/#website\",\"url\":\"https:\\\/\\\/batijournal.com\\\/\",\"name\":\"Batijournal\",\"description\":\"L&#039;actualit\u00e9 du b\u00e2timent\",\"potentialAction\":[{\"@type\":\"SearchAction\",\"target\":{\"@type\":\"EntryPoint\",\"urlTemplate\":\"https:\\\/\\\/batijournal.com\\\/?s={search_term_string}\"},\"query-input\":{\"@type\":\"PropertyValueSpecification\",\"valueRequired\":true,\"valueName\":\"search_term_string\"}}],\"inLanguage\":\"fr-FR\"},{\"@type\":\"Person\",\"@id\":\"https:\\\/\\\/batijournal.com\\\/#\\\/schema\\\/person\\\/1dc96ec6957aa1ccb25ebe78bb19f100\",\"name\":\"St\u00e9phane Miget\",\"image\":{\"@type\":\"ImageObject\",\"inLanguage\":\"fr-FR\",\"@id\":\"https:\\\/\\\/secure.gravatar.com\\\/avatar\\\/89915563d925342126b8ef0281b93d9d7fc337043e8df017f780908eb9644451?s=96&d=mm&r=g\",\"url\":\"https:\\\/\\\/secure.gravatar.com\\\/avatar\\\/89915563d925342126b8ef0281b93d9d7fc337043e8df017f780908eb9644451?s=96&d=mm&r=g\",\"contentUrl\":\"https:\\\/\\\/secure.gravatar.com\\\/avatar\\\/89915563d925342126b8ef0281b93d9d7fc337043e8df017f780908eb9644451?s=96&d=mm&r=g\",\"caption\":\"St\u00e9phane Miget\"},\"url\":\"https:\\\/\\\/batijournal.com\\\/index.php\\\/author\\\/stephane\\\/\"}]}<\/script>\n<!-- \/ Yoast SEO plugin. -->","yoast_head_json":{"title":"VM forme ses R\u00e9f\u00e9rents d'Aide \u00e0 la R\u00e9novation","robots":{"index":"index","follow":"follow","max-snippet":"max-snippet:-1","max-image-preview":"max-image-preview:large","max-video-preview":"max-video-preview:-1"},"canonical":"https:\/\/batijournal.com\/index.php\/vm-forme-ses-referents-daide-a-la-renovation\/108334\/","og_locale":"fr_FR","og_type":"article","og_title":"VM forme ses R\u00e9f\u00e9rents d'Aide \u00e0 la R\u00e9novation","og_description":"VM renforce son engagement dans la r\u00e9novation \u00e9nerg\u00e9tique des b\u00e2timents. Le distributeur de mat\u00e9riaux ambitionne de former, d\u2019ici fin mars 2023, 130 collaborateurs R\u00e9f\u00e9rents d&rsquo;Aide \u00e0 la R\u00e9novation (RAR), en vue de labelliser 60 points de vente sur l\u2019ensemble du territoire, s\u2019\u00e9tendant du Havre \u00e0 Bordeaux. Les missions principales du RAR consistent \u00e0 informer, sensibiliser [&hellip;]","og_url":"https:\/\/batijournal.com\/index.php\/vm-forme-ses-referents-daide-a-la-renovation\/108334\/","og_site_name":"Batijournal","article_published_time":"2022-11-24T13:11:44+00:00","og_image":[{"width":894,"height":686,"url":"https:\/\/batijournal.com\/wp-content\/uploads\/2022\/11\/vm-ecosolutions.png","type":"image\/png"}],"author":"St\u00e9phane Miget","twitter_card":"summary_large_image","twitter_creator":"@bati_journal","twitter_site":"@bati_journal","twitter_misc":{"\u00c9crit par":"St\u00e9phane Miget","Dur\u00e9e de lecture estim\u00e9e":"1 minute"},"schema":{"@context":"https:\/\/schema.org","@graph":[{"@type":"Article","@id":"https:\/\/batijournal.com\/index.php\/vm-forme-ses-referents-daide-a-la-renovation\/108334\/#article","isPartOf":{"@id":"https:\/\/batijournal.com\/index.php\/vm-forme-ses-referents-daide-a-la-renovation\/108334\/"},"author":{"name":"St\u00e9phane Miget","@id":"https:\/\/batijournal.com\/#\/schema\/person\/1dc96ec6957aa1ccb25ebe78bb19f100"},"headline":"VM forme ses R\u00e9f\u00e9rents d&rsquo;Aide \u00e0 la R\u00e9novation","datePublished":"2022-11-24T13:11:44+00:00","mainEntityOfPage":{"@id":"https:\/\/batijournal.com\/index.php\/vm-forme-ses-referents-daide-a-la-renovation\/108334\/"},"wordCount":288,"image":{"@id":"https:\/\/batijournal.com\/index.php\/vm-forme-ses-referents-daide-a-la-renovation\/108334\/#primaryimage"},"thumbnailUrl":"https:\/\/batijournal.com\/wp-content\/uploads\/2022\/11\/vm-ecosolutions.png","keywords":["n\u00e9goces","renovation energetique"],"articleSection":["Actualit\u00e9s","\u00c9conomie &amp; March\u00e9s","zz_Actualit\u00e9s - Plan\u00e8te","zz_Plan\u00e8te B\u00e2timent"],"inLanguage":"fr-FR"},{"@type":"WebPage","@id":"https:\/\/batijournal.com\/index.php\/vm-forme-ses-referents-daide-a-la-renovation\/108334\/","url":"https:\/\/batijournal.com\/index.php\/vm-forme-ses-referents-daide-a-la-renovation\/108334\/","name":"VM forme ses R\u00e9f\u00e9rents d'Aide \u00e0 la R\u00e9novation","isPartOf":{"@id":"https:\/\/batijournal.com\/#website"},"primaryImageOfPage":{"@id":"https:\/\/batijournal.com\/index.php\/vm-forme-ses-referents-daide-a-la-renovation\/108334\/#primaryimage"},"image":{"@id":"https:\/\/batijournal.com\/index.php\/vm-forme-ses-referents-daide-a-la-renovation\/108334\/#primaryimage"},"thumbnailUrl":"https:\/\/batijournal.com\/wp-content\/uploads\/2022\/11\/vm-ecosolutions.png","datePublished":"2022-11-24T13:11:44+00:00","author":{"@id":"https:\/\/batijournal.com\/#\/schema\/person\/1dc96ec6957aa1ccb25ebe78bb19f100"},"breadcrumb":{"@id":"https:\/\/batijournal.com\/index.php\/vm-forme-ses-referents-daide-a-la-renovation\/108334\/#breadcrumb"},"inLanguage":"fr-FR","potentialAction":[{"@type":"ReadAction","target":["https:\/\/batijournal.com\/index.php\/vm-forme-ses-referents-daide-a-la-renovation\/108334\/"]}]},{"@type":"ImageObject","inLanguage":"fr-FR","@id":"https:\/\/batijournal.com\/index.php\/vm-forme-ses-referents-daide-a-la-renovation\/108334\/#primaryimage","url":"https:\/\/batijournal.com\/wp-content\/uploads\/2022\/11\/vm-ecosolutions.png","contentUrl":"https:\/\/batijournal.com\/wp-content\/uploads\/2022\/11\/vm-ecosolutions.png","width":894,"height":686},{"@type":"BreadcrumbList","@id":"https:\/\/batijournal.com\/index.php\/vm-forme-ses-referents-daide-a-la-renovation\/108334\/#breadcrumb","itemListElement":[{"@type":"ListItem","position":1,"name":"Accueil","item":"https:\/\/batijournal.com\/"},{"@type":"ListItem","position":2,"name":"Actualit\u00e9s","item":"https:\/\/batijournal.com\/index.php\/category\/actualites\/"},{"@type":"ListItem","position":3,"name":"VM forme ses R\u00e9f\u00e9rents d&rsquo;Aide \u00e0 la R\u00e9novation"}]},{"@type":"WebSite","@id":"https:\/\/batijournal.com\/#website","url":"https:\/\/batijournal.com\/","name":"Batijournal","description":"L&#039;actualit\u00e9 du b\u00e2timent","potentialAction":[{"@type":"SearchAction","target":{"@type":"EntryPoint","urlTemplate":"https:\/\/batijournal.com\/?s={search_term_string}"},"query-input":{"@type":"PropertyValueSpecification","valueRequired":true,"valueName":"search_term_string"}}],"inLanguage":"fr-FR"},{"@type":"Person","@id":"https:\/\/batijournal.com\/#\/schema\/person\/1dc96ec6957aa1ccb25ebe78bb19f100","name":"St\u00e9phane Miget","image":{"@type":"ImageObject","inLanguage":"fr-FR","@id":"https:\/\/secure.gravatar.com\/avatar\/89915563d925342126b8ef0281b93d9d7fc337043e8df017f780908eb9644451?s=96&d=mm&r=g","url":"https:\/\/secure.gravatar.com\/avatar\/89915563d925342126b8ef0281b93d9d7fc337043e8df017f780908eb9644451?s=96&d=mm&r=g","contentUrl":"https:\/\/secure.gravatar.com\/avatar\/89915563d925342126b8ef0281b93d9d7fc337043e8df017f780908eb9644451?s=96&d=mm&r=g","caption":"St\u00e9phane Miget"},"url":"https:\/\/batijournal.com\/index.php\/author\/stephane\/"}]}},"_links":{"self":[{"href":"https:\/\/batijournal.com\/index.php\/wp-json\/wp\/v2\/posts\/108334","targetHints":{"allow":["GET"]}}],"collection":[{"href":"https:\/\/batijournal.com\/index.php\/wp-json\/wp\/v2\/posts"}],"about":[{"href":"https:\/\/batijournal.com\/index.php\/wp-json\/wp\/v2\/types\/post"}],"author":[{"embeddable":true,"href":"https:\/\/batijournal.com\/index.php\/wp-json\/wp\/v2\/users\/17"}],"replies":[{"embeddable":true,"href":"https:\/\/batijournal.com\/index.php\/wp-json\/wp\/v2\/comments?post=108334"}],"version-history":[{"count":0,"href":"https:\/\/batijournal.com\/index.php\/wp-json\/wp\/v2\/posts\/108334\/revisions"}],"wp:featuredmedia":[{"embeddable":true,"href":"https:\/\/batijournal.com\/index.php\/wp-json\/wp\/v2\/media\/108335"}],"wp:attachment":[{"href":"https:\/\/batijournal.com\/index.php\/wp-json\/wp\/v2\/media?parent=108334"}],"wp:term":[{"taxonomy":"category","embeddable":true,"href":"https:\/\/batijournal.com\/index.php\/wp-json\/wp\/v2\/categories?post=108334"},{"taxonomy":"post_tag","embeddable":true,"href":"https:\/\/batijournal.com\/index.php\/wp-json\/wp\/v2\/tags?post=108334"}],"curies":[{"name":"wp","href":"https:\/\/api.w.org\/{rel}","templated":true}]}}