{"id":108363,"date":"2022-11-30T10:10:14","date_gmt":"2022-11-30T09:10:14","guid":{"rendered":"https:\/\/batijournal.com\/?p=108363"},"modified":"2022-11-30T10:10:14","modified_gmt":"2022-11-30T09:10:14","slug":"alberic-de-montgolfier-renouvele-comme-president-de-la-commission-nationale-du-patrimoine-et-de-larchitecture","status":"publish","type":"post","link":"https:\/\/batijournal.com\/index.php\/alberic-de-montgolfier-renouvele-comme-president-de-la-commission-nationale-du-patrimoine-et-de-larchitecture\/108363\/","title":{"rendered":"Alb\u00e9ric de Montgolfier renouvel\u00e9 comme pr\u00e9sident de la Commission nationale du patrimoine et de l\u2019architecture"},"content":{"rendered":"<p>Rima Abdul Malak a d\u00e9cid\u00e9 de reconduire Alb\u00e9ric de Montgolfier, s\u00e9nateur d\u2019Eure-et-Loir, en tant que pr\u00e9sident de la Commission nationale du patrimoine et de l\u2019architecture (CNPA). Institu\u00e9e par la loi du 7 juillet 2016 relative \u00e0 la libert\u00e9 de la cr\u00e9ation, \u00e0 l\u2019architecture et au patrimoine, la CNPA, instance consultative plac\u00e9e aupr\u00e8s de la ministre de la culture, est notamment appel\u00e9e \u00e0 se prononcer sur les propositions de classement de sites patrimoniaux remarquables, sur les propositions de classement d\u2019immeubles et d\u2019objets mobiliers au titre des monuments historiques, sur la cr\u00e9ation et la d\u00e9limitation des domaines nationaux, et sur certains projets de travaux. La composition de la CNPA, dont le premier mandat est arriv\u00e9 \u00e0 \u00e9ch\u00e9ance, a \u00e9t\u00e9 renouvel\u00e9e par un arr\u00eat\u00e9 en date du 8 novembre 2022.<\/p>\n<p>La Commission nationale du patrimoine et de l&rsquo;architecture a rendu en 2021, 115 avis au cours de 23 s\u00e9ances.<br \/>\nParmi les dossiers examin\u00e9s :<br \/>\n&#8211; 17 avis pour la protection de sites patrimoniaux remarquables (villes, villages, quartiers, etc.) ;<br \/>\n&#8211; 37 avis pour la protection d\u2019immeubles au titre des monuments historiques ;<br \/>\n&#8211; 5 avis sur les projets de d\u00e9limitation des domaines nationaux ;<br \/>\n&#8211; 27 avis pour la protection d\u2019objets ou d\u2019ensembles mobiliers au titre des monuments historiques (objets d\u2019art, patrimoine industriel, scientifique ou technique, instruments de musique, etc.).<br \/>\nLes travaux de la CNPA s\u2019articulent avec ceux des commissions r\u00e9gionales du patrimoine et de l\u2019architecture (CRPA) institu\u00e9es dans chacune des r\u00e9gions.<\/p>\n","protected":false},"excerpt":{"rendered":"<p>Rima Abdul Malak a d\u00e9cid\u00e9 de reconduire Alb\u00e9ric de Montgolfier, s\u00e9nateur d\u2019Eure-et-Loir, en tant que pr\u00e9sident de la Commission nationale du patrimoine et de l\u2019architecture (CNPA). Institu\u00e9e par la loi du 7 juillet 2016 relative \u00e0 la libert\u00e9 de la cr\u00e9ation, \u00e0 l\u2019architecture et au patrimoine, la CNPA, instance consultative plac\u00e9e aupr\u00e8s de la ministre [&hellip;]<\/p>\n","protected":false},"author":17,"featured_media":108366,"comment_status":"closed","ping_status":"closed","sticky":false,"template":"","format":"standard","meta":{"_et_pb_use_builder":"","_et_pb_old_content":"","_et_gb_content_width":"","footnotes":""},"categories":[10530,6362,10789,10785],"tags":[4474],"class_list":["post-108363","post","type-post","status-publish","format-standard","has-post-thumbnail","hentry","category-actualites","category-services-equipements","category-publications-atrium","category-atrium","tag-monuments-historiques"],"yoast_head":"<!-- This site is optimized with the Yoast SEO plugin v27.4 - https:\/\/yoast.com\/product\/yoast-seo-wordpress\/ -->\n<title>Alb\u00e9ric de Montgolfier renouvel\u00e9 comme pr\u00e9sident de la Commission nationale du patrimoine et de l\u2019architecture<\/title>\n<meta name=\"robots\" content=\"index, follow, max-snippet:-1, max-image-preview:large, max-video-preview:-1\" \/>\n<link rel=\"canonical\" href=\"https:\/\/batijournal.com\/index.php\/alberic-de-montgolfier-renouvele-comme-president-de-la-commission-nationale-du-patrimoine-et-de-larchitecture\/108363\/\" \/>\n<meta property=\"og:locale\" content=\"fr_FR\" \/>\n<meta property=\"og:type\" content=\"article\" \/>\n<meta property=\"og:title\" content=\"Alb\u00e9ric de Montgolfier renouvel\u00e9 comme pr\u00e9sident de la Commission nationale du patrimoine et de l\u2019architecture\" \/>\n<meta property=\"og:description\" content=\"Rima Abdul Malak a d\u00e9cid\u00e9 de reconduire Alb\u00e9ric de Montgolfier, s\u00e9nateur d\u2019Eure-et-Loir, en tant que pr\u00e9sident de la Commission nationale du patrimoine et de l\u2019architecture (CNPA). Institu\u00e9e par la loi du 7 juillet 2016 relative \u00e0 la libert\u00e9 de la cr\u00e9ation, \u00e0 l\u2019architecture et au patrimoine, la CNPA, instance consultative plac\u00e9e aupr\u00e8s de la ministre [&hellip;]\" \/>\n<meta property=\"og:url\" content=\"https:\/\/batijournal.com\/index.php\/alberic-de-montgolfier-renouvele-comme-president-de-la-commission-nationale-du-patrimoine-et-de-larchitecture\/108363\/\" \/>\n<meta property=\"og:site_name\" content=\"Batijournal\" \/>\n<meta property=\"article:published_time\" content=\"2022-11-30T09:10:14+00:00\" \/>\n<meta property=\"og:image\" content=\"https:\/\/batijournal.com\/wp-content\/uploads\/2022\/11\/commission-nationale-architecture-et-patrimoine.png\" \/>\n\t<meta property=\"og:image:width\" content=\"602\" \/>\n\t<meta property=\"og:image:height\" content=\"605\" \/>\n\t<meta property=\"og:image:type\" content=\"image\/png\" \/>\n<meta name=\"author\" content=\"St\u00e9phane Miget\" \/>\n<meta name=\"twitter:card\" content=\"summary_large_image\" \/>\n<meta name=\"twitter:creator\" content=\"@bati_journal\" \/>\n<meta name=\"twitter:site\" content=\"@bati_journal\" \/>\n<meta name=\"twitter:label1\" content=\"\u00c9crit par\" \/>\n\t<meta name=\"twitter:data1\" content=\"St\u00e9phane Miget\" \/>\n\t<meta name=\"twitter:label2\" content=\"Dur\u00e9e de lecture estim\u00e9e\" \/>\n\t<meta name=\"twitter:data2\" content=\"1 minute\" \/>\n<script type=\"application\/ld+json\" class=\"yoast-schema-graph\">{\"@context\":\"https:\\\/\\\/schema.org\",\"@graph\":[{\"@type\":\"Article\",\"@id\":\"https:\\\/\\\/batijournal.com\\\/index.php\\\/alberic-de-montgolfier-renouvele-comme-president-de-la-commission-nationale-du-patrimoine-et-de-larchitecture\\\/108363\\\/#article\",\"isPartOf\":{\"@id\":\"https:\\\/\\\/batijournal.com\\\/index.php\\\/alberic-de-montgolfier-renouvele-comme-president-de-la-commission-nationale-du-patrimoine-et-de-larchitecture\\\/108363\\\/\"},\"author\":{\"name\":\"St\u00e9phane Miget\",\"@id\":\"https:\\\/\\\/batijournal.com\\\/#\\\/schema\\\/person\\\/1dc96ec6957aa1ccb25ebe78bb19f100\"},\"headline\":\"Alb\u00e9ric de Montgolfier renouvel\u00e9 comme pr\u00e9sident de la Commission nationale du patrimoine et de l\u2019architecture\",\"datePublished\":\"2022-11-30T09:10:14+00:00\",\"mainEntityOfPage\":{\"@id\":\"https:\\\/\\\/batijournal.com\\\/index.php\\\/alberic-de-montgolfier-renouvele-comme-president-de-la-commission-nationale-du-patrimoine-et-de-larchitecture\\\/108363\\\/\"},\"wordCount\":270,\"image\":{\"@id\":\"https:\\\/\\\/batijournal.com\\\/index.php\\\/alberic-de-montgolfier-renouvele-comme-president-de-la-commission-nationale-du-patrimoine-et-de-larchitecture\\\/108363\\\/#primaryimage\"},\"thumbnailUrl\":\"https:\\\/\\\/batijournal.com\\\/wp-content\\\/uploads\\\/2022\\\/11\\\/commission-nationale-architecture-et-patrimoine.png\",\"keywords\":[\"monuments historiques\"],\"articleSection\":[\"Actualit\u00e9s\",\"Divers\",\"zz_Actualit\u00e9s - Atrium\",\"zz_Atrium Patrimoine\"],\"inLanguage\":\"fr-FR\"},{\"@type\":\"WebPage\",\"@id\":\"https:\\\/\\\/batijournal.com\\\/index.php\\\/alberic-de-montgolfier-renouvele-comme-president-de-la-commission-nationale-du-patrimoine-et-de-larchitecture\\\/108363\\\/\",\"url\":\"https:\\\/\\\/batijournal.com\\\/index.php\\\/alberic-de-montgolfier-renouvele-comme-president-de-la-commission-nationale-du-patrimoine-et-de-larchitecture\\\/108363\\\/\",\"name\":\"Alb\u00e9ric de Montgolfier renouvel\u00e9 comme pr\u00e9sident de la Commission nationale du patrimoine et de l\u2019architecture\",\"isPartOf\":{\"@id\":\"https:\\\/\\\/batijournal.com\\\/#website\"},\"primaryImageOfPage\":{\"@id\":\"https:\\\/\\\/batijournal.com\\\/index.php\\\/alberic-de-montgolfier-renouvele-comme-president-de-la-commission-nationale-du-patrimoine-et-de-larchitecture\\\/108363\\\/#primaryimage\"},\"image\":{\"@id\":\"https:\\\/\\\/batijournal.com\\\/index.php\\\/alberic-de-montgolfier-renouvele-comme-president-de-la-commission-nationale-du-patrimoine-et-de-larchitecture\\\/108363\\\/#primaryimage\"},\"thumbnailUrl\":\"https:\\\/\\\/batijournal.com\\\/wp-content\\\/uploads\\\/2022\\\/11\\\/commission-nationale-architecture-et-patrimoine.png\",\"datePublished\":\"2022-11-30T09:10:14+00:00\",\"author\":{\"@id\":\"https:\\\/\\\/batijournal.com\\\/#\\\/schema\\\/person\\\/1dc96ec6957aa1ccb25ebe78bb19f100\"},\"breadcrumb\":{\"@id\":\"https:\\\/\\\/batijournal.com\\\/index.php\\\/alberic-de-montgolfier-renouvele-comme-president-de-la-commission-nationale-du-patrimoine-et-de-larchitecture\\\/108363\\\/#breadcrumb\"},\"inLanguage\":\"fr-FR\",\"potentialAction\":[{\"@type\":\"ReadAction\",\"target\":[\"https:\\\/\\\/batijournal.com\\\/index.php\\\/alberic-de-montgolfier-renouvele-comme-president-de-la-commission-nationale-du-patrimoine-et-de-larchitecture\\\/108363\\\/\"]}]},{\"@type\":\"ImageObject\",\"inLanguage\":\"fr-FR\",\"@id\":\"https:\\\/\\\/batijournal.com\\\/index.php\\\/alberic-de-montgolfier-renouvele-comme-president-de-la-commission-nationale-du-patrimoine-et-de-larchitecture\\\/108363\\\/#primaryimage\",\"url\":\"https:\\\/\\\/batijournal.com\\\/wp-content\\\/uploads\\\/2022\\\/11\\\/commission-nationale-architecture-et-patrimoine.png\",\"contentUrl\":\"https:\\\/\\\/batijournal.com\\\/wp-content\\\/uploads\\\/2022\\\/11\\\/commission-nationale-architecture-et-patrimoine.png\",\"width\":602,\"height\":605},{\"@type\":\"BreadcrumbList\",\"@id\":\"https:\\\/\\\/batijournal.com\\\/index.php\\\/alberic-de-montgolfier-renouvele-comme-president-de-la-commission-nationale-du-patrimoine-et-de-larchitecture\\\/108363\\\/#breadcrumb\",\"itemListElement\":[{\"@type\":\"ListItem\",\"position\":1,\"name\":\"Accueil\",\"item\":\"https:\\\/\\\/batijournal.com\\\/\"},{\"@type\":\"ListItem\",\"position\":2,\"name\":\"Actualit\u00e9s\",\"item\":\"https:\\\/\\\/batijournal.com\\\/index.php\\\/category\\\/actualites\\\/\"},{\"@type\":\"ListItem\",\"position\":3,\"name\":\"Alb\u00e9ric de Montgolfier renouvel\u00e9 comme pr\u00e9sident de la Commission nationale du patrimoine et de l\u2019architecture\"}]},{\"@type\":\"WebSite\",\"@id\":\"https:\\\/\\\/batijournal.com\\\/#website\",\"url\":\"https:\\\/\\\/batijournal.com\\\/\",\"name\":\"Batijournal\",\"description\":\"L&#039;actualit\u00e9 du b\u00e2timent\",\"potentialAction\":[{\"@type\":\"SearchAction\",\"target\":{\"@type\":\"EntryPoint\",\"urlTemplate\":\"https:\\\/\\\/batijournal.com\\\/?s={search_term_string}\"},\"query-input\":{\"@type\":\"PropertyValueSpecification\",\"valueRequired\":true,\"valueName\":\"search_term_string\"}}],\"inLanguage\":\"fr-FR\"},{\"@type\":\"Person\",\"@id\":\"https:\\\/\\\/batijournal.com\\\/#\\\/schema\\\/person\\\/1dc96ec6957aa1ccb25ebe78bb19f100\",\"name\":\"St\u00e9phane Miget\",\"image\":{\"@type\":\"ImageObject\",\"inLanguage\":\"fr-FR\",\"@id\":\"https:\\\/\\\/secure.gravatar.com\\\/avatar\\\/89915563d925342126b8ef0281b93d9d7fc337043e8df017f780908eb9644451?s=96&d=mm&r=g\",\"url\":\"https:\\\/\\\/secure.gravatar.com\\\/avatar\\\/89915563d925342126b8ef0281b93d9d7fc337043e8df017f780908eb9644451?s=96&d=mm&r=g\",\"contentUrl\":\"https:\\\/\\\/secure.gravatar.com\\\/avatar\\\/89915563d925342126b8ef0281b93d9d7fc337043e8df017f780908eb9644451?s=96&d=mm&r=g\",\"caption\":\"St\u00e9phane Miget\"},\"url\":\"https:\\\/\\\/batijournal.com\\\/index.php\\\/author\\\/stephane\\\/\"}]}<\/script>\n<!-- \/ Yoast SEO plugin. -->","yoast_head_json":{"title":"Alb\u00e9ric de Montgolfier renouvel\u00e9 comme pr\u00e9sident de la Commission nationale du patrimoine et de l\u2019architecture","robots":{"index":"index","follow":"follow","max-snippet":"max-snippet:-1","max-image-preview":"max-image-preview:large","max-video-preview":"max-video-preview:-1"},"canonical":"https:\/\/batijournal.com\/index.php\/alberic-de-montgolfier-renouvele-comme-president-de-la-commission-nationale-du-patrimoine-et-de-larchitecture\/108363\/","og_locale":"fr_FR","og_type":"article","og_title":"Alb\u00e9ric de Montgolfier renouvel\u00e9 comme pr\u00e9sident de la Commission nationale du patrimoine et de l\u2019architecture","og_description":"Rima Abdul Malak a d\u00e9cid\u00e9 de reconduire Alb\u00e9ric de Montgolfier, s\u00e9nateur d\u2019Eure-et-Loir, en tant que pr\u00e9sident de la Commission nationale du patrimoine et de l\u2019architecture (CNPA). Institu\u00e9e par la loi du 7 juillet 2016 relative \u00e0 la libert\u00e9 de la cr\u00e9ation, \u00e0 l\u2019architecture et au patrimoine, la CNPA, instance consultative plac\u00e9e aupr\u00e8s de la ministre [&hellip;]","og_url":"https:\/\/batijournal.com\/index.php\/alberic-de-montgolfier-renouvele-comme-president-de-la-commission-nationale-du-patrimoine-et-de-larchitecture\/108363\/","og_site_name":"Batijournal","article_published_time":"2022-11-30T09:10:14+00:00","og_image":[{"width":602,"height":605,"url":"https:\/\/batijournal.com\/wp-content\/uploads\/2022\/11\/commission-nationale-architecture-et-patrimoine.png","type":"image\/png"}],"author":"St\u00e9phane Miget","twitter_card":"summary_large_image","twitter_creator":"@bati_journal","twitter_site":"@bati_journal","twitter_misc":{"\u00c9crit par":"St\u00e9phane Miget","Dur\u00e9e de lecture estim\u00e9e":"1 minute"},"schema":{"@context":"https:\/\/schema.org","@graph":[{"@type":"Article","@id":"https:\/\/batijournal.com\/index.php\/alberic-de-montgolfier-renouvele-comme-president-de-la-commission-nationale-du-patrimoine-et-de-larchitecture\/108363\/#article","isPartOf":{"@id":"https:\/\/batijournal.com\/index.php\/alberic-de-montgolfier-renouvele-comme-president-de-la-commission-nationale-du-patrimoine-et-de-larchitecture\/108363\/"},"author":{"name":"St\u00e9phane Miget","@id":"https:\/\/batijournal.com\/#\/schema\/person\/1dc96ec6957aa1ccb25ebe78bb19f100"},"headline":"Alb\u00e9ric de Montgolfier renouvel\u00e9 comme pr\u00e9sident de la Commission nationale du patrimoine et de l\u2019architecture","datePublished":"2022-11-30T09:10:14+00:00","mainEntityOfPage":{"@id":"https:\/\/batijournal.com\/index.php\/alberic-de-montgolfier-renouvele-comme-president-de-la-commission-nationale-du-patrimoine-et-de-larchitecture\/108363\/"},"wordCount":270,"image":{"@id":"https:\/\/batijournal.com\/index.php\/alberic-de-montgolfier-renouvele-comme-president-de-la-commission-nationale-du-patrimoine-et-de-larchitecture\/108363\/#primaryimage"},"thumbnailUrl":"https:\/\/batijournal.com\/wp-content\/uploads\/2022\/11\/commission-nationale-architecture-et-patrimoine.png","keywords":["monuments historiques"],"articleSection":["Actualit\u00e9s","Divers","zz_Actualit\u00e9s - Atrium","zz_Atrium Patrimoine"],"inLanguage":"fr-FR"},{"@type":"WebPage","@id":"https:\/\/batijournal.com\/index.php\/alberic-de-montgolfier-renouvele-comme-president-de-la-commission-nationale-du-patrimoine-et-de-larchitecture\/108363\/","url":"https:\/\/batijournal.com\/index.php\/alberic-de-montgolfier-renouvele-comme-president-de-la-commission-nationale-du-patrimoine-et-de-larchitecture\/108363\/","name":"Alb\u00e9ric de Montgolfier renouvel\u00e9 comme pr\u00e9sident de la Commission nationale du patrimoine et de l\u2019architecture","isPartOf":{"@id":"https:\/\/batijournal.com\/#website"},"primaryImageOfPage":{"@id":"https:\/\/batijournal.com\/index.php\/alberic-de-montgolfier-renouvele-comme-president-de-la-commission-nationale-du-patrimoine-et-de-larchitecture\/108363\/#primaryimage"},"image":{"@id":"https:\/\/batijournal.com\/index.php\/alberic-de-montgolfier-renouvele-comme-president-de-la-commission-nationale-du-patrimoine-et-de-larchitecture\/108363\/#primaryimage"},"thumbnailUrl":"https:\/\/batijournal.com\/wp-content\/uploads\/2022\/11\/commission-nationale-architecture-et-patrimoine.png","datePublished":"2022-11-30T09:10:14+00:00","author":{"@id":"https:\/\/batijournal.com\/#\/schema\/person\/1dc96ec6957aa1ccb25ebe78bb19f100"},"breadcrumb":{"@id":"https:\/\/batijournal.com\/index.php\/alberic-de-montgolfier-renouvele-comme-president-de-la-commission-nationale-du-patrimoine-et-de-larchitecture\/108363\/#breadcrumb"},"inLanguage":"fr-FR","potentialAction":[{"@type":"ReadAction","target":["https:\/\/batijournal.com\/index.php\/alberic-de-montgolfier-renouvele-comme-president-de-la-commission-nationale-du-patrimoine-et-de-larchitecture\/108363\/"]}]},{"@type":"ImageObject","inLanguage":"fr-FR","@id":"https:\/\/batijournal.com\/index.php\/alberic-de-montgolfier-renouvele-comme-president-de-la-commission-nationale-du-patrimoine-et-de-larchitecture\/108363\/#primaryimage","url":"https:\/\/batijournal.com\/wp-content\/uploads\/2022\/11\/commission-nationale-architecture-et-patrimoine.png","contentUrl":"https:\/\/batijournal.com\/wp-content\/uploads\/2022\/11\/commission-nationale-architecture-et-patrimoine.png","width":602,"height":605},{"@type":"BreadcrumbList","@id":"https:\/\/batijournal.com\/index.php\/alberic-de-montgolfier-renouvele-comme-president-de-la-commission-nationale-du-patrimoine-et-de-larchitecture\/108363\/#breadcrumb","itemListElement":[{"@type":"ListItem","position":1,"name":"Accueil","item":"https:\/\/batijournal.com\/"},{"@type":"ListItem","position":2,"name":"Actualit\u00e9s","item":"https:\/\/batijournal.com\/index.php\/category\/actualites\/"},{"@type":"ListItem","position":3,"name":"Alb\u00e9ric de Montgolfier renouvel\u00e9 comme pr\u00e9sident de la Commission nationale du patrimoine et de l\u2019architecture"}]},{"@type":"WebSite","@id":"https:\/\/batijournal.com\/#website","url":"https:\/\/batijournal.com\/","name":"Batijournal","description":"L&#039;actualit\u00e9 du b\u00e2timent","potentialAction":[{"@type":"SearchAction","target":{"@type":"EntryPoint","urlTemplate":"https:\/\/batijournal.com\/?s={search_term_string}"},"query-input":{"@type":"PropertyValueSpecification","valueRequired":true,"valueName":"search_term_string"}}],"inLanguage":"fr-FR"},{"@type":"Person","@id":"https:\/\/batijournal.com\/#\/schema\/person\/1dc96ec6957aa1ccb25ebe78bb19f100","name":"St\u00e9phane Miget","image":{"@type":"ImageObject","inLanguage":"fr-FR","@id":"https:\/\/secure.gravatar.com\/avatar\/89915563d925342126b8ef0281b93d9d7fc337043e8df017f780908eb9644451?s=96&d=mm&r=g","url":"https:\/\/secure.gravatar.com\/avatar\/89915563d925342126b8ef0281b93d9d7fc337043e8df017f780908eb9644451?s=96&d=mm&r=g","contentUrl":"https:\/\/secure.gravatar.com\/avatar\/89915563d925342126b8ef0281b93d9d7fc337043e8df017f780908eb9644451?s=96&d=mm&r=g","caption":"St\u00e9phane Miget"},"url":"https:\/\/batijournal.com\/index.php\/author\/stephane\/"}]}},"_links":{"self":[{"href":"https:\/\/batijournal.com\/index.php\/wp-json\/wp\/v2\/posts\/108363","targetHints":{"allow":["GET"]}}],"collection":[{"href":"https:\/\/batijournal.com\/index.php\/wp-json\/wp\/v2\/posts"}],"about":[{"href":"https:\/\/batijournal.com\/index.php\/wp-json\/wp\/v2\/types\/post"}],"author":[{"embeddable":true,"href":"https:\/\/batijournal.com\/index.php\/wp-json\/wp\/v2\/users\/17"}],"replies":[{"embeddable":true,"href":"https:\/\/batijournal.com\/index.php\/wp-json\/wp\/v2\/comments?post=108363"}],"version-history":[{"count":0,"href":"https:\/\/batijournal.com\/index.php\/wp-json\/wp\/v2\/posts\/108363\/revisions"}],"wp:featuredmedia":[{"embeddable":true,"href":"https:\/\/batijournal.com\/index.php\/wp-json\/wp\/v2\/media\/108366"}],"wp:attachment":[{"href":"https:\/\/batijournal.com\/index.php\/wp-json\/wp\/v2\/media?parent=108363"}],"wp:term":[{"taxonomy":"category","embeddable":true,"href":"https:\/\/batijournal.com\/index.php\/wp-json\/wp\/v2\/categories?post=108363"},{"taxonomy":"post_tag","embeddable":true,"href":"https:\/\/batijournal.com\/index.php\/wp-json\/wp\/v2\/tags?post=108363"}],"curies":[{"name":"wp","href":"https:\/\/api.w.org\/{rel}","templated":true}]}}