{"id":108370,"date":"2022-11-30T14:30:43","date_gmt":"2022-11-30T13:30:43","guid":{"rendered":"https:\/\/batijournal.com\/?p=108370"},"modified":"2022-12-09T20:21:02","modified_gmt":"2022-12-09T19:21:02","slug":"le-salon-bepositive-de-retour-en-mars-2023","status":"publish","type":"post","link":"https:\/\/batijournal.com\/index.php\/le-salon-bepositive-de-retour-en-mars-2023\/108370\/","title":{"rendered":"Le salon BePOSITIVE de retour en mars 2023"},"content":{"rendered":"<p>A l\u2019heure du d\u00e9fi climatique et de la crise \u00e9nerg\u00e9tique, les fili\u00e8res de l\u2019\u00e9nergie et du b\u00e2timent vivent une r\u00e9volution. Plus que jamais, la sobri\u00e9t\u00e9 \u00e9nerg\u00e9tique, les \u00e9nergies renouvelables, le num\u00e9rique, et l\u2019innovation sont au c\u0153ur de la trajectoire \u00e0 suivre pour une gestion optimis\u00e9e et responsable de l\u2019\u00e9nergie. C&rsquo;est pour accompagner cette d\u00e9marche que le salon BePOSITIVE aura lieu du 21 au 23 mars 2023 \u00e0 Eurexpo Lyon.<\/p>\n<p style=\"text-align: center;\"><img loading=\"lazy\" decoding=\"async\" class=\"wp-image-108371 alignleft\" src=\"https:\/\/batijournal.com\/wp-content\/uploads\/2022\/11\/Visuel-CP-BePOSITIVE-le-salon-national-de-la-transition-energetique.png\" alt=\"\" width=\"428\" height=\"285\" srcset=\"https:\/\/batijournal.com\/wp-content\/uploads\/2022\/11\/Visuel-CP-BePOSITIVE-le-salon-national-de-la-transition-energetique.png 955w, https:\/\/batijournal.com\/wp-content\/uploads\/2022\/11\/Visuel-CP-BePOSITIVE-le-salon-national-de-la-transition-energetique-300x200.png 300w, https:\/\/batijournal.com\/wp-content\/uploads\/2022\/11\/Visuel-CP-BePOSITIVE-le-salon-national-de-la-transition-energetique-150x100.png 150w, https:\/\/batijournal.com\/wp-content\/uploads\/2022\/11\/Visuel-CP-BePOSITIVE-le-salon-national-de-la-transition-energetique-768x511.png 768w\" sizes=\"(max-width: 428px) 100vw, 428px\" \/><\/p>\n<p>Cette \u00e9dition abordera \u00e9galement 3 th\u00e9matiques phares qui sont au c\u0153ur de l\u2019actualit\u00e9 des fili\u00e8res : l\u2019emploi et la formation, la digitalisation de l\u2019\u00e9nergie et la construction durable.<\/p>\n<p>Durant 3 jours, tous les acteurs engag\u00e9s pour la transition \u00e9nerg\u00e9tique sont attendus pour \u00e9changer et d\u00e9couvrir les derni\u00e8res innovations du march\u00e9 !<span class=\"Apple-converted-space\">\u00a0<\/span><\/p>\n<p>BePOSITIVE rassemble l\u2019ensemble des acteurs de la transition \u00e9nerg\u00e9tique tels que les prescripteurs, les artisans et installateurs, les distributeurs, les n\u00e9gociants ou encore les collectivit\u00e9s publiques.<\/p>\n<p style=\"text-align: left;\">Photo : Alexandre Moulard<\/p>\n<p>Le salon s\u2019adresse \u00e0 eux \u00e0 travers 4 secteurs d\u2019exposition :<\/p>\n<ul>\n<li><strong>Nouveaux syst\u00e8mes \u00e9nerg\u00e9tiques<\/strong> : solaire photovolta\u00efque, stockage et mobilit\u00e9 durable seront ainsi pr\u00e9sent\u00e9s sur le salon.<span class=\"Apple-converted-space\">\u00a0<\/span><\/li>\n<li><strong>Solutions constructives pour un b\u00e2timent plus durable et performant<\/strong> : menuiseries et fermetures, mat\u00e9riaux biosourc\u00e9s&#8230;<span class=\"Apple-converted-space\">\u00a0<\/span><\/li>\n<li><strong>Energie dans le b\u00e2timent<\/strong> : g\u00e9nie climatique, confort thermique, traitement de l\u2019air et de l\u2019eau\u2026<\/li>\n<li><strong>Bois \u00e9nergie &#8211; Flam\u2019expo<\/strong>, sur lequel seront install\u00e9s jusqu\u2019\u00e0 70 appareils en fonctionnement, pour le plus grand bonheur des visiteurs qui en avaient \u00e9t\u00e9 priv\u00e9s lors de la derni\u00e8re \u00e9dition.<\/li>\n<\/ul>\n<p><img loading=\"lazy\" decoding=\"async\" class=\"wp-image-108373 alignright\" src=\"https:\/\/batijournal.com\/wp-content\/uploads\/2022\/11\/CP-BEPOSITIVE-Florence-Rousson-Mompo.png\" alt=\"\" width=\"129\" height=\"201\" srcset=\"https:\/\/batijournal.com\/wp-content\/uploads\/2022\/11\/CP-BEPOSITIVE-Florence-Rousson-Mompo.png 140w, https:\/\/batijournal.com\/wp-content\/uploads\/2022\/11\/CP-BEPOSITIVE-Florence-Rousson-Mompo-96x150.png 96w\" sizes=\"(max-width: 129px) 100vw, 129px\" \/><\/p>\n<p>&nbsp;<\/p>\n<p style=\"text-align: right;\">\u00ab\u00a0Le contexte actuel, et finalement celui que nous connaissons depuis quelques anne\u0301es, nous confirme que, pour avancer ensemble et dans le bon sens, il est ne\u0301cessaire de re\u0301unir les filie\u0300res concerne\u0301es par la transition e\u0301nerge\u0301tique\u00a0\u00bb.<\/p>\n<p style=\"text-align: right;\">Florence Rousson Mompo, Directrice de la division GreenTech+<\/p>\n<p style=\"text-align: right;\">Photo : Alexandre Moulard<\/p>\n<p>&nbsp;<\/p>\n<p>Cette \u00e9dition 2023 sera aussi marqu\u00e9e d\u2019animations et de temps forts qui rythmeront durant les<span class=\"Apple-converted-space\">\u00a0<\/span>3 journ\u00e9es de salon :<span class=\"Apple-converted-space\">\u00a0<\/span><\/p>\n<ul>\n<li><strong>[NEW] Le Campus emploi-formation<\/strong>, pour mettre en relation les professionnels en recherche de savoir-faire et de mont\u00e9e en comp\u00e9tences.<span class=\"Apple-converted-space\">\u00a0<\/span><\/li>\n<li><b><\/b>Les <strong>BePOSITIVE Awards<\/strong> mettront en lumi\u00e8re les derni\u00e8res innovations et valoriseront les nouveaut\u00e9s et les \u00e9volutions technologiques des fili\u00e8res \u00e9nergie et b\u00e2timent.<span class=\"Apple-converted-space\">\u00a0<\/span><\/li>\n<li><b><\/b>Un <strong>espace conf\u00e9rences<\/strong>, pour assister \u00e0 des prises de parole d\u2019experts, des retours d\u2019exp\u00e9rience et tables rondes afin d\u2019\u00e9clairer l\u2019analyse des participants et nourrir les projets dans la dur\u00e9e.<\/li>\n<li><strong>[NEW] Un forum exposants<\/strong>, un espace d\u00e9di\u00e9 aux prises de parole des exposants pour pr\u00e9senter leur entreprise, leurs produits et services, leurs innovations, ou encore leur d\u00e9marche RSE.<\/li>\n<li><strong>[NEW] 3 ateliers sur les th\u00e8mes de la \u00ab construction durable \u00bb, la \u00ab digitalisation de l\u2019\u00e9nergie \u00bb et le \u00ab bois \u00e9nergie &amp; g\u00e9nie climatique \u00bb<\/strong> seront \u00e9galement propos\u00e9s aux participants, qui pourront ainsi \u00e9changer autour de retours d\u2019exp\u00e9rience et de cas concrets.<span class=\"Apple-converted-space\">\u00a0<\/span><\/li>\n<\/ul>\n<div class=\"page\" title=\"Page 2\">\n<div class=\"layoutArea\">\n<div class=\"column\">\n<div class=\"page\" title=\"Page 2\">\n<p>&nbsp;<\/p>\n<\/div>\n<div class=\"page\" title=\"Page 2\">\n<p style=\"text-align: left;\">Pour plus d\u2019information, rendez-vous sur\u00a0<a class=\"\" href=\"http:\/\/bepositive-events.com\/fr\" target=\"_blank\" rel=\"noopener\">bepositive-events.com\/fr<\/a><\/p>\n<\/div>\n<\/div>\n<\/div>\n<\/div>\n<p>&nbsp;<\/p>\n<p>&nbsp;<\/p>\n","protected":false},"excerpt":{"rendered":"<p>A l\u2019heure du d\u00e9fi climatique et de la crise \u00e9nerg\u00e9tique, les fili\u00e8res de l\u2019\u00e9nergie et du b\u00e2timent vivent une r\u00e9volution. Plus que jamais, la sobri\u00e9t\u00e9 \u00e9nerg\u00e9tique, les \u00e9nergies renouvelables, le num\u00e9rique, et l\u2019innovation sont au c\u0153ur de la trajectoire \u00e0 suivre pour une gestion optimis\u00e9e et responsable de l\u2019\u00e9nergie. C&rsquo;est pour accompagner cette d\u00e9marche que [&hellip;]<\/p>\n","protected":false},"author":1,"featured_media":108371,"comment_status":"closed","ping_status":"closed","sticky":false,"template":"","format":"standard","meta":{"_et_pb_use_builder":"","_et_pb_old_content":"","_et_gb_content_width":"","footnotes":""},"categories":[10530,10771,10775,10781,10778],"tags":[],"class_list":["post-108370","post","type-post","status-publish","format-standard","has-post-thumbnail","hentry","category-actualites","category-5facades","category-actualites-5facades","category-publications-planete","category-planete"],"yoast_head":"<!-- This site is optimized with the Yoast SEO plugin v27.4 - https:\/\/yoast.com\/product\/yoast-seo-wordpress\/ -->\n<title>Le salon BePOSITIVE de retour en mars 2023<\/title>\n<meta name=\"robots\" content=\"index, follow, max-snippet:-1, max-image-preview:large, max-video-preview:-1\" \/>\n<link rel=\"canonical\" href=\"https:\/\/batijournal.com\/index.php\/le-salon-bepositive-de-retour-en-mars-2023\/108370\/\" \/>\n<meta property=\"og:locale\" content=\"fr_FR\" \/>\n<meta property=\"og:type\" content=\"article\" \/>\n<meta property=\"og:title\" content=\"Le salon BePOSITIVE de retour en mars 2023\" \/>\n<meta property=\"og:description\" content=\"A l\u2019heure du d\u00e9fi climatique et de la crise \u00e9nerg\u00e9tique, les fili\u00e8res de l\u2019\u00e9nergie et du b\u00e2timent vivent une r\u00e9volution. Plus que jamais, la sobri\u00e9t\u00e9 \u00e9nerg\u00e9tique, les \u00e9nergies renouvelables, le num\u00e9rique, et l\u2019innovation sont au c\u0153ur de la trajectoire \u00e0 suivre pour une gestion optimis\u00e9e et responsable de l\u2019\u00e9nergie. C&rsquo;est pour accompagner cette d\u00e9marche que [&hellip;]\" \/>\n<meta property=\"og:url\" content=\"https:\/\/batijournal.com\/index.php\/le-salon-bepositive-de-retour-en-mars-2023\/108370\/\" \/>\n<meta property=\"og:site_name\" content=\"Batijournal\" \/>\n<meta property=\"article:published_time\" content=\"2022-11-30T13:30:43+00:00\" \/>\n<meta property=\"article:modified_time\" content=\"2022-12-09T19:21:02+00:00\" \/>\n<meta property=\"og:image\" content=\"https:\/\/batijournal.com\/wp-content\/uploads\/2022\/11\/Visuel-CP-BePOSITIVE-le-salon-national-de-la-transition-energetique.png\" \/>\n\t<meta property=\"og:image:width\" content=\"955\" \/>\n\t<meta property=\"og:image:height\" content=\"636\" \/>\n\t<meta property=\"og:image:type\" content=\"image\/png\" \/>\n<meta name=\"author\" content=\"Bati-journal\" \/>\n<meta name=\"twitter:card\" content=\"summary_large_image\" \/>\n<meta name=\"twitter:creator\" content=\"@bati_journal\" \/>\n<meta name=\"twitter:site\" content=\"@bati_journal\" \/>\n<meta name=\"twitter:label1\" content=\"\u00c9crit par\" \/>\n\t<meta name=\"twitter:data1\" content=\"Bati-journal\" \/>\n\t<meta name=\"twitter:label2\" content=\"Dur\u00e9e de lecture estim\u00e9e\" \/>\n\t<meta name=\"twitter:data2\" content=\"3 minutes\" \/>\n<script type=\"application\/ld+json\" class=\"yoast-schema-graph\">{\"@context\":\"https:\\\/\\\/schema.org\",\"@graph\":[{\"@type\":\"Article\",\"@id\":\"https:\\\/\\\/batijournal.com\\\/index.php\\\/le-salon-bepositive-de-retour-en-mars-2023\\\/108370\\\/#article\",\"isPartOf\":{\"@id\":\"https:\\\/\\\/batijournal.com\\\/index.php\\\/le-salon-bepositive-de-retour-en-mars-2023\\\/108370\\\/\"},\"author\":{\"name\":\"Bati-journal\",\"@id\":\"https:\\\/\\\/batijournal.com\\\/#\\\/schema\\\/person\\\/6a657e8967569e1b299972574848aa76\"},\"headline\":\"Le salon BePOSITIVE de retour en mars 2023\",\"datePublished\":\"2022-11-30T13:30:43+00:00\",\"dateModified\":\"2022-12-09T19:21:02+00:00\",\"mainEntityOfPage\":{\"@id\":\"https:\\\/\\\/batijournal.com\\\/index.php\\\/le-salon-bepositive-de-retour-en-mars-2023\\\/108370\\\/\"},\"wordCount\":518,\"image\":{\"@id\":\"https:\\\/\\\/batijournal.com\\\/index.php\\\/le-salon-bepositive-de-retour-en-mars-2023\\\/108370\\\/#primaryimage\"},\"thumbnailUrl\":\"https:\\\/\\\/batijournal.com\\\/wp-content\\\/uploads\\\/2022\\\/11\\\/Visuel-CP-BePOSITIVE-le-salon-national-de-la-transition-energetique.png\",\"articleSection\":[\"Actualit\u00e9s\",\"zz_5fa\u00e7ades\",\"zz_Actualit\u00e9s - 5fa\u00e7ades\",\"zz_Actualit\u00e9s - Plan\u00e8te\",\"zz_Plan\u00e8te B\u00e2timent\"],\"inLanguage\":\"fr-FR\"},{\"@type\":\"WebPage\",\"@id\":\"https:\\\/\\\/batijournal.com\\\/index.php\\\/le-salon-bepositive-de-retour-en-mars-2023\\\/108370\\\/\",\"url\":\"https:\\\/\\\/batijournal.com\\\/index.php\\\/le-salon-bepositive-de-retour-en-mars-2023\\\/108370\\\/\",\"name\":\"Le salon BePOSITIVE de retour en mars 2023\",\"isPartOf\":{\"@id\":\"https:\\\/\\\/batijournal.com\\\/#website\"},\"primaryImageOfPage\":{\"@id\":\"https:\\\/\\\/batijournal.com\\\/index.php\\\/le-salon-bepositive-de-retour-en-mars-2023\\\/108370\\\/#primaryimage\"},\"image\":{\"@id\":\"https:\\\/\\\/batijournal.com\\\/index.php\\\/le-salon-bepositive-de-retour-en-mars-2023\\\/108370\\\/#primaryimage\"},\"thumbnailUrl\":\"https:\\\/\\\/batijournal.com\\\/wp-content\\\/uploads\\\/2022\\\/11\\\/Visuel-CP-BePOSITIVE-le-salon-national-de-la-transition-energetique.png\",\"datePublished\":\"2022-11-30T13:30:43+00:00\",\"dateModified\":\"2022-12-09T19:21:02+00:00\",\"author\":{\"@id\":\"https:\\\/\\\/batijournal.com\\\/#\\\/schema\\\/person\\\/6a657e8967569e1b299972574848aa76\"},\"breadcrumb\":{\"@id\":\"https:\\\/\\\/batijournal.com\\\/index.php\\\/le-salon-bepositive-de-retour-en-mars-2023\\\/108370\\\/#breadcrumb\"},\"inLanguage\":\"fr-FR\",\"potentialAction\":[{\"@type\":\"ReadAction\",\"target\":[\"https:\\\/\\\/batijournal.com\\\/index.php\\\/le-salon-bepositive-de-retour-en-mars-2023\\\/108370\\\/\"]}]},{\"@type\":\"ImageObject\",\"inLanguage\":\"fr-FR\",\"@id\":\"https:\\\/\\\/batijournal.com\\\/index.php\\\/le-salon-bepositive-de-retour-en-mars-2023\\\/108370\\\/#primaryimage\",\"url\":\"https:\\\/\\\/batijournal.com\\\/wp-content\\\/uploads\\\/2022\\\/11\\\/Visuel-CP-BePOSITIVE-le-salon-national-de-la-transition-energetique.png\",\"contentUrl\":\"https:\\\/\\\/batijournal.com\\\/wp-content\\\/uploads\\\/2022\\\/11\\\/Visuel-CP-BePOSITIVE-le-salon-national-de-la-transition-energetique.png\",\"width\":955,\"height\":636},{\"@type\":\"BreadcrumbList\",\"@id\":\"https:\\\/\\\/batijournal.com\\\/index.php\\\/le-salon-bepositive-de-retour-en-mars-2023\\\/108370\\\/#breadcrumb\",\"itemListElement\":[{\"@type\":\"ListItem\",\"position\":1,\"name\":\"Accueil\",\"item\":\"https:\\\/\\\/batijournal.com\\\/\"},{\"@type\":\"ListItem\",\"position\":2,\"name\":\"Actualit\u00e9s\",\"item\":\"https:\\\/\\\/batijournal.com\\\/index.php\\\/category\\\/actualites\\\/\"},{\"@type\":\"ListItem\",\"position\":3,\"name\":\"Le salon BePOSITIVE de retour en mars 2023\"}]},{\"@type\":\"WebSite\",\"@id\":\"https:\\\/\\\/batijournal.com\\\/#website\",\"url\":\"https:\\\/\\\/batijournal.com\\\/\",\"name\":\"Batijournal\",\"description\":\"L&#039;actualit\u00e9 du b\u00e2timent\",\"potentialAction\":[{\"@type\":\"SearchAction\",\"target\":{\"@type\":\"EntryPoint\",\"urlTemplate\":\"https:\\\/\\\/batijournal.com\\\/?s={search_term_string}\"},\"query-input\":{\"@type\":\"PropertyValueSpecification\",\"valueRequired\":true,\"valueName\":\"search_term_string\"}}],\"inLanguage\":\"fr-FR\"},{\"@type\":\"Person\",\"@id\":\"https:\\\/\\\/batijournal.com\\\/#\\\/schema\\\/person\\\/6a657e8967569e1b299972574848aa76\",\"name\":\"Bati-journal\",\"image\":{\"@type\":\"ImageObject\",\"inLanguage\":\"fr-FR\",\"@id\":\"https:\\\/\\\/secure.gravatar.com\\\/avatar\\\/a64364ea26392f9b4dd47e017ddaec74ff03aefc073b49e492e847201258f777?s=96&d=mm&r=g\",\"url\":\"https:\\\/\\\/secure.gravatar.com\\\/avatar\\\/a64364ea26392f9b4dd47e017ddaec74ff03aefc073b49e492e847201258f777?s=96&d=mm&r=g\",\"contentUrl\":\"https:\\\/\\\/secure.gravatar.com\\\/avatar\\\/a64364ea26392f9b4dd47e017ddaec74ff03aefc073b49e492e847201258f777?s=96&d=mm&r=g\",\"caption\":\"Bati-journal\"},\"url\":\"https:\\\/\\\/batijournal.com\\\/index.php\\\/author\\\/elodie\\\/\"}]}<\/script>\n<!-- \/ Yoast SEO plugin. -->","yoast_head_json":{"title":"Le salon BePOSITIVE de retour en mars 2023","robots":{"index":"index","follow":"follow","max-snippet":"max-snippet:-1","max-image-preview":"max-image-preview:large","max-video-preview":"max-video-preview:-1"},"canonical":"https:\/\/batijournal.com\/index.php\/le-salon-bepositive-de-retour-en-mars-2023\/108370\/","og_locale":"fr_FR","og_type":"article","og_title":"Le salon BePOSITIVE de retour en mars 2023","og_description":"A l\u2019heure du d\u00e9fi climatique et de la crise \u00e9nerg\u00e9tique, les fili\u00e8res de l\u2019\u00e9nergie et du b\u00e2timent vivent une r\u00e9volution. Plus que jamais, la sobri\u00e9t\u00e9 \u00e9nerg\u00e9tique, les \u00e9nergies renouvelables, le num\u00e9rique, et l\u2019innovation sont au c\u0153ur de la trajectoire \u00e0 suivre pour une gestion optimis\u00e9e et responsable de l\u2019\u00e9nergie. C&rsquo;est pour accompagner cette d\u00e9marche que [&hellip;]","og_url":"https:\/\/batijournal.com\/index.php\/le-salon-bepositive-de-retour-en-mars-2023\/108370\/","og_site_name":"Batijournal","article_published_time":"2022-11-30T13:30:43+00:00","article_modified_time":"2022-12-09T19:21:02+00:00","og_image":[{"width":955,"height":636,"url":"https:\/\/batijournal.com\/wp-content\/uploads\/2022\/11\/Visuel-CP-BePOSITIVE-le-salon-national-de-la-transition-energetique.png","type":"image\/png"}],"author":"Bati-journal","twitter_card":"summary_large_image","twitter_creator":"@bati_journal","twitter_site":"@bati_journal","twitter_misc":{"\u00c9crit par":"Bati-journal","Dur\u00e9e de lecture estim\u00e9e":"3 minutes"},"schema":{"@context":"https:\/\/schema.org","@graph":[{"@type":"Article","@id":"https:\/\/batijournal.com\/index.php\/le-salon-bepositive-de-retour-en-mars-2023\/108370\/#article","isPartOf":{"@id":"https:\/\/batijournal.com\/index.php\/le-salon-bepositive-de-retour-en-mars-2023\/108370\/"},"author":{"name":"Bati-journal","@id":"https:\/\/batijournal.com\/#\/schema\/person\/6a657e8967569e1b299972574848aa76"},"headline":"Le salon BePOSITIVE de retour en mars 2023","datePublished":"2022-11-30T13:30:43+00:00","dateModified":"2022-12-09T19:21:02+00:00","mainEntityOfPage":{"@id":"https:\/\/batijournal.com\/index.php\/le-salon-bepositive-de-retour-en-mars-2023\/108370\/"},"wordCount":518,"image":{"@id":"https:\/\/batijournal.com\/index.php\/le-salon-bepositive-de-retour-en-mars-2023\/108370\/#primaryimage"},"thumbnailUrl":"https:\/\/batijournal.com\/wp-content\/uploads\/2022\/11\/Visuel-CP-BePOSITIVE-le-salon-national-de-la-transition-energetique.png","articleSection":["Actualit\u00e9s","zz_5fa\u00e7ades","zz_Actualit\u00e9s - 5fa\u00e7ades","zz_Actualit\u00e9s - Plan\u00e8te","zz_Plan\u00e8te B\u00e2timent"],"inLanguage":"fr-FR"},{"@type":"WebPage","@id":"https:\/\/batijournal.com\/index.php\/le-salon-bepositive-de-retour-en-mars-2023\/108370\/","url":"https:\/\/batijournal.com\/index.php\/le-salon-bepositive-de-retour-en-mars-2023\/108370\/","name":"Le salon BePOSITIVE de retour en mars 2023","isPartOf":{"@id":"https:\/\/batijournal.com\/#website"},"primaryImageOfPage":{"@id":"https:\/\/batijournal.com\/index.php\/le-salon-bepositive-de-retour-en-mars-2023\/108370\/#primaryimage"},"image":{"@id":"https:\/\/batijournal.com\/index.php\/le-salon-bepositive-de-retour-en-mars-2023\/108370\/#primaryimage"},"thumbnailUrl":"https:\/\/batijournal.com\/wp-content\/uploads\/2022\/11\/Visuel-CP-BePOSITIVE-le-salon-national-de-la-transition-energetique.png","datePublished":"2022-11-30T13:30:43+00:00","dateModified":"2022-12-09T19:21:02+00:00","author":{"@id":"https:\/\/batijournal.com\/#\/schema\/person\/6a657e8967569e1b299972574848aa76"},"breadcrumb":{"@id":"https:\/\/batijournal.com\/index.php\/le-salon-bepositive-de-retour-en-mars-2023\/108370\/#breadcrumb"},"inLanguage":"fr-FR","potentialAction":[{"@type":"ReadAction","target":["https:\/\/batijournal.com\/index.php\/le-salon-bepositive-de-retour-en-mars-2023\/108370\/"]}]},{"@type":"ImageObject","inLanguage":"fr-FR","@id":"https:\/\/batijournal.com\/index.php\/le-salon-bepositive-de-retour-en-mars-2023\/108370\/#primaryimage","url":"https:\/\/batijournal.com\/wp-content\/uploads\/2022\/11\/Visuel-CP-BePOSITIVE-le-salon-national-de-la-transition-energetique.png","contentUrl":"https:\/\/batijournal.com\/wp-content\/uploads\/2022\/11\/Visuel-CP-BePOSITIVE-le-salon-national-de-la-transition-energetique.png","width":955,"height":636},{"@type":"BreadcrumbList","@id":"https:\/\/batijournal.com\/index.php\/le-salon-bepositive-de-retour-en-mars-2023\/108370\/#breadcrumb","itemListElement":[{"@type":"ListItem","position":1,"name":"Accueil","item":"https:\/\/batijournal.com\/"},{"@type":"ListItem","position":2,"name":"Actualit\u00e9s","item":"https:\/\/batijournal.com\/index.php\/category\/actualites\/"},{"@type":"ListItem","position":3,"name":"Le salon BePOSITIVE de retour en mars 2023"}]},{"@type":"WebSite","@id":"https:\/\/batijournal.com\/#website","url":"https:\/\/batijournal.com\/","name":"Batijournal","description":"L&#039;actualit\u00e9 du b\u00e2timent","potentialAction":[{"@type":"SearchAction","target":{"@type":"EntryPoint","urlTemplate":"https:\/\/batijournal.com\/?s={search_term_string}"},"query-input":{"@type":"PropertyValueSpecification","valueRequired":true,"valueName":"search_term_string"}}],"inLanguage":"fr-FR"},{"@type":"Person","@id":"https:\/\/batijournal.com\/#\/schema\/person\/6a657e8967569e1b299972574848aa76","name":"Bati-journal","image":{"@type":"ImageObject","inLanguage":"fr-FR","@id":"https:\/\/secure.gravatar.com\/avatar\/a64364ea26392f9b4dd47e017ddaec74ff03aefc073b49e492e847201258f777?s=96&d=mm&r=g","url":"https:\/\/secure.gravatar.com\/avatar\/a64364ea26392f9b4dd47e017ddaec74ff03aefc073b49e492e847201258f777?s=96&d=mm&r=g","contentUrl":"https:\/\/secure.gravatar.com\/avatar\/a64364ea26392f9b4dd47e017ddaec74ff03aefc073b49e492e847201258f777?s=96&d=mm&r=g","caption":"Bati-journal"},"url":"https:\/\/batijournal.com\/index.php\/author\/elodie\/"}]}},"_links":{"self":[{"href":"https:\/\/batijournal.com\/index.php\/wp-json\/wp\/v2\/posts\/108370","targetHints":{"allow":["GET"]}}],"collection":[{"href":"https:\/\/batijournal.com\/index.php\/wp-json\/wp\/v2\/posts"}],"about":[{"href":"https:\/\/batijournal.com\/index.php\/wp-json\/wp\/v2\/types\/post"}],"author":[{"embeddable":true,"href":"https:\/\/batijournal.com\/index.php\/wp-json\/wp\/v2\/users\/1"}],"replies":[{"embeddable":true,"href":"https:\/\/batijournal.com\/index.php\/wp-json\/wp\/v2\/comments?post=108370"}],"version-history":[{"count":0,"href":"https:\/\/batijournal.com\/index.php\/wp-json\/wp\/v2\/posts\/108370\/revisions"}],"wp:featuredmedia":[{"embeddable":true,"href":"https:\/\/batijournal.com\/index.php\/wp-json\/wp\/v2\/media\/108371"}],"wp:attachment":[{"href":"https:\/\/batijournal.com\/index.php\/wp-json\/wp\/v2\/media?parent=108370"}],"wp:term":[{"taxonomy":"category","embeddable":true,"href":"https:\/\/batijournal.com\/index.php\/wp-json\/wp\/v2\/categories?post=108370"},{"taxonomy":"post_tag","embeddable":true,"href":"https:\/\/batijournal.com\/index.php\/wp-json\/wp\/v2\/tags?post=108370"}],"curies":[{"name":"wp","href":"https:\/\/api.w.org\/{rel}","templated":true}]}}